{"id":1011877,"date":"2020-12-06T14:12:23","date_gmt":"2020-12-06T11:12:23","guid":{"rendered":"https:\/\/darkamazi.site\/?p=1011877"},"modified":"2020-12-06T14:12:57","modified_gmt":"2020-12-06T11:12:57","slug":"rojbeyani-sengal-anlasmasi-kerkuk-ve-diger-kurt-bolgeleri-icin-referans-olacak","status":"publish","type":"post","link":"https:\/\/darkamazi.site\/archives\/1011877","title":{"rendered":"C\u0131wan Rojbeyani: \u015eengal Anla\u015fmas\u0131, Kerk\u00fck ve di\u011fer K\u00fcrt b\u00f6lgeleri i\u00e7in referans olacak"},"content":{"rendered":"<p style=\"text-align: justify\">K\u00fcrdistan B\u00f6lgesi \u0130daresi D\u0131\u015f\u0131nda Kalan K\u00fcrt B\u00f6lgeleri Komisyonu Ba\u015fkan\u0131 Ciwan Rojbeyan\u00ee, \u015eengal Anla\u015fmas\u0131\u2019n\u0131n Kerk\u00fck ve di\u011fer K\u00fcrt b\u00f6lgeleri i\u00e7in referans olaca\u011f\u0131n\u0131 s\u00f6yledi.<\/p>\n<p style=\"text-align: justify\">BasNews\u2019e konu\u015fan K\u00fcrdistan Parlamentosu K\u00fcrdistan B\u00f6lgesi \u0130daresi D\u0131\u015f\u0131nda Kalan K\u00fcrt B\u00f6lgeleri Komisyonu Ba\u015fkan\u0131 Ciwan Rojbeyan\u00ee \u015eengal Anla\u015fmas\u0131 \u00e7er\u00e7evesinde me\u015fru olmayan t\u00fcm g\u00fc\u00e7lerin b\u00f6lgeden \u00e7\u0131kar\u0131laca\u011f\u0131n\u0131, bu \u015fekilde \u015eengal\u2019in g\u00fcvenlikli bir b\u00f6lge haline gelece\u011fini s\u00f6yledi.<\/p>\n<p style=\"text-align: justify\">Ciwan Rojbeyan\u00ee R\u00eakeftin \u201cAnla\u015fman\u0131n hayat bulmas\u0131 \u00e7ok \u00f6nemli. \u00d6zellikle PKK g\u00fc\u00e7lerinin \u00e7ekilmesi. Bu g\u00fc\u00e7lerin uzakla\u015fmas\u0131yla birlikte \u015eengal g\u00fcvenlikli bir b\u00f6lge olacak\u201d ifadelerini kulland\u0131.<\/p>\n<p style=\"text-align: justify\">Irak ve K\u00fcrdistan B\u00f6lgesi h\u00fck\u00fcmetlerinin bu anla\u015fman\u0131n hayat bulmas\u0131 noktas\u0131nda \u0131srarc\u0131 olaca\u011f\u0131n\u0131 kaydeden Ciwan Rojbeyan\u00ee, \u015eengal Anla\u015fmas\u0131\u2019n\u0131n ba\u015fta Kerk\u00fck olmak \u00fczere di\u011fer K\u00fcrt b\u00f6lgelerinin normale d\u00f6nmesi i\u00e7in referans olaca\u011f\u0131n\u0131 kaydetti.<\/p>\n<p style=\"text-align: justify\">Ciwan Rojbeyan\u00ee, me\u015fru olmayan g\u00fc\u00e7lerin ne kadar b\u00fcy\u00fck ve g\u00fc\u00e7l\u00fc olsalar dahi b\u00f6lgede yerlerinin olmad\u0131\u011f\u0131n\u0131n alt\u0131n\u0131 \u00e7izdi.<\/p>\n","protected":false},"excerpt":{"rendered":"<p>K\u00fcrdistan B\u00f6lgesi \u0130daresi D\u0131\u015f\u0131nda Kalan K\u00fcrt B\u00f6lgeleri Komisyonu Ba\u015fkan\u0131 Ciwan Rojbeyan\u00ee, \u015eengal Anla\u015fmas\u0131\u2019n\u0131n Kerk\u00fck ve di\u011fer K\u00fcrt b\u00f6lgeleri i\u00e7in referans olaca\u011f\u0131n\u0131 s\u00f6yledi. BasNews\u2019e konu\u015fan K\u00fcrdistan Parlamentosu K\u00fcrdistan B\u00f6lgesi \u0130daresi D\u0131\u015f\u0131nda Kalan K\u00fcrt B\u00f6lgeleri Komisyonu Ba\u015fkan\u0131 Ciwan Rojbeyan\u00ee \u015eengal Anla\u015fmas\u0131 \u00e7er\u00e7evesinde me\u015fru olmayan t\u00fcm g\u00fc\u00e7lerin b\u00f6lgeden \u00e7\u0131kar\u0131laca\u011f\u0131n\u0131, bu \u015fekilde \u015eengal\u2019in g\u00fcvenlikli bir b\u00f6lge haline gelece\u011fini s\u00f6yledi. [&hellip;]<\/p>\n","protected":false},"author":2,"featured_media":1011878,"comment_status":"closed","ping_status":"closed","sticky":false,"template":"","format":"standard","meta":{"footnotes":""},"categories":[3],"tags":[],"class_list":["post-1011877","post","type-post","status-publish","format-standard","has-post-thumbnail","hentry","category-kurdistan"],"blocksy_meta":[],"seo_head":"<!-- This site is optimized with the Yoast SEO plugin v27.5 - https:\/\/yoast.com\/product\/yoast-seo-wordpress\/ -->\n<title>C\u0131wan Rojbeyani: \u015eengal Anla\u015fmas\u0131, Kerk\u00fck ve di\u011fer K\u00fcrt b\u00f6lgeleri i\u00e7in referans olacak - Darka Mazi<\/title>\n<meta name=\"robots\" content=\"index, follow, max-snippet:-1, max-image-preview:large, max-video-preview:-1\" \/>\n<link rel=\"canonical\" href=\"https:\/\/darkamazi.site\/archives\/1011877\" \/>\n<meta property=\"og:locale\" content=\"en_US\" \/>\n<meta property=\"og:type\" content=\"article\" \/>\n<meta property=\"og:title\" content=\"C\u0131wan Rojbeyani: \u015eengal Anla\u015fmas\u0131, Kerk\u00fck ve di\u011fer K\u00fcrt b\u00f6lgeleri i\u00e7in referans olacak - Darka Mazi\" \/>\n<meta property=\"og:description\" content=\"K\u00fcrdistan B\u00f6lgesi \u0130daresi D\u0131\u015f\u0131nda Kalan K\u00fcrt B\u00f6lgeleri Komisyonu Ba\u015fkan\u0131 Ciwan Rojbeyan\u00ee, \u015eengal Anla\u015fmas\u0131\u2019n\u0131n Kerk\u00fck ve di\u011fer K\u00fcrt b\u00f6lgeleri i\u00e7in referans olaca\u011f\u0131n\u0131 s\u00f6yledi. BasNews\u2019e konu\u015fan K\u00fcrdistan Parlamentosu K\u00fcrdistan B\u00f6lgesi \u0130daresi D\u0131\u015f\u0131nda Kalan K\u00fcrt B\u00f6lgeleri Komisyonu Ba\u015fkan\u0131 Ciwan Rojbeyan\u00ee \u015eengal Anla\u015fmas\u0131 \u00e7er\u00e7evesinde me\u015fru olmayan t\u00fcm g\u00fc\u00e7lerin b\u00f6lgeden \u00e7\u0131kar\u0131laca\u011f\u0131n\u0131, bu \u015fekilde \u015eengal\u2019in g\u00fcvenlikli bir b\u00f6lge haline gelece\u011fini s\u00f6yledi. [&hellip;]\" \/>\n<meta property=\"og:url\" content=\"https:\/\/darkamazi.site\/archives\/1011877\" \/>\n<meta property=\"og:site_name\" content=\"Darka Mazi\" \/>\n<meta property=\"article:publisher\" content=\"https:\/\/www.facebook.com\/DarkaMaziturkce\" \/>\n<meta property=\"article:published_time\" content=\"2020-12-06T11:12:23+00:00\" \/>\n<meta property=\"article:modified_time\" content=\"2020-12-06T11:12:57+00:00\" \/>\n<meta property=\"og:image\" content=\"https:\/\/darkamazi.site\/file\/2020\/12\/Ciwan-Rojbeyani-x.jpg\" \/>\n\t<meta property=\"og:image:width\" content=\"650\" \/>\n\t<meta property=\"og:image:height\" content=\"527\" \/>\n\t<meta property=\"og:image:type\" content=\"image\/jpeg\" \/>\n<meta name=\"author\" content=\"darka mazi\" \/>\n<meta name=\"twitter:card\" content=\"summary_large_image\" \/>\n<meta name=\"twitter:creator\" content=\"@DarkaMaziTurkce\" \/>\n<meta name=\"twitter:site\" content=\"@DarkaMaziTurkce\" \/>\n<meta name=\"twitter:label1\" content=\"Written by\" \/>\n\t<meta name=\"twitter:data1\" content=\"darka mazi\" \/>\n\t<meta name=\"twitter:label2\" content=\"Est. reading time\" \/>\n\t<meta name=\"twitter:data2\" content=\"1 minute\" \/>\n<script type=\"application\/ld+json\" class=\"seo-schema-graph\">{\"@context\":\"https:\\\/\\\/schema.org\",\"@graph\":[{\"@type\":\"NewsArticle\",\"@id\":\"https:\\\/\\\/darkamazi.site\\\/archives\\\/1011877#article\",\"isPartOf\":{\"@id\":\"https:\\\/\\\/darkamazi.site\\\/archives\\\/1011877\"},\"author\":{\"name\":\"darka mazi\",\"@id\":\"https:\\\/\\\/darkamazi.site\\\/#\\\/schema\\\/person\\\/67986a95ac546c16760365877ef4a9d3\"},\"headline\":\"C\u0131wan Rojbeyani: \u015eengal Anla\u015fmas\u0131, Kerk\u00fck ve di\u011fer K\u00fcrt b\u00f6lgeleri i\u00e7in referans olacak\",\"datePublished\":\"2020-12-06T11:12:23+00:00\",\"dateModified\":\"2020-12-06T11:12:57+00:00\",\"mainEntityOfPage\":{\"@id\":\"https:\\\/\\\/darkamazi.site\\\/archives\\\/1011877\"},\"wordCount\":219,\"publisher\":{\"@id\":\"https:\\\/\\\/darkamazi.site\\\/#organization\"},\"image\":{\"@id\":\"https:\\\/\\\/darkamazi.site\\\/archives\\\/1011877#primaryimage\"},\"thumbnailUrl\":\"https:\\\/\\\/darkamazi.site\\\/darka-content\\\/uploads\\\/2020\\\/12\\\/Ciwan-Rojbeyani-x.jpg\",\"articleSection\":[\"Kurdistan\"],\"inLanguage\":\"en-US\"},{\"@type\":\"WebPage\",\"@id\":\"https:\\\/\\\/darkamazi.site\\\/archives\\\/1011877\",\"url\":\"https:\\\/\\\/darkamazi.site\\\/archives\\\/1011877\",\"name\":\"C\u0131wan Rojbeyani: \u015eengal Anla\u015fmas\u0131, Kerk\u00fck ve di\u011fer K\u00fcrt b\u00f6lgeleri i\u00e7in referans olacak - Darka Mazi\",\"isPartOf\":{\"@id\":\"https:\\\/\\\/darkamazi.site\\\/#website\"},\"primaryImageOfPage\":{\"@id\":\"https:\\\/\\\/darkamazi.site\\\/archives\\\/1011877#primaryimage\"},\"image\":{\"@id\":\"https:\\\/\\\/darkamazi.site\\\/archives\\\/1011877#primaryimage\"},\"thumbnailUrl\":\"https:\\\/\\\/darkamazi.site\\\/darka-content\\\/uploads\\\/2020\\\/12\\\/Ciwan-Rojbeyani-x.jpg\",\"datePublished\":\"2020-12-06T11:12:23+00:00\",\"dateModified\":\"2020-12-06T11:12:57+00:00\",\"breadcrumb\":{\"@id\":\"https:\\\/\\\/darkamazi.site\\\/archives\\\/1011877#breadcrumb\"},\"inLanguage\":\"en-US\",\"potentialAction\":[{\"@type\":\"ReadAction\",\"target\":[\"https:\\\/\\\/darkamazi.site\\\/archives\\\/1011877\"]}]},{\"@type\":\"ImageObject\",\"inLanguage\":\"en-US\",\"@id\":\"https:\\\/\\\/darkamazi.site\\\/archives\\\/1011877#primaryimage\",\"url\":\"https:\\\/\\\/darkamazi.site\\\/darka-content\\\/uploads\\\/2020\\\/12\\\/Ciwan-Rojbeyani-x.jpg\",\"contentUrl\":\"https:\\\/\\\/darkamazi.site\\\/darka-content\\\/uploads\\\/2020\\\/12\\\/Ciwan-Rojbeyani-x.jpg\",\"width\":650,\"height\":527,\"caption\":\"Rojbeyan\u00ee: \u015eengal Anla\u015fmas\u0131, Kerk\u00fck ve di\u011fer K\u00fcrt b\u00f6lgeleri i\u00e7in referans olacak\"},{\"@type\":\"BreadcrumbList\",\"@id\":\"https:\\\/\\\/darkamazi.site\\\/archives\\\/1011877#breadcrumb\",\"itemListElement\":[{\"@type\":\"ListItem\",\"position\":1,\"name\":\"Home\",\"item\":\"https:\\\/\\\/darkamazi.site\\\/\"},{\"@type\":\"ListItem\",\"position\":2,\"name\":\"C\u0131wan Rojbeyani: \u015eengal Anla\u015fmas\u0131, Kerk\u00fck ve di\u011fer K\u00fcrt b\u00f6lgeleri i\u00e7in referans olacak\"}]},{\"@type\":\"WebSite\",\"@id\":\"https:\\\/\\\/darkamazi.site\\\/#website\",\"url\":\"https:\\\/\\\/darkamazi.site\\\/\",\"name\":\"Darka Mazi\",\"description\":\"Ana Sayfa\",\"publisher\":{\"@id\":\"https:\\\/\\\/darkamazi.site\\\/#organization\"},\"potentialAction\":[{\"@type\":\"SearchAction\",\"target\":{\"@type\":\"EntryPoint\",\"urlTemplate\":\"https:\\\/\\\/darkamazi.site\\\/?s={search_term_string}\"},\"query-input\":{\"@type\":\"PropertyValueSpecification\",\"valueRequired\":true,\"valueName\":\"search_term_string\"}}],\"inLanguage\":\"en-US\"},{\"@type\":\"Organization\",\"@id\":\"https:\\\/\\\/darkamazi.site\\\/#organization\",\"name\":\"Darka Mazi T\u00fcrk\u00e7e\",\"alternateName\":\"Darka Mazi\",\"url\":\"https:\\\/\\\/darkamazi.site\\\/\",\"logo\":{\"@type\":\"ImageObject\",\"inLanguage\":\"en-US\",\"@id\":\"https:\\\/\\\/darkamazi.site\\\/#\\\/schema\\\/logo\\\/image\\\/\",\"url\":\"https:\\\/\\\/darkamazi.site\\\/darka-content\\\/uploads\\\/2017\\\/12\\\/darka-mazi-logo.png\",\"contentUrl\":\"https:\\\/\\\/darkamazi.site\\\/darka-content\\\/uploads\\\/2017\\\/12\\\/darka-mazi-logo.png\",\"width\":151,\"height\":75,\"caption\":\"Darka Mazi T\u00fcrk\u00e7e\"},\"image\":{\"@id\":\"https:\\\/\\\/darkamazi.site\\\/#\\\/schema\\\/logo\\\/image\\\/\"},\"sameAs\":[\"https:\\\/\\\/www.facebook.com\\\/DarkaMaziturkce\",\"https:\\\/\\\/x.com\\\/DarkaMaziTurkce\"]},{\"@type\":\"Person\",\"@id\":\"https:\\\/\\\/darkamazi.site\\\/#\\\/schema\\\/person\\\/67986a95ac546c16760365877ef4a9d3\",\"name\":\"darka mazi\",\"sameAs\":[\"https:\\\/\\\/darkamazi.site\"],\"url\":\"https:\\\/\\\/darkamazi.site\\\/archives\\\/author\\\/turkish\"}]}<\/script>\n<!-- \/ Yoast SEO plugin. -->","seo_head_json":{"title":"C\u0131wan Rojbeyani: \u015eengal Anla\u015fmas\u0131, Kerk\u00fck ve di\u011fer K\u00fcrt b\u00f6lgeleri i\u00e7in referans olacak - Darka Mazi","robots":{"index":"index","follow":"follow","max-snippet":"max-snippet:-1","max-image-preview":"max-image-preview:large","max-video-preview":"max-video-preview:-1"},"canonical":"https:\/\/darkamazi.site\/archives\/1011877","og_locale":"en_US","og_type":"article","og_title":"C\u0131wan Rojbeyani: \u015eengal Anla\u015fmas\u0131, Kerk\u00fck ve di\u011fer K\u00fcrt b\u00f6lgeleri i\u00e7in referans olacak - Darka Mazi","og_description":"K\u00fcrdistan B\u00f6lgesi \u0130daresi D\u0131\u015f\u0131nda Kalan K\u00fcrt B\u00f6lgeleri Komisyonu Ba\u015fkan\u0131 Ciwan Rojbeyan\u00ee, \u015eengal Anla\u015fmas\u0131\u2019n\u0131n Kerk\u00fck ve di\u011fer K\u00fcrt b\u00f6lgeleri i\u00e7in referans olaca\u011f\u0131n\u0131 s\u00f6yledi. BasNews\u2019e konu\u015fan K\u00fcrdistan Parlamentosu K\u00fcrdistan B\u00f6lgesi \u0130daresi D\u0131\u015f\u0131nda Kalan K\u00fcrt B\u00f6lgeleri Komisyonu Ba\u015fkan\u0131 Ciwan Rojbeyan\u00ee \u015eengal Anla\u015fmas\u0131 \u00e7er\u00e7evesinde me\u015fru olmayan t\u00fcm g\u00fc\u00e7lerin b\u00f6lgeden \u00e7\u0131kar\u0131laca\u011f\u0131n\u0131, bu \u015fekilde \u015eengal\u2019in g\u00fcvenlikli bir b\u00f6lge haline gelece\u011fini s\u00f6yledi. [&hellip;]","og_url":"https:\/\/darkamazi.site\/archives\/1011877","og_site_name":"Darka Mazi","article_publisher":"https:\/\/www.facebook.com\/DarkaMaziturkce","article_published_time":"2020-12-06T11:12:23+00:00","article_modified_time":"2020-12-06T11:12:57+00:00","og_image":[{"width":650,"height":527,"url":"https:\/\/darkamazi.site\/file\/2020\/12\/Ciwan-Rojbeyani-x.jpg","type":"image\/jpeg"}],"author":"darka mazi","twitter_card":"summary_large_image","twitter_creator":"@DarkaMaziTurkce","twitter_site":"@DarkaMaziTurkce","twitter_misc":{"Written by":"darka mazi","Est. reading time":"1 minute"},"schema":{"@context":"https:\/\/schema.org","@graph":[{"@type":"NewsArticle","@id":"https:\/\/darkamazi.site\/archives\/1011877#article","isPartOf":{"@id":"https:\/\/darkamazi.site\/archives\/1011877"},"author":{"name":"darka mazi","@id":"https:\/\/darkamazi.site\/#\/schema\/person\/67986a95ac546c16760365877ef4a9d3"},"headline":"C\u0131wan Rojbeyani: \u015eengal Anla\u015fmas\u0131, Kerk\u00fck ve di\u011fer K\u00fcrt b\u00f6lgeleri i\u00e7in referans olacak","datePublished":"2020-12-06T11:12:23+00:00","dateModified":"2020-12-06T11:12:57+00:00","mainEntityOfPage":{"@id":"https:\/\/darkamazi.site\/archives\/1011877"},"wordCount":219,"publisher":{"@id":"https:\/\/darkamazi.site\/#organization"},"image":{"@id":"https:\/\/darkamazi.site\/archives\/1011877#primaryimage"},"thumbnailUrl":"https:\/\/darkamazi.site\/file\/2020\/12\/Ciwan-Rojbeyani-x.jpg","articleSection":["Kurdistan"],"inLanguage":"en-US"},{"@type":"WebPage","@id":"https:\/\/darkamazi.site\/archives\/1011877","url":"https:\/\/darkamazi.site\/archives\/1011877","name":"C\u0131wan Rojbeyani: \u015eengal Anla\u015fmas\u0131, Kerk\u00fck ve di\u011fer K\u00fcrt b\u00f6lgeleri i\u00e7in referans olacak - Darka Mazi","isPartOf":{"@id":"https:\/\/darkamazi.site\/#website"},"primaryImageOfPage":{"@id":"https:\/\/darkamazi.site\/archives\/1011877#primaryimage"},"image":{"@id":"https:\/\/darkamazi.site\/archives\/1011877#primaryimage"},"thumbnailUrl":"https:\/\/darkamazi.site\/file\/2020\/12\/Ciwan-Rojbeyani-x.jpg","datePublished":"2020-12-06T11:12:23+00:00","dateModified":"2020-12-06T11:12:57+00:00","breadcrumb":{"@id":"https:\/\/darkamazi.site\/archives\/1011877#breadcrumb"},"inLanguage":"en-US","potentialAction":[{"@type":"ReadAction","target":["https:\/\/darkamazi.site\/archives\/1011877"]}]},{"@type":"ImageObject","inLanguage":"en-US","@id":"https:\/\/darkamazi.site\/archives\/1011877#primaryimage","url":"https:\/\/darkamazi.site\/file\/2020\/12\/Ciwan-Rojbeyani-x.jpg","contentUrl":"https:\/\/darkamazi.site\/file\/2020\/12\/Ciwan-Rojbeyani-x.jpg","width":650,"height":527,"caption":"Rojbeyan\u00ee: \u015eengal Anla\u015fmas\u0131, Kerk\u00fck ve di\u011fer K\u00fcrt b\u00f6lgeleri i\u00e7in referans olacak"},{"@type":"BreadcrumbList","@id":"https:\/\/darkamazi.site\/archives\/1011877#breadcrumb","itemListElement":[{"@type":"ListItem","position":1,"name":"Home","item":"https:\/\/darkamazi.site\/"},{"@type":"ListItem","position":2,"name":"C\u0131wan Rojbeyani: \u015eengal Anla\u015fmas\u0131, Kerk\u00fck ve di\u011fer K\u00fcrt b\u00f6lgeleri i\u00e7in referans olacak"}]},{"@type":"WebSite","@id":"https:\/\/darkamazi.site\/#website","url":"https:\/\/darkamazi.site\/","name":"Darka Mazi","description":"Ana Sayfa","publisher":{"@id":"https:\/\/darkamazi.site\/#organization"},"potentialAction":[{"@type":"SearchAction","target":{"@type":"EntryPoint","urlTemplate":"https:\/\/darkamazi.site\/?s={search_term_string}"},"query-input":{"@type":"PropertyValueSpecification","valueRequired":true,"valueName":"search_term_string"}}],"inLanguage":"en-US"},{"@type":"Organization","@id":"https:\/\/darkamazi.site\/#organization","name":"Darka Mazi T\u00fcrk\u00e7e","alternateName":"Darka Mazi","url":"https:\/\/darkamazi.site\/","logo":{"@type":"ImageObject","inLanguage":"en-US","@id":"https:\/\/darkamazi.site\/#\/schema\/logo\/image\/","url":"https:\/\/darkamazi.site\/file\/2017\/12\/darka-mazi-logo.png","contentUrl":"https:\/\/darkamazi.site\/file\/2017\/12\/darka-mazi-logo.png","width":151,"height":75,"caption":"Darka Mazi T\u00fcrk\u00e7e"},"image":{"@id":"https:\/\/darkamazi.site\/#\/schema\/logo\/image\/"},"sameAs":["https:\/\/www.facebook.com\/DarkaMaziturkce","https:\/\/x.com\/DarkaMaziTurkce"]},{"@type":"Person","@id":"https:\/\/darkamazi.site\/#\/schema\/person\/67986a95ac546c16760365877ef4a9d3","name":"darka mazi","sameAs":["https:\/\/darkamazi.site"],"url":"https:\/\/darkamazi.site\/archives\/author\/turkish"}]}},"_links":{"self":[{"href":"https:\/\/darkamazi.site\/funavuv\/wp\/v2\/posts\/1011877","targetHints":{"allow":["GET"]}}],"collection":[{"href":"https:\/\/darkamazi.site\/funavuv\/wp\/v2\/posts"}],"about":[{"href":"https:\/\/darkamazi.site\/funavuv\/wp\/v2\/types\/post"}],"author":[{"embeddable":true,"href":"https:\/\/darkamazi.site\/funavuv\/wp\/v2\/users\/2"}],"replies":[{"embeddable":true,"href":"https:\/\/darkamazi.site\/funavuv\/wp\/v2\/comments?post=1011877"}],"version-history":[{"count":0,"href":"https:\/\/darkamazi.site\/funavuv\/wp\/v2\/posts\/1011877\/revisions"}],"wp:featuredmedia":[{"embeddable":true,"href":"https:\/\/darkamazi.site\/funavuv\/wp\/v2\/media\/1011878"}],"wp:attachment":[{"href":"https:\/\/darkamazi.site\/funavuv\/wp\/v2\/media?parent=1011877"}],"wp:term":[{"taxonomy":"category","embeddable":true,"href":"https:\/\/darkamazi.site\/funavuv\/wp\/v2\/categories?post=1011877"},{"taxonomy":"post_tag","embeddable":true,"href":"https:\/\/darkamazi.site\/funavuv\/wp\/v2\/tags?post=1011877"}],"curies":[{"name":"wp","href":"https:\/\/api.w.org\/{rel}","templated":true}]}}