{"id":1011891,"date":"2020-12-06T19:06:48","date_gmt":"2020-12-06T16:06:48","guid":{"rendered":"https:\/\/darkamazi.site\/?p=1011891"},"modified":"2020-12-06T19:06:48","modified_gmt":"2020-12-06T16:06:48","slug":"kurt-gazeteci-allan-kaval-fransanin-en-iyi-gazetecilik-odulunu-aldi","status":"publish","type":"post","link":"https:\/\/darkamazi.site\/archives\/1011891","title":{"rendered":"K\u00fcrt gazeteci Allan Kaval Fransa&#8217;n\u0131n en iyi gazetecilik \u00f6d\u00fcl\u00fcn\u00fc ald\u0131"},"content":{"rendered":"<p style=\"text-align: justify\">Fransa\u2019n\u0131n en prestijli gazetecilik \u00f6d\u00fcl\u00fc olan \u201c2020 Albert Londres \u00d6d\u00fcl\u00fc\u201d, Rojava\u2019da I\u015e\u0130D\u2019li tutuklular hakk\u0131nda yapt\u0131\u011f\u0131 haber nedeniyle Le Monde muhabiri Allan Kaval&#8217;a verildi.<\/p>\n<p style=\"text-align: justify\">K\u00fcrt gazeteci Allan Kaval, Rojava\u2019da Demokratik Suriye G\u00fc\u00e7leri\u2019nin (DSG) kontrol\u00fc alt\u0131nda bulunan Haseki\u2019deki I\u015e\u0130D\u2019li tutuklular\u0131n hayat\u0131n\u0131 konu alan &#8220;<strong><a href=\"https:\/\/www.lemonde.fr\/international\/article\/2019\/10\/31\/au-nord-est-de-la-syrie-dans-une-prison-de-djihadistes-de-l-ei-tous-les-jours-on-se-reveille-en-esperant-savoir-ce-qu-on-va-devenir_6017514_3210.html\">Suriye Cehenneminden &#8211; Cihat\u00e7\u0131 Mahkumlar\u0131n Yava\u015f \u00d6l\u00fcm\u00fc<\/a><\/strong>&#8221; ba\u015fl\u0131kl\u0131 haber ve analizi ile Fransa\u2019da \u201c2020 Albert Londres \u00d6d\u00fcl\u00fc\u201dn\u00fc ald\u0131.<\/p>\n<p style=\"text-align: justify\">Albert Londres j\u00fcrisi, Kaval&#8217;\u0131n Ekim 2019&#8217;da yay\u0131nlanan haberini, Fransa\u2019n\u0131n en prestijli \u00f6d\u00fcl\u00fcne lay\u0131k g\u00f6rd\u00fc.<\/p>\n<p style=\"text-align: justify\">Aslen Hakkarili olan Allan Kaval, ayn\u0131 haber ile bu y\u0131l sava\u015f muhabirlerine verilen en prestijli \u201cBayeux \u00f6d\u00fcl\u00fc ve Ouest-France Jean Marin\u201d \u00f6d\u00fcllerini de kazanm\u0131\u015ft\u0131.<\/p>\n<p style=\"text-align: justify\"><span style=\"font-family: 'arial black', sans-serif;font-size: 12pt\">\u201cEkip \u00e7al\u0131\u015fmas\u0131yd\u0131\u201d<\/span><\/p>\n<p style=\"text-align: justify\">\u00d6d\u00fcl hakk\u0131nda AFP\u2019ye konu\u015fan Kaval, &#8220;\u0130nan\u0131lmaz derecede onur duydum. Ancak her raporun arkas\u0131nda, kesinlikle gerekli katk\u0131lar\u0131ndan bahsedilmeyen yakla\u015f\u0131k 10 ki\u015fi var\u201d dedi.<\/p>\n<p style=\"text-align: justify\">Rojava\u2019da kendisine e\u015flik eden foto\u011fraf\u00e7\u0131 Laurence Geai&#8217;nin ad\u0131n\u0131 veren Kaval, &#8220;Bu ger\u00e7ekten bir ekip \u00e7al\u0131\u015fmas\u0131&#8221; diye konu\u015ftu.<\/p>\n<p style=\"text-align: justify\"><span style=\"font-family: 'arial black', sans-serif;font-size: 12pt\">I\u015e\u0130D\u2019li mahkumlar\u0131n hayat\u0131n\u0131 anlatt\u0131<\/span><\/p>\n<p style=\"text-align: justify\">Gazeteci Allan Kaval, 30 Ekim 2019\u2019da Rojava\u2019n\u0131n Haseki kentinde bulunan ve yakla\u015f\u0131k 5 bin I\u015e\u0130D\u2019li mahkumun ya\u015fad\u0131\u011f\u0131 cezaevini haberle\u015ftirmi\u015fti.<\/p>\n<p style=\"text-align: justify\">&#8220;Suriye Cehenneminden &#8211; Cihat\u00e7\u0131 Mahkumlar\u0131n Yava\u015f \u00d6l\u00fcm\u00fc&#8221; ba\u015fl\u0131kl\u0131 haberde, Suriye\u2019deki son kaleleri olan Ba\u011foz\u2019un da d\u00fc\u015fmesi ile halifeli\u011fi son bulan I\u015e\u0130D\u2019lilerin hapishane ko\u015fullar\u0131 anlat\u0131l\u0131yor.<\/p>\n<p style=\"text-align: justify\">Kaval, \u00e7o\u011funlu\u011fu yabanc\u0131 I\u015e\u0130D\u2019lilerden olu\u015fan kalabal\u0131k hapishaneyi \u00f6rg\u00fct\u00fcn \u201chalifeli\u011finin t\u0131k\u0131l\u0131p kald\u0131\u011f\u0131 yer\u201d olarak nitelendiriyor.<\/p>\n<p style=\"text-align: justify\"><span style=\"font-family: 'arial black', sans-serif;font-size: 12pt\">Karaba\u011f\u2019da yaraland\u0131<\/span><\/p>\n<p style=\"text-align: justify\">Ekim 2020\u2019de Da\u011fl\u0131k Karaba\u011f\u2019da Ermenistan ile Azerbaycan aras\u0131ndaki \u00e7at\u0131\u015fmalar\u0131 izlemeye giden gazeteci Allan Kaval, k\u00fc\u00e7\u00fck bir kasaba olan Martouni&#8217;de meydana gelen bombal\u0131 sald\u0131r\u0131da foto\u011fraf\u00e7\u0131 Rafael Yaghobzadeh ile birlikte a\u011f\u0131r yaraland\u0131. Kaval ve Yaghobzadeh bu olay nedeniyle Fransa\u2019ya geri g\u00f6nderildi.<\/p>\n<p style=\"text-align: justify\">82. Albert Londres \u00f6d\u00fcl\u00fc, Le Monde gazetesinin Beno\u00eet Vitkine (Moskova muhabiri) ve Elise Vincent&#8217;tan (cihat\u00e7\u0131 ter\u00f6r uzman\u0131)\u00a0 sonra &#8220;Frans\u0131z Pulitzer&#8221; \u00f6d\u00fcl\u00fcn\u00fc \u00fcst \u00fcste kazand\u0131\u011f\u0131\u00a0 \u00fc\u00e7\u00fcnc\u00fc y\u0131l \u00a0oldu.<\/p>\n<p style=\"text-align: justify\">Ailesiyle birlikte 30 y\u0131l \u00f6nce Fransa\u2019ya yerle\u015fen 31 ya\u015f\u0131ndaki Allan Kaval, yakla\u015f\u0131k 5 y\u0131ld\u0131r Fransa Le Monde gazetesinde muhabirlik yap\u0131yor.<\/p>\n","protected":false},"excerpt":{"rendered":"<p>Fransa\u2019n\u0131n en prestijli gazetecilik \u00f6d\u00fcl\u00fc olan \u201c2020 Albert Londres \u00d6d\u00fcl\u00fc\u201d, Rojava\u2019da I\u015e\u0130D\u2019li tutuklular hakk\u0131nda yapt\u0131\u011f\u0131 haber nedeniyle Le Monde muhabiri Allan Kaval&#8217;a verildi. K\u00fcrt gazeteci Allan Kaval, Rojava\u2019da Demokratik Suriye G\u00fc\u00e7leri\u2019nin (DSG) kontrol\u00fc alt\u0131nda bulunan Haseki\u2019deki I\u015e\u0130D\u2019li tutuklular\u0131n hayat\u0131n\u0131 konu alan &#8220;Suriye Cehenneminden &#8211; Cihat\u00e7\u0131 Mahkumlar\u0131n Yava\u015f \u00d6l\u00fcm\u00fc&#8221; ba\u015fl\u0131kl\u0131 haber ve analizi ile Fransa\u2019da \u201c2020 [&hellip;]<\/p>\n","protected":false},"author":2,"featured_media":1011892,"comment_status":"closed","ping_status":"closed","sticky":false,"template":"","format":"standard","meta":{"footnotes":""},"categories":[6],"tags":[],"class_list":["post-1011891","post","type-post","status-publish","format-standard","has-post-thumbnail","hentry","category-dunya"],"blocksy_meta":[],"seo_head":"<!-- This site is optimized with the Yoast SEO plugin v27.5 - https:\/\/yoast.com\/product\/yoast-seo-wordpress\/ -->\n<title>K\u00fcrt gazeteci Allan Kaval Fransa&#039;n\u0131n en iyi gazetecilik \u00f6d\u00fcl\u00fcn\u00fc ald\u0131 - Darka Mazi<\/title>\n<meta name=\"robots\" content=\"index, follow, max-snippet:-1, max-image-preview:large, max-video-preview:-1\" \/>\n<link rel=\"canonical\" href=\"https:\/\/darkamazi.site\/archives\/1011891\" \/>\n<meta property=\"og:locale\" content=\"en_US\" \/>\n<meta property=\"og:type\" content=\"article\" \/>\n<meta property=\"og:title\" content=\"K\u00fcrt gazeteci Allan Kaval Fransa&#039;n\u0131n en iyi gazetecilik \u00f6d\u00fcl\u00fcn\u00fc ald\u0131 - Darka Mazi\" \/>\n<meta property=\"og:description\" content=\"Fransa\u2019n\u0131n en prestijli gazetecilik \u00f6d\u00fcl\u00fc olan \u201c2020 Albert Londres \u00d6d\u00fcl\u00fc\u201d, Rojava\u2019da I\u015e\u0130D\u2019li tutuklular hakk\u0131nda yapt\u0131\u011f\u0131 haber nedeniyle Le Monde muhabiri Allan Kaval&#8217;a verildi. K\u00fcrt gazeteci Allan Kaval, Rojava\u2019da Demokratik Suriye G\u00fc\u00e7leri\u2019nin (DSG) kontrol\u00fc alt\u0131nda bulunan Haseki\u2019deki I\u015e\u0130D\u2019li tutuklular\u0131n hayat\u0131n\u0131 konu alan &#8220;Suriye Cehenneminden &#8211; Cihat\u00e7\u0131 Mahkumlar\u0131n Yava\u015f \u00d6l\u00fcm\u00fc&#8221; ba\u015fl\u0131kl\u0131 haber ve analizi ile Fransa\u2019da \u201c2020 [&hellip;]\" \/>\n<meta property=\"og:url\" content=\"https:\/\/darkamazi.site\/archives\/1011891\" \/>\n<meta property=\"og:site_name\" content=\"Darka Mazi\" \/>\n<meta property=\"article:publisher\" content=\"https:\/\/www.facebook.com\/DarkaMaziturkce\" \/>\n<meta property=\"article:published_time\" content=\"2020-12-06T16:06:48+00:00\" \/>\n<meta property=\"og:image\" content=\"https:\/\/darkamazi.site\/file\/2020\/12\/Allan-Kaval2.jpg\" \/>\n\t<meta property=\"og:image:width\" content=\"1280\" \/>\n\t<meta property=\"og:image:height\" content=\"720\" \/>\n\t<meta property=\"og:image:type\" content=\"image\/jpeg\" \/>\n<meta name=\"author\" content=\"darka mazi\" \/>\n<meta name=\"twitter:card\" content=\"summary_large_image\" \/>\n<meta name=\"twitter:creator\" content=\"@DarkaMaziTurkce\" \/>\n<meta name=\"twitter:site\" content=\"@DarkaMaziTurkce\" \/>\n<meta name=\"twitter:label1\" content=\"Written by\" \/>\n\t<meta name=\"twitter:data1\" content=\"darka mazi\" \/>\n\t<meta name=\"twitter:label2\" content=\"Est. reading time\" \/>\n\t<meta name=\"twitter:data2\" content=\"2 minutes\" \/>\n<script type=\"application\/ld+json\" class=\"seo-schema-graph\">{\"@context\":\"https:\\\/\\\/schema.org\",\"@graph\":[{\"@type\":\"NewsArticle\",\"@id\":\"https:\\\/\\\/darkamazi.site\\\/archives\\\/1011891#article\",\"isPartOf\":{\"@id\":\"https:\\\/\\\/darkamazi.site\\\/archives\\\/1011891\"},\"author\":{\"name\":\"darka mazi\",\"@id\":\"https:\\\/\\\/darkamazi.site\\\/#\\\/schema\\\/person\\\/67986a95ac546c16760365877ef4a9d3\"},\"headline\":\"K\u00fcrt gazeteci Allan Kaval Fransa&#8217;n\u0131n en iyi gazetecilik \u00f6d\u00fcl\u00fcn\u00fc ald\u0131\",\"datePublished\":\"2020-12-06T16:06:48+00:00\",\"mainEntityOfPage\":{\"@id\":\"https:\\\/\\\/darkamazi.site\\\/archives\\\/1011891\"},\"wordCount\":420,\"publisher\":{\"@id\":\"https:\\\/\\\/darkamazi.site\\\/#organization\"},\"image\":{\"@id\":\"https:\\\/\\\/darkamazi.site\\\/archives\\\/1011891#primaryimage\"},\"thumbnailUrl\":\"https:\\\/\\\/darkamazi.site\\\/darka-content\\\/uploads\\\/2020\\\/12\\\/Allan-Kaval2.jpg\",\"articleSection\":[\"D\u00fcnya\"],\"inLanguage\":\"en-US\"},{\"@type\":\"WebPage\",\"@id\":\"https:\\\/\\\/darkamazi.site\\\/archives\\\/1011891\",\"url\":\"https:\\\/\\\/darkamazi.site\\\/archives\\\/1011891\",\"name\":\"K\u00fcrt gazeteci Allan Kaval Fransa'n\u0131n en iyi gazetecilik \u00f6d\u00fcl\u00fcn\u00fc ald\u0131 - Darka Mazi\",\"isPartOf\":{\"@id\":\"https:\\\/\\\/darkamazi.site\\\/#website\"},\"primaryImageOfPage\":{\"@id\":\"https:\\\/\\\/darkamazi.site\\\/archives\\\/1011891#primaryimage\"},\"image\":{\"@id\":\"https:\\\/\\\/darkamazi.site\\\/archives\\\/1011891#primaryimage\"},\"thumbnailUrl\":\"https:\\\/\\\/darkamazi.site\\\/darka-content\\\/uploads\\\/2020\\\/12\\\/Allan-Kaval2.jpg\",\"datePublished\":\"2020-12-06T16:06:48+00:00\",\"breadcrumb\":{\"@id\":\"https:\\\/\\\/darkamazi.site\\\/archives\\\/1011891#breadcrumb\"},\"inLanguage\":\"en-US\",\"potentialAction\":[{\"@type\":\"ReadAction\",\"target\":[\"https:\\\/\\\/darkamazi.site\\\/archives\\\/1011891\"]}]},{\"@type\":\"ImageObject\",\"inLanguage\":\"en-US\",\"@id\":\"https:\\\/\\\/darkamazi.site\\\/archives\\\/1011891#primaryimage\",\"url\":\"https:\\\/\\\/darkamazi.site\\\/darka-content\\\/uploads\\\/2020\\\/12\\\/Allan-Kaval2.jpg\",\"contentUrl\":\"https:\\\/\\\/darkamazi.site\\\/darka-content\\\/uploads\\\/2020\\\/12\\\/Allan-Kaval2.jpg\",\"width\":1280,\"height\":720,\"caption\":\"K\u00fcrt gazeteci Allan Kaval Fransa'n\u0131n en iyi gazetecilik \u00f6d\u00fcl\u00fcn\u00fc ald\u0131\"},{\"@type\":\"BreadcrumbList\",\"@id\":\"https:\\\/\\\/darkamazi.site\\\/archives\\\/1011891#breadcrumb\",\"itemListElement\":[{\"@type\":\"ListItem\",\"position\":1,\"name\":\"Home\",\"item\":\"https:\\\/\\\/darkamazi.site\\\/\"},{\"@type\":\"ListItem\",\"position\":2,\"name\":\"K\u00fcrt gazeteci Allan Kaval Fransa&#8217;n\u0131n en iyi gazetecilik \u00f6d\u00fcl\u00fcn\u00fc ald\u0131\"}]},{\"@type\":\"WebSite\",\"@id\":\"https:\\\/\\\/darkamazi.site\\\/#website\",\"url\":\"https:\\\/\\\/darkamazi.site\\\/\",\"name\":\"Darka Mazi\",\"description\":\"Ana Sayfa\",\"publisher\":{\"@id\":\"https:\\\/\\\/darkamazi.site\\\/#organization\"},\"potentialAction\":[{\"@type\":\"SearchAction\",\"target\":{\"@type\":\"EntryPoint\",\"urlTemplate\":\"https:\\\/\\\/darkamazi.site\\\/?s={search_term_string}\"},\"query-input\":{\"@type\":\"PropertyValueSpecification\",\"valueRequired\":true,\"valueName\":\"search_term_string\"}}],\"inLanguage\":\"en-US\"},{\"@type\":\"Organization\",\"@id\":\"https:\\\/\\\/darkamazi.site\\\/#organization\",\"name\":\"Darka Mazi T\u00fcrk\u00e7e\",\"alternateName\":\"Darka Mazi\",\"url\":\"https:\\\/\\\/darkamazi.site\\\/\",\"logo\":{\"@type\":\"ImageObject\",\"inLanguage\":\"en-US\",\"@id\":\"https:\\\/\\\/darkamazi.site\\\/#\\\/schema\\\/logo\\\/image\\\/\",\"url\":\"https:\\\/\\\/darkamazi.site\\\/darka-content\\\/uploads\\\/2017\\\/12\\\/darka-mazi-logo.png\",\"contentUrl\":\"https:\\\/\\\/darkamazi.site\\\/darka-content\\\/uploads\\\/2017\\\/12\\\/darka-mazi-logo.png\",\"width\":151,\"height\":75,\"caption\":\"Darka Mazi T\u00fcrk\u00e7e\"},\"image\":{\"@id\":\"https:\\\/\\\/darkamazi.site\\\/#\\\/schema\\\/logo\\\/image\\\/\"},\"sameAs\":[\"https:\\\/\\\/www.facebook.com\\\/DarkaMaziturkce\",\"https:\\\/\\\/x.com\\\/DarkaMaziTurkce\"]},{\"@type\":\"Person\",\"@id\":\"https:\\\/\\\/darkamazi.site\\\/#\\\/schema\\\/person\\\/67986a95ac546c16760365877ef4a9d3\",\"name\":\"darka mazi\",\"sameAs\":[\"https:\\\/\\\/darkamazi.site\"],\"url\":\"https:\\\/\\\/darkamazi.site\\\/archives\\\/author\\\/turkish\"}]}<\/script>\n<!-- \/ Yoast SEO plugin. -->","seo_head_json":{"title":"K\u00fcrt gazeteci Allan Kaval Fransa'n\u0131n en iyi gazetecilik \u00f6d\u00fcl\u00fcn\u00fc ald\u0131 - Darka Mazi","robots":{"index":"index","follow":"follow","max-snippet":"max-snippet:-1","max-image-preview":"max-image-preview:large","max-video-preview":"max-video-preview:-1"},"canonical":"https:\/\/darkamazi.site\/archives\/1011891","og_locale":"en_US","og_type":"article","og_title":"K\u00fcrt gazeteci Allan Kaval Fransa'n\u0131n en iyi gazetecilik \u00f6d\u00fcl\u00fcn\u00fc ald\u0131 - Darka Mazi","og_description":"Fransa\u2019n\u0131n en prestijli gazetecilik \u00f6d\u00fcl\u00fc olan \u201c2020 Albert Londres \u00d6d\u00fcl\u00fc\u201d, Rojava\u2019da I\u015e\u0130D\u2019li tutuklular hakk\u0131nda yapt\u0131\u011f\u0131 haber nedeniyle Le Monde muhabiri Allan Kaval&#8217;a verildi. K\u00fcrt gazeteci Allan Kaval, Rojava\u2019da Demokratik Suriye G\u00fc\u00e7leri\u2019nin (DSG) kontrol\u00fc alt\u0131nda bulunan Haseki\u2019deki I\u015e\u0130D\u2019li tutuklular\u0131n hayat\u0131n\u0131 konu alan &#8220;Suriye Cehenneminden &#8211; Cihat\u00e7\u0131 Mahkumlar\u0131n Yava\u015f \u00d6l\u00fcm\u00fc&#8221; ba\u015fl\u0131kl\u0131 haber ve analizi ile Fransa\u2019da \u201c2020 [&hellip;]","og_url":"https:\/\/darkamazi.site\/archives\/1011891","og_site_name":"Darka Mazi","article_publisher":"https:\/\/www.facebook.com\/DarkaMaziturkce","article_published_time":"2020-12-06T16:06:48+00:00","og_image":[{"width":1280,"height":720,"url":"https:\/\/darkamazi.site\/file\/2020\/12\/Allan-Kaval2.jpg","type":"image\/jpeg"}],"author":"darka mazi","twitter_card":"summary_large_image","twitter_creator":"@DarkaMaziTurkce","twitter_site":"@DarkaMaziTurkce","twitter_misc":{"Written by":"darka mazi","Est. reading time":"2 minutes"},"schema":{"@context":"https:\/\/schema.org","@graph":[{"@type":"NewsArticle","@id":"https:\/\/darkamazi.site\/archives\/1011891#article","isPartOf":{"@id":"https:\/\/darkamazi.site\/archives\/1011891"},"author":{"name":"darka mazi","@id":"https:\/\/darkamazi.site\/#\/schema\/person\/67986a95ac546c16760365877ef4a9d3"},"headline":"K\u00fcrt gazeteci Allan Kaval Fransa&#8217;n\u0131n en iyi gazetecilik \u00f6d\u00fcl\u00fcn\u00fc ald\u0131","datePublished":"2020-12-06T16:06:48+00:00","mainEntityOfPage":{"@id":"https:\/\/darkamazi.site\/archives\/1011891"},"wordCount":420,"publisher":{"@id":"https:\/\/darkamazi.site\/#organization"},"image":{"@id":"https:\/\/darkamazi.site\/archives\/1011891#primaryimage"},"thumbnailUrl":"https:\/\/darkamazi.site\/file\/2020\/12\/Allan-Kaval2.jpg","articleSection":["D\u00fcnya"],"inLanguage":"en-US"},{"@type":"WebPage","@id":"https:\/\/darkamazi.site\/archives\/1011891","url":"https:\/\/darkamazi.site\/archives\/1011891","name":"K\u00fcrt gazeteci Allan Kaval Fransa'n\u0131n en iyi gazetecilik \u00f6d\u00fcl\u00fcn\u00fc ald\u0131 - Darka Mazi","isPartOf":{"@id":"https:\/\/darkamazi.site\/#website"},"primaryImageOfPage":{"@id":"https:\/\/darkamazi.site\/archives\/1011891#primaryimage"},"image":{"@id":"https:\/\/darkamazi.site\/archives\/1011891#primaryimage"},"thumbnailUrl":"https:\/\/darkamazi.site\/file\/2020\/12\/Allan-Kaval2.jpg","datePublished":"2020-12-06T16:06:48+00:00","breadcrumb":{"@id":"https:\/\/darkamazi.site\/archives\/1011891#breadcrumb"},"inLanguage":"en-US","potentialAction":[{"@type":"ReadAction","target":["https:\/\/darkamazi.site\/archives\/1011891"]}]},{"@type":"ImageObject","inLanguage":"en-US","@id":"https:\/\/darkamazi.site\/archives\/1011891#primaryimage","url":"https:\/\/darkamazi.site\/file\/2020\/12\/Allan-Kaval2.jpg","contentUrl":"https:\/\/darkamazi.site\/file\/2020\/12\/Allan-Kaval2.jpg","width":1280,"height":720,"caption":"K\u00fcrt gazeteci Allan Kaval Fransa'n\u0131n en iyi gazetecilik \u00f6d\u00fcl\u00fcn\u00fc ald\u0131"},{"@type":"BreadcrumbList","@id":"https:\/\/darkamazi.site\/archives\/1011891#breadcrumb","itemListElement":[{"@type":"ListItem","position":1,"name":"Home","item":"https:\/\/darkamazi.site\/"},{"@type":"ListItem","position":2,"name":"K\u00fcrt gazeteci Allan Kaval Fransa&#8217;n\u0131n en iyi gazetecilik \u00f6d\u00fcl\u00fcn\u00fc ald\u0131"}]},{"@type":"WebSite","@id":"https:\/\/darkamazi.site\/#website","url":"https:\/\/darkamazi.site\/","name":"Darka Mazi","description":"Ana Sayfa","publisher":{"@id":"https:\/\/darkamazi.site\/#organization"},"potentialAction":[{"@type":"SearchAction","target":{"@type":"EntryPoint","urlTemplate":"https:\/\/darkamazi.site\/?s={search_term_string}"},"query-input":{"@type":"PropertyValueSpecification","valueRequired":true,"valueName":"search_term_string"}}],"inLanguage":"en-US"},{"@type":"Organization","@id":"https:\/\/darkamazi.site\/#organization","name":"Darka Mazi T\u00fcrk\u00e7e","alternateName":"Darka Mazi","url":"https:\/\/darkamazi.site\/","logo":{"@type":"ImageObject","inLanguage":"en-US","@id":"https:\/\/darkamazi.site\/#\/schema\/logo\/image\/","url":"https:\/\/darkamazi.site\/file\/2017\/12\/darka-mazi-logo.png","contentUrl":"https:\/\/darkamazi.site\/file\/2017\/12\/darka-mazi-logo.png","width":151,"height":75,"caption":"Darka Mazi T\u00fcrk\u00e7e"},"image":{"@id":"https:\/\/darkamazi.site\/#\/schema\/logo\/image\/"},"sameAs":["https:\/\/www.facebook.com\/DarkaMaziturkce","https:\/\/x.com\/DarkaMaziTurkce"]},{"@type":"Person","@id":"https:\/\/darkamazi.site\/#\/schema\/person\/67986a95ac546c16760365877ef4a9d3","name":"darka mazi","sameAs":["https:\/\/darkamazi.site"],"url":"https:\/\/darkamazi.site\/archives\/author\/turkish"}]}},"_links":{"self":[{"href":"https:\/\/darkamazi.site\/funavuv\/wp\/v2\/posts\/1011891","targetHints":{"allow":["GET"]}}],"collection":[{"href":"https:\/\/darkamazi.site\/funavuv\/wp\/v2\/posts"}],"about":[{"href":"https:\/\/darkamazi.site\/funavuv\/wp\/v2\/types\/post"}],"author":[{"embeddable":true,"href":"https:\/\/darkamazi.site\/funavuv\/wp\/v2\/users\/2"}],"replies":[{"embeddable":true,"href":"https:\/\/darkamazi.site\/funavuv\/wp\/v2\/comments?post=1011891"}],"version-history":[{"count":0,"href":"https:\/\/darkamazi.site\/funavuv\/wp\/v2\/posts\/1011891\/revisions"}],"wp:featuredmedia":[{"embeddable":true,"href":"https:\/\/darkamazi.site\/funavuv\/wp\/v2\/media\/1011892"}],"wp:attachment":[{"href":"https:\/\/darkamazi.site\/funavuv\/wp\/v2\/media?parent=1011891"}],"wp:term":[{"taxonomy":"category","embeddable":true,"href":"https:\/\/darkamazi.site\/funavuv\/wp\/v2\/categories?post=1011891"},{"taxonomy":"post_tag","embeddable":true,"href":"https:\/\/darkamazi.site\/funavuv\/wp\/v2\/tags?post=1011891"}],"curies":[{"name":"wp","href":"https:\/\/api.w.org\/{rel}","templated":true}]}}