{"id":1012105,"date":"2020-12-16T20:31:30","date_gmt":"2020-12-16T17:31:30","guid":{"rendered":"https:\/\/darkamazi.site\/?p=1012105"},"modified":"2020-12-16T20:31:30","modified_gmt":"2020-12-16T17:31:30","slug":"psk-genel-baskani-pkk-bu-iste-pesmergeye-saldiracak-ama-bize-saldirdilar-diyecek","status":"publish","type":"post","link":"https:\/\/darkamazi.site\/archives\/1012105","title":{"rendered":"PSK Genel Ba\u015fkan\u0131: PKK bu i\u015fte. Pe\u015fmergeye sald\u0131racak ama \u2018bize sald\u0131rd\u0131lar\u2019 diyecek"},"content":{"rendered":"<p style=\"text-align: justify\">K\u00fcrdistan Sosyalist Partisi (PSK) Genel Ba\u015fkan\u0131 Mesut Tek, PKK\u2019nin Pe\u015fmerge G\u00fc\u00e7leri\u2019ne y\u00f6nelik sald\u0131r\u0131lar\u0131na tepki g\u00f6sterdi.<\/p>\n<p style=\"text-align: justify\">PKK son d\u00f6nemlerde K\u00fcrdistan B\u00f6lgesi\u2019nin askeri g\u00fcc\u00fc Pe\u015fmerge\u2019ye y\u00f6nelik sald\u0131r\u0131lar\u0131n\u0131 art\u0131rmaya ba\u015flad\u0131. PKK en son 13 Aral\u0131k\u2019ta Duhok\u2019un Amedi il\u00e7esine ba\u011fl\u0131 D\u00eare\u015f\u00ea k\u00f6y\u00fc b\u00f6lgesinde Pe\u015fmerge G\u00fc\u00e7leri\u2019ne sald\u0131rarak bir Pe\u015fmerge\u2019yi \u015fehit etmi\u015fti.<\/p>\n<p style=\"text-align: justify\">Mesut Tek, son d\u00f6nemdeki geli\u015fmelere ili\u015fkin Twitter hesab\u0131ndan yapt\u0131\u011f\u0131 a\u00e7\u0131klamada, PKK\u2019nin sald\u0131r\u0131lar\u0131na tepki g\u00f6sterdi.<\/p>\n<p style=\"text-align: justify\">Tek, \u201cPKK bu i\u015fte. Pe\u015fmergeye sald\u0131racak ama \u2018bize sald\u0131rd\u0131lar\u2019 diyeceksin. K\u00fcrdistan h\u00fck\u00fcmetinin egemenli\u011fini tan\u0131mayacak ama \u2018PKK misafir de\u011fil ev sahibi\u2019 diyeceksin. Petrol borusunu patlat\u0131p h\u00fck\u00fcmeti zarara u\u011fratacak, sonra da halk a\u00e7 diye feryat edip halk\u0131 direni\u015fe \u00e7a\u011f\u0131racaks\u0131n\u201d dedi.<\/p>\n","protected":false},"excerpt":{"rendered":"<p>K\u00fcrdistan Sosyalist Partisi (PSK) Genel Ba\u015fkan\u0131 Mesut Tek, PKK\u2019nin Pe\u015fmerge G\u00fc\u00e7leri\u2019ne y\u00f6nelik sald\u0131r\u0131lar\u0131na tepki g\u00f6sterdi. PKK son d\u00f6nemlerde K\u00fcrdistan B\u00f6lgesi\u2019nin askeri g\u00fcc\u00fc Pe\u015fmerge\u2019ye y\u00f6nelik sald\u0131r\u0131lar\u0131n\u0131 art\u0131rmaya ba\u015flad\u0131. PKK en son 13 Aral\u0131k\u2019ta Duhok\u2019un Amedi il\u00e7esine ba\u011fl\u0131 D\u00eare\u015f\u00ea k\u00f6y\u00fc b\u00f6lgesinde Pe\u015fmerge G\u00fc\u00e7leri\u2019ne sald\u0131rarak bir Pe\u015fmerge\u2019yi \u015fehit etmi\u015fti. Mesut Tek, son d\u00f6nemdeki geli\u015fmelere ili\u015fkin Twitter hesab\u0131ndan yapt\u0131\u011f\u0131 [&hellip;]<\/p>\n","protected":false},"author":2,"featured_media":1012106,"comment_status":"closed","ping_status":"closed","sticky":false,"template":"","format":"standard","meta":{"footnotes":""},"categories":[3],"tags":[],"class_list":["post-1012105","post","type-post","status-publish","format-standard","has-post-thumbnail","hentry","category-kurdistan"],"blocksy_meta":[],"seo_head":"<!-- This site is optimized with the Yoast SEO plugin v27.5 - https:\/\/yoast.com\/product\/yoast-seo-wordpress\/ -->\n<title>PSK Genel Ba\u015fkan\u0131: PKK bu i\u015fte. Pe\u015fmergeye sald\u0131racak ama \u2018bize sald\u0131rd\u0131lar\u2019 diyecek - Darka Mazi<\/title>\n<meta name=\"robots\" content=\"index, follow, max-snippet:-1, max-image-preview:large, max-video-preview:-1\" \/>\n<link rel=\"canonical\" href=\"https:\/\/darkamazi.site\/archives\/1012105\" \/>\n<meta property=\"og:locale\" content=\"en_US\" \/>\n<meta property=\"og:type\" content=\"article\" \/>\n<meta property=\"og:title\" content=\"PSK Genel Ba\u015fkan\u0131: PKK bu i\u015fte. Pe\u015fmergeye sald\u0131racak ama \u2018bize sald\u0131rd\u0131lar\u2019 diyecek - Darka Mazi\" \/>\n<meta property=\"og:description\" content=\"K\u00fcrdistan Sosyalist Partisi (PSK) Genel Ba\u015fkan\u0131 Mesut Tek, PKK\u2019nin Pe\u015fmerge G\u00fc\u00e7leri\u2019ne y\u00f6nelik sald\u0131r\u0131lar\u0131na tepki g\u00f6sterdi. PKK son d\u00f6nemlerde K\u00fcrdistan B\u00f6lgesi\u2019nin askeri g\u00fcc\u00fc Pe\u015fmerge\u2019ye y\u00f6nelik sald\u0131r\u0131lar\u0131n\u0131 art\u0131rmaya ba\u015flad\u0131. PKK en son 13 Aral\u0131k\u2019ta Duhok\u2019un Amedi il\u00e7esine ba\u011fl\u0131 D\u00eare\u015f\u00ea k\u00f6y\u00fc b\u00f6lgesinde Pe\u015fmerge G\u00fc\u00e7leri\u2019ne sald\u0131rarak bir Pe\u015fmerge\u2019yi \u015fehit etmi\u015fti. Mesut Tek, son d\u00f6nemdeki geli\u015fmelere ili\u015fkin Twitter hesab\u0131ndan yapt\u0131\u011f\u0131 [&hellip;]\" \/>\n<meta property=\"og:url\" content=\"https:\/\/darkamazi.site\/archives\/1012105\" \/>\n<meta property=\"og:site_name\" content=\"Darka Mazi\" \/>\n<meta property=\"article:publisher\" content=\"https:\/\/www.facebook.com\/DarkaMaziturkce\" \/>\n<meta property=\"article:published_time\" content=\"2020-12-16T17:31:30+00:00\" \/>\n<meta property=\"og:image\" content=\"https:\/\/darkamazi.site\/file\/2020\/12\/Mesut-Tek-2.jpg\" \/>\n\t<meta property=\"og:image:width\" content=\"710\" \/>\n\t<meta property=\"og:image:height\" content=\"369\" \/>\n\t<meta property=\"og:image:type\" content=\"image\/jpeg\" \/>\n<meta name=\"author\" content=\"darka mazi\" \/>\n<meta name=\"twitter:card\" content=\"summary_large_image\" \/>\n<meta name=\"twitter:creator\" content=\"@DarkaMaziTurkce\" \/>\n<meta name=\"twitter:site\" content=\"@DarkaMaziTurkce\" \/>\n<meta name=\"twitter:label1\" content=\"Written by\" \/>\n\t<meta name=\"twitter:data1\" content=\"darka mazi\" \/>\n\t<meta name=\"twitter:label2\" content=\"Est. reading time\" \/>\n\t<meta name=\"twitter:data2\" content=\"1 minute\" \/>\n<script type=\"application\/ld+json\" class=\"seo-schema-graph\">{\"@context\":\"https:\\\/\\\/schema.org\",\"@graph\":[{\"@type\":\"NewsArticle\",\"@id\":\"https:\\\/\\\/darkamazi.site\\\/archives\\\/1012105#article\",\"isPartOf\":{\"@id\":\"https:\\\/\\\/darkamazi.site\\\/archives\\\/1012105\"},\"author\":{\"name\":\"darka mazi\",\"@id\":\"https:\\\/\\\/darkamazi.site\\\/#\\\/schema\\\/person\\\/67986a95ac546c16760365877ef4a9d3\"},\"headline\":\"PSK Genel Ba\u015fkan\u0131: PKK bu i\u015fte. Pe\u015fmergeye sald\u0131racak ama \u2018bize sald\u0131rd\u0131lar\u2019 diyecek\",\"datePublished\":\"2020-12-16T17:31:30+00:00\",\"mainEntityOfPage\":{\"@id\":\"https:\\\/\\\/darkamazi.site\\\/archives\\\/1012105\"},\"wordCount\":182,\"publisher\":{\"@id\":\"https:\\\/\\\/darkamazi.site\\\/#organization\"},\"image\":{\"@id\":\"https:\\\/\\\/darkamazi.site\\\/archives\\\/1012105#primaryimage\"},\"thumbnailUrl\":\"https:\\\/\\\/darkamazi.site\\\/darka-content\\\/uploads\\\/2020\\\/12\\\/Mesut-Tek-2.jpg\",\"articleSection\":[\"Kurdistan\"],\"inLanguage\":\"en-US\"},{\"@type\":\"WebPage\",\"@id\":\"https:\\\/\\\/darkamazi.site\\\/archives\\\/1012105\",\"url\":\"https:\\\/\\\/darkamazi.site\\\/archives\\\/1012105\",\"name\":\"PSK Genel Ba\u015fkan\u0131: PKK bu i\u015fte. Pe\u015fmergeye sald\u0131racak ama \u2018bize sald\u0131rd\u0131lar\u2019 diyecek - Darka Mazi\",\"isPartOf\":{\"@id\":\"https:\\\/\\\/darkamazi.site\\\/#website\"},\"primaryImageOfPage\":{\"@id\":\"https:\\\/\\\/darkamazi.site\\\/archives\\\/1012105#primaryimage\"},\"image\":{\"@id\":\"https:\\\/\\\/darkamazi.site\\\/archives\\\/1012105#primaryimage\"},\"thumbnailUrl\":\"https:\\\/\\\/darkamazi.site\\\/darka-content\\\/uploads\\\/2020\\\/12\\\/Mesut-Tek-2.jpg\",\"datePublished\":\"2020-12-16T17:31:30+00:00\",\"breadcrumb\":{\"@id\":\"https:\\\/\\\/darkamazi.site\\\/archives\\\/1012105#breadcrumb\"},\"inLanguage\":\"en-US\",\"potentialAction\":[{\"@type\":\"ReadAction\",\"target\":[\"https:\\\/\\\/darkamazi.site\\\/archives\\\/1012105\"]}]},{\"@type\":\"ImageObject\",\"inLanguage\":\"en-US\",\"@id\":\"https:\\\/\\\/darkamazi.site\\\/archives\\\/1012105#primaryimage\",\"url\":\"https:\\\/\\\/darkamazi.site\\\/darka-content\\\/uploads\\\/2020\\\/12\\\/Mesut-Tek-2.jpg\",\"contentUrl\":\"https:\\\/\\\/darkamazi.site\\\/darka-content\\\/uploads\\\/2020\\\/12\\\/Mesut-Tek-2.jpg\",\"width\":710,\"height\":369,\"caption\":\"PSK Genel Ba\u015fkan\u0131: PKK bu i\u015fte. Pe\u015fmergeye sald\u0131racak ama \u2018bize sald\u0131rd\u0131lar\u2019 diyecek Amediye, KCK; HPG; Gerilla, Rojava K\u00fcrdistan, Mesut Tek, PSK, Twitter\"},{\"@type\":\"BreadcrumbList\",\"@id\":\"https:\\\/\\\/darkamazi.site\\\/archives\\\/1012105#breadcrumb\",\"itemListElement\":[{\"@type\":\"ListItem\",\"position\":1,\"name\":\"Home\",\"item\":\"https:\\\/\\\/darkamazi.site\\\/\"},{\"@type\":\"ListItem\",\"position\":2,\"name\":\"PSK Genel Ba\u015fkan\u0131: PKK bu i\u015fte. Pe\u015fmergeye sald\u0131racak ama \u2018bize sald\u0131rd\u0131lar\u2019 diyecek\"}]},{\"@type\":\"WebSite\",\"@id\":\"https:\\\/\\\/darkamazi.site\\\/#website\",\"url\":\"https:\\\/\\\/darkamazi.site\\\/\",\"name\":\"Darka Mazi\",\"description\":\"Ana Sayfa\",\"publisher\":{\"@id\":\"https:\\\/\\\/darkamazi.site\\\/#organization\"},\"potentialAction\":[{\"@type\":\"SearchAction\",\"target\":{\"@type\":\"EntryPoint\",\"urlTemplate\":\"https:\\\/\\\/darkamazi.site\\\/?s={search_term_string}\"},\"query-input\":{\"@type\":\"PropertyValueSpecification\",\"valueRequired\":true,\"valueName\":\"search_term_string\"}}],\"inLanguage\":\"en-US\"},{\"@type\":\"Organization\",\"@id\":\"https:\\\/\\\/darkamazi.site\\\/#organization\",\"name\":\"Darka Mazi T\u00fcrk\u00e7e\",\"alternateName\":\"Darka Mazi\",\"url\":\"https:\\\/\\\/darkamazi.site\\\/\",\"logo\":{\"@type\":\"ImageObject\",\"inLanguage\":\"en-US\",\"@id\":\"https:\\\/\\\/darkamazi.site\\\/#\\\/schema\\\/logo\\\/image\\\/\",\"url\":\"https:\\\/\\\/darkamazi.site\\\/darka-content\\\/uploads\\\/2017\\\/12\\\/darka-mazi-logo.png\",\"contentUrl\":\"https:\\\/\\\/darkamazi.site\\\/darka-content\\\/uploads\\\/2017\\\/12\\\/darka-mazi-logo.png\",\"width\":151,\"height\":75,\"caption\":\"Darka Mazi T\u00fcrk\u00e7e\"},\"image\":{\"@id\":\"https:\\\/\\\/darkamazi.site\\\/#\\\/schema\\\/logo\\\/image\\\/\"},\"sameAs\":[\"https:\\\/\\\/www.facebook.com\\\/DarkaMaziturkce\",\"https:\\\/\\\/x.com\\\/DarkaMaziTurkce\"]},{\"@type\":\"Person\",\"@id\":\"https:\\\/\\\/darkamazi.site\\\/#\\\/schema\\\/person\\\/67986a95ac546c16760365877ef4a9d3\",\"name\":\"darka mazi\",\"sameAs\":[\"https:\\\/\\\/darkamazi.site\"],\"url\":\"https:\\\/\\\/darkamazi.site\\\/archives\\\/author\\\/turkish\"}]}<\/script>\n<!-- \/ Yoast SEO plugin. -->","seo_head_json":{"title":"PSK Genel Ba\u015fkan\u0131: PKK bu i\u015fte. Pe\u015fmergeye sald\u0131racak ama \u2018bize sald\u0131rd\u0131lar\u2019 diyecek - Darka Mazi","robots":{"index":"index","follow":"follow","max-snippet":"max-snippet:-1","max-image-preview":"max-image-preview:large","max-video-preview":"max-video-preview:-1"},"canonical":"https:\/\/darkamazi.site\/archives\/1012105","og_locale":"en_US","og_type":"article","og_title":"PSK Genel Ba\u015fkan\u0131: PKK bu i\u015fte. Pe\u015fmergeye sald\u0131racak ama \u2018bize sald\u0131rd\u0131lar\u2019 diyecek - Darka Mazi","og_description":"K\u00fcrdistan Sosyalist Partisi (PSK) Genel Ba\u015fkan\u0131 Mesut Tek, PKK\u2019nin Pe\u015fmerge G\u00fc\u00e7leri\u2019ne y\u00f6nelik sald\u0131r\u0131lar\u0131na tepki g\u00f6sterdi. PKK son d\u00f6nemlerde K\u00fcrdistan B\u00f6lgesi\u2019nin askeri g\u00fcc\u00fc Pe\u015fmerge\u2019ye y\u00f6nelik sald\u0131r\u0131lar\u0131n\u0131 art\u0131rmaya ba\u015flad\u0131. PKK en son 13 Aral\u0131k\u2019ta Duhok\u2019un Amedi il\u00e7esine ba\u011fl\u0131 D\u00eare\u015f\u00ea k\u00f6y\u00fc b\u00f6lgesinde Pe\u015fmerge G\u00fc\u00e7leri\u2019ne sald\u0131rarak bir Pe\u015fmerge\u2019yi \u015fehit etmi\u015fti. Mesut Tek, son d\u00f6nemdeki geli\u015fmelere ili\u015fkin Twitter hesab\u0131ndan yapt\u0131\u011f\u0131 [&hellip;]","og_url":"https:\/\/darkamazi.site\/archives\/1012105","og_site_name":"Darka Mazi","article_publisher":"https:\/\/www.facebook.com\/DarkaMaziturkce","article_published_time":"2020-12-16T17:31:30+00:00","og_image":[{"width":710,"height":369,"url":"https:\/\/darkamazi.site\/file\/2020\/12\/Mesut-Tek-2.jpg","type":"image\/jpeg"}],"author":"darka mazi","twitter_card":"summary_large_image","twitter_creator":"@DarkaMaziTurkce","twitter_site":"@DarkaMaziTurkce","twitter_misc":{"Written by":"darka mazi","Est. reading time":"1 minute"},"schema":{"@context":"https:\/\/schema.org","@graph":[{"@type":"NewsArticle","@id":"https:\/\/darkamazi.site\/archives\/1012105#article","isPartOf":{"@id":"https:\/\/darkamazi.site\/archives\/1012105"},"author":{"name":"darka mazi","@id":"https:\/\/darkamazi.site\/#\/schema\/person\/67986a95ac546c16760365877ef4a9d3"},"headline":"PSK Genel Ba\u015fkan\u0131: PKK bu i\u015fte. Pe\u015fmergeye sald\u0131racak ama \u2018bize sald\u0131rd\u0131lar\u2019 diyecek","datePublished":"2020-12-16T17:31:30+00:00","mainEntityOfPage":{"@id":"https:\/\/darkamazi.site\/archives\/1012105"},"wordCount":182,"publisher":{"@id":"https:\/\/darkamazi.site\/#organization"},"image":{"@id":"https:\/\/darkamazi.site\/archives\/1012105#primaryimage"},"thumbnailUrl":"https:\/\/darkamazi.site\/file\/2020\/12\/Mesut-Tek-2.jpg","articleSection":["Kurdistan"],"inLanguage":"en-US"},{"@type":"WebPage","@id":"https:\/\/darkamazi.site\/archives\/1012105","url":"https:\/\/darkamazi.site\/archives\/1012105","name":"PSK Genel Ba\u015fkan\u0131: PKK bu i\u015fte. Pe\u015fmergeye sald\u0131racak ama \u2018bize sald\u0131rd\u0131lar\u2019 diyecek - Darka Mazi","isPartOf":{"@id":"https:\/\/darkamazi.site\/#website"},"primaryImageOfPage":{"@id":"https:\/\/darkamazi.site\/archives\/1012105#primaryimage"},"image":{"@id":"https:\/\/darkamazi.site\/archives\/1012105#primaryimage"},"thumbnailUrl":"https:\/\/darkamazi.site\/file\/2020\/12\/Mesut-Tek-2.jpg","datePublished":"2020-12-16T17:31:30+00:00","breadcrumb":{"@id":"https:\/\/darkamazi.site\/archives\/1012105#breadcrumb"},"inLanguage":"en-US","potentialAction":[{"@type":"ReadAction","target":["https:\/\/darkamazi.site\/archives\/1012105"]}]},{"@type":"ImageObject","inLanguage":"en-US","@id":"https:\/\/darkamazi.site\/archives\/1012105#primaryimage","url":"https:\/\/darkamazi.site\/file\/2020\/12\/Mesut-Tek-2.jpg","contentUrl":"https:\/\/darkamazi.site\/file\/2020\/12\/Mesut-Tek-2.jpg","width":710,"height":369,"caption":"PSK Genel Ba\u015fkan\u0131: PKK bu i\u015fte. Pe\u015fmergeye sald\u0131racak ama \u2018bize sald\u0131rd\u0131lar\u2019 diyecek Amediye, KCK; HPG; Gerilla, Rojava K\u00fcrdistan, Mesut Tek, PSK, Twitter"},{"@type":"BreadcrumbList","@id":"https:\/\/darkamazi.site\/archives\/1012105#breadcrumb","itemListElement":[{"@type":"ListItem","position":1,"name":"Home","item":"https:\/\/darkamazi.site\/"},{"@type":"ListItem","position":2,"name":"PSK Genel Ba\u015fkan\u0131: PKK bu i\u015fte. Pe\u015fmergeye sald\u0131racak ama \u2018bize sald\u0131rd\u0131lar\u2019 diyecek"}]},{"@type":"WebSite","@id":"https:\/\/darkamazi.site\/#website","url":"https:\/\/darkamazi.site\/","name":"Darka Mazi","description":"Ana Sayfa","publisher":{"@id":"https:\/\/darkamazi.site\/#organization"},"potentialAction":[{"@type":"SearchAction","target":{"@type":"EntryPoint","urlTemplate":"https:\/\/darkamazi.site\/?s={search_term_string}"},"query-input":{"@type":"PropertyValueSpecification","valueRequired":true,"valueName":"search_term_string"}}],"inLanguage":"en-US"},{"@type":"Organization","@id":"https:\/\/darkamazi.site\/#organization","name":"Darka Mazi T\u00fcrk\u00e7e","alternateName":"Darka Mazi","url":"https:\/\/darkamazi.site\/","logo":{"@type":"ImageObject","inLanguage":"en-US","@id":"https:\/\/darkamazi.site\/#\/schema\/logo\/image\/","url":"https:\/\/darkamazi.site\/file\/2017\/12\/darka-mazi-logo.png","contentUrl":"https:\/\/darkamazi.site\/file\/2017\/12\/darka-mazi-logo.png","width":151,"height":75,"caption":"Darka Mazi T\u00fcrk\u00e7e"},"image":{"@id":"https:\/\/darkamazi.site\/#\/schema\/logo\/image\/"},"sameAs":["https:\/\/www.facebook.com\/DarkaMaziturkce","https:\/\/x.com\/DarkaMaziTurkce"]},{"@type":"Person","@id":"https:\/\/darkamazi.site\/#\/schema\/person\/67986a95ac546c16760365877ef4a9d3","name":"darka mazi","sameAs":["https:\/\/darkamazi.site"],"url":"https:\/\/darkamazi.site\/archives\/author\/turkish"}]}},"_links":{"self":[{"href":"https:\/\/darkamazi.site\/funavuv\/wp\/v2\/posts\/1012105","targetHints":{"allow":["GET"]}}],"collection":[{"href":"https:\/\/darkamazi.site\/funavuv\/wp\/v2\/posts"}],"about":[{"href":"https:\/\/darkamazi.site\/funavuv\/wp\/v2\/types\/post"}],"author":[{"embeddable":true,"href":"https:\/\/darkamazi.site\/funavuv\/wp\/v2\/users\/2"}],"replies":[{"embeddable":true,"href":"https:\/\/darkamazi.site\/funavuv\/wp\/v2\/comments?post=1012105"}],"version-history":[{"count":0,"href":"https:\/\/darkamazi.site\/funavuv\/wp\/v2\/posts\/1012105\/revisions"}],"wp:featuredmedia":[{"embeddable":true,"href":"https:\/\/darkamazi.site\/funavuv\/wp\/v2\/media\/1012106"}],"wp:attachment":[{"href":"https:\/\/darkamazi.site\/funavuv\/wp\/v2\/media?parent=1012105"}],"wp:term":[{"taxonomy":"category","embeddable":true,"href":"https:\/\/darkamazi.site\/funavuv\/wp\/v2\/categories?post=1012105"},{"taxonomy":"post_tag","embeddable":true,"href":"https:\/\/darkamazi.site\/funavuv\/wp\/v2\/tags?post=1012105"}],"curies":[{"name":"wp","href":"https:\/\/api.w.org\/{rel}","templated":true}]}}