{"id":1012449,"date":"2021-01-09T19:03:45","date_gmt":"2021-01-09T16:03:45","guid":{"rendered":"https:\/\/darkamazi.site\/?p=1012449"},"modified":"2021-01-09T19:03:45","modified_gmt":"2021-01-09T16:03:45","slug":"dilop-dergisinin-18-sayisi-cikti","status":"publish","type":"post","link":"https:\/\/darkamazi.site\/archives\/1012449","title":{"rendered":"Dilop Dergisi\u2019nin 18. say\u0131s\u0131 \u00e7\u0131kt\u0131"},"content":{"rendered":"<p style=\"text-align: justify\">\u0130ki ayl\u0131k periyotlarla T\u00fcrk\u00e7e-K\u00fcrt\u00e7e\u00a0<em>y<\/em>ay\u0131nlanan k\u00fclt\u00fcr-sanat-politika dergisi Dilop\u2019un Ocak-\u015eubat say\u0131s\u0131 \u00e7\u0131kt\u0131.<\/p>\n<p style=\"text-align: justify\">Derginin 18. say\u0131s\u0131n\u0131n dosya ba\u015fl\u0131\u011f\u0131:<em>\u00a0Lice Beyleri&#8230;<\/em>\u00a0Kendisi de Lice\u2019li olan Tar\u0131k Ziya Ekinci, tarihi s\u00fcre\u00e7 i\u00e7inde de\u011fi\u015fen sosyal, siyasal, ekonomik yap\u0131s\u0131ndan hareketle Lice\u2019nin \u00fcst s\u0131n\u0131flar\u0131ndan \u2018beyler\u2019i analiz ediyor. 18 \u015eubat\u2019ta 95 ya\u015f\u0131na girecek olan Ekinci\u2019nin analizi s\u0131n\u0131fsal bir perspektif i\u00e7ermesiyle de \u00f6zel ve \u00f6nemli.<\/p>\n<p style=\"text-align: justify\">2021\u2019in ilk say\u0131s\u0131nda \u2018Yeni y\u0131l\u2019 \u00fczerine yazan Bar\u0131\u015f Av\u015far, 5 bin y\u0131l \u00f6ncesinden bug\u00fcne varan bir soru soruyor ve hayat\u0131n nas\u0131l \u2018yeni\u2019 olaca\u011f\u0131na dair yan\u0131t ar\u0131yor. Haydar Karata\u015f ise yaz\u0131s\u0131nda Dersim\u2019deki Ga\u011fand kutlamas\u0131n\u0131n di\u011fer halklarca kutlanan benzerlerini yaz\u0131yor ve \u00f6zg\u00fcn bir ortak ya\u015fam mesaj\u0131 veriyor.<\/p>\n<p style=\"text-align: justify\">Nevzat Onaran\u2019\u0131n yazd\u0131\u011f\u0131\u00a0<em>Takriri S\u00fckun \u2018Devrimi!\u2019<\/em>\u00a0ile Mehmet Bayrak\u2019\u0131n yazd\u0131\u011f\u0131\u00a0<em>1925 K\u00fcrt \u0130syan\u0131<\/em>\u00a0yaz\u0131lar\u0131, hem resmi tarih anlat\u0131m\u0131ndaki \u00e7arp\u0131tmalara ve hem de cumhuriyetin kurulu\u015f s\u00fcrecinde temeli at\u0131lan sorunlara i\u015faret ediyor.<\/p>\n<p style=\"text-align: justify\">Mesut Alp, Cinler Tepesi olarak adland\u0131r\u0131lan Girnewaz H\u00f6y\u00fc\u011f\u00fc\u2019n\u00fc konu alan yaz\u0131s\u0131nda, yakla\u015f\u0131k yedi bin y\u0131ll\u0131k ge\u00e7mi\u015fi olan Nusaybin\u2019in \u2018cin\u2019lerle birlikte an\u0131lmas\u0131n\u0131n nedenini anlat\u0131yor.<\/p>\n<p style=\"text-align: justify\">Kenan \u00d6rmek\u2019in\u00a0<em>\u2018Rojen Barnas \u015fiirinde sol ideoloji\u2019<\/em>\u00a0ba\u015fl\u0131kl\u0131 yaz\u0131s\u0131, T\u00eer\u00eaj ku\u015fa\u011f\u0131 K\u00fcrt \u015fiirinin politik perspektifini \u00f6rneklerle sergiliyor.<\/p>\n<p style=\"text-align: justify\">Mela Mihyed\u00een, Yaresan m\u00fczi\u011fi ve rit\u00fcellerinin Alevi m\u00fczi\u011fi ve rit\u00fcelleriyle \u00e7arp\u0131c\u0131 benzerliklerini ortaya koyarken, Recep Mara\u015fl\u0131 da \u2018\u00e7al\u0131nan m\u00fczikler\u2019 \u00fczerine yazd\u0131\u011f\u0131 yaz\u0131lara\u00a0<em>\u2018\u00c7\u0131rp\u0131n\u0131rd\u0131 Karadeniz\u2019<\/em>le devam ediyor ve T\u00fcrk milliyet\u00e7ili\u011finin simgelerinden say\u0131lan bu \u2018mar\u015f\u2019\u0131n ger\u00e7e\u011fini de\u015fifre ediyor.<\/p>\n<p style=\"text-align: justify\">\u0130brahim Karaca\u2019n\u0131n \u0131rk\u00e7\u0131l\u0131\u011f\u0131 do\u011furan, yayan sosyal\/siyasal iklimi ele ald\u0131\u011f\u0131 dergide, karikat\u00fcrist \u0130mam Cici\u2019yle yap\u0131lan bir s\u00f6yle\u015fi de yer al\u0131yor.<\/p>\n<p style=\"text-align: justify\">Kapa\u011f\u0131nda Birkan \u00c7elik\u2019in foto\u011fraf\u0131na yer veren dergide Paul Eluard, Mahmut Dervi\u015f, Bulent Ged\u00eek, Uygur Orhan, Ayhan Erkmen, Enver \u00d6zkahraman, Zeno A. O\u011fuz da bu say\u0131da yaz\u0131 ve \u015fiirlerine yer verilen di\u011fer isimlerden baz\u0131lar\u0131&#8230;<\/p>\n<p style=\"text-align: justify\">Dilop Dergisi<strong>, belirli kitabevlerinin yan\u0131 s\u0131ra emekkitap.com, babil.com, odakitap.com, eganba.com adreslerinden de temin edilebilir.<\/strong><\/p>\n","protected":false},"excerpt":{"rendered":"<p>\u0130ki ayl\u0131k periyotlarla T\u00fcrk\u00e7e-K\u00fcrt\u00e7e\u00a0yay\u0131nlanan k\u00fclt\u00fcr-sanat-politika dergisi Dilop\u2019un Ocak-\u015eubat say\u0131s\u0131 \u00e7\u0131kt\u0131. Derginin 18. say\u0131s\u0131n\u0131n dosya ba\u015fl\u0131\u011f\u0131:\u00a0Lice Beyleri&#8230;\u00a0Kendisi de Lice\u2019li olan Tar\u0131k Ziya Ekinci, tarihi s\u00fcre\u00e7 i\u00e7inde de\u011fi\u015fen sosyal, siyasal, ekonomik yap\u0131s\u0131ndan hareketle Lice\u2019nin \u00fcst s\u0131n\u0131flar\u0131ndan \u2018beyler\u2019i analiz ediyor. 18 \u015eubat\u2019ta 95 ya\u015f\u0131na girecek olan Ekinci\u2019nin analizi s\u0131n\u0131fsal bir perspektif i\u00e7ermesiyle de \u00f6zel ve \u00f6nemli. 2021\u2019in ilk [&hellip;]<\/p>\n","protected":false},"author":2,"featured_media":1012450,"comment_status":"closed","ping_status":"closed","sticky":false,"template":"","format":"standard","meta":{"footnotes":""},"categories":[33],"tags":[],"class_list":["post-1012449","post","type-post","status-publish","format-standard","has-post-thumbnail","hentry","category-sanat"],"blocksy_meta":[],"seo_head":"<!-- This site is optimized with the Yoast SEO plugin v27.5 - https:\/\/yoast.com\/product\/yoast-seo-wordpress\/ -->\n<title>Dilop Dergisi\u2019nin 18. say\u0131s\u0131 \u00e7\u0131kt\u0131 - Darka Mazi<\/title>\n<meta name=\"robots\" content=\"index, follow, max-snippet:-1, max-image-preview:large, max-video-preview:-1\" \/>\n<link rel=\"canonical\" href=\"https:\/\/darkamazi.site\/archives\/1012449\" \/>\n<meta property=\"og:locale\" content=\"en_US\" \/>\n<meta property=\"og:type\" content=\"article\" \/>\n<meta property=\"og:title\" content=\"Dilop Dergisi\u2019nin 18. say\u0131s\u0131 \u00e7\u0131kt\u0131 - Darka Mazi\" \/>\n<meta property=\"og:description\" content=\"\u0130ki ayl\u0131k periyotlarla T\u00fcrk\u00e7e-K\u00fcrt\u00e7e\u00a0yay\u0131nlanan k\u00fclt\u00fcr-sanat-politika dergisi Dilop\u2019un Ocak-\u015eubat say\u0131s\u0131 \u00e7\u0131kt\u0131. Derginin 18. say\u0131s\u0131n\u0131n dosya ba\u015fl\u0131\u011f\u0131:\u00a0Lice Beyleri&#8230;\u00a0Kendisi de Lice\u2019li olan Tar\u0131k Ziya Ekinci, tarihi s\u00fcre\u00e7 i\u00e7inde de\u011fi\u015fen sosyal, siyasal, ekonomik yap\u0131s\u0131ndan hareketle Lice\u2019nin \u00fcst s\u0131n\u0131flar\u0131ndan \u2018beyler\u2019i analiz ediyor. 18 \u015eubat\u2019ta 95 ya\u015f\u0131na girecek olan Ekinci\u2019nin analizi s\u0131n\u0131fsal bir perspektif i\u00e7ermesiyle de \u00f6zel ve \u00f6nemli. 2021\u2019in ilk [&hellip;]\" \/>\n<meta property=\"og:url\" content=\"https:\/\/darkamazi.site\/archives\/1012449\" \/>\n<meta property=\"og:site_name\" content=\"Darka Mazi\" \/>\n<meta property=\"article:publisher\" content=\"https:\/\/www.facebook.com\/DarkaMaziturkce\" \/>\n<meta property=\"article:published_time\" content=\"2021-01-09T16:03:45+00:00\" \/>\n<meta property=\"og:image\" content=\"https:\/\/darkamazi.site\/file\/2021\/01\/Dilop.jpg\" \/>\n\t<meta property=\"og:image:width\" content=\"710\" \/>\n\t<meta property=\"og:image:height\" content=\"998\" \/>\n\t<meta property=\"og:image:type\" content=\"image\/jpeg\" \/>\n<meta name=\"author\" content=\"darka mazi\" \/>\n<meta name=\"twitter:card\" content=\"summary_large_image\" \/>\n<meta name=\"twitter:creator\" content=\"@DarkaMaziTurkce\" \/>\n<meta name=\"twitter:site\" content=\"@DarkaMaziTurkce\" \/>\n<meta name=\"twitter:label1\" content=\"Written by\" \/>\n\t<meta name=\"twitter:data1\" content=\"darka mazi\" \/>\n\t<meta name=\"twitter:label2\" content=\"Est. reading time\" \/>\n\t<meta name=\"twitter:data2\" content=\"2 minutes\" \/>\n<script type=\"application\/ld+json\" class=\"seo-schema-graph\">{\"@context\":\"https:\\\/\\\/schema.org\",\"@graph\":[{\"@type\":\"NewsArticle\",\"@id\":\"https:\\\/\\\/darkamazi.site\\\/archives\\\/1012449#article\",\"isPartOf\":{\"@id\":\"https:\\\/\\\/darkamazi.site\\\/archives\\\/1012449\"},\"author\":{\"name\":\"darka mazi\",\"@id\":\"https:\\\/\\\/darkamazi.site\\\/#\\\/schema\\\/person\\\/67986a95ac546c16760365877ef4a9d3\"},\"headline\":\"Dilop Dergisi\u2019nin 18. say\u0131s\u0131 \u00e7\u0131kt\u0131\",\"datePublished\":\"2021-01-09T16:03:45+00:00\",\"mainEntityOfPage\":{\"@id\":\"https:\\\/\\\/darkamazi.site\\\/archives\\\/1012449\"},\"wordCount\":413,\"publisher\":{\"@id\":\"https:\\\/\\\/darkamazi.site\\\/#organization\"},\"image\":{\"@id\":\"https:\\\/\\\/darkamazi.site\\\/archives\\\/1012449#primaryimage\"},\"thumbnailUrl\":\"https:\\\/\\\/darkamazi.site\\\/darka-content\\\/uploads\\\/2021\\\/01\\\/Dilop.jpg\",\"articleSection\":[\"Sanat\"],\"inLanguage\":\"en-US\"},{\"@type\":\"WebPage\",\"@id\":\"https:\\\/\\\/darkamazi.site\\\/archives\\\/1012449\",\"url\":\"https:\\\/\\\/darkamazi.site\\\/archives\\\/1012449\",\"name\":\"Dilop Dergisi\u2019nin 18. say\u0131s\u0131 \u00e7\u0131kt\u0131 - Darka Mazi\",\"isPartOf\":{\"@id\":\"https:\\\/\\\/darkamazi.site\\\/#website\"},\"primaryImageOfPage\":{\"@id\":\"https:\\\/\\\/darkamazi.site\\\/archives\\\/1012449#primaryimage\"},\"image\":{\"@id\":\"https:\\\/\\\/darkamazi.site\\\/archives\\\/1012449#primaryimage\"},\"thumbnailUrl\":\"https:\\\/\\\/darkamazi.site\\\/darka-content\\\/uploads\\\/2021\\\/01\\\/Dilop.jpg\",\"datePublished\":\"2021-01-09T16:03:45+00:00\",\"breadcrumb\":{\"@id\":\"https:\\\/\\\/darkamazi.site\\\/archives\\\/1012449#breadcrumb\"},\"inLanguage\":\"en-US\",\"potentialAction\":[{\"@type\":\"ReadAction\",\"target\":[\"https:\\\/\\\/darkamazi.site\\\/archives\\\/1012449\"]}]},{\"@type\":\"ImageObject\",\"inLanguage\":\"en-US\",\"@id\":\"https:\\\/\\\/darkamazi.site\\\/archives\\\/1012449#primaryimage\",\"url\":\"https:\\\/\\\/darkamazi.site\\\/darka-content\\\/uploads\\\/2021\\\/01\\\/Dilop.jpg\",\"contentUrl\":\"https:\\\/\\\/darkamazi.site\\\/darka-content\\\/uploads\\\/2021\\\/01\\\/Dilop.jpg\",\"width\":710,\"height\":998,\"caption\":\"Dilop Dergisi\u2019nin 18. say\u0131s\u0131 \u00e7\u0131kt\u0131\"},{\"@type\":\"BreadcrumbList\",\"@id\":\"https:\\\/\\\/darkamazi.site\\\/archives\\\/1012449#breadcrumb\",\"itemListElement\":[{\"@type\":\"ListItem\",\"position\":1,\"name\":\"Home\",\"item\":\"https:\\\/\\\/darkamazi.site\\\/\"},{\"@type\":\"ListItem\",\"position\":2,\"name\":\"Dilop Dergisi\u2019nin 18. say\u0131s\u0131 \u00e7\u0131kt\u0131\"}]},{\"@type\":\"WebSite\",\"@id\":\"https:\\\/\\\/darkamazi.site\\\/#website\",\"url\":\"https:\\\/\\\/darkamazi.site\\\/\",\"name\":\"Darka Mazi\",\"description\":\"Ana Sayfa\",\"publisher\":{\"@id\":\"https:\\\/\\\/darkamazi.site\\\/#organization\"},\"potentialAction\":[{\"@type\":\"SearchAction\",\"target\":{\"@type\":\"EntryPoint\",\"urlTemplate\":\"https:\\\/\\\/darkamazi.site\\\/?s={search_term_string}\"},\"query-input\":{\"@type\":\"PropertyValueSpecification\",\"valueRequired\":true,\"valueName\":\"search_term_string\"}}],\"inLanguage\":\"en-US\"},{\"@type\":\"Organization\",\"@id\":\"https:\\\/\\\/darkamazi.site\\\/#organization\",\"name\":\"Darka Mazi T\u00fcrk\u00e7e\",\"alternateName\":\"Darka Mazi\",\"url\":\"https:\\\/\\\/darkamazi.site\\\/\",\"logo\":{\"@type\":\"ImageObject\",\"inLanguage\":\"en-US\",\"@id\":\"https:\\\/\\\/darkamazi.site\\\/#\\\/schema\\\/logo\\\/image\\\/\",\"url\":\"https:\\\/\\\/darkamazi.site\\\/darka-content\\\/uploads\\\/2017\\\/12\\\/darka-mazi-logo.png\",\"contentUrl\":\"https:\\\/\\\/darkamazi.site\\\/darka-content\\\/uploads\\\/2017\\\/12\\\/darka-mazi-logo.png\",\"width\":151,\"height\":75,\"caption\":\"Darka Mazi T\u00fcrk\u00e7e\"},\"image\":{\"@id\":\"https:\\\/\\\/darkamazi.site\\\/#\\\/schema\\\/logo\\\/image\\\/\"},\"sameAs\":[\"https:\\\/\\\/www.facebook.com\\\/DarkaMaziturkce\",\"https:\\\/\\\/x.com\\\/DarkaMaziTurkce\"]},{\"@type\":\"Person\",\"@id\":\"https:\\\/\\\/darkamazi.site\\\/#\\\/schema\\\/person\\\/67986a95ac546c16760365877ef4a9d3\",\"name\":\"darka mazi\",\"sameAs\":[\"https:\\\/\\\/darkamazi.site\"],\"url\":\"https:\\\/\\\/darkamazi.site\\\/archives\\\/author\\\/turkish\"}]}<\/script>\n<!-- \/ Yoast SEO plugin. -->","seo_head_json":{"title":"Dilop Dergisi\u2019nin 18. say\u0131s\u0131 \u00e7\u0131kt\u0131 - Darka Mazi","robots":{"index":"index","follow":"follow","max-snippet":"max-snippet:-1","max-image-preview":"max-image-preview:large","max-video-preview":"max-video-preview:-1"},"canonical":"https:\/\/darkamazi.site\/archives\/1012449","og_locale":"en_US","og_type":"article","og_title":"Dilop Dergisi\u2019nin 18. say\u0131s\u0131 \u00e7\u0131kt\u0131 - Darka Mazi","og_description":"\u0130ki ayl\u0131k periyotlarla T\u00fcrk\u00e7e-K\u00fcrt\u00e7e\u00a0yay\u0131nlanan k\u00fclt\u00fcr-sanat-politika dergisi Dilop\u2019un Ocak-\u015eubat say\u0131s\u0131 \u00e7\u0131kt\u0131. Derginin 18. say\u0131s\u0131n\u0131n dosya ba\u015fl\u0131\u011f\u0131:\u00a0Lice Beyleri&#8230;\u00a0Kendisi de Lice\u2019li olan Tar\u0131k Ziya Ekinci, tarihi s\u00fcre\u00e7 i\u00e7inde de\u011fi\u015fen sosyal, siyasal, ekonomik yap\u0131s\u0131ndan hareketle Lice\u2019nin \u00fcst s\u0131n\u0131flar\u0131ndan \u2018beyler\u2019i analiz ediyor. 18 \u015eubat\u2019ta 95 ya\u015f\u0131na girecek olan Ekinci\u2019nin analizi s\u0131n\u0131fsal bir perspektif i\u00e7ermesiyle de \u00f6zel ve \u00f6nemli. 2021\u2019in ilk [&hellip;]","og_url":"https:\/\/darkamazi.site\/archives\/1012449","og_site_name":"Darka Mazi","article_publisher":"https:\/\/www.facebook.com\/DarkaMaziturkce","article_published_time":"2021-01-09T16:03:45+00:00","og_image":[{"width":710,"height":998,"url":"https:\/\/darkamazi.site\/file\/2021\/01\/Dilop.jpg","type":"image\/jpeg"}],"author":"darka mazi","twitter_card":"summary_large_image","twitter_creator":"@DarkaMaziTurkce","twitter_site":"@DarkaMaziTurkce","twitter_misc":{"Written by":"darka mazi","Est. reading time":"2 minutes"},"schema":{"@context":"https:\/\/schema.org","@graph":[{"@type":"NewsArticle","@id":"https:\/\/darkamazi.site\/archives\/1012449#article","isPartOf":{"@id":"https:\/\/darkamazi.site\/archives\/1012449"},"author":{"name":"darka mazi","@id":"https:\/\/darkamazi.site\/#\/schema\/person\/67986a95ac546c16760365877ef4a9d3"},"headline":"Dilop Dergisi\u2019nin 18. say\u0131s\u0131 \u00e7\u0131kt\u0131","datePublished":"2021-01-09T16:03:45+00:00","mainEntityOfPage":{"@id":"https:\/\/darkamazi.site\/archives\/1012449"},"wordCount":413,"publisher":{"@id":"https:\/\/darkamazi.site\/#organization"},"image":{"@id":"https:\/\/darkamazi.site\/archives\/1012449#primaryimage"},"thumbnailUrl":"https:\/\/darkamazi.site\/file\/2021\/01\/Dilop.jpg","articleSection":["Sanat"],"inLanguage":"en-US"},{"@type":"WebPage","@id":"https:\/\/darkamazi.site\/archives\/1012449","url":"https:\/\/darkamazi.site\/archives\/1012449","name":"Dilop Dergisi\u2019nin 18. say\u0131s\u0131 \u00e7\u0131kt\u0131 - Darka Mazi","isPartOf":{"@id":"https:\/\/darkamazi.site\/#website"},"primaryImageOfPage":{"@id":"https:\/\/darkamazi.site\/archives\/1012449#primaryimage"},"image":{"@id":"https:\/\/darkamazi.site\/archives\/1012449#primaryimage"},"thumbnailUrl":"https:\/\/darkamazi.site\/file\/2021\/01\/Dilop.jpg","datePublished":"2021-01-09T16:03:45+00:00","breadcrumb":{"@id":"https:\/\/darkamazi.site\/archives\/1012449#breadcrumb"},"inLanguage":"en-US","potentialAction":[{"@type":"ReadAction","target":["https:\/\/darkamazi.site\/archives\/1012449"]}]},{"@type":"ImageObject","inLanguage":"en-US","@id":"https:\/\/darkamazi.site\/archives\/1012449#primaryimage","url":"https:\/\/darkamazi.site\/file\/2021\/01\/Dilop.jpg","contentUrl":"https:\/\/darkamazi.site\/file\/2021\/01\/Dilop.jpg","width":710,"height":998,"caption":"Dilop Dergisi\u2019nin 18. say\u0131s\u0131 \u00e7\u0131kt\u0131"},{"@type":"BreadcrumbList","@id":"https:\/\/darkamazi.site\/archives\/1012449#breadcrumb","itemListElement":[{"@type":"ListItem","position":1,"name":"Home","item":"https:\/\/darkamazi.site\/"},{"@type":"ListItem","position":2,"name":"Dilop Dergisi\u2019nin 18. say\u0131s\u0131 \u00e7\u0131kt\u0131"}]},{"@type":"WebSite","@id":"https:\/\/darkamazi.site\/#website","url":"https:\/\/darkamazi.site\/","name":"Darka Mazi","description":"Ana Sayfa","publisher":{"@id":"https:\/\/darkamazi.site\/#organization"},"potentialAction":[{"@type":"SearchAction","target":{"@type":"EntryPoint","urlTemplate":"https:\/\/darkamazi.site\/?s={search_term_string}"},"query-input":{"@type":"PropertyValueSpecification","valueRequired":true,"valueName":"search_term_string"}}],"inLanguage":"en-US"},{"@type":"Organization","@id":"https:\/\/darkamazi.site\/#organization","name":"Darka Mazi T\u00fcrk\u00e7e","alternateName":"Darka Mazi","url":"https:\/\/darkamazi.site\/","logo":{"@type":"ImageObject","inLanguage":"en-US","@id":"https:\/\/darkamazi.site\/#\/schema\/logo\/image\/","url":"https:\/\/darkamazi.site\/file\/2017\/12\/darka-mazi-logo.png","contentUrl":"https:\/\/darkamazi.site\/file\/2017\/12\/darka-mazi-logo.png","width":151,"height":75,"caption":"Darka Mazi T\u00fcrk\u00e7e"},"image":{"@id":"https:\/\/darkamazi.site\/#\/schema\/logo\/image\/"},"sameAs":["https:\/\/www.facebook.com\/DarkaMaziturkce","https:\/\/x.com\/DarkaMaziTurkce"]},{"@type":"Person","@id":"https:\/\/darkamazi.site\/#\/schema\/person\/67986a95ac546c16760365877ef4a9d3","name":"darka mazi","sameAs":["https:\/\/darkamazi.site"],"url":"https:\/\/darkamazi.site\/archives\/author\/turkish"}]}},"_links":{"self":[{"href":"https:\/\/darkamazi.site\/funavuv\/wp\/v2\/posts\/1012449","targetHints":{"allow":["GET"]}}],"collection":[{"href":"https:\/\/darkamazi.site\/funavuv\/wp\/v2\/posts"}],"about":[{"href":"https:\/\/darkamazi.site\/funavuv\/wp\/v2\/types\/post"}],"author":[{"embeddable":true,"href":"https:\/\/darkamazi.site\/funavuv\/wp\/v2\/users\/2"}],"replies":[{"embeddable":true,"href":"https:\/\/darkamazi.site\/funavuv\/wp\/v2\/comments?post=1012449"}],"version-history":[{"count":0,"href":"https:\/\/darkamazi.site\/funavuv\/wp\/v2\/posts\/1012449\/revisions"}],"wp:featuredmedia":[{"embeddable":true,"href":"https:\/\/darkamazi.site\/funavuv\/wp\/v2\/media\/1012450"}],"wp:attachment":[{"href":"https:\/\/darkamazi.site\/funavuv\/wp\/v2\/media?parent=1012449"}],"wp:term":[{"taxonomy":"category","embeddable":true,"href":"https:\/\/darkamazi.site\/funavuv\/wp\/v2\/categories?post=1012449"},{"taxonomy":"post_tag","embeddable":true,"href":"https:\/\/darkamazi.site\/funavuv\/wp\/v2\/tags?post=1012449"}],"curies":[{"name":"wp","href":"https:\/\/api.w.org\/{rel}","templated":true}]}}