{"id":1012481,"date":"2021-01-11T16:19:01","date_gmt":"2021-01-11T13:19:01","guid":{"rendered":"https:\/\/darkamazi.site\/?p=1012481"},"modified":"2021-01-11T16:19:01","modified_gmt":"2021-01-11T13:19:01","slug":"hasdi-sabi-sengalde-demografiyi-degistiriyor","status":"publish","type":"post","link":"https:\/\/darkamazi.site\/archives\/1012481","title":{"rendered":"Ha\u015fdi \u015eabi, \u015eengal\u2019de demografiyi de\u011fi\u015ftiriyor"},"content":{"rendered":"<p style=\"text-align: justify\">\u00a0\u015eii milis grubu Ha\u015fdi \u015eabi\u2019nin, \u015eengal\u2019de demografiyi de\u011fi\u015ftirmeye \u00e7al\u0131\u015ft\u0131\u011f\u0131 ortaya \u00e7\u0131kt\u0131.<\/p>\n<p style=\"text-align: justify\">Bir s\u00fcredir Ha\u015fdi \u015eabi g\u00fc\u00e7lerinin, \u015eengal\u2019de halka para kar\u015f\u0131l\u0131\u011f\u0131nda m\u00fclklerini satma teklifinde bulundu\u011fu ve bu \u015fekilde b\u00f6lgenin\u00a0demografisini de\u011fi\u015ftirmeye \u00e7al\u0131\u015ft\u0131\u011f\u0131\u00a0bildirildi.<\/p>\n<p style=\"text-align: justify\">K24\u2019e konu\u015fan \u015eengal sakini Re\u015fo Ali, \u201c\u015eengal harabe durumda. Bu y\u00fczden halk\u0131n d\u00f6n\u00fc\u015f\u00fcne engel olunup demografinin de\u011fi\u015ftirilmesi yerine halka yard\u0131m edilmeli ve \u015eengal yeniden kurulmal\u0131\u201d dedi.<\/p>\n<p style=\"text-align: justify\">Bir di\u011fer\u00a0\u015eengal\u00a0sakini Xelef H\u00fcseyin ise, \u201cBa\u015fka yerlerden birilerinin gelip \u015eengal\u2019den arsa almas\u0131n\u0131 kabul etmiyoruz. Bizim evimiz y\u0131k\u0131lm\u0131\u015f, \u015fehit vermi\u015fiz bu toprak i\u00e7in. Yabanc\u0131lar\u0131n buraya gelip onlara arsa sat\u0131lmas\u0131 kabul edilemez\u201d diye konu\u015ftu.<\/p>\n<p style=\"text-align: justify\">K\u00fcrdistan\u00a0B\u00f6lgesi H\u00fck\u00fcmeti\u00a0y\u0131llard\u0131r \u015eengal\u2019de huzur ve istikrar ortam\u0131n\u0131n sa\u011flanmas\u0131 i\u00e7in \u00e7aba g\u00f6steriyor, halk\u0131n evlerine d\u00f6nebilmesi i\u00e7in \u00e7al\u0131\u015f\u0131yor.<\/p>\n<p style=\"text-align: justify\">Ba\u015fbakan\u2019\u0131n Ezidi \u0130\u015flerinden Sorumlu Dan\u0131\u015fman\u0131\u00a0\u015eeyh \u015eamo, \u201c\u015eiilerin de \u015eengal halk\u0131n\u0131n ba\u015f\u0131na gelenleri anlamas\u0131n\u0131 bekliyorduk ancak g\u00f6rd\u00fc\u011f\u00fcm\u00fcz kadar\u0131yla \u015eengal\u2019in gelece\u011fini karanl\u0131k bir t\u00fcnele do\u011fru s\u00fcr\u00fckl\u00fcyorlar. \u015eengal halk\u0131, \u015eengal topraklar\u0131n\u0131n ellerinden al\u0131n\u0131p ba\u015fkalar\u0131na verilmesinden korkuyor\u201d diye konu\u015ftu.<\/p>\n<p style=\"text-align: justify\">K24\u2019e bilgi veren kaynaklar, \u015eengal\u2019de m\u00fclklerin sat\u0131lmas\u0131 ile el konulmas\u0131na ba\u015fland\u0131\u011f\u0131n\u0131 ve baz\u0131 siyasi \u00e7evrelerin de buna destek verdi\u011fini belirtti.<\/p>\n","protected":false},"excerpt":{"rendered":"<p>\u00a0\u015eii milis grubu Ha\u015fdi \u015eabi\u2019nin, \u015eengal\u2019de demografiyi de\u011fi\u015ftirmeye \u00e7al\u0131\u015ft\u0131\u011f\u0131 ortaya \u00e7\u0131kt\u0131. Bir s\u00fcredir Ha\u015fdi \u015eabi g\u00fc\u00e7lerinin, \u015eengal\u2019de halka para kar\u015f\u0131l\u0131\u011f\u0131nda m\u00fclklerini satma teklifinde bulundu\u011fu ve bu \u015fekilde b\u00f6lgenin\u00a0demografisini de\u011fi\u015ftirmeye \u00e7al\u0131\u015ft\u0131\u011f\u0131\u00a0bildirildi. K24\u2019e konu\u015fan \u015eengal sakini Re\u015fo Ali, \u201c\u015eengal harabe durumda. Bu y\u00fczden halk\u0131n d\u00f6n\u00fc\u015f\u00fcne engel olunup demografinin de\u011fi\u015ftirilmesi yerine halka yard\u0131m edilmeli ve \u015eengal yeniden kurulmal\u0131\u201d [&hellip;]<\/p>\n","protected":false},"author":2,"featured_media":1012482,"comment_status":"closed","ping_status":"closed","sticky":false,"template":"","format":"standard","meta":{"footnotes":""},"categories":[3],"tags":[31],"class_list":["post-1012481","post","type-post","status-publish","format-standard","has-post-thumbnail","hentry","category-kurdistan","tag-onemli"],"blocksy_meta":[],"seo_head":"<!-- This site is optimized with the Yoast SEO plugin v27.5 - https:\/\/yoast.com\/product\/yoast-seo-wordpress\/ -->\n<title>Ha\u015fdi \u015eabi, \u015eengal\u2019de demografiyi de\u011fi\u015ftiriyor - Darka Mazi<\/title>\n<meta name=\"robots\" content=\"index, follow, max-snippet:-1, max-image-preview:large, max-video-preview:-1\" \/>\n<link rel=\"canonical\" href=\"https:\/\/darkamazi.site\/archives\/1012481\" \/>\n<meta property=\"og:locale\" content=\"en_US\" \/>\n<meta property=\"og:type\" content=\"article\" \/>\n<meta property=\"og:title\" content=\"Ha\u015fdi \u015eabi, \u015eengal\u2019de demografiyi de\u011fi\u015ftiriyor - Darka Mazi\" \/>\n<meta property=\"og:description\" content=\"\u00a0\u015eii milis grubu Ha\u015fdi \u015eabi\u2019nin, \u015eengal\u2019de demografiyi de\u011fi\u015ftirmeye \u00e7al\u0131\u015ft\u0131\u011f\u0131 ortaya \u00e7\u0131kt\u0131. Bir s\u00fcredir Ha\u015fdi \u015eabi g\u00fc\u00e7lerinin, \u015eengal\u2019de halka para kar\u015f\u0131l\u0131\u011f\u0131nda m\u00fclklerini satma teklifinde bulundu\u011fu ve bu \u015fekilde b\u00f6lgenin\u00a0demografisini de\u011fi\u015ftirmeye \u00e7al\u0131\u015ft\u0131\u011f\u0131\u00a0bildirildi. K24\u2019e konu\u015fan \u015eengal sakini Re\u015fo Ali, \u201c\u015eengal harabe durumda. Bu y\u00fczden halk\u0131n d\u00f6n\u00fc\u015f\u00fcne engel olunup demografinin de\u011fi\u015ftirilmesi yerine halka yard\u0131m edilmeli ve \u015eengal yeniden kurulmal\u0131\u201d [&hellip;]\" \/>\n<meta property=\"og:url\" content=\"https:\/\/darkamazi.site\/archives\/1012481\" \/>\n<meta property=\"og:site_name\" content=\"Darka Mazi\" \/>\n<meta property=\"article:publisher\" content=\"https:\/\/www.facebook.com\/DarkaMaziturkce\" \/>\n<meta property=\"article:published_time\" content=\"2021-01-11T13:19:01+00:00\" \/>\n<meta property=\"og:image\" content=\"https:\/\/darkamazi.site\/file\/2021\/01\/Hasdi-Sabi-Sengal-Demografi.jpg\" \/>\n\t<meta property=\"og:image:width\" content=\"1280\" \/>\n\t<meta property=\"og:image:height\" content=\"720\" \/>\n\t<meta property=\"og:image:type\" content=\"image\/jpeg\" \/>\n<meta name=\"author\" content=\"darka mazi\" \/>\n<meta name=\"twitter:card\" content=\"summary_large_image\" \/>\n<meta name=\"twitter:creator\" content=\"@DarkaMaziTurkce\" \/>\n<meta name=\"twitter:site\" content=\"@DarkaMaziTurkce\" \/>\n<meta name=\"twitter:label1\" content=\"Written by\" \/>\n\t<meta name=\"twitter:data1\" content=\"darka mazi\" \/>\n\t<meta name=\"twitter:label2\" content=\"Est. reading time\" \/>\n\t<meta name=\"twitter:data2\" content=\"1 minute\" \/>\n<script type=\"application\/ld+json\" class=\"seo-schema-graph\">{\"@context\":\"https:\\\/\\\/schema.org\",\"@graph\":[{\"@type\":\"NewsArticle\",\"@id\":\"https:\\\/\\\/darkamazi.site\\\/archives\\\/1012481#article\",\"isPartOf\":{\"@id\":\"https:\\\/\\\/darkamazi.site\\\/archives\\\/1012481\"},\"author\":{\"name\":\"darka mazi\",\"@id\":\"https:\\\/\\\/darkamazi.site\\\/#\\\/schema\\\/person\\\/67986a95ac546c16760365877ef4a9d3\"},\"headline\":\"Ha\u015fdi \u015eabi, \u015eengal\u2019de demografiyi de\u011fi\u015ftiriyor\",\"datePublished\":\"2021-01-11T13:19:01+00:00\",\"mainEntityOfPage\":{\"@id\":\"https:\\\/\\\/darkamazi.site\\\/archives\\\/1012481\"},\"wordCount\":266,\"publisher\":{\"@id\":\"https:\\\/\\\/darkamazi.site\\\/#organization\"},\"image\":{\"@id\":\"https:\\\/\\\/darkamazi.site\\\/archives\\\/1012481#primaryimage\"},\"thumbnailUrl\":\"https:\\\/\\\/darkamazi.site\\\/darka-content\\\/uploads\\\/2021\\\/01\\\/Hasdi-Sabi-Sengal-Demografi.jpg\",\"keywords\":[\"\u00f6nemli\"],\"articleSection\":[\"Kurdistan\"],\"inLanguage\":\"en-US\"},{\"@type\":\"WebPage\",\"@id\":\"https:\\\/\\\/darkamazi.site\\\/archives\\\/1012481\",\"url\":\"https:\\\/\\\/darkamazi.site\\\/archives\\\/1012481\",\"name\":\"Ha\u015fdi \u015eabi, \u015eengal\u2019de demografiyi de\u011fi\u015ftiriyor - Darka Mazi\",\"isPartOf\":{\"@id\":\"https:\\\/\\\/darkamazi.site\\\/#website\"},\"primaryImageOfPage\":{\"@id\":\"https:\\\/\\\/darkamazi.site\\\/archives\\\/1012481#primaryimage\"},\"image\":{\"@id\":\"https:\\\/\\\/darkamazi.site\\\/archives\\\/1012481#primaryimage\"},\"thumbnailUrl\":\"https:\\\/\\\/darkamazi.site\\\/darka-content\\\/uploads\\\/2021\\\/01\\\/Hasdi-Sabi-Sengal-Demografi.jpg\",\"datePublished\":\"2021-01-11T13:19:01+00:00\",\"breadcrumb\":{\"@id\":\"https:\\\/\\\/darkamazi.site\\\/archives\\\/1012481#breadcrumb\"},\"inLanguage\":\"en-US\",\"potentialAction\":[{\"@type\":\"ReadAction\",\"target\":[\"https:\\\/\\\/darkamazi.site\\\/archives\\\/1012481\"]}]},{\"@type\":\"ImageObject\",\"inLanguage\":\"en-US\",\"@id\":\"https:\\\/\\\/darkamazi.site\\\/archives\\\/1012481#primaryimage\",\"url\":\"https:\\\/\\\/darkamazi.site\\\/darka-content\\\/uploads\\\/2021\\\/01\\\/Hasdi-Sabi-Sengal-Demografi.jpg\",\"contentUrl\":\"https:\\\/\\\/darkamazi.site\\\/darka-content\\\/uploads\\\/2021\\\/01\\\/Hasdi-Sabi-Sengal-Demografi.jpg\",\"width\":1280,\"height\":720,\"caption\":\"Ha\u015fdi \u015eabi, \u015eengal\u2019de demografiyi de\u011fi\u015ftiriyor\"},{\"@type\":\"BreadcrumbList\",\"@id\":\"https:\\\/\\\/darkamazi.site\\\/archives\\\/1012481#breadcrumb\",\"itemListElement\":[{\"@type\":\"ListItem\",\"position\":1,\"name\":\"Home\",\"item\":\"https:\\\/\\\/darkamazi.site\\\/\"},{\"@type\":\"ListItem\",\"position\":2,\"name\":\"Ha\u015fdi \u015eabi, \u015eengal\u2019de demografiyi de\u011fi\u015ftiriyor\"}]},{\"@type\":\"WebSite\",\"@id\":\"https:\\\/\\\/darkamazi.site\\\/#website\",\"url\":\"https:\\\/\\\/darkamazi.site\\\/\",\"name\":\"Darka Mazi\",\"description\":\"Ana Sayfa\",\"publisher\":{\"@id\":\"https:\\\/\\\/darkamazi.site\\\/#organization\"},\"potentialAction\":[{\"@type\":\"SearchAction\",\"target\":{\"@type\":\"EntryPoint\",\"urlTemplate\":\"https:\\\/\\\/darkamazi.site\\\/?s={search_term_string}\"},\"query-input\":{\"@type\":\"PropertyValueSpecification\",\"valueRequired\":true,\"valueName\":\"search_term_string\"}}],\"inLanguage\":\"en-US\"},{\"@type\":\"Organization\",\"@id\":\"https:\\\/\\\/darkamazi.site\\\/#organization\",\"name\":\"Darka Mazi T\u00fcrk\u00e7e\",\"alternateName\":\"Darka Mazi\",\"url\":\"https:\\\/\\\/darkamazi.site\\\/\",\"logo\":{\"@type\":\"ImageObject\",\"inLanguage\":\"en-US\",\"@id\":\"https:\\\/\\\/darkamazi.site\\\/#\\\/schema\\\/logo\\\/image\\\/\",\"url\":\"https:\\\/\\\/darkamazi.site\\\/darka-content\\\/uploads\\\/2017\\\/12\\\/darka-mazi-logo.png\",\"contentUrl\":\"https:\\\/\\\/darkamazi.site\\\/darka-content\\\/uploads\\\/2017\\\/12\\\/darka-mazi-logo.png\",\"width\":151,\"height\":75,\"caption\":\"Darka Mazi T\u00fcrk\u00e7e\"},\"image\":{\"@id\":\"https:\\\/\\\/darkamazi.site\\\/#\\\/schema\\\/logo\\\/image\\\/\"},\"sameAs\":[\"https:\\\/\\\/www.facebook.com\\\/DarkaMaziturkce\",\"https:\\\/\\\/x.com\\\/DarkaMaziTurkce\"]},{\"@type\":\"Person\",\"@id\":\"https:\\\/\\\/darkamazi.site\\\/#\\\/schema\\\/person\\\/67986a95ac546c16760365877ef4a9d3\",\"name\":\"darka mazi\",\"sameAs\":[\"https:\\\/\\\/darkamazi.site\"],\"url\":\"https:\\\/\\\/darkamazi.site\\\/archives\\\/author\\\/turkish\"}]}<\/script>\n<!-- \/ Yoast SEO plugin. -->","seo_head_json":{"title":"Ha\u015fdi \u015eabi, \u015eengal\u2019de demografiyi de\u011fi\u015ftiriyor - Darka Mazi","robots":{"index":"index","follow":"follow","max-snippet":"max-snippet:-1","max-image-preview":"max-image-preview:large","max-video-preview":"max-video-preview:-1"},"canonical":"https:\/\/darkamazi.site\/archives\/1012481","og_locale":"en_US","og_type":"article","og_title":"Ha\u015fdi \u015eabi, \u015eengal\u2019de demografiyi de\u011fi\u015ftiriyor - Darka Mazi","og_description":"\u00a0\u015eii milis grubu Ha\u015fdi \u015eabi\u2019nin, \u015eengal\u2019de demografiyi de\u011fi\u015ftirmeye \u00e7al\u0131\u015ft\u0131\u011f\u0131 ortaya \u00e7\u0131kt\u0131. Bir s\u00fcredir Ha\u015fdi \u015eabi g\u00fc\u00e7lerinin, \u015eengal\u2019de halka para kar\u015f\u0131l\u0131\u011f\u0131nda m\u00fclklerini satma teklifinde bulundu\u011fu ve bu \u015fekilde b\u00f6lgenin\u00a0demografisini de\u011fi\u015ftirmeye \u00e7al\u0131\u015ft\u0131\u011f\u0131\u00a0bildirildi. K24\u2019e konu\u015fan \u015eengal sakini Re\u015fo Ali, \u201c\u015eengal harabe durumda. Bu y\u00fczden halk\u0131n d\u00f6n\u00fc\u015f\u00fcne engel olunup demografinin de\u011fi\u015ftirilmesi yerine halka yard\u0131m edilmeli ve \u015eengal yeniden kurulmal\u0131\u201d [&hellip;]","og_url":"https:\/\/darkamazi.site\/archives\/1012481","og_site_name":"Darka Mazi","article_publisher":"https:\/\/www.facebook.com\/DarkaMaziturkce","article_published_time":"2021-01-11T13:19:01+00:00","og_image":[{"width":1280,"height":720,"url":"https:\/\/darkamazi.site\/file\/2021\/01\/Hasdi-Sabi-Sengal-Demografi.jpg","type":"image\/jpeg"}],"author":"darka mazi","twitter_card":"summary_large_image","twitter_creator":"@DarkaMaziTurkce","twitter_site":"@DarkaMaziTurkce","twitter_misc":{"Written by":"darka mazi","Est. reading time":"1 minute"},"schema":{"@context":"https:\/\/schema.org","@graph":[{"@type":"NewsArticle","@id":"https:\/\/darkamazi.site\/archives\/1012481#article","isPartOf":{"@id":"https:\/\/darkamazi.site\/archives\/1012481"},"author":{"name":"darka mazi","@id":"https:\/\/darkamazi.site\/#\/schema\/person\/67986a95ac546c16760365877ef4a9d3"},"headline":"Ha\u015fdi \u015eabi, \u015eengal\u2019de demografiyi de\u011fi\u015ftiriyor","datePublished":"2021-01-11T13:19:01+00:00","mainEntityOfPage":{"@id":"https:\/\/darkamazi.site\/archives\/1012481"},"wordCount":266,"publisher":{"@id":"https:\/\/darkamazi.site\/#organization"},"image":{"@id":"https:\/\/darkamazi.site\/archives\/1012481#primaryimage"},"thumbnailUrl":"https:\/\/darkamazi.site\/file\/2021\/01\/Hasdi-Sabi-Sengal-Demografi.jpg","keywords":["\u00f6nemli"],"articleSection":["Kurdistan"],"inLanguage":"en-US"},{"@type":"WebPage","@id":"https:\/\/darkamazi.site\/archives\/1012481","url":"https:\/\/darkamazi.site\/archives\/1012481","name":"Ha\u015fdi \u015eabi, \u015eengal\u2019de demografiyi de\u011fi\u015ftiriyor - Darka Mazi","isPartOf":{"@id":"https:\/\/darkamazi.site\/#website"},"primaryImageOfPage":{"@id":"https:\/\/darkamazi.site\/archives\/1012481#primaryimage"},"image":{"@id":"https:\/\/darkamazi.site\/archives\/1012481#primaryimage"},"thumbnailUrl":"https:\/\/darkamazi.site\/file\/2021\/01\/Hasdi-Sabi-Sengal-Demografi.jpg","datePublished":"2021-01-11T13:19:01+00:00","breadcrumb":{"@id":"https:\/\/darkamazi.site\/archives\/1012481#breadcrumb"},"inLanguage":"en-US","potentialAction":[{"@type":"ReadAction","target":["https:\/\/darkamazi.site\/archives\/1012481"]}]},{"@type":"ImageObject","inLanguage":"en-US","@id":"https:\/\/darkamazi.site\/archives\/1012481#primaryimage","url":"https:\/\/darkamazi.site\/file\/2021\/01\/Hasdi-Sabi-Sengal-Demografi.jpg","contentUrl":"https:\/\/darkamazi.site\/file\/2021\/01\/Hasdi-Sabi-Sengal-Demografi.jpg","width":1280,"height":720,"caption":"Ha\u015fdi \u015eabi, \u015eengal\u2019de demografiyi de\u011fi\u015ftiriyor"},{"@type":"BreadcrumbList","@id":"https:\/\/darkamazi.site\/archives\/1012481#breadcrumb","itemListElement":[{"@type":"ListItem","position":1,"name":"Home","item":"https:\/\/darkamazi.site\/"},{"@type":"ListItem","position":2,"name":"Ha\u015fdi \u015eabi, \u015eengal\u2019de demografiyi de\u011fi\u015ftiriyor"}]},{"@type":"WebSite","@id":"https:\/\/darkamazi.site\/#website","url":"https:\/\/darkamazi.site\/","name":"Darka Mazi","description":"Ana Sayfa","publisher":{"@id":"https:\/\/darkamazi.site\/#organization"},"potentialAction":[{"@type":"SearchAction","target":{"@type":"EntryPoint","urlTemplate":"https:\/\/darkamazi.site\/?s={search_term_string}"},"query-input":{"@type":"PropertyValueSpecification","valueRequired":true,"valueName":"search_term_string"}}],"inLanguage":"en-US"},{"@type":"Organization","@id":"https:\/\/darkamazi.site\/#organization","name":"Darka Mazi T\u00fcrk\u00e7e","alternateName":"Darka Mazi","url":"https:\/\/darkamazi.site\/","logo":{"@type":"ImageObject","inLanguage":"en-US","@id":"https:\/\/darkamazi.site\/#\/schema\/logo\/image\/","url":"https:\/\/darkamazi.site\/file\/2017\/12\/darka-mazi-logo.png","contentUrl":"https:\/\/darkamazi.site\/file\/2017\/12\/darka-mazi-logo.png","width":151,"height":75,"caption":"Darka Mazi T\u00fcrk\u00e7e"},"image":{"@id":"https:\/\/darkamazi.site\/#\/schema\/logo\/image\/"},"sameAs":["https:\/\/www.facebook.com\/DarkaMaziturkce","https:\/\/x.com\/DarkaMaziTurkce"]},{"@type":"Person","@id":"https:\/\/darkamazi.site\/#\/schema\/person\/67986a95ac546c16760365877ef4a9d3","name":"darka mazi","sameAs":["https:\/\/darkamazi.site"],"url":"https:\/\/darkamazi.site\/archives\/author\/turkish"}]}},"_links":{"self":[{"href":"https:\/\/darkamazi.site\/funavuv\/wp\/v2\/posts\/1012481","targetHints":{"allow":["GET"]}}],"collection":[{"href":"https:\/\/darkamazi.site\/funavuv\/wp\/v2\/posts"}],"about":[{"href":"https:\/\/darkamazi.site\/funavuv\/wp\/v2\/types\/post"}],"author":[{"embeddable":true,"href":"https:\/\/darkamazi.site\/funavuv\/wp\/v2\/users\/2"}],"replies":[{"embeddable":true,"href":"https:\/\/darkamazi.site\/funavuv\/wp\/v2\/comments?post=1012481"}],"version-history":[{"count":0,"href":"https:\/\/darkamazi.site\/funavuv\/wp\/v2\/posts\/1012481\/revisions"}],"wp:featuredmedia":[{"embeddable":true,"href":"https:\/\/darkamazi.site\/funavuv\/wp\/v2\/media\/1012482"}],"wp:attachment":[{"href":"https:\/\/darkamazi.site\/funavuv\/wp\/v2\/media?parent=1012481"}],"wp:term":[{"taxonomy":"category","embeddable":true,"href":"https:\/\/darkamazi.site\/funavuv\/wp\/v2\/categories?post=1012481"},{"taxonomy":"post_tag","embeddable":true,"href":"https:\/\/darkamazi.site\/funavuv\/wp\/v2\/tags?post=1012481"}],"curies":[{"name":"wp","href":"https:\/\/api.w.org\/{rel}","templated":true}]}}