{"id":1012621,"date":"2021-01-19T15:20:20","date_gmt":"2021-01-19T12:20:20","guid":{"rendered":"https:\/\/darkamazi.site\/?p=1012621"},"modified":"2021-01-19T15:20:20","modified_gmt":"2021-01-19T12:20:20","slug":"uc-kurt-yayinevinden-sevindiren-kampanya-vanda-bilbordlara-anadilimizi-seciyoruz-yazildi","status":"publish","type":"post","link":"https:\/\/darkamazi.site\/archives\/1012621","title":{"rendered":"\u00dc\u00e7 K\u00fcrt yay\u0131nevinden sevindiren kampanya: Van&#8217;da bilbordlara &#8220;anadilimizi se\u00e7iyoruz&#8221; yaz\u0131ld\u0131"},"content":{"rendered":"<p style=\"text-align: justify\">\u00a0Van\u2019da \u00e7ar\u015f\u0131 ve sokaklardaki bilbordlara yaz\u0131lan, \u201cGelece\u011fimiz i\u00e7in anadilimizi se\u00e7iyoruz\u201d yaz\u0131s\u0131 ile K\u00fcrt \u00f6\u011frencilerden se\u00e7meli ders i\u00e7in K\u00fcrt\u00e7eyi se\u00e7meleri talep edildi.<\/p>\n<p style=\"text-align: justify\">Online kitap sitesi Kitabakurdi, Peywend ve Lorya yay\u0131nevlerinin birlikte organize etti\u011fi \u00e7al\u0131\u015fmada, \u00a0reklam bilboardlar\u0131na \u201cGelece\u011fimiz i\u00e7in anadilimizi se\u00e7iyoruz\u201d diye yaz\u0131ld\u0131.<\/p>\n<p style=\"text-align: justify\">Panoda, Milli E\u011fitim Bakanl\u0131\u011f\u0131\u2019na ba\u011fl\u0131 okullarda 2021-2022 e\u011fitim ve \u00f6\u011fretim y\u0131l\u0131 i\u00e7in se\u00e7meli ders ba\u015fvurular\u0131n\u0131n ba\u015fad\u0131\u011f\u0131 hat\u0131rlat\u0131larak, \u201cKurmanci ve Zazaki dersleri se\u00e7iyoruz\u201d yaz\u0131s\u0131 yer ald\u0131.<\/p>\n<p style=\"text-align: justify\">\u00d6\u011frencilerin tercih ettikleri dersleri 22 Ocak 2021 tarihine kadar okul m\u00fcd\u00fcrl\u00fcklerine bildirmesi gerekiyor.<\/p>\n<p style=\"text-align: justify\">Milli E\u011fitim M\u00fcd\u00fcrl\u00fc\u011f\u00fcnden ailelere mesaj<\/p>\n<p style=\"text-align: justify\">\u00d6te yandan E\u011fitim Sen Van \u015eubesi, se\u00e7meli dersler konusunda \u00f6\u011frencileri y\u00f6nlendirmek i\u00e7in Van \u0130l Milli E\u011fitim M\u00fcd\u00fcrl\u00fc\u011f\u00fcn\u00fcn okul m\u00fcd\u00fcrlerine mesaj g\u00f6nderdi\u011fini duyordu.<\/p>\n<p style=\"text-align: justify\">E\u011fitim Sen Van \u015eubesi\u2019ne ait Twitter hesab\u0131ndan yap\u0131lan payla\u015f\u0131mda, \u201cSe\u00e7meli derslerin se\u00e7imi ile alakal\u0131 Van \u0130l Milli E\u011fitim M\u00fcd\u00fcrl\u00fc\u011f\u00fcn\u00fcn okullara g\u00f6nderdi\u011fi, \u00f6\u011frencilerin etki alt\u0131na al\u0131nmas\u0131na ve y\u00f6nledirilmesine sebep olacak mesaj\u0131 su\u00e7 te\u015fkil etmektedir. Konunun takip\u00e7isi olaca\u011f\u0131z. Kamuoyunun bilgisine\u201d denildi.<\/p>\n<p style=\"text-align: justify\">Payla\u015f\u0131mda ayr\u0131ca \u0130l E\u011fitim M\u00fcd\u00fcrl\u00fc\u011f\u00fc\u2019n\u00fcn g\u00f6nderdi\u011fi belirtilen mesaja da yer verildi.<\/p>\n<p style=\"text-align: justify\">S\u00f6zkonusu mesajda \u00f6\u011frencilerin dini dersleri se\u00e7meli ders olarak tercih etmesi i\u00e7in m\u00fcd\u00fcrlere telkinde bulunuluyor ve bunun elzem oldu\u011fu ifade ediliyor.<\/p>\n","protected":false},"excerpt":{"rendered":"<p>\u00a0Van\u2019da \u00e7ar\u015f\u0131 ve sokaklardaki bilbordlara yaz\u0131lan, \u201cGelece\u011fimiz i\u00e7in anadilimizi se\u00e7iyoruz\u201d yaz\u0131s\u0131 ile K\u00fcrt \u00f6\u011frencilerden se\u00e7meli ders i\u00e7in K\u00fcrt\u00e7eyi se\u00e7meleri talep edildi. Online kitap sitesi Kitabakurdi, Peywend ve Lorya yay\u0131nevlerinin birlikte organize etti\u011fi \u00e7al\u0131\u015fmada, \u00a0reklam bilboardlar\u0131na \u201cGelece\u011fimiz i\u00e7in anadilimizi se\u00e7iyoruz\u201d diye yaz\u0131ld\u0131. Panoda, Milli E\u011fitim Bakanl\u0131\u011f\u0131\u2019na ba\u011fl\u0131 okullarda 2021-2022 e\u011fitim ve \u00f6\u011fretim y\u0131l\u0131 i\u00e7in se\u00e7meli ders [&hellip;]<\/p>\n","protected":false},"author":2,"featured_media":1012622,"comment_status":"closed","ping_status":"closed","sticky":false,"template":"","format":"standard","meta":{"footnotes":""},"categories":[3],"tags":[31],"class_list":["post-1012621","post","type-post","status-publish","format-standard","has-post-thumbnail","hentry","category-kurdistan","tag-onemli"],"blocksy_meta":[],"seo_head":"<!-- This site is optimized with the Yoast SEO plugin v27.5 - https:\/\/yoast.com\/product\/yoast-seo-wordpress\/ -->\n<title>\u00dc\u00e7 K\u00fcrt yay\u0131nevinden sevindiren kampanya: Van&#039;da bilbordlara &quot;anadilimizi se\u00e7iyoruz&quot; yaz\u0131ld\u0131 - Darka Mazi<\/title>\n<meta name=\"robots\" content=\"index, follow, max-snippet:-1, max-image-preview:large, max-video-preview:-1\" \/>\n<link rel=\"canonical\" href=\"https:\/\/darkamazi.site\/archives\/1012621\" \/>\n<meta property=\"og:locale\" content=\"en_US\" \/>\n<meta property=\"og:type\" content=\"article\" \/>\n<meta property=\"og:title\" content=\"\u00dc\u00e7 K\u00fcrt yay\u0131nevinden sevindiren kampanya: Van&#039;da bilbordlara &quot;anadilimizi se\u00e7iyoruz&quot; yaz\u0131ld\u0131 - Darka Mazi\" \/>\n<meta property=\"og:description\" content=\"\u00a0Van\u2019da \u00e7ar\u015f\u0131 ve sokaklardaki bilbordlara yaz\u0131lan, \u201cGelece\u011fimiz i\u00e7in anadilimizi se\u00e7iyoruz\u201d yaz\u0131s\u0131 ile K\u00fcrt \u00f6\u011frencilerden se\u00e7meli ders i\u00e7in K\u00fcrt\u00e7eyi se\u00e7meleri talep edildi. Online kitap sitesi Kitabakurdi, Peywend ve Lorya yay\u0131nevlerinin birlikte organize etti\u011fi \u00e7al\u0131\u015fmada, \u00a0reklam bilboardlar\u0131na \u201cGelece\u011fimiz i\u00e7in anadilimizi se\u00e7iyoruz\u201d diye yaz\u0131ld\u0131. Panoda, Milli E\u011fitim Bakanl\u0131\u011f\u0131\u2019na ba\u011fl\u0131 okullarda 2021-2022 e\u011fitim ve \u00f6\u011fretim y\u0131l\u0131 i\u00e7in se\u00e7meli ders [&hellip;]\" \/>\n<meta property=\"og:url\" content=\"https:\/\/darkamazi.site\/archives\/1012621\" \/>\n<meta property=\"og:site_name\" content=\"Darka Mazi\" \/>\n<meta property=\"article:publisher\" content=\"https:\/\/www.facebook.com\/DarkaMaziturkce\" \/>\n<meta property=\"article:published_time\" content=\"2021-01-19T12:20:20+00:00\" \/>\n<meta property=\"og:image\" content=\"https:\/\/darkamazi.site\/file\/2021\/01\/van.jpg\" \/>\n\t<meta property=\"og:image:width\" content=\"752\" \/>\n\t<meta property=\"og:image:height\" content=\"472\" \/>\n\t<meta property=\"og:image:type\" content=\"image\/jpeg\" \/>\n<meta name=\"author\" content=\"darka mazi\" \/>\n<meta name=\"twitter:card\" content=\"summary_large_image\" \/>\n<meta name=\"twitter:creator\" content=\"@DarkaMaziTurkce\" \/>\n<meta name=\"twitter:site\" content=\"@DarkaMaziTurkce\" \/>\n<meta name=\"twitter:label1\" content=\"Written by\" \/>\n\t<meta name=\"twitter:data1\" content=\"darka mazi\" \/>\n\t<meta name=\"twitter:label2\" content=\"Est. reading time\" \/>\n\t<meta name=\"twitter:data2\" content=\"1 minute\" \/>\n<script type=\"application\/ld+json\" class=\"seo-schema-graph\">{\"@context\":\"https:\\\/\\\/schema.org\",\"@graph\":[{\"@type\":\"NewsArticle\",\"@id\":\"https:\\\/\\\/darkamazi.site\\\/archives\\\/1012621#article\",\"isPartOf\":{\"@id\":\"https:\\\/\\\/darkamazi.site\\\/archives\\\/1012621\"},\"author\":{\"name\":\"darka mazi\",\"@id\":\"https:\\\/\\\/darkamazi.site\\\/#\\\/schema\\\/person\\\/67986a95ac546c16760365877ef4a9d3\"},\"headline\":\"\u00dc\u00e7 K\u00fcrt yay\u0131nevinden sevindiren kampanya: Van&#8217;da bilbordlara &#8220;anadilimizi se\u00e7iyoruz&#8221; yaz\u0131ld\u0131\",\"datePublished\":\"2021-01-19T12:20:20+00:00\",\"mainEntityOfPage\":{\"@id\":\"https:\\\/\\\/darkamazi.site\\\/archives\\\/1012621\"},\"wordCount\":279,\"publisher\":{\"@id\":\"https:\\\/\\\/darkamazi.site\\\/#organization\"},\"image\":{\"@id\":\"https:\\\/\\\/darkamazi.site\\\/archives\\\/1012621#primaryimage\"},\"thumbnailUrl\":\"https:\\\/\\\/darkamazi.site\\\/darka-content\\\/uploads\\\/2021\\\/01\\\/van.jpg\",\"keywords\":[\"\u00f6nemli\"],\"articleSection\":[\"Kurdistan\"],\"inLanguage\":\"en-US\"},{\"@type\":\"WebPage\",\"@id\":\"https:\\\/\\\/darkamazi.site\\\/archives\\\/1012621\",\"url\":\"https:\\\/\\\/darkamazi.site\\\/archives\\\/1012621\",\"name\":\"\u00dc\u00e7 K\u00fcrt yay\u0131nevinden sevindiren kampanya: Van'da bilbordlara \\\"anadilimizi se\u00e7iyoruz\\\" yaz\u0131ld\u0131 - Darka Mazi\",\"isPartOf\":{\"@id\":\"https:\\\/\\\/darkamazi.site\\\/#website\"},\"primaryImageOfPage\":{\"@id\":\"https:\\\/\\\/darkamazi.site\\\/archives\\\/1012621#primaryimage\"},\"image\":{\"@id\":\"https:\\\/\\\/darkamazi.site\\\/archives\\\/1012621#primaryimage\"},\"thumbnailUrl\":\"https:\\\/\\\/darkamazi.site\\\/darka-content\\\/uploads\\\/2021\\\/01\\\/van.jpg\",\"datePublished\":\"2021-01-19T12:20:20+00:00\",\"breadcrumb\":{\"@id\":\"https:\\\/\\\/darkamazi.site\\\/archives\\\/1012621#breadcrumb\"},\"inLanguage\":\"en-US\",\"potentialAction\":[{\"@type\":\"ReadAction\",\"target\":[\"https:\\\/\\\/darkamazi.site\\\/archives\\\/1012621\"]}]},{\"@type\":\"ImageObject\",\"inLanguage\":\"en-US\",\"@id\":\"https:\\\/\\\/darkamazi.site\\\/archives\\\/1012621#primaryimage\",\"url\":\"https:\\\/\\\/darkamazi.site\\\/darka-content\\\/uploads\\\/2021\\\/01\\\/van.jpg\",\"contentUrl\":\"https:\\\/\\\/darkamazi.site\\\/darka-content\\\/uploads\\\/2021\\\/01\\\/van.jpg\",\"width\":752,\"height\":472,\"caption\":\"\u00dc\u00e7 K\u00fcrt yay\u0131nevinden sevindiren kampanya: Van'da bilbordlara \\\"anadilimizi se\u00e7iyoruz\\\" yaz\u0131ld\u0131\"},{\"@type\":\"BreadcrumbList\",\"@id\":\"https:\\\/\\\/darkamazi.site\\\/archives\\\/1012621#breadcrumb\",\"itemListElement\":[{\"@type\":\"ListItem\",\"position\":1,\"name\":\"Home\",\"item\":\"https:\\\/\\\/darkamazi.site\\\/\"},{\"@type\":\"ListItem\",\"position\":2,\"name\":\"\u00dc\u00e7 K\u00fcrt yay\u0131nevinden sevindiren kampanya: Van&#8217;da bilbordlara &#8220;anadilimizi se\u00e7iyoruz&#8221; yaz\u0131ld\u0131\"}]},{\"@type\":\"WebSite\",\"@id\":\"https:\\\/\\\/darkamazi.site\\\/#website\",\"url\":\"https:\\\/\\\/darkamazi.site\\\/\",\"name\":\"Darka Mazi\",\"description\":\"Ana Sayfa\",\"publisher\":{\"@id\":\"https:\\\/\\\/darkamazi.site\\\/#organization\"},\"potentialAction\":[{\"@type\":\"SearchAction\",\"target\":{\"@type\":\"EntryPoint\",\"urlTemplate\":\"https:\\\/\\\/darkamazi.site\\\/?s={search_term_string}\"},\"query-input\":{\"@type\":\"PropertyValueSpecification\",\"valueRequired\":true,\"valueName\":\"search_term_string\"}}],\"inLanguage\":\"en-US\"},{\"@type\":\"Organization\",\"@id\":\"https:\\\/\\\/darkamazi.site\\\/#organization\",\"name\":\"Darka Mazi T\u00fcrk\u00e7e\",\"alternateName\":\"Darka Mazi\",\"url\":\"https:\\\/\\\/darkamazi.site\\\/\",\"logo\":{\"@type\":\"ImageObject\",\"inLanguage\":\"en-US\",\"@id\":\"https:\\\/\\\/darkamazi.site\\\/#\\\/schema\\\/logo\\\/image\\\/\",\"url\":\"https:\\\/\\\/darkamazi.site\\\/darka-content\\\/uploads\\\/2017\\\/12\\\/darka-mazi-logo.png\",\"contentUrl\":\"https:\\\/\\\/darkamazi.site\\\/darka-content\\\/uploads\\\/2017\\\/12\\\/darka-mazi-logo.png\",\"width\":151,\"height\":75,\"caption\":\"Darka Mazi T\u00fcrk\u00e7e\"},\"image\":{\"@id\":\"https:\\\/\\\/darkamazi.site\\\/#\\\/schema\\\/logo\\\/image\\\/\"},\"sameAs\":[\"https:\\\/\\\/www.facebook.com\\\/DarkaMaziturkce\",\"https:\\\/\\\/x.com\\\/DarkaMaziTurkce\"]},{\"@type\":\"Person\",\"@id\":\"https:\\\/\\\/darkamazi.site\\\/#\\\/schema\\\/person\\\/67986a95ac546c16760365877ef4a9d3\",\"name\":\"darka mazi\",\"sameAs\":[\"https:\\\/\\\/darkamazi.site\"],\"url\":\"https:\\\/\\\/darkamazi.site\\\/archives\\\/author\\\/turkish\"}]}<\/script>\n<!-- \/ Yoast SEO plugin. -->","seo_head_json":{"title":"\u00dc\u00e7 K\u00fcrt yay\u0131nevinden sevindiren kampanya: Van'da bilbordlara \"anadilimizi se\u00e7iyoruz\" yaz\u0131ld\u0131 - Darka Mazi","robots":{"index":"index","follow":"follow","max-snippet":"max-snippet:-1","max-image-preview":"max-image-preview:large","max-video-preview":"max-video-preview:-1"},"canonical":"https:\/\/darkamazi.site\/archives\/1012621","og_locale":"en_US","og_type":"article","og_title":"\u00dc\u00e7 K\u00fcrt yay\u0131nevinden sevindiren kampanya: Van'da bilbordlara \"anadilimizi se\u00e7iyoruz\" yaz\u0131ld\u0131 - Darka Mazi","og_description":"\u00a0Van\u2019da \u00e7ar\u015f\u0131 ve sokaklardaki bilbordlara yaz\u0131lan, \u201cGelece\u011fimiz i\u00e7in anadilimizi se\u00e7iyoruz\u201d yaz\u0131s\u0131 ile K\u00fcrt \u00f6\u011frencilerden se\u00e7meli ders i\u00e7in K\u00fcrt\u00e7eyi se\u00e7meleri talep edildi. Online kitap sitesi Kitabakurdi, Peywend ve Lorya yay\u0131nevlerinin birlikte organize etti\u011fi \u00e7al\u0131\u015fmada, \u00a0reklam bilboardlar\u0131na \u201cGelece\u011fimiz i\u00e7in anadilimizi se\u00e7iyoruz\u201d diye yaz\u0131ld\u0131. Panoda, Milli E\u011fitim Bakanl\u0131\u011f\u0131\u2019na ba\u011fl\u0131 okullarda 2021-2022 e\u011fitim ve \u00f6\u011fretim y\u0131l\u0131 i\u00e7in se\u00e7meli ders [&hellip;]","og_url":"https:\/\/darkamazi.site\/archives\/1012621","og_site_name":"Darka Mazi","article_publisher":"https:\/\/www.facebook.com\/DarkaMaziturkce","article_published_time":"2021-01-19T12:20:20+00:00","og_image":[{"width":752,"height":472,"url":"https:\/\/darkamazi.site\/file\/2021\/01\/van.jpg","type":"image\/jpeg"}],"author":"darka mazi","twitter_card":"summary_large_image","twitter_creator":"@DarkaMaziTurkce","twitter_site":"@DarkaMaziTurkce","twitter_misc":{"Written by":"darka mazi","Est. reading time":"1 minute"},"schema":{"@context":"https:\/\/schema.org","@graph":[{"@type":"NewsArticle","@id":"https:\/\/darkamazi.site\/archives\/1012621#article","isPartOf":{"@id":"https:\/\/darkamazi.site\/archives\/1012621"},"author":{"name":"darka mazi","@id":"https:\/\/darkamazi.site\/#\/schema\/person\/67986a95ac546c16760365877ef4a9d3"},"headline":"\u00dc\u00e7 K\u00fcrt yay\u0131nevinden sevindiren kampanya: Van&#8217;da bilbordlara &#8220;anadilimizi se\u00e7iyoruz&#8221; yaz\u0131ld\u0131","datePublished":"2021-01-19T12:20:20+00:00","mainEntityOfPage":{"@id":"https:\/\/darkamazi.site\/archives\/1012621"},"wordCount":279,"publisher":{"@id":"https:\/\/darkamazi.site\/#organization"},"image":{"@id":"https:\/\/darkamazi.site\/archives\/1012621#primaryimage"},"thumbnailUrl":"https:\/\/darkamazi.site\/file\/2021\/01\/van.jpg","keywords":["\u00f6nemli"],"articleSection":["Kurdistan"],"inLanguage":"en-US"},{"@type":"WebPage","@id":"https:\/\/darkamazi.site\/archives\/1012621","url":"https:\/\/darkamazi.site\/archives\/1012621","name":"\u00dc\u00e7 K\u00fcrt yay\u0131nevinden sevindiren kampanya: Van'da bilbordlara \"anadilimizi se\u00e7iyoruz\" yaz\u0131ld\u0131 - Darka Mazi","isPartOf":{"@id":"https:\/\/darkamazi.site\/#website"},"primaryImageOfPage":{"@id":"https:\/\/darkamazi.site\/archives\/1012621#primaryimage"},"image":{"@id":"https:\/\/darkamazi.site\/archives\/1012621#primaryimage"},"thumbnailUrl":"https:\/\/darkamazi.site\/file\/2021\/01\/van.jpg","datePublished":"2021-01-19T12:20:20+00:00","breadcrumb":{"@id":"https:\/\/darkamazi.site\/archives\/1012621#breadcrumb"},"inLanguage":"en-US","potentialAction":[{"@type":"ReadAction","target":["https:\/\/darkamazi.site\/archives\/1012621"]}]},{"@type":"ImageObject","inLanguage":"en-US","@id":"https:\/\/darkamazi.site\/archives\/1012621#primaryimage","url":"https:\/\/darkamazi.site\/file\/2021\/01\/van.jpg","contentUrl":"https:\/\/darkamazi.site\/file\/2021\/01\/van.jpg","width":752,"height":472,"caption":"\u00dc\u00e7 K\u00fcrt yay\u0131nevinden sevindiren kampanya: Van'da bilbordlara \"anadilimizi se\u00e7iyoruz\" yaz\u0131ld\u0131"},{"@type":"BreadcrumbList","@id":"https:\/\/darkamazi.site\/archives\/1012621#breadcrumb","itemListElement":[{"@type":"ListItem","position":1,"name":"Home","item":"https:\/\/darkamazi.site\/"},{"@type":"ListItem","position":2,"name":"\u00dc\u00e7 K\u00fcrt yay\u0131nevinden sevindiren kampanya: Van&#8217;da bilbordlara &#8220;anadilimizi se\u00e7iyoruz&#8221; yaz\u0131ld\u0131"}]},{"@type":"WebSite","@id":"https:\/\/darkamazi.site\/#website","url":"https:\/\/darkamazi.site\/","name":"Darka Mazi","description":"Ana Sayfa","publisher":{"@id":"https:\/\/darkamazi.site\/#organization"},"potentialAction":[{"@type":"SearchAction","target":{"@type":"EntryPoint","urlTemplate":"https:\/\/darkamazi.site\/?s={search_term_string}"},"query-input":{"@type":"PropertyValueSpecification","valueRequired":true,"valueName":"search_term_string"}}],"inLanguage":"en-US"},{"@type":"Organization","@id":"https:\/\/darkamazi.site\/#organization","name":"Darka Mazi T\u00fcrk\u00e7e","alternateName":"Darka Mazi","url":"https:\/\/darkamazi.site\/","logo":{"@type":"ImageObject","inLanguage":"en-US","@id":"https:\/\/darkamazi.site\/#\/schema\/logo\/image\/","url":"https:\/\/darkamazi.site\/file\/2017\/12\/darka-mazi-logo.png","contentUrl":"https:\/\/darkamazi.site\/file\/2017\/12\/darka-mazi-logo.png","width":151,"height":75,"caption":"Darka Mazi T\u00fcrk\u00e7e"},"image":{"@id":"https:\/\/darkamazi.site\/#\/schema\/logo\/image\/"},"sameAs":["https:\/\/www.facebook.com\/DarkaMaziturkce","https:\/\/x.com\/DarkaMaziTurkce"]},{"@type":"Person","@id":"https:\/\/darkamazi.site\/#\/schema\/person\/67986a95ac546c16760365877ef4a9d3","name":"darka mazi","sameAs":["https:\/\/darkamazi.site"],"url":"https:\/\/darkamazi.site\/archives\/author\/turkish"}]}},"_links":{"self":[{"href":"https:\/\/darkamazi.site\/funavuv\/wp\/v2\/posts\/1012621","targetHints":{"allow":["GET"]}}],"collection":[{"href":"https:\/\/darkamazi.site\/funavuv\/wp\/v2\/posts"}],"about":[{"href":"https:\/\/darkamazi.site\/funavuv\/wp\/v2\/types\/post"}],"author":[{"embeddable":true,"href":"https:\/\/darkamazi.site\/funavuv\/wp\/v2\/users\/2"}],"replies":[{"embeddable":true,"href":"https:\/\/darkamazi.site\/funavuv\/wp\/v2\/comments?post=1012621"}],"version-history":[{"count":0,"href":"https:\/\/darkamazi.site\/funavuv\/wp\/v2\/posts\/1012621\/revisions"}],"wp:featuredmedia":[{"embeddable":true,"href":"https:\/\/darkamazi.site\/funavuv\/wp\/v2\/media\/1012622"}],"wp:attachment":[{"href":"https:\/\/darkamazi.site\/funavuv\/wp\/v2\/media?parent=1012621"}],"wp:term":[{"taxonomy":"category","embeddable":true,"href":"https:\/\/darkamazi.site\/funavuv\/wp\/v2\/categories?post=1012621"},{"taxonomy":"post_tag","embeddable":true,"href":"https:\/\/darkamazi.site\/funavuv\/wp\/v2\/tags?post=1012621"}],"curies":[{"name":"wp","href":"https:\/\/api.w.org\/{rel}","templated":true}]}}