{"id":1012715,"date":"2025-01-21T15:22:19","date_gmt":"2025-01-21T12:22:19","guid":{"rendered":"https:\/\/darkamazi.site\/?p=1012715"},"modified":"2025-01-22T18:37:51","modified_gmt":"2025-01-22T15:37:51","slug":"katledilisinin-35inci-yil-donumunde-ayaz-zaxoyi-hala-kurt-muziginin-unutulmaz-sesleri-arasinda","status":"publish","type":"post","link":"https:\/\/darkamazi.site\/archives\/1012715","title":{"rendered":"Katledili\u015finin 39&#8217;uncu y\u0131l d\u00f6n\u00fcm\u00fcnde Ayaz Zaxo\u2019yi hala K\u00fcrt m\u00fczi\u011finin unutulmaz sesleri aras\u0131nda"},"content":{"rendered":"<p style=\"text-align: justify;\">Bu g\u00fcn K\u00fcrt m\u00fczi\u011finin unutulmaz sesi, 25 ya\u015f\u0131nda Saddam rejimi taraf\u0131ndan \u00f6ld\u00fcr\u00fclen Eyaz Yusuf Zaxoyi\u2019nin \u00f6l\u00fcm\u00fcn\u00fcn 39&#8217;uncu y\u0131l d\u00f6n\u00fcm\u00fc.<\/p>\n<p style=\"text-align: justify;\">Modern K\u00fcrt m\u00fczi\u011fi ile Klasik K\u00fcrt m\u00fczi\u011fi aras\u0131nda ki en orijinal eserlerin sahibi kabul edilen Eyaz Zaxoyi hala en \u00e7ok dinlenen sanat\u00e7\u0131lar aras\u0131nda. \u00c7ok gen\u00e7 ya\u015fta hayata veda etmesine ra\u011fmen o k\u0131sac\u0131k \u00f6mr\u00fcne s\u0131\u011fd\u0131rd\u0131\u011f\u0131 eserler canl\u0131l\u0131\u011f\u0131n\u0131 koruyor, pek \u00e7ok sanat\u00e7\u0131 taraf\u0131ndan da seslendiriliyor.<\/p>\n<p style=\"text-align: justify;\">1961 y\u0131l\u0131nda Duhok\u2019un Zaxo il\u00e7esinde do\u011fan Eyaz Zaxoyi\u2019nini ad\u0131 Eyaz Yusuf Ahmed\u2019dir. Eyaz Yusuf ilk ve orta \u00f6\u011frenimini Zaxo\u2019da yapar. Askeri akademiye giderek subay r\u00fctbesi ile mezun olur. \u00a0Dedesi de Zaxo\u2019da sesinin g\u00fczelli\u011fi ile tan\u0131nan biridir. Ayaz k\u00fc\u00e7\u00fck ya\u015fta m\u00fczi\u011fe ilgi duymas\u0131na ra\u011fmen babas\u0131 m\u00fczikle ilgilenmesini istemez. Ayaz okul etkinliklerinde, d\u0131\u015farda her zaman \u015fark\u0131lar s\u00f6yler. 1977 y\u0131l\u0131nda Duhok Gen\u00e7leri adl\u0131 bir grupla beraber Irak genelindeki bir ses yar\u0131\u015fmas\u0131na kat\u0131l\u0131r ve birinci olur. Bu yar\u0131\u015fmadan sonra art\u0131k m\u00fczi\u011fe d\u00f6rt elle sar\u0131l\u0131r.<\/p>\n<p style=\"text-align: justify;\">Ayaz ilk \u015fark\u0131lar\u0131n\u0131n ses kayd\u0131n\u0131 yapmak i\u00e7in Ba\u011fdat\u2019a gider. Burada Radyoya Kurdi adl\u0131 K\u00fcrt\u00e7e yay\u0131n yapan radyoya ba\u015fvurur. Radyo da pek \u00e7ok K\u00fcrt\u00e7e \u015fark\u0131y\u0131 besteler. Ayr\u0131ca Duhok M\u00fczik Gurubu ile de \u00e7al\u0131\u015f\u0131r. \u0130lk kasetini ise 1982 y\u0131l\u0131nda \u00e7\u0131kar\u0131r. \u201cMin d\u00eet cara avul\u00ee\u201d adl\u0131 kaseti b\u00fcy\u00fck yak\u0131 uyand\u0131r\u0131r.1983.1984.1985 y\u0131llar\u0131nda da Duhok M\u00fczik Gurubu ile \u00fc\u00e7 ayr\u0131 kaset \u00e7\u0131kar\u0131r. \u00d6mr\u00fc sadece bu d\u00f6rt alb\u00fcm\u00fc haz\u0131rlamaya yetmi\u015fti. Ayaz Yusuf\u2019un \u015fark\u0131lar\u0131n\u0131n say\u0131s\u0131 yakla\u015f\u0131k olarak 2007\u2019d\u00fcr. Bunlardan 100 tanesi folkloriktir. \u00c7ok eserinin hem s\u00f6zlerini yazm\u0131\u015f hem de bestelemi\u015ftir.<\/p>\n<p style=\"text-align: justify;\">Ayaz Yusuf\u2019un sesinin g\u00fczelli\u011fi ve Ba\u011fdat\u2019ta iken s\u00f6yledi\u011fi birka\u00e7 Arap\u00e7a \u015fark\u0131da Saddam H\u00fcseyin\u2019in dikkatini \u00e7ekmi\u015ftir. Ayaz Yusuf\u2019tan Saddam H\u00fcseyin i\u00e7in \u015fark\u0131lar yapmas\u0131 istenir. Oysaki Ayaz Yusuf daha 1970\u2019lerde okulda K\u00fcrt Mar\u015f\u0131 Ey Raqib\u2019i s\u00f6ylerdi. 1980\u2019lerde ise K\u00fcrt halk\u0131n\u0131n G\u00fcney K\u00fcrdistan\u2019daki m\u00fccadelesine d\u00f6n\u00fck \u015fark\u0131lar yazm\u0131\u015f ve pe\u015fmergeyi desteklemi\u015ftir. \u201cWelatemin biskete ziravin, \u015fehit \u00e7awe xwe veke tu namiri\u201d dizelerini yazd\u0131\u011f\u0131 Welatemin eseri t\u00fcm K\u00fcrtler \u00fczerinde b\u00fcy\u00fck bir etki b\u0131rakm\u0131\u015ft\u0131. O zaman ki KDP y\u00f6netimi Ayaz Yusuf\u2019a oynad\u0131\u011f\u0131 \u00f6nemli rolden dolay\u0131 te\u015fekk\u00fcr mesajlar\u0131 g\u00f6ndermi\u015fti.<\/p>\n<p style=\"text-align: justify;\">1985 y\u0131l\u0131nda o zaman ki Irak rejimi Arap \u015fark\u0131c\u0131 Salah Abdulgafur ile beraber Saddam H\u00fcseyin i\u00e7in bir \u015fark\u0131 s\u00f6ylemesini talep etmi\u015fti. Bu talebi ret eden Ayaz Yusuf\u2019u halk\u0131n tepkisini \u00e7ekmeyecek bi\u00e7imde \u00f6ld\u00fcrmek i\u00e7in Irak rejimi ko\u015fullar\u0131 g\u00f6zl\u00fcyordu. Ayaz Yusuf Musul\u2019da \u015fark\u0131 s\u00f6yler. Fakat her gitti\u011finde \u015fehirde kalmak i\u00e7in \u00f6zel bir izin al\u0131yordu. Her izin kar\u015f\u0131l\u0131\u011f\u0131 ise bir \u00fcnite kan ba\u011f\u0131\u015f\u0131 yapmas\u0131 gerekiyordu. 21 Ocak 1986 y\u0131l\u0131nda Musul\u2019da ki askeri hastanede kan verirken zehirlenir. 24 saat i\u00e7inde de hayat\u0131n\u0131 kaybeder.<\/p>\n<p style=\"text-align: justify;\">Ayaz Zaxo\u2019yi 26 ya\u015f\u0131nda hayata g\u00f6zlerini yumdu. Kendi vasiyeti Zaxo cenazesinin Zaxo sokaklar\u0131nda gezdirildikten sonra g\u00f6m\u00fclmesiydi. \u0130ste\u011fi yerine getirildi. Cenazesi Zaxo sokaklar\u0131nda sevenlerinin omuzlar\u0131nda ta\u015f\u0131nd\u0131.<\/p>\n<p style=\"text-align: justify;\">Ayaz Zaxoyi\u2019nin pek \u00e7ok yay\u0131nlanmam\u0131\u015f eseri de bulunmaktad\u0131r. Ailesi izin vermedi\u011fi i\u00e7in bu eserler Ayaz Zaxoyi\u2019nin sevenleri ile bula\u015fmad\u0131. Ayaz Zaxoyi kendi \u015fiirleri d\u0131\u015f\u0131nda ba\u015fka \u015fairlerin \u015fiirlerinde besteledi. Abdulaziz S\u00fcleyman\u2019\u0131n \u00a0Ayaz Zaxoyi\u2019nin bestelemesi i\u00e7in 40 \u015fiir\u00a0 ve \u015fark\u0131 s\u00f6z\u00fc haz\u0131rlad\u0131.<\/p>\n<p style=\"text-align: justify;\">T\u00fcm \u015fiirlerinde K\u00fcrt k\u00fclt\u00fcr\u00fcn\u00fcn canl\u0131l\u0131\u011f\u0131n\u0131, \u00f6zg\u00fcnl\u00fc\u011f\u00fcn\u00fc yans\u0131tan Ayaz Zaxoyi hala K\u00fcrtlerin en \u00e7ok dinledi\u011fi sanat\u00e7\u0131lar aras\u0131nda.<\/p>\n","protected":false},"excerpt":{"rendered":"<p>Bu g\u00fcn K\u00fcrt m\u00fczi\u011finin unutulmaz sesi, 25 ya\u015f\u0131nda Saddam rejimi taraf\u0131ndan \u00f6ld\u00fcr\u00fclen Eyaz Yusuf Zaxoyi\u2019nin \u00f6l\u00fcm\u00fcn\u00fcn 39&#8217;uncu y\u0131l d\u00f6n\u00fcm\u00fc. Modern K\u00fcrt m\u00fczi\u011fi ile Klasik K\u00fcrt m\u00fczi\u011fi aras\u0131nda ki en orijinal eserlerin sahibi kabul edilen Eyaz Zaxoyi hala en \u00e7ok dinlenen sanat\u00e7\u0131lar aras\u0131nda. \u00c7ok gen\u00e7 ya\u015fta hayata veda etmesine ra\u011fmen o k\u0131sac\u0131k \u00f6mr\u00fcne s\u0131\u011fd\u0131rd\u0131\u011f\u0131 eserler canl\u0131l\u0131\u011f\u0131n\u0131 [&hellip;]<\/p>\n","protected":false},"author":2,"featured_media":1012716,"comment_status":"closed","ping_status":"closed","sticky":false,"template":"","format":"standard","meta":{"footnotes":""},"categories":[33],"tags":[31],"class_list":["post-1012715","post","type-post","status-publish","format-standard","has-post-thumbnail","hentry","category-sanat","tag-onemli"],"blocksy_meta":[],"seo_head":"<!-- This site is optimized with the Yoast SEO plugin v27.5 - https:\/\/yoast.com\/product\/yoast-seo-wordpress\/ -->\n<title>Katledili\u015finin 39&#039;uncu y\u0131l d\u00f6n\u00fcm\u00fcnde Ayaz Zaxo\u2019yi hala K\u00fcrt m\u00fczi\u011finin unutulmaz sesleri aras\u0131nda - Darka Mazi<\/title>\n<meta name=\"robots\" content=\"index, follow, max-snippet:-1, max-image-preview:large, max-video-preview:-1\" \/>\n<link rel=\"canonical\" href=\"https:\/\/darkamazi.site\/archives\/1012715\" \/>\n<meta property=\"og:locale\" content=\"en_US\" \/>\n<meta property=\"og:type\" content=\"article\" \/>\n<meta property=\"og:title\" content=\"Katledili\u015finin 39&#039;uncu y\u0131l d\u00f6n\u00fcm\u00fcnde Ayaz Zaxo\u2019yi hala K\u00fcrt m\u00fczi\u011finin unutulmaz sesleri aras\u0131nda - Darka Mazi\" \/>\n<meta property=\"og:description\" content=\"Bu g\u00fcn K\u00fcrt m\u00fczi\u011finin unutulmaz sesi, 25 ya\u015f\u0131nda Saddam rejimi taraf\u0131ndan \u00f6ld\u00fcr\u00fclen Eyaz Yusuf Zaxoyi\u2019nin \u00f6l\u00fcm\u00fcn\u00fcn 39&#8217;uncu y\u0131l d\u00f6n\u00fcm\u00fc. Modern K\u00fcrt m\u00fczi\u011fi ile Klasik K\u00fcrt m\u00fczi\u011fi aras\u0131nda ki en orijinal eserlerin sahibi kabul edilen Eyaz Zaxoyi hala en \u00e7ok dinlenen sanat\u00e7\u0131lar aras\u0131nda. \u00c7ok gen\u00e7 ya\u015fta hayata veda etmesine ra\u011fmen o k\u0131sac\u0131k \u00f6mr\u00fcne s\u0131\u011fd\u0131rd\u0131\u011f\u0131 eserler canl\u0131l\u0131\u011f\u0131n\u0131 [&hellip;]\" \/>\n<meta property=\"og:url\" content=\"https:\/\/darkamazi.site\/archives\/1012715\" \/>\n<meta property=\"og:site_name\" content=\"Darka Mazi\" \/>\n<meta property=\"article:publisher\" content=\"https:\/\/www.facebook.com\/DarkaMaziturkce\" \/>\n<meta property=\"article:published_time\" content=\"2025-01-21T12:22:19+00:00\" \/>\n<meta property=\"article:modified_time\" content=\"2025-01-22T15:37:51+00:00\" \/>\n<meta property=\"og:image\" content=\"https:\/\/darkamazi.site\/file\/2021\/01\/\u0627\u06cc\u0627\u0632.jpg\" \/>\n\t<meta property=\"og:image:width\" content=\"900\" \/>\n\t<meta property=\"og:image:height\" content=\"500\" \/>\n\t<meta property=\"og:image:type\" content=\"image\/jpeg\" \/>\n<meta name=\"author\" content=\"darka mazi\" \/>\n<meta name=\"twitter:card\" content=\"summary_large_image\" \/>\n<meta name=\"twitter:creator\" content=\"@DarkaMaziTurkce\" \/>\n<meta name=\"twitter:site\" content=\"@DarkaMaziTurkce\" \/>\n<meta name=\"twitter:label1\" content=\"Written by\" \/>\n\t<meta name=\"twitter:data1\" content=\"darka mazi\" \/>\n\t<meta name=\"twitter:label2\" content=\"Est. reading time\" \/>\n\t<meta name=\"twitter:data2\" content=\"3 minutes\" \/>\n<script type=\"application\/ld+json\" class=\"seo-schema-graph\">{\"@context\":\"https:\\\/\\\/schema.org\",\"@graph\":[{\"@type\":\"NewsArticle\",\"@id\":\"https:\\\/\\\/darkamazi.site\\\/archives\\\/1012715#article\",\"isPartOf\":{\"@id\":\"https:\\\/\\\/darkamazi.site\\\/archives\\\/1012715\"},\"author\":{\"name\":\"darka mazi\",\"@id\":\"https:\\\/\\\/darkamazi.site\\\/#\\\/schema\\\/person\\\/67986a95ac546c16760365877ef4a9d3\"},\"headline\":\"Katledili\u015finin 39&#8217;uncu y\u0131l d\u00f6n\u00fcm\u00fcnde Ayaz Zaxo\u2019yi hala K\u00fcrt m\u00fczi\u011finin unutulmaz sesleri aras\u0131nda\",\"datePublished\":\"2025-01-21T12:22:19+00:00\",\"dateModified\":\"2025-01-22T15:37:51+00:00\",\"mainEntityOfPage\":{\"@id\":\"https:\\\/\\\/darkamazi.site\\\/archives\\\/1012715\"},\"wordCount\":698,\"publisher\":{\"@id\":\"https:\\\/\\\/darkamazi.site\\\/#organization\"},\"image\":{\"@id\":\"https:\\\/\\\/darkamazi.site\\\/archives\\\/1012715#primaryimage\"},\"thumbnailUrl\":\"https:\\\/\\\/darkamazi.site\\\/darka-content\\\/uploads\\\/2021\\\/01\\\/\u0627\u06cc\u0627\u0632.jpg\",\"keywords\":[\"\u00f6nemli\"],\"articleSection\":[\"Sanat\"],\"inLanguage\":\"en-US\"},{\"@type\":\"WebPage\",\"@id\":\"https:\\\/\\\/darkamazi.site\\\/archives\\\/1012715\",\"url\":\"https:\\\/\\\/darkamazi.site\\\/archives\\\/1012715\",\"name\":\"Katledili\u015finin 39'uncu y\u0131l d\u00f6n\u00fcm\u00fcnde Ayaz Zaxo\u2019yi hala K\u00fcrt m\u00fczi\u011finin unutulmaz sesleri aras\u0131nda - Darka Mazi\",\"isPartOf\":{\"@id\":\"https:\\\/\\\/darkamazi.site\\\/#website\"},\"primaryImageOfPage\":{\"@id\":\"https:\\\/\\\/darkamazi.site\\\/archives\\\/1012715#primaryimage\"},\"image\":{\"@id\":\"https:\\\/\\\/darkamazi.site\\\/archives\\\/1012715#primaryimage\"},\"thumbnailUrl\":\"https:\\\/\\\/darkamazi.site\\\/darka-content\\\/uploads\\\/2021\\\/01\\\/\u0627\u06cc\u0627\u0632.jpg\",\"datePublished\":\"2025-01-21T12:22:19+00:00\",\"dateModified\":\"2025-01-22T15:37:51+00:00\",\"breadcrumb\":{\"@id\":\"https:\\\/\\\/darkamazi.site\\\/archives\\\/1012715#breadcrumb\"},\"inLanguage\":\"en-US\",\"potentialAction\":[{\"@type\":\"ReadAction\",\"target\":[\"https:\\\/\\\/darkamazi.site\\\/archives\\\/1012715\"]}]},{\"@type\":\"ImageObject\",\"inLanguage\":\"en-US\",\"@id\":\"https:\\\/\\\/darkamazi.site\\\/archives\\\/1012715#primaryimage\",\"url\":\"https:\\\/\\\/darkamazi.site\\\/darka-content\\\/uploads\\\/2021\\\/01\\\/\u0627\u06cc\u0627\u0632.jpg\",\"contentUrl\":\"https:\\\/\\\/darkamazi.site\\\/darka-content\\\/uploads\\\/2021\\\/01\\\/\u0627\u06cc\u0627\u0632.jpg\",\"width\":900,\"height\":500,\"caption\":\"Katledili\u015finin 35\u2019inci y\u0131l d\u00f6n\u00fcm\u00fcnde Ayaz Zaxo\u2019yi hala sevenlerinin kalbinde ya\u015f\u0131yor\"},{\"@type\":\"BreadcrumbList\",\"@id\":\"https:\\\/\\\/darkamazi.site\\\/archives\\\/1012715#breadcrumb\",\"itemListElement\":[{\"@type\":\"ListItem\",\"position\":1,\"name\":\"Home\",\"item\":\"https:\\\/\\\/darkamazi.site\\\/\"},{\"@type\":\"ListItem\",\"position\":2,\"name\":\"Katledili\u015finin 39&#8217;uncu y\u0131l d\u00f6n\u00fcm\u00fcnde Ayaz Zaxo\u2019yi hala K\u00fcrt m\u00fczi\u011finin unutulmaz sesleri aras\u0131nda\"}]},{\"@type\":\"WebSite\",\"@id\":\"https:\\\/\\\/darkamazi.site\\\/#website\",\"url\":\"https:\\\/\\\/darkamazi.site\\\/\",\"name\":\"Darka Mazi\",\"description\":\"Ana Sayfa\",\"publisher\":{\"@id\":\"https:\\\/\\\/darkamazi.site\\\/#organization\"},\"potentialAction\":[{\"@type\":\"SearchAction\",\"target\":{\"@type\":\"EntryPoint\",\"urlTemplate\":\"https:\\\/\\\/darkamazi.site\\\/?s={search_term_string}\"},\"query-input\":{\"@type\":\"PropertyValueSpecification\",\"valueRequired\":true,\"valueName\":\"search_term_string\"}}],\"inLanguage\":\"en-US\"},{\"@type\":\"Organization\",\"@id\":\"https:\\\/\\\/darkamazi.site\\\/#organization\",\"name\":\"Darka Mazi T\u00fcrk\u00e7e\",\"alternateName\":\"Darka Mazi\",\"url\":\"https:\\\/\\\/darkamazi.site\\\/\",\"logo\":{\"@type\":\"ImageObject\",\"inLanguage\":\"en-US\",\"@id\":\"https:\\\/\\\/darkamazi.site\\\/#\\\/schema\\\/logo\\\/image\\\/\",\"url\":\"https:\\\/\\\/darkamazi.site\\\/darka-content\\\/uploads\\\/2017\\\/12\\\/darka-mazi-logo.png\",\"contentUrl\":\"https:\\\/\\\/darkamazi.site\\\/darka-content\\\/uploads\\\/2017\\\/12\\\/darka-mazi-logo.png\",\"width\":151,\"height\":75,\"caption\":\"Darka Mazi T\u00fcrk\u00e7e\"},\"image\":{\"@id\":\"https:\\\/\\\/darkamazi.site\\\/#\\\/schema\\\/logo\\\/image\\\/\"},\"sameAs\":[\"https:\\\/\\\/www.facebook.com\\\/DarkaMaziturkce\",\"https:\\\/\\\/x.com\\\/DarkaMaziTurkce\"]},{\"@type\":\"Person\",\"@id\":\"https:\\\/\\\/darkamazi.site\\\/#\\\/schema\\\/person\\\/67986a95ac546c16760365877ef4a9d3\",\"name\":\"darka mazi\",\"sameAs\":[\"https:\\\/\\\/darkamazi.site\"],\"url\":\"https:\\\/\\\/darkamazi.site\\\/archives\\\/author\\\/turkish\"}]}<\/script>\n<!-- \/ Yoast SEO plugin. -->","seo_head_json":{"title":"Katledili\u015finin 39'uncu y\u0131l d\u00f6n\u00fcm\u00fcnde Ayaz Zaxo\u2019yi hala K\u00fcrt m\u00fczi\u011finin unutulmaz sesleri aras\u0131nda - Darka Mazi","robots":{"index":"index","follow":"follow","max-snippet":"max-snippet:-1","max-image-preview":"max-image-preview:large","max-video-preview":"max-video-preview:-1"},"canonical":"https:\/\/darkamazi.site\/archives\/1012715","og_locale":"en_US","og_type":"article","og_title":"Katledili\u015finin 39'uncu y\u0131l d\u00f6n\u00fcm\u00fcnde Ayaz Zaxo\u2019yi hala K\u00fcrt m\u00fczi\u011finin unutulmaz sesleri aras\u0131nda - Darka Mazi","og_description":"Bu g\u00fcn K\u00fcrt m\u00fczi\u011finin unutulmaz sesi, 25 ya\u015f\u0131nda Saddam rejimi taraf\u0131ndan \u00f6ld\u00fcr\u00fclen Eyaz Yusuf Zaxoyi\u2019nin \u00f6l\u00fcm\u00fcn\u00fcn 39&#8217;uncu y\u0131l d\u00f6n\u00fcm\u00fc. Modern K\u00fcrt m\u00fczi\u011fi ile Klasik K\u00fcrt m\u00fczi\u011fi aras\u0131nda ki en orijinal eserlerin sahibi kabul edilen Eyaz Zaxoyi hala en \u00e7ok dinlenen sanat\u00e7\u0131lar aras\u0131nda. \u00c7ok gen\u00e7 ya\u015fta hayata veda etmesine ra\u011fmen o k\u0131sac\u0131k \u00f6mr\u00fcne s\u0131\u011fd\u0131rd\u0131\u011f\u0131 eserler canl\u0131l\u0131\u011f\u0131n\u0131 [&hellip;]","og_url":"https:\/\/darkamazi.site\/archives\/1012715","og_site_name":"Darka Mazi","article_publisher":"https:\/\/www.facebook.com\/DarkaMaziturkce","article_published_time":"2025-01-21T12:22:19+00:00","article_modified_time":"2025-01-22T15:37:51+00:00","og_image":[{"width":900,"height":500,"url":"https:\/\/darkamazi.site\/file\/2021\/01\/\u0627\u06cc\u0627\u0632.jpg","type":"image\/jpeg"}],"author":"darka mazi","twitter_card":"summary_large_image","twitter_creator":"@DarkaMaziTurkce","twitter_site":"@DarkaMaziTurkce","twitter_misc":{"Written by":"darka mazi","Est. reading time":"3 minutes"},"schema":{"@context":"https:\/\/schema.org","@graph":[{"@type":"NewsArticle","@id":"https:\/\/darkamazi.site\/archives\/1012715#article","isPartOf":{"@id":"https:\/\/darkamazi.site\/archives\/1012715"},"author":{"name":"darka mazi","@id":"https:\/\/darkamazi.site\/#\/schema\/person\/67986a95ac546c16760365877ef4a9d3"},"headline":"Katledili\u015finin 39&#8217;uncu y\u0131l d\u00f6n\u00fcm\u00fcnde Ayaz Zaxo\u2019yi hala K\u00fcrt m\u00fczi\u011finin unutulmaz sesleri aras\u0131nda","datePublished":"2025-01-21T12:22:19+00:00","dateModified":"2025-01-22T15:37:51+00:00","mainEntityOfPage":{"@id":"https:\/\/darkamazi.site\/archives\/1012715"},"wordCount":698,"publisher":{"@id":"https:\/\/darkamazi.site\/#organization"},"image":{"@id":"https:\/\/darkamazi.site\/archives\/1012715#primaryimage"},"thumbnailUrl":"https:\/\/darkamazi.site\/file\/2021\/01\/\u0627\u06cc\u0627\u0632.jpg","keywords":["\u00f6nemli"],"articleSection":["Sanat"],"inLanguage":"en-US"},{"@type":"WebPage","@id":"https:\/\/darkamazi.site\/archives\/1012715","url":"https:\/\/darkamazi.site\/archives\/1012715","name":"Katledili\u015finin 39'uncu y\u0131l d\u00f6n\u00fcm\u00fcnde Ayaz Zaxo\u2019yi hala K\u00fcrt m\u00fczi\u011finin unutulmaz sesleri aras\u0131nda - Darka Mazi","isPartOf":{"@id":"https:\/\/darkamazi.site\/#website"},"primaryImageOfPage":{"@id":"https:\/\/darkamazi.site\/archives\/1012715#primaryimage"},"image":{"@id":"https:\/\/darkamazi.site\/archives\/1012715#primaryimage"},"thumbnailUrl":"https:\/\/darkamazi.site\/file\/2021\/01\/\u0627\u06cc\u0627\u0632.jpg","datePublished":"2025-01-21T12:22:19+00:00","dateModified":"2025-01-22T15:37:51+00:00","breadcrumb":{"@id":"https:\/\/darkamazi.site\/archives\/1012715#breadcrumb"},"inLanguage":"en-US","potentialAction":[{"@type":"ReadAction","target":["https:\/\/darkamazi.site\/archives\/1012715"]}]},{"@type":"ImageObject","inLanguage":"en-US","@id":"https:\/\/darkamazi.site\/archives\/1012715#primaryimage","url":"https:\/\/darkamazi.site\/file\/2021\/01\/\u0627\u06cc\u0627\u0632.jpg","contentUrl":"https:\/\/darkamazi.site\/file\/2021\/01\/\u0627\u06cc\u0627\u0632.jpg","width":900,"height":500,"caption":"Katledili\u015finin 35\u2019inci y\u0131l d\u00f6n\u00fcm\u00fcnde Ayaz Zaxo\u2019yi hala sevenlerinin kalbinde ya\u015f\u0131yor"},{"@type":"BreadcrumbList","@id":"https:\/\/darkamazi.site\/archives\/1012715#breadcrumb","itemListElement":[{"@type":"ListItem","position":1,"name":"Home","item":"https:\/\/darkamazi.site\/"},{"@type":"ListItem","position":2,"name":"Katledili\u015finin 39&#8217;uncu y\u0131l d\u00f6n\u00fcm\u00fcnde Ayaz Zaxo\u2019yi hala K\u00fcrt m\u00fczi\u011finin unutulmaz sesleri aras\u0131nda"}]},{"@type":"WebSite","@id":"https:\/\/darkamazi.site\/#website","url":"https:\/\/darkamazi.site\/","name":"Darka Mazi","description":"Ana Sayfa","publisher":{"@id":"https:\/\/darkamazi.site\/#organization"},"potentialAction":[{"@type":"SearchAction","target":{"@type":"EntryPoint","urlTemplate":"https:\/\/darkamazi.site\/?s={search_term_string}"},"query-input":{"@type":"PropertyValueSpecification","valueRequired":true,"valueName":"search_term_string"}}],"inLanguage":"en-US"},{"@type":"Organization","@id":"https:\/\/darkamazi.site\/#organization","name":"Darka Mazi T\u00fcrk\u00e7e","alternateName":"Darka Mazi","url":"https:\/\/darkamazi.site\/","logo":{"@type":"ImageObject","inLanguage":"en-US","@id":"https:\/\/darkamazi.site\/#\/schema\/logo\/image\/","url":"https:\/\/darkamazi.site\/file\/2017\/12\/darka-mazi-logo.png","contentUrl":"https:\/\/darkamazi.site\/file\/2017\/12\/darka-mazi-logo.png","width":151,"height":75,"caption":"Darka Mazi T\u00fcrk\u00e7e"},"image":{"@id":"https:\/\/darkamazi.site\/#\/schema\/logo\/image\/"},"sameAs":["https:\/\/www.facebook.com\/DarkaMaziturkce","https:\/\/x.com\/DarkaMaziTurkce"]},{"@type":"Person","@id":"https:\/\/darkamazi.site\/#\/schema\/person\/67986a95ac546c16760365877ef4a9d3","name":"darka mazi","sameAs":["https:\/\/darkamazi.site"],"url":"https:\/\/darkamazi.site\/archives\/author\/turkish"}]}},"_links":{"self":[{"href":"https:\/\/darkamazi.site\/funavuv\/wp\/v2\/posts\/1012715","targetHints":{"allow":["GET"]}}],"collection":[{"href":"https:\/\/darkamazi.site\/funavuv\/wp\/v2\/posts"}],"about":[{"href":"https:\/\/darkamazi.site\/funavuv\/wp\/v2\/types\/post"}],"author":[{"embeddable":true,"href":"https:\/\/darkamazi.site\/funavuv\/wp\/v2\/users\/2"}],"replies":[{"embeddable":true,"href":"https:\/\/darkamazi.site\/funavuv\/wp\/v2\/comments?post=1012715"}],"version-history":[{"count":0,"href":"https:\/\/darkamazi.site\/funavuv\/wp\/v2\/posts\/1012715\/revisions"}],"wp:featuredmedia":[{"embeddable":true,"href":"https:\/\/darkamazi.site\/funavuv\/wp\/v2\/media\/1012716"}],"wp:attachment":[{"href":"https:\/\/darkamazi.site\/funavuv\/wp\/v2\/media?parent=1012715"}],"wp:term":[{"taxonomy":"category","embeddable":true,"href":"https:\/\/darkamazi.site\/funavuv\/wp\/v2\/categories?post=1012715"},{"taxonomy":"post_tag","embeddable":true,"href":"https:\/\/darkamazi.site\/funavuv\/wp\/v2\/tags?post=1012715"}],"curies":[{"name":"wp","href":"https:\/\/api.w.org\/{rel}","templated":true}]}}