{"id":1012879,"date":"2021-02-06T18:43:21","date_gmt":"2021-02-06T15:43:21","guid":{"rendered":"https:\/\/darkamazi.site\/?p=1012879"},"modified":"2021-02-06T18:45:34","modified_gmt":"2021-02-06T15:45:34","slug":"efrinin-kaxre-koyunde-kadinlar-turkiyeye-bagli-cetelere-karsi-gosteri-duzenledi","status":"publish","type":"post","link":"https:\/\/darkamazi.site\/archives\/1012879","title":{"rendered":"Efr\u00een\u2019in\u00a0 Kaxr\u00ea k\u00f6y\u00fcnde kad\u0131nlar T\u00fcrkiye\u2019ye ba\u011fl\u0131 \u00e7etelere kar\u015f\u0131 g\u00f6steri d\u00fczenledi"},"content":{"rendered":"<p style=\"text-align: justify\">Efr\u00een\u2019in Mabata il\u00e7esine Kaxr\u00ea k\u00f6y\u00fcnde bir gurup kad\u0131n \u00e7etelerin g\u00fcnl\u00fck olarak k\u00f6ye yapt\u0131\u011f\u0131 bask\u0131lar\u0131 protesto i\u00e7in k\u00f6y meydan\u0131nda toplanarak y\u00fcr\u00fcy\u00fc\u015f yapt\u0131.<\/p>\n<p style=\"text-align: justify\">Efrin\u2019in Mabada il\u00e7esine ba\u011fl\u0131 Kaxr\u00ea Efrin i\u015fgali ard\u0131ndan en \u00e7ok bask\u0131 g\u00f6ren k\u00f6ylerden biri. Ge\u00e7ti\u011fimiz hafta i\u00e7inde de k\u00f6yden bir gurup vatanda\u015f ka\u00e7\u0131r\u0131lm\u0131\u015ft\u0131. Ka\u00e7\u0131r\u0131lan ki\u015filer a\u011f\u0131r i\u015fkence sonucu ciddi yaralar alm\u0131\u015f ve daha sonra b\u0131rak\u0131lm\u0131\u015flard\u0131. Ka\u00e7\u0131r\u0131lan gen\u00e7lerden baz\u0131lar\u0131n\u0131n kollar\u0131 ve bacaklar\u0131 k\u0131r\u0131ld\u0131\u011f\u0131 i\u00e7in hastaneye yatm\u0131\u015ft\u0131.<\/p>\n<p style=\"text-align: justify\">Yerel kaynaklar\u0131n bildirdi\u011fine g\u00f6re olay sonras\u0131 k\u00f6ye yine i\u015fgalci meclise ba\u011fl\u0131 bir komite gelerek olay yeri incelemesi yapmak isteyince k\u00f6ydeki kad\u0131nlar k\u00f6y meydan\u0131nda gelen komiteye kar\u015f\u0131 y\u00fcr\u00fcy\u00fc\u015f yap\u0131yor. G\u00f6steriye kat\u0131lan kad\u0131nlar k\u00f6yde bulanan \u00e7ete gurubundan Em\u015fat gurubunun k\u00f6y\u00fc terk etmesini istiyor.<\/p>\n<p style=\"text-align: justify\">Em\u015fat gurubu i\u015fgalci g\u00fc\u00e7ler i\u00e7indeki en tehlikeli gurup olarak biliniyor. 400 haneli Kaxr\u00ea k\u00f6y\u00fc de i\u015fgal edildi\u011fi g\u00fcnden bu yana bu gurubun denetimi alt\u0131nda bulunuyor. \u015eu anda de\u011fin k\u00f6yde ki ka\u00e7\u0131rma, dayak, mallara el koyma ve keyfi vergilendirme nedeni ile k\u00f6yl\u00fcler a\u011f\u0131r ko\u015fullarda ya\u015f\u0131yorlar.<\/p>\n<p>Kaynak: ARK News<\/p>\n","protected":false},"excerpt":{"rendered":"<p>Efr\u00een\u2019in Mabata il\u00e7esine Kaxr\u00ea k\u00f6y\u00fcnde bir gurup kad\u0131n \u00e7etelerin g\u00fcnl\u00fck olarak k\u00f6ye yapt\u0131\u011f\u0131 bask\u0131lar\u0131 protesto i\u00e7in k\u00f6y meydan\u0131nda toplanarak y\u00fcr\u00fcy\u00fc\u015f yapt\u0131. Efrin\u2019in Mabada il\u00e7esine ba\u011fl\u0131 Kaxr\u00ea Efrin i\u015fgali ard\u0131ndan en \u00e7ok bask\u0131 g\u00f6ren k\u00f6ylerden biri. Ge\u00e7ti\u011fimiz hafta i\u00e7inde de k\u00f6yden bir gurup vatanda\u015f ka\u00e7\u0131r\u0131lm\u0131\u015ft\u0131. Ka\u00e7\u0131r\u0131lan ki\u015filer a\u011f\u0131r i\u015fkence sonucu ciddi yaralar alm\u0131\u015f ve daha sonra [&hellip;]<\/p>\n","protected":false},"author":2,"featured_media":1012880,"comment_status":"closed","ping_status":"closed","sticky":false,"template":"","format":"standard","meta":{"footnotes":""},"categories":[3],"tags":[31],"class_list":["post-1012879","post","type-post","status-publish","format-standard","has-post-thumbnail","hentry","category-kurdistan","tag-onemli"],"blocksy_meta":[],"seo_head":"<!-- This site is optimized with the Yoast SEO plugin v27.5 - https:\/\/yoast.com\/product\/yoast-seo-wordpress\/ -->\n<title>Efr\u00een\u2019in\u00a0 Kaxr\u00ea k\u00f6y\u00fcnde kad\u0131nlar T\u00fcrkiye\u2019ye ba\u011fl\u0131 \u00e7etelere kar\u015f\u0131 g\u00f6steri d\u00fczenledi - Darka Mazi<\/title>\n<meta name=\"robots\" content=\"index, follow, max-snippet:-1, max-image-preview:large, max-video-preview:-1\" \/>\n<link rel=\"canonical\" href=\"https:\/\/darkamazi.site\/archives\/1012879\" \/>\n<meta property=\"og:locale\" content=\"en_US\" \/>\n<meta property=\"og:type\" content=\"article\" \/>\n<meta property=\"og:title\" content=\"Efr\u00een\u2019in\u00a0 Kaxr\u00ea k\u00f6y\u00fcnde kad\u0131nlar T\u00fcrkiye\u2019ye ba\u011fl\u0131 \u00e7etelere kar\u015f\u0131 g\u00f6steri d\u00fczenledi - Darka Mazi\" \/>\n<meta property=\"og:description\" content=\"Efr\u00een\u2019in Mabata il\u00e7esine Kaxr\u00ea k\u00f6y\u00fcnde bir gurup kad\u0131n \u00e7etelerin g\u00fcnl\u00fck olarak k\u00f6ye yapt\u0131\u011f\u0131 bask\u0131lar\u0131 protesto i\u00e7in k\u00f6y meydan\u0131nda toplanarak y\u00fcr\u00fcy\u00fc\u015f yapt\u0131. Efrin\u2019in Mabada il\u00e7esine ba\u011fl\u0131 Kaxr\u00ea Efrin i\u015fgali ard\u0131ndan en \u00e7ok bask\u0131 g\u00f6ren k\u00f6ylerden biri. Ge\u00e7ti\u011fimiz hafta i\u00e7inde de k\u00f6yden bir gurup vatanda\u015f ka\u00e7\u0131r\u0131lm\u0131\u015ft\u0131. Ka\u00e7\u0131r\u0131lan ki\u015filer a\u011f\u0131r i\u015fkence sonucu ciddi yaralar alm\u0131\u015f ve daha sonra [&hellip;]\" \/>\n<meta property=\"og:url\" content=\"https:\/\/darkamazi.site\/archives\/1012879\" \/>\n<meta property=\"og:site_name\" content=\"Darka Mazi\" \/>\n<meta property=\"article:publisher\" content=\"https:\/\/www.facebook.com\/DarkaMaziturkce\" \/>\n<meta property=\"article:published_time\" content=\"2021-02-06T15:43:21+00:00\" \/>\n<meta property=\"article:modified_time\" content=\"2021-02-06T15:45:34+00:00\" \/>\n<meta property=\"og:image\" content=\"https:\/\/darkamazi.site\/file\/2021\/02\/kkaxire_Efrin.jpg\" \/>\n\t<meta property=\"og:image:width\" content=\"776\" \/>\n\t<meta property=\"og:image:height\" content=\"456\" \/>\n\t<meta property=\"og:image:type\" content=\"image\/jpeg\" \/>\n<meta name=\"author\" content=\"darka mazi\" \/>\n<meta name=\"twitter:card\" content=\"summary_large_image\" \/>\n<meta name=\"twitter:creator\" content=\"@DarkaMaziTurkce\" \/>\n<meta name=\"twitter:site\" content=\"@DarkaMaziTurkce\" \/>\n<meta name=\"twitter:label1\" content=\"Written by\" \/>\n\t<meta name=\"twitter:data1\" content=\"darka mazi\" \/>\n\t<meta name=\"twitter:label2\" content=\"Est. reading time\" \/>\n\t<meta name=\"twitter:data2\" content=\"1 minute\" \/>\n<script type=\"application\/ld+json\" class=\"seo-schema-graph\">{\"@context\":\"https:\\\/\\\/schema.org\",\"@graph\":[{\"@type\":\"NewsArticle\",\"@id\":\"https:\\\/\\\/darkamazi.site\\\/archives\\\/1012879#article\",\"isPartOf\":{\"@id\":\"https:\\\/\\\/darkamazi.site\\\/archives\\\/1012879\"},\"author\":{\"name\":\"darka mazi\",\"@id\":\"https:\\\/\\\/darkamazi.site\\\/#\\\/schema\\\/person\\\/67986a95ac546c16760365877ef4a9d3\"},\"headline\":\"Efr\u00een\u2019in\u00a0 Kaxr\u00ea k\u00f6y\u00fcnde kad\u0131nlar T\u00fcrkiye\u2019ye ba\u011fl\u0131 \u00e7etelere kar\u015f\u0131 g\u00f6steri d\u00fczenledi\",\"datePublished\":\"2021-02-06T15:43:21+00:00\",\"dateModified\":\"2021-02-06T15:45:34+00:00\",\"mainEntityOfPage\":{\"@id\":\"https:\\\/\\\/darkamazi.site\\\/archives\\\/1012879\"},\"wordCount\":256,\"publisher\":{\"@id\":\"https:\\\/\\\/darkamazi.site\\\/#organization\"},\"image\":{\"@id\":\"https:\\\/\\\/darkamazi.site\\\/archives\\\/1012879#primaryimage\"},\"thumbnailUrl\":\"https:\\\/\\\/darkamazi.site\\\/darka-content\\\/uploads\\\/2021\\\/02\\\/kkaxire_Efrin.jpg\",\"keywords\":[\"\u00f6nemli\"],\"articleSection\":[\"Kurdistan\"],\"inLanguage\":\"en-US\"},{\"@type\":\"WebPage\",\"@id\":\"https:\\\/\\\/darkamazi.site\\\/archives\\\/1012879\",\"url\":\"https:\\\/\\\/darkamazi.site\\\/archives\\\/1012879\",\"name\":\"Efr\u00een\u2019in\u00a0 Kaxr\u00ea k\u00f6y\u00fcnde kad\u0131nlar T\u00fcrkiye\u2019ye ba\u011fl\u0131 \u00e7etelere kar\u015f\u0131 g\u00f6steri d\u00fczenledi - Darka Mazi\",\"isPartOf\":{\"@id\":\"https:\\\/\\\/darkamazi.site\\\/#website\"},\"primaryImageOfPage\":{\"@id\":\"https:\\\/\\\/darkamazi.site\\\/archives\\\/1012879#primaryimage\"},\"image\":{\"@id\":\"https:\\\/\\\/darkamazi.site\\\/archives\\\/1012879#primaryimage\"},\"thumbnailUrl\":\"https:\\\/\\\/darkamazi.site\\\/darka-content\\\/uploads\\\/2021\\\/02\\\/kkaxire_Efrin.jpg\",\"datePublished\":\"2021-02-06T15:43:21+00:00\",\"dateModified\":\"2021-02-06T15:45:34+00:00\",\"breadcrumb\":{\"@id\":\"https:\\\/\\\/darkamazi.site\\\/archives\\\/1012879#breadcrumb\"},\"inLanguage\":\"en-US\",\"potentialAction\":[{\"@type\":\"ReadAction\",\"target\":[\"https:\\\/\\\/darkamazi.site\\\/archives\\\/1012879\"]}]},{\"@type\":\"ImageObject\",\"inLanguage\":\"en-US\",\"@id\":\"https:\\\/\\\/darkamazi.site\\\/archives\\\/1012879#primaryimage\",\"url\":\"https:\\\/\\\/darkamazi.site\\\/darka-content\\\/uploads\\\/2021\\\/02\\\/kkaxire_Efrin.jpg\",\"contentUrl\":\"https:\\\/\\\/darkamazi.site\\\/darka-content\\\/uploads\\\/2021\\\/02\\\/kkaxire_Efrin.jpg\",\"width\":776,\"height\":456,\"caption\":\"Efr\u00een\u2019in\u00a0 Kaxr\u00ea k\u00f6y\u00fcnde kad\u0131nlar T\u00fcrkiye\u2019ye ba\u011fl\u0131 \u00e7etelere kar\u015f\u0131 g\u00f6steri d\u00fczenledi\"},{\"@type\":\"BreadcrumbList\",\"@id\":\"https:\\\/\\\/darkamazi.site\\\/archives\\\/1012879#breadcrumb\",\"itemListElement\":[{\"@type\":\"ListItem\",\"position\":1,\"name\":\"Home\",\"item\":\"https:\\\/\\\/darkamazi.site\\\/\"},{\"@type\":\"ListItem\",\"position\":2,\"name\":\"Efr\u00een\u2019in\u00a0 Kaxr\u00ea k\u00f6y\u00fcnde kad\u0131nlar T\u00fcrkiye\u2019ye ba\u011fl\u0131 \u00e7etelere kar\u015f\u0131 g\u00f6steri d\u00fczenledi\"}]},{\"@type\":\"WebSite\",\"@id\":\"https:\\\/\\\/darkamazi.site\\\/#website\",\"url\":\"https:\\\/\\\/darkamazi.site\\\/\",\"name\":\"Darka Mazi\",\"description\":\"Ana Sayfa\",\"publisher\":{\"@id\":\"https:\\\/\\\/darkamazi.site\\\/#organization\"},\"potentialAction\":[{\"@type\":\"SearchAction\",\"target\":{\"@type\":\"EntryPoint\",\"urlTemplate\":\"https:\\\/\\\/darkamazi.site\\\/?s={search_term_string}\"},\"query-input\":{\"@type\":\"PropertyValueSpecification\",\"valueRequired\":true,\"valueName\":\"search_term_string\"}}],\"inLanguage\":\"en-US\"},{\"@type\":\"Organization\",\"@id\":\"https:\\\/\\\/darkamazi.site\\\/#organization\",\"name\":\"Darka Mazi T\u00fcrk\u00e7e\",\"alternateName\":\"Darka Mazi\",\"url\":\"https:\\\/\\\/darkamazi.site\\\/\",\"logo\":{\"@type\":\"ImageObject\",\"inLanguage\":\"en-US\",\"@id\":\"https:\\\/\\\/darkamazi.site\\\/#\\\/schema\\\/logo\\\/image\\\/\",\"url\":\"https:\\\/\\\/darkamazi.site\\\/darka-content\\\/uploads\\\/2017\\\/12\\\/darka-mazi-logo.png\",\"contentUrl\":\"https:\\\/\\\/darkamazi.site\\\/darka-content\\\/uploads\\\/2017\\\/12\\\/darka-mazi-logo.png\",\"width\":151,\"height\":75,\"caption\":\"Darka Mazi T\u00fcrk\u00e7e\"},\"image\":{\"@id\":\"https:\\\/\\\/darkamazi.site\\\/#\\\/schema\\\/logo\\\/image\\\/\"},\"sameAs\":[\"https:\\\/\\\/www.facebook.com\\\/DarkaMaziturkce\",\"https:\\\/\\\/x.com\\\/DarkaMaziTurkce\"]},{\"@type\":\"Person\",\"@id\":\"https:\\\/\\\/darkamazi.site\\\/#\\\/schema\\\/person\\\/67986a95ac546c16760365877ef4a9d3\",\"name\":\"darka mazi\",\"sameAs\":[\"https:\\\/\\\/darkamazi.site\"],\"url\":\"https:\\\/\\\/darkamazi.site\\\/archives\\\/author\\\/turkish\"}]}<\/script>\n<!-- \/ Yoast SEO plugin. -->","seo_head_json":{"title":"Efr\u00een\u2019in\u00a0 Kaxr\u00ea k\u00f6y\u00fcnde kad\u0131nlar T\u00fcrkiye\u2019ye ba\u011fl\u0131 \u00e7etelere kar\u015f\u0131 g\u00f6steri d\u00fczenledi - Darka Mazi","robots":{"index":"index","follow":"follow","max-snippet":"max-snippet:-1","max-image-preview":"max-image-preview:large","max-video-preview":"max-video-preview:-1"},"canonical":"https:\/\/darkamazi.site\/archives\/1012879","og_locale":"en_US","og_type":"article","og_title":"Efr\u00een\u2019in\u00a0 Kaxr\u00ea k\u00f6y\u00fcnde kad\u0131nlar T\u00fcrkiye\u2019ye ba\u011fl\u0131 \u00e7etelere kar\u015f\u0131 g\u00f6steri d\u00fczenledi - Darka Mazi","og_description":"Efr\u00een\u2019in Mabata il\u00e7esine Kaxr\u00ea k\u00f6y\u00fcnde bir gurup kad\u0131n \u00e7etelerin g\u00fcnl\u00fck olarak k\u00f6ye yapt\u0131\u011f\u0131 bask\u0131lar\u0131 protesto i\u00e7in k\u00f6y meydan\u0131nda toplanarak y\u00fcr\u00fcy\u00fc\u015f yapt\u0131. Efrin\u2019in Mabada il\u00e7esine ba\u011fl\u0131 Kaxr\u00ea Efrin i\u015fgali ard\u0131ndan en \u00e7ok bask\u0131 g\u00f6ren k\u00f6ylerden biri. Ge\u00e7ti\u011fimiz hafta i\u00e7inde de k\u00f6yden bir gurup vatanda\u015f ka\u00e7\u0131r\u0131lm\u0131\u015ft\u0131. Ka\u00e7\u0131r\u0131lan ki\u015filer a\u011f\u0131r i\u015fkence sonucu ciddi yaralar alm\u0131\u015f ve daha sonra [&hellip;]","og_url":"https:\/\/darkamazi.site\/archives\/1012879","og_site_name":"Darka Mazi","article_publisher":"https:\/\/www.facebook.com\/DarkaMaziturkce","article_published_time":"2021-02-06T15:43:21+00:00","article_modified_time":"2021-02-06T15:45:34+00:00","og_image":[{"width":776,"height":456,"url":"https:\/\/darkamazi.site\/file\/2021\/02\/kkaxire_Efrin.jpg","type":"image\/jpeg"}],"author":"darka mazi","twitter_card":"summary_large_image","twitter_creator":"@DarkaMaziTurkce","twitter_site":"@DarkaMaziTurkce","twitter_misc":{"Written by":"darka mazi","Est. reading time":"1 minute"},"schema":{"@context":"https:\/\/schema.org","@graph":[{"@type":"NewsArticle","@id":"https:\/\/darkamazi.site\/archives\/1012879#article","isPartOf":{"@id":"https:\/\/darkamazi.site\/archives\/1012879"},"author":{"name":"darka mazi","@id":"https:\/\/darkamazi.site\/#\/schema\/person\/67986a95ac546c16760365877ef4a9d3"},"headline":"Efr\u00een\u2019in\u00a0 Kaxr\u00ea k\u00f6y\u00fcnde kad\u0131nlar T\u00fcrkiye\u2019ye ba\u011fl\u0131 \u00e7etelere kar\u015f\u0131 g\u00f6steri d\u00fczenledi","datePublished":"2021-02-06T15:43:21+00:00","dateModified":"2021-02-06T15:45:34+00:00","mainEntityOfPage":{"@id":"https:\/\/darkamazi.site\/archives\/1012879"},"wordCount":256,"publisher":{"@id":"https:\/\/darkamazi.site\/#organization"},"image":{"@id":"https:\/\/darkamazi.site\/archives\/1012879#primaryimage"},"thumbnailUrl":"https:\/\/darkamazi.site\/file\/2021\/02\/kkaxire_Efrin.jpg","keywords":["\u00f6nemli"],"articleSection":["Kurdistan"],"inLanguage":"en-US"},{"@type":"WebPage","@id":"https:\/\/darkamazi.site\/archives\/1012879","url":"https:\/\/darkamazi.site\/archives\/1012879","name":"Efr\u00een\u2019in\u00a0 Kaxr\u00ea k\u00f6y\u00fcnde kad\u0131nlar T\u00fcrkiye\u2019ye ba\u011fl\u0131 \u00e7etelere kar\u015f\u0131 g\u00f6steri d\u00fczenledi - Darka Mazi","isPartOf":{"@id":"https:\/\/darkamazi.site\/#website"},"primaryImageOfPage":{"@id":"https:\/\/darkamazi.site\/archives\/1012879#primaryimage"},"image":{"@id":"https:\/\/darkamazi.site\/archives\/1012879#primaryimage"},"thumbnailUrl":"https:\/\/darkamazi.site\/file\/2021\/02\/kkaxire_Efrin.jpg","datePublished":"2021-02-06T15:43:21+00:00","dateModified":"2021-02-06T15:45:34+00:00","breadcrumb":{"@id":"https:\/\/darkamazi.site\/archives\/1012879#breadcrumb"},"inLanguage":"en-US","potentialAction":[{"@type":"ReadAction","target":["https:\/\/darkamazi.site\/archives\/1012879"]}]},{"@type":"ImageObject","inLanguage":"en-US","@id":"https:\/\/darkamazi.site\/archives\/1012879#primaryimage","url":"https:\/\/darkamazi.site\/file\/2021\/02\/kkaxire_Efrin.jpg","contentUrl":"https:\/\/darkamazi.site\/file\/2021\/02\/kkaxire_Efrin.jpg","width":776,"height":456,"caption":"Efr\u00een\u2019in\u00a0 Kaxr\u00ea k\u00f6y\u00fcnde kad\u0131nlar T\u00fcrkiye\u2019ye ba\u011fl\u0131 \u00e7etelere kar\u015f\u0131 g\u00f6steri d\u00fczenledi"},{"@type":"BreadcrumbList","@id":"https:\/\/darkamazi.site\/archives\/1012879#breadcrumb","itemListElement":[{"@type":"ListItem","position":1,"name":"Home","item":"https:\/\/darkamazi.site\/"},{"@type":"ListItem","position":2,"name":"Efr\u00een\u2019in\u00a0 Kaxr\u00ea k\u00f6y\u00fcnde kad\u0131nlar T\u00fcrkiye\u2019ye ba\u011fl\u0131 \u00e7etelere kar\u015f\u0131 g\u00f6steri d\u00fczenledi"}]},{"@type":"WebSite","@id":"https:\/\/darkamazi.site\/#website","url":"https:\/\/darkamazi.site\/","name":"Darka Mazi","description":"Ana Sayfa","publisher":{"@id":"https:\/\/darkamazi.site\/#organization"},"potentialAction":[{"@type":"SearchAction","target":{"@type":"EntryPoint","urlTemplate":"https:\/\/darkamazi.site\/?s={search_term_string}"},"query-input":{"@type":"PropertyValueSpecification","valueRequired":true,"valueName":"search_term_string"}}],"inLanguage":"en-US"},{"@type":"Organization","@id":"https:\/\/darkamazi.site\/#organization","name":"Darka Mazi T\u00fcrk\u00e7e","alternateName":"Darka Mazi","url":"https:\/\/darkamazi.site\/","logo":{"@type":"ImageObject","inLanguage":"en-US","@id":"https:\/\/darkamazi.site\/#\/schema\/logo\/image\/","url":"https:\/\/darkamazi.site\/file\/2017\/12\/darka-mazi-logo.png","contentUrl":"https:\/\/darkamazi.site\/file\/2017\/12\/darka-mazi-logo.png","width":151,"height":75,"caption":"Darka Mazi T\u00fcrk\u00e7e"},"image":{"@id":"https:\/\/darkamazi.site\/#\/schema\/logo\/image\/"},"sameAs":["https:\/\/www.facebook.com\/DarkaMaziturkce","https:\/\/x.com\/DarkaMaziTurkce"]},{"@type":"Person","@id":"https:\/\/darkamazi.site\/#\/schema\/person\/67986a95ac546c16760365877ef4a9d3","name":"darka mazi","sameAs":["https:\/\/darkamazi.site"],"url":"https:\/\/darkamazi.site\/archives\/author\/turkish"}]}},"_links":{"self":[{"href":"https:\/\/darkamazi.site\/funavuv\/wp\/v2\/posts\/1012879","targetHints":{"allow":["GET"]}}],"collection":[{"href":"https:\/\/darkamazi.site\/funavuv\/wp\/v2\/posts"}],"about":[{"href":"https:\/\/darkamazi.site\/funavuv\/wp\/v2\/types\/post"}],"author":[{"embeddable":true,"href":"https:\/\/darkamazi.site\/funavuv\/wp\/v2\/users\/2"}],"replies":[{"embeddable":true,"href":"https:\/\/darkamazi.site\/funavuv\/wp\/v2\/comments?post=1012879"}],"version-history":[{"count":0,"href":"https:\/\/darkamazi.site\/funavuv\/wp\/v2\/posts\/1012879\/revisions"}],"wp:featuredmedia":[{"embeddable":true,"href":"https:\/\/darkamazi.site\/funavuv\/wp\/v2\/media\/1012880"}],"wp:attachment":[{"href":"https:\/\/darkamazi.site\/funavuv\/wp\/v2\/media?parent=1012879"}],"wp:term":[{"taxonomy":"category","embeddable":true,"href":"https:\/\/darkamazi.site\/funavuv\/wp\/v2\/categories?post=1012879"},{"taxonomy":"post_tag","embeddable":true,"href":"https:\/\/darkamazi.site\/funavuv\/wp\/v2\/tags?post=1012879"}],"curies":[{"name":"wp","href":"https:\/\/api.w.org\/{rel}","templated":true}]}}