{"id":1013068,"date":"2021-02-16T19:09:54","date_gmt":"2021-02-16T16:09:54","guid":{"rendered":"https:\/\/darkamazi.site\/?p=1013068"},"modified":"2021-02-16T19:09:54","modified_gmt":"2021-02-16T16:09:54","slug":"iran-erbil-olaylarini-iranla-bagdastiran-butun-supheli-iddialari-reddediyoruz","status":"publish","type":"post","link":"https:\/\/darkamazi.site\/archives\/1013068","title":{"rendered":"\u0130ran: \u201cErbil\u00a0olaylar\u0131n\u0131 \u0130ran\u2019la ba\u011fda\u015ft\u0131ran b\u00fct\u00fcn \u015f\u00fcpheli iddialar\u0131 reddediyoruz\u201d"},"content":{"rendered":"<p style=\"text-align: justify\">\u00a0\u0130ran D\u0131\u015fi\u015fleri Bakanl\u0131\u011f\u0131, Erbil sald\u0131r\u0131s\u0131yla bir ilgilerinin olmad\u0131\u011f\u0131 a\u00e7\u0131klamas\u0131nda bulundu.<\/p>\n<p style=\"text-align: justify\">\u0130ran\u00a0D\u0131\u015fi\u015fleri Bakanl\u0131\u011f\u0131\u00a0S\u00f6zc\u00fcs\u00fc Said Hatibzade yapt\u0131\u011f\u0131 a\u00e7\u0131klamada, \u201cIrak\u2019\u0131n g\u00fcvenli\u011finin, kom\u015fu \u00fclkeler ve b\u00fct\u00fcn b\u00f6lge i\u00e7in \u00f6nemli oldu\u011funu\u201d s\u00f6yledi.<\/p>\n<p style=\"text-align: justify\">Hatibzade, \u201cErbil\u00a0olaylar\u0131n\u0131 \u0130ran\u2019la ba\u011fda\u015ft\u0131ran b\u00fct\u00fcn \u015f\u00fcpheli iddialar\u0131 reddediyoruz\u201d dedi.<\/p>\n<p style=\"text-align: justify\">\u0130ranl\u0131 s\u00f6zc\u00fc ayr\u0131ca,\u00a0Irak\u00a0h\u00fck\u00fcmetinden olay\u0131n soru\u015fturulmas\u0131n\u0131 ve faillerinin cezaland\u0131r\u0131lmas\u0131n\u0131 istedi.<\/p>\n<p style=\"text-align: justify\">D\u00fcn ak\u015fam ba\u015fkent Erbil\u2019de d\u00fczenlenen katyu\u015fa f\u00fczeli sald\u0131r\u0131y\u0131,\u00a0\u015eii\u00a0\u201cSeraya Evliya Ed-Dem\u201d isimli grup \u00fcstlenmi\u015fti.<\/p>\n","protected":false},"excerpt":{"rendered":"<p>\u00a0\u0130ran D\u0131\u015fi\u015fleri Bakanl\u0131\u011f\u0131, Erbil sald\u0131r\u0131s\u0131yla bir ilgilerinin olmad\u0131\u011f\u0131 a\u00e7\u0131klamas\u0131nda bulundu. \u0130ran\u00a0D\u0131\u015fi\u015fleri Bakanl\u0131\u011f\u0131\u00a0S\u00f6zc\u00fcs\u00fc Said Hatibzade yapt\u0131\u011f\u0131 a\u00e7\u0131klamada, \u201cIrak\u2019\u0131n g\u00fcvenli\u011finin, kom\u015fu \u00fclkeler ve b\u00fct\u00fcn b\u00f6lge i\u00e7in \u00f6nemli oldu\u011funu\u201d s\u00f6yledi. Hatibzade, \u201cErbil\u00a0olaylar\u0131n\u0131 \u0130ran\u2019la ba\u011fda\u015ft\u0131ran b\u00fct\u00fcn \u015f\u00fcpheli iddialar\u0131 reddediyoruz\u201d dedi. \u0130ranl\u0131 s\u00f6zc\u00fc ayr\u0131ca,\u00a0Irak\u00a0h\u00fck\u00fcmetinden olay\u0131n soru\u015fturulmas\u0131n\u0131 ve faillerinin cezaland\u0131r\u0131lmas\u0131n\u0131 istedi. D\u00fcn ak\u015fam ba\u015fkent Erbil\u2019de d\u00fczenlenen katyu\u015fa f\u00fczeli sald\u0131r\u0131y\u0131,\u00a0\u015eii\u00a0\u201cSeraya Evliya Ed-Dem\u201d [&hellip;]<\/p>\n","protected":false},"author":2,"featured_media":1013069,"comment_status":"closed","ping_status":"closed","sticky":false,"template":"","format":"standard","meta":{"footnotes":""},"categories":[29],"tags":[31],"class_list":["post-1013068","post","type-post","status-publish","format-standard","has-post-thumbnail","hentry","category-ortadogu","tag-onemli"],"blocksy_meta":[],"seo_head":"<!-- This site is optimized with the Yoast SEO plugin v27.5 - https:\/\/yoast.com\/product\/yoast-seo-wordpress\/ -->\n<title>\u0130ran: \u201cErbil\u00a0olaylar\u0131n\u0131 \u0130ran\u2019la ba\u011fda\u015ft\u0131ran b\u00fct\u00fcn \u015f\u00fcpheli iddialar\u0131 reddediyoruz\u201d - Darka Mazi<\/title>\n<meta name=\"robots\" content=\"index, follow, max-snippet:-1, max-image-preview:large, max-video-preview:-1\" \/>\n<link rel=\"canonical\" href=\"https:\/\/darkamazi.site\/archives\/1013068\" \/>\n<meta property=\"og:locale\" content=\"en_US\" \/>\n<meta property=\"og:type\" content=\"article\" \/>\n<meta property=\"og:title\" content=\"\u0130ran: \u201cErbil\u00a0olaylar\u0131n\u0131 \u0130ran\u2019la ba\u011fda\u015ft\u0131ran b\u00fct\u00fcn \u015f\u00fcpheli iddialar\u0131 reddediyoruz\u201d - Darka Mazi\" \/>\n<meta property=\"og:description\" content=\"\u00a0\u0130ran D\u0131\u015fi\u015fleri Bakanl\u0131\u011f\u0131, Erbil sald\u0131r\u0131s\u0131yla bir ilgilerinin olmad\u0131\u011f\u0131 a\u00e7\u0131klamas\u0131nda bulundu. \u0130ran\u00a0D\u0131\u015fi\u015fleri Bakanl\u0131\u011f\u0131\u00a0S\u00f6zc\u00fcs\u00fc Said Hatibzade yapt\u0131\u011f\u0131 a\u00e7\u0131klamada, \u201cIrak\u2019\u0131n g\u00fcvenli\u011finin, kom\u015fu \u00fclkeler ve b\u00fct\u00fcn b\u00f6lge i\u00e7in \u00f6nemli oldu\u011funu\u201d s\u00f6yledi. Hatibzade, \u201cErbil\u00a0olaylar\u0131n\u0131 \u0130ran\u2019la ba\u011fda\u015ft\u0131ran b\u00fct\u00fcn \u015f\u00fcpheli iddialar\u0131 reddediyoruz\u201d dedi. \u0130ranl\u0131 s\u00f6zc\u00fc ayr\u0131ca,\u00a0Irak\u00a0h\u00fck\u00fcmetinden olay\u0131n soru\u015fturulmas\u0131n\u0131 ve faillerinin cezaland\u0131r\u0131lmas\u0131n\u0131 istedi. D\u00fcn ak\u015fam ba\u015fkent Erbil\u2019de d\u00fczenlenen katyu\u015fa f\u00fczeli sald\u0131r\u0131y\u0131,\u00a0\u015eii\u00a0\u201cSeraya Evliya Ed-Dem\u201d [&hellip;]\" \/>\n<meta property=\"og:url\" content=\"https:\/\/darkamazi.site\/archives\/1013068\" \/>\n<meta property=\"og:site_name\" content=\"Darka Mazi\" \/>\n<meta property=\"article:publisher\" content=\"https:\/\/www.facebook.com\/DarkaMaziturkce\" \/>\n<meta property=\"article:published_time\" content=\"2021-02-16T16:09:54+00:00\" \/>\n<meta property=\"og:image\" content=\"https:\/\/darkamazi.site\/file\/2021\/02\/iran.jpg\" \/>\n\t<meta property=\"og:image:width\" content=\"1182\" \/>\n\t<meta property=\"og:image:height\" content=\"665\" \/>\n\t<meta property=\"og:image:type\" content=\"image\/jpeg\" \/>\n<meta name=\"author\" content=\"darka mazi\" \/>\n<meta name=\"twitter:card\" content=\"summary_large_image\" \/>\n<meta name=\"twitter:creator\" content=\"@DarkaMaziTurkce\" \/>\n<meta name=\"twitter:site\" content=\"@DarkaMaziTurkce\" \/>\n<meta name=\"twitter:label1\" content=\"Written by\" \/>\n\t<meta name=\"twitter:data1\" content=\"darka mazi\" \/>\n\t<meta name=\"twitter:label2\" content=\"Est. reading time\" \/>\n\t<meta name=\"twitter:data2\" content=\"1 minute\" \/>\n<script type=\"application\/ld+json\" class=\"seo-schema-graph\">{\"@context\":\"https:\\\/\\\/schema.org\",\"@graph\":[{\"@type\":\"NewsArticle\",\"@id\":\"https:\\\/\\\/darkamazi.site\\\/archives\\\/1013068#article\",\"isPartOf\":{\"@id\":\"https:\\\/\\\/darkamazi.site\\\/archives\\\/1013068\"},\"author\":{\"name\":\"darka mazi\",\"@id\":\"https:\\\/\\\/darkamazi.site\\\/#\\\/schema\\\/person\\\/67986a95ac546c16760365877ef4a9d3\"},\"headline\":\"\u0130ran: \u201cErbil\u00a0olaylar\u0131n\u0131 \u0130ran\u2019la ba\u011fda\u015ft\u0131ran b\u00fct\u00fcn \u015f\u00fcpheli iddialar\u0131 reddediyoruz\u201d\",\"datePublished\":\"2021-02-16T16:09:54+00:00\",\"mainEntityOfPage\":{\"@id\":\"https:\\\/\\\/darkamazi.site\\\/archives\\\/1013068\"},\"wordCount\":130,\"publisher\":{\"@id\":\"https:\\\/\\\/darkamazi.site\\\/#organization\"},\"image\":{\"@id\":\"https:\\\/\\\/darkamazi.site\\\/archives\\\/1013068#primaryimage\"},\"thumbnailUrl\":\"https:\\\/\\\/darkamazi.site\\\/darka-content\\\/uploads\\\/2021\\\/02\\\/iran.jpg\",\"keywords\":[\"\u00f6nemli\"],\"articleSection\":[\"Ortado\u011fu\"],\"inLanguage\":\"en-US\"},{\"@type\":\"WebPage\",\"@id\":\"https:\\\/\\\/darkamazi.site\\\/archives\\\/1013068\",\"url\":\"https:\\\/\\\/darkamazi.site\\\/archives\\\/1013068\",\"name\":\"\u0130ran: \u201cErbil\u00a0olaylar\u0131n\u0131 \u0130ran\u2019la ba\u011fda\u015ft\u0131ran b\u00fct\u00fcn \u015f\u00fcpheli iddialar\u0131 reddediyoruz\u201d - Darka Mazi\",\"isPartOf\":{\"@id\":\"https:\\\/\\\/darkamazi.site\\\/#website\"},\"primaryImageOfPage\":{\"@id\":\"https:\\\/\\\/darkamazi.site\\\/archives\\\/1013068#primaryimage\"},\"image\":{\"@id\":\"https:\\\/\\\/darkamazi.site\\\/archives\\\/1013068#primaryimage\"},\"thumbnailUrl\":\"https:\\\/\\\/darkamazi.site\\\/darka-content\\\/uploads\\\/2021\\\/02\\\/iran.jpg\",\"datePublished\":\"2021-02-16T16:09:54+00:00\",\"breadcrumb\":{\"@id\":\"https:\\\/\\\/darkamazi.site\\\/archives\\\/1013068#breadcrumb\"},\"inLanguage\":\"en-US\",\"potentialAction\":[{\"@type\":\"ReadAction\",\"target\":[\"https:\\\/\\\/darkamazi.site\\\/archives\\\/1013068\"]}]},{\"@type\":\"ImageObject\",\"inLanguage\":\"en-US\",\"@id\":\"https:\\\/\\\/darkamazi.site\\\/archives\\\/1013068#primaryimage\",\"url\":\"https:\\\/\\\/darkamazi.site\\\/darka-content\\\/uploads\\\/2021\\\/02\\\/iran.jpg\",\"contentUrl\":\"https:\\\/\\\/darkamazi.site\\\/darka-content\\\/uploads\\\/2021\\\/02\\\/iran.jpg\",\"width\":1182,\"height\":665,\"caption\":\"\u0130ran: \u201cErbil\u00a0olaylar\u0131n\u0131 \u0130ran\u2019la ba\u011fda\u015ft\u0131ran b\u00fct\u00fcn \u015f\u00fcpheli iddialar\u0131 reddediyoruz\u201d\"},{\"@type\":\"BreadcrumbList\",\"@id\":\"https:\\\/\\\/darkamazi.site\\\/archives\\\/1013068#breadcrumb\",\"itemListElement\":[{\"@type\":\"ListItem\",\"position\":1,\"name\":\"Home\",\"item\":\"https:\\\/\\\/darkamazi.site\\\/\"},{\"@type\":\"ListItem\",\"position\":2,\"name\":\"\u0130ran: \u201cErbil\u00a0olaylar\u0131n\u0131 \u0130ran\u2019la ba\u011fda\u015ft\u0131ran b\u00fct\u00fcn \u015f\u00fcpheli iddialar\u0131 reddediyoruz\u201d\"}]},{\"@type\":\"WebSite\",\"@id\":\"https:\\\/\\\/darkamazi.site\\\/#website\",\"url\":\"https:\\\/\\\/darkamazi.site\\\/\",\"name\":\"Darka Mazi\",\"description\":\"Ana Sayfa\",\"publisher\":{\"@id\":\"https:\\\/\\\/darkamazi.site\\\/#organization\"},\"potentialAction\":[{\"@type\":\"SearchAction\",\"target\":{\"@type\":\"EntryPoint\",\"urlTemplate\":\"https:\\\/\\\/darkamazi.site\\\/?s={search_term_string}\"},\"query-input\":{\"@type\":\"PropertyValueSpecification\",\"valueRequired\":true,\"valueName\":\"search_term_string\"}}],\"inLanguage\":\"en-US\"},{\"@type\":\"Organization\",\"@id\":\"https:\\\/\\\/darkamazi.site\\\/#organization\",\"name\":\"Darka Mazi T\u00fcrk\u00e7e\",\"alternateName\":\"Darka Mazi\",\"url\":\"https:\\\/\\\/darkamazi.site\\\/\",\"logo\":{\"@type\":\"ImageObject\",\"inLanguage\":\"en-US\",\"@id\":\"https:\\\/\\\/darkamazi.site\\\/#\\\/schema\\\/logo\\\/image\\\/\",\"url\":\"https:\\\/\\\/darkamazi.site\\\/darka-content\\\/uploads\\\/2017\\\/12\\\/darka-mazi-logo.png\",\"contentUrl\":\"https:\\\/\\\/darkamazi.site\\\/darka-content\\\/uploads\\\/2017\\\/12\\\/darka-mazi-logo.png\",\"width\":151,\"height\":75,\"caption\":\"Darka Mazi T\u00fcrk\u00e7e\"},\"image\":{\"@id\":\"https:\\\/\\\/darkamazi.site\\\/#\\\/schema\\\/logo\\\/image\\\/\"},\"sameAs\":[\"https:\\\/\\\/www.facebook.com\\\/DarkaMaziturkce\",\"https:\\\/\\\/x.com\\\/DarkaMaziTurkce\"]},{\"@type\":\"Person\",\"@id\":\"https:\\\/\\\/darkamazi.site\\\/#\\\/schema\\\/person\\\/67986a95ac546c16760365877ef4a9d3\",\"name\":\"darka mazi\",\"sameAs\":[\"https:\\\/\\\/darkamazi.site\"],\"url\":\"https:\\\/\\\/darkamazi.site\\\/archives\\\/author\\\/turkish\"}]}<\/script>\n<!-- \/ Yoast SEO plugin. -->","seo_head_json":{"title":"\u0130ran: \u201cErbil\u00a0olaylar\u0131n\u0131 \u0130ran\u2019la ba\u011fda\u015ft\u0131ran b\u00fct\u00fcn \u015f\u00fcpheli iddialar\u0131 reddediyoruz\u201d - Darka Mazi","robots":{"index":"index","follow":"follow","max-snippet":"max-snippet:-1","max-image-preview":"max-image-preview:large","max-video-preview":"max-video-preview:-1"},"canonical":"https:\/\/darkamazi.site\/archives\/1013068","og_locale":"en_US","og_type":"article","og_title":"\u0130ran: \u201cErbil\u00a0olaylar\u0131n\u0131 \u0130ran\u2019la ba\u011fda\u015ft\u0131ran b\u00fct\u00fcn \u015f\u00fcpheli iddialar\u0131 reddediyoruz\u201d - Darka Mazi","og_description":"\u00a0\u0130ran D\u0131\u015fi\u015fleri Bakanl\u0131\u011f\u0131, Erbil sald\u0131r\u0131s\u0131yla bir ilgilerinin olmad\u0131\u011f\u0131 a\u00e7\u0131klamas\u0131nda bulundu. \u0130ran\u00a0D\u0131\u015fi\u015fleri Bakanl\u0131\u011f\u0131\u00a0S\u00f6zc\u00fcs\u00fc Said Hatibzade yapt\u0131\u011f\u0131 a\u00e7\u0131klamada, \u201cIrak\u2019\u0131n g\u00fcvenli\u011finin, kom\u015fu \u00fclkeler ve b\u00fct\u00fcn b\u00f6lge i\u00e7in \u00f6nemli oldu\u011funu\u201d s\u00f6yledi. Hatibzade, \u201cErbil\u00a0olaylar\u0131n\u0131 \u0130ran\u2019la ba\u011fda\u015ft\u0131ran b\u00fct\u00fcn \u015f\u00fcpheli iddialar\u0131 reddediyoruz\u201d dedi. \u0130ranl\u0131 s\u00f6zc\u00fc ayr\u0131ca,\u00a0Irak\u00a0h\u00fck\u00fcmetinden olay\u0131n soru\u015fturulmas\u0131n\u0131 ve faillerinin cezaland\u0131r\u0131lmas\u0131n\u0131 istedi. D\u00fcn ak\u015fam ba\u015fkent Erbil\u2019de d\u00fczenlenen katyu\u015fa f\u00fczeli sald\u0131r\u0131y\u0131,\u00a0\u015eii\u00a0\u201cSeraya Evliya Ed-Dem\u201d [&hellip;]","og_url":"https:\/\/darkamazi.site\/archives\/1013068","og_site_name":"Darka Mazi","article_publisher":"https:\/\/www.facebook.com\/DarkaMaziturkce","article_published_time":"2021-02-16T16:09:54+00:00","og_image":[{"width":1182,"height":665,"url":"https:\/\/darkamazi.site\/file\/2021\/02\/iran.jpg","type":"image\/jpeg"}],"author":"darka mazi","twitter_card":"summary_large_image","twitter_creator":"@DarkaMaziTurkce","twitter_site":"@DarkaMaziTurkce","twitter_misc":{"Written by":"darka mazi","Est. reading time":"1 minute"},"schema":{"@context":"https:\/\/schema.org","@graph":[{"@type":"NewsArticle","@id":"https:\/\/darkamazi.site\/archives\/1013068#article","isPartOf":{"@id":"https:\/\/darkamazi.site\/archives\/1013068"},"author":{"name":"darka mazi","@id":"https:\/\/darkamazi.site\/#\/schema\/person\/67986a95ac546c16760365877ef4a9d3"},"headline":"\u0130ran: \u201cErbil\u00a0olaylar\u0131n\u0131 \u0130ran\u2019la ba\u011fda\u015ft\u0131ran b\u00fct\u00fcn \u015f\u00fcpheli iddialar\u0131 reddediyoruz\u201d","datePublished":"2021-02-16T16:09:54+00:00","mainEntityOfPage":{"@id":"https:\/\/darkamazi.site\/archives\/1013068"},"wordCount":130,"publisher":{"@id":"https:\/\/darkamazi.site\/#organization"},"image":{"@id":"https:\/\/darkamazi.site\/archives\/1013068#primaryimage"},"thumbnailUrl":"https:\/\/darkamazi.site\/file\/2021\/02\/iran.jpg","keywords":["\u00f6nemli"],"articleSection":["Ortado\u011fu"],"inLanguage":"en-US"},{"@type":"WebPage","@id":"https:\/\/darkamazi.site\/archives\/1013068","url":"https:\/\/darkamazi.site\/archives\/1013068","name":"\u0130ran: \u201cErbil\u00a0olaylar\u0131n\u0131 \u0130ran\u2019la ba\u011fda\u015ft\u0131ran b\u00fct\u00fcn \u015f\u00fcpheli iddialar\u0131 reddediyoruz\u201d - Darka Mazi","isPartOf":{"@id":"https:\/\/darkamazi.site\/#website"},"primaryImageOfPage":{"@id":"https:\/\/darkamazi.site\/archives\/1013068#primaryimage"},"image":{"@id":"https:\/\/darkamazi.site\/archives\/1013068#primaryimage"},"thumbnailUrl":"https:\/\/darkamazi.site\/file\/2021\/02\/iran.jpg","datePublished":"2021-02-16T16:09:54+00:00","breadcrumb":{"@id":"https:\/\/darkamazi.site\/archives\/1013068#breadcrumb"},"inLanguage":"en-US","potentialAction":[{"@type":"ReadAction","target":["https:\/\/darkamazi.site\/archives\/1013068"]}]},{"@type":"ImageObject","inLanguage":"en-US","@id":"https:\/\/darkamazi.site\/archives\/1013068#primaryimage","url":"https:\/\/darkamazi.site\/file\/2021\/02\/iran.jpg","contentUrl":"https:\/\/darkamazi.site\/file\/2021\/02\/iran.jpg","width":1182,"height":665,"caption":"\u0130ran: \u201cErbil\u00a0olaylar\u0131n\u0131 \u0130ran\u2019la ba\u011fda\u015ft\u0131ran b\u00fct\u00fcn \u015f\u00fcpheli iddialar\u0131 reddediyoruz\u201d"},{"@type":"BreadcrumbList","@id":"https:\/\/darkamazi.site\/archives\/1013068#breadcrumb","itemListElement":[{"@type":"ListItem","position":1,"name":"Home","item":"https:\/\/darkamazi.site\/"},{"@type":"ListItem","position":2,"name":"\u0130ran: \u201cErbil\u00a0olaylar\u0131n\u0131 \u0130ran\u2019la ba\u011fda\u015ft\u0131ran b\u00fct\u00fcn \u015f\u00fcpheli iddialar\u0131 reddediyoruz\u201d"}]},{"@type":"WebSite","@id":"https:\/\/darkamazi.site\/#website","url":"https:\/\/darkamazi.site\/","name":"Darka Mazi","description":"Ana Sayfa","publisher":{"@id":"https:\/\/darkamazi.site\/#organization"},"potentialAction":[{"@type":"SearchAction","target":{"@type":"EntryPoint","urlTemplate":"https:\/\/darkamazi.site\/?s={search_term_string}"},"query-input":{"@type":"PropertyValueSpecification","valueRequired":true,"valueName":"search_term_string"}}],"inLanguage":"en-US"},{"@type":"Organization","@id":"https:\/\/darkamazi.site\/#organization","name":"Darka Mazi T\u00fcrk\u00e7e","alternateName":"Darka Mazi","url":"https:\/\/darkamazi.site\/","logo":{"@type":"ImageObject","inLanguage":"en-US","@id":"https:\/\/darkamazi.site\/#\/schema\/logo\/image\/","url":"https:\/\/darkamazi.site\/file\/2017\/12\/darka-mazi-logo.png","contentUrl":"https:\/\/darkamazi.site\/file\/2017\/12\/darka-mazi-logo.png","width":151,"height":75,"caption":"Darka Mazi T\u00fcrk\u00e7e"},"image":{"@id":"https:\/\/darkamazi.site\/#\/schema\/logo\/image\/"},"sameAs":["https:\/\/www.facebook.com\/DarkaMaziturkce","https:\/\/x.com\/DarkaMaziTurkce"]},{"@type":"Person","@id":"https:\/\/darkamazi.site\/#\/schema\/person\/67986a95ac546c16760365877ef4a9d3","name":"darka mazi","sameAs":["https:\/\/darkamazi.site"],"url":"https:\/\/darkamazi.site\/archives\/author\/turkish"}]}},"_links":{"self":[{"href":"https:\/\/darkamazi.site\/funavuv\/wp\/v2\/posts\/1013068","targetHints":{"allow":["GET"]}}],"collection":[{"href":"https:\/\/darkamazi.site\/funavuv\/wp\/v2\/posts"}],"about":[{"href":"https:\/\/darkamazi.site\/funavuv\/wp\/v2\/types\/post"}],"author":[{"embeddable":true,"href":"https:\/\/darkamazi.site\/funavuv\/wp\/v2\/users\/2"}],"replies":[{"embeddable":true,"href":"https:\/\/darkamazi.site\/funavuv\/wp\/v2\/comments?post=1013068"}],"version-history":[{"count":0,"href":"https:\/\/darkamazi.site\/funavuv\/wp\/v2\/posts\/1013068\/revisions"}],"wp:featuredmedia":[{"embeddable":true,"href":"https:\/\/darkamazi.site\/funavuv\/wp\/v2\/media\/1013069"}],"wp:attachment":[{"href":"https:\/\/darkamazi.site\/funavuv\/wp\/v2\/media?parent=1013068"}],"wp:term":[{"taxonomy":"category","embeddable":true,"href":"https:\/\/darkamazi.site\/funavuv\/wp\/v2\/categories?post=1013068"},{"taxonomy":"post_tag","embeddable":true,"href":"https:\/\/darkamazi.site\/funavuv\/wp\/v2\/tags?post=1013068"}],"curies":[{"name":"wp","href":"https:\/\/api.w.org\/{rel}","templated":true}]}}