{"id":1013374,"date":"2021-03-06T15:55:50","date_gmt":"2021-03-06T12:55:50","guid":{"rendered":"https:\/\/darkamazi.site\/?p=1013374"},"modified":"2021-03-06T15:55:50","modified_gmt":"2021-03-06T12:55:50","slug":"kakailer-papaya-taleplerini-anlatiyor-irak-anayasasinda-belirlenen-140inci-maddenin-gereklerinin-uygulanmasini-istiyoruz","status":"publish","type":"post","link":"https:\/\/darkamazi.site\/archives\/1013374","title":{"rendered":"Kakailer Papa&#8217;ya taleplerini anlat\u0131yor: Irak Anayasas\u0131nda belirlenen 140\u2019\u0131nc\u0131 Maddenin gereklerinin uygulanmas\u0131n\u0131 istiyoruz."},"content":{"rendered":"<p style=\"text-align: justify\">Papa Franciscu, Ayetullah El Sistani&#8217;yi ziyaretinin ard\u0131ndan Ur ovas\u0131nda dinler aras\u0131 bulu\u015fmaya kat\u0131ld\u0131. K\u00fcrdistan\u2019dan giden Zerd\u00fc\u015fti ve Kakai temsilciler de Papa ile g\u00f6r\u00fc\u015f\u00fcp taleplerini aktarmak istediklerini belirtti.<\/p>\n<p style=\"text-align: justify\">Irak ve K\u00fcrdistan B\u00f6lgesi ziyaretinin ikinci g\u00fcn\u00fcnde tarihi Ur kentine ge\u00e7en Papa, burada d\u00fczenlenen dinler aras\u0131 bulu\u015fmaya kat\u0131ld\u0131.<\/p>\n<p style=\"text-align: justify\"><strong>\u201cKakailerin sorunu topraklar\u0131n\u0131n i\u015fgali\u201d<\/strong><\/p>\n<p style=\"text-align: justify\">Kakai temsilci Ferman Kakai de, \u201cBiz sesimizin Irak h\u00fckumetine de ula\u015fmas\u0131n\u0131 istiyoruz. Irak Anayasas\u0131nda belirlenen 140\u2019\u0131nc\u0131 Maddenin gereklerinin uygulanmas\u0131n\u0131 istiyoruz. Tart\u0131\u015fmal\u0131 b\u00f6lgelerde ya\u015fayan Kakailerin ve ter\u00f6ristlerin elinden kurtar\u0131lan bu b\u00f6lgelerde ya\u015fayanlar\u0131n topraklar\u0131 i\u015fgal edildi\u201d diye konu\u015ftu.<\/p>\n<p style=\"text-align: justify\">Papa\u2019ya ve yetkililere ula\u015ft\u0131rmak \u00fczere \u00fc\u00e7 dilde bir mektuop kaleme ald\u0131klar\u0131n\u0131 belirten Kakai, \u201cKakai K\u00fcrtlere kar\u015f\u0131 uygulanan kar\u015f\u0131t politikalara de\u011findik. Ayr\u0131ca \u00fczerinde Kakai sembollerin oldu\u011fu bir de hediye haz\u0131rlad\u0131k\u201d dedi.<\/p>\n<p style=\"text-align: justify\">Papa\u2019n\u0131n kat\u0131ld\u0131\u011f\u0131 Ur\u2019daki bulu\u015fmada Kuran ve \u0130ncil&#8217;den b\u00f6l\u00fcmlerin okundu ve &#8220;\u0130brahim&#8217;in \u00e7ocuklar\u0131&#8221; ba\u015fl\u0131kl\u0131 bir dua edildi.<\/p>\n<p style=\"text-align: justify\">Papa Franciscus burada yapt\u0131\u011f\u0131 konu\u015fmada, &#8220;Bizler, Yahudiler, Hristiyanlar ve M\u00fcsl\u00fcmanlar, di\u011fer dinlerden karde\u015flerimizle birlikte, babam\u0131z \u0130brahim&#8217;i onurland\u0131ral\u0131m&#8221; dedi.<\/p>\n<p style=\"text-align: justify\">&#8220;Bu \u00fclkenin \u00fczerinde karanl\u0131k ter\u00f6r, sava\u015f ve \u015fiddet bulutlar\u0131 topland\u0131. T\u00fcn etnik ve dini topluluklar bunun \u00e7ilesini \u00e7ekti&#8221; diyen Papa, \u00f6zellikle Ezidi K\u00fcrtlerin ya\u015fad\u0131klar\u0131na dikkat \u00e7ekti.<\/p>\n<h3 style=\"text-align: justify\"><span style=\"font-family: 'arial black', sans-serif;font-size: 12pt\">Zerd\u00fc\u015fti temscilcisi Fuad: \u0130nanc\u0131m\u0131z K\u00fcrdistan&#8217;da tan\u0131n\u0131yor ama Irak&#8217;da tan\u0131nm\u0131yor\u00a0<\/span><\/h3>\n<p style=\"text-align: justify\">Papa\u2019n\u0131n bulu\u015fmas\u0131na kat\u0131lmak \u00fczere Kerk\u00fck ve S\u00fcleymaniye\u2019den Ur kentine giden Zerd\u00fc\u015fti temsilci Faize Fuad, \u201cBuraya Kerk\u00fck ve S\u00fcleymaniye\u2019den geldik. Zerd\u00fc\u015ftilik K\u00fcrdistan B\u00f6lgesi\u2019nde tan\u0131nan bir inan\u00e7 ancak Irak\u2019ta tan\u0131nm\u0131yor. Irak anayasas\u0131nda Hristiyanlar ve Ezidiler gibi bu inanc\u0131n da tan\u0131nmas\u0131n\u0131 ve haklar\u0131n\u0131n yer almas\u0131n\u0131 istiyoruz\u201d dedi.<\/p>\n<p style=\"text-align: justify\">Kerk\u00fck\u2019te Zerd\u00fc\u015fti oldu\u011funu a\u00e7\u0131k\u00e7a beyan eden yakla\u015f\u0131k 500 ki\u015finin bulundu\u011funu anlatan Fuad, \u201cPapa\u2019n\u0131n ziyareti iki a\u00e7\u0131dan \u00e7ok \u00f6nemli. Siyasi a\u00e7\u0131dan ve dinler aras\u0131 diyalog a\u00e7\u0131s\u0131ndan. Biz Zerd\u00fc\u015ftiler olarak bu inanc\u0131n bu topraklar\u0131n orjinal ve kadim inan\u00e7lar\u0131ndan biri oldu\u011funu belirtiyoruz. \u0130badethalnelerimizin yenilenmesini, geleneklerimizin resmen tan\u0131nmas\u0131n\u0131 talep ediyoruz\u201d diye konu\u015ftu.<\/p>\n<p style=\"text-align: justify\">Faize Fuad, Papa ile g\u00f6r\u00fc\u015fmeyi umduklar\u0131n\u0131, g\u00f6r\u00fc\u015fme olmasa da taleplerini Papa\u2019ya mektupla iletmeyi d\u00fc\u015f\u00fcnd\u00fcklerini s\u00f6yledi.<\/p>\n","protected":false},"excerpt":{"rendered":"<p>Papa Franciscu, Ayetullah El Sistani&#8217;yi ziyaretinin ard\u0131ndan Ur ovas\u0131nda dinler aras\u0131 bulu\u015fmaya kat\u0131ld\u0131. K\u00fcrdistan\u2019dan giden Zerd\u00fc\u015fti ve Kakai temsilciler de Papa ile g\u00f6r\u00fc\u015f\u00fcp taleplerini aktarmak istediklerini belirtti. Irak ve K\u00fcrdistan B\u00f6lgesi ziyaretinin ikinci g\u00fcn\u00fcnde tarihi Ur kentine ge\u00e7en Papa, burada d\u00fczenlenen dinler aras\u0131 bulu\u015fmaya kat\u0131ld\u0131. \u201cKakailerin sorunu topraklar\u0131n\u0131n i\u015fgali\u201d Kakai temsilci Ferman Kakai de, \u201cBiz [&hellip;]<\/p>\n","protected":false},"author":2,"featured_media":1013375,"comment_status":"closed","ping_status":"closed","sticky":false,"template":"","format":"standard","meta":{"footnotes":""},"categories":[4],"tags":[31],"class_list":["post-1013374","post","type-post","status-publish","format-standard","has-post-thumbnail","hentry","category-yasamdan","tag-onemli"],"blocksy_meta":[],"seo_head":"<!-- This site is optimized with the Yoast SEO plugin v27.5 - https:\/\/yoast.com\/product\/yoast-seo-wordpress\/ -->\n<title>Kakailer Papa&#039;ya taleplerini anlat\u0131yor: Irak Anayasas\u0131nda belirlenen 140\u2019\u0131nc\u0131 Maddenin gereklerinin uygulanmas\u0131n\u0131 istiyoruz. - Darka Mazi<\/title>\n<meta name=\"robots\" content=\"index, follow, max-snippet:-1, max-image-preview:large, max-video-preview:-1\" \/>\n<link rel=\"canonical\" href=\"https:\/\/darkamazi.site\/archives\/1013374\" \/>\n<meta property=\"og:locale\" content=\"en_US\" \/>\n<meta property=\"og:type\" content=\"article\" \/>\n<meta property=\"og:title\" content=\"Kakailer Papa&#039;ya taleplerini anlat\u0131yor: Irak Anayasas\u0131nda belirlenen 140\u2019\u0131nc\u0131 Maddenin gereklerinin uygulanmas\u0131n\u0131 istiyoruz. - Darka Mazi\" \/>\n<meta property=\"og:description\" content=\"Papa Franciscu, Ayetullah El Sistani&#8217;yi ziyaretinin ard\u0131ndan Ur ovas\u0131nda dinler aras\u0131 bulu\u015fmaya kat\u0131ld\u0131. K\u00fcrdistan\u2019dan giden Zerd\u00fc\u015fti ve Kakai temsilciler de Papa ile g\u00f6r\u00fc\u015f\u00fcp taleplerini aktarmak istediklerini belirtti. Irak ve K\u00fcrdistan B\u00f6lgesi ziyaretinin ikinci g\u00fcn\u00fcnde tarihi Ur kentine ge\u00e7en Papa, burada d\u00fczenlenen dinler aras\u0131 bulu\u015fmaya kat\u0131ld\u0131. \u201cKakailerin sorunu topraklar\u0131n\u0131n i\u015fgali\u201d Kakai temsilci Ferman Kakai de, \u201cBiz [&hellip;]\" \/>\n<meta property=\"og:url\" content=\"https:\/\/darkamazi.site\/archives\/1013374\" \/>\n<meta property=\"og:site_name\" content=\"Darka Mazi\" \/>\n<meta property=\"article:publisher\" content=\"https:\/\/www.facebook.com\/DarkaMaziturkce\" \/>\n<meta property=\"article:published_time\" content=\"2021-03-06T12:55:50+00:00\" \/>\n<meta property=\"og:image\" content=\"https:\/\/darkamazi.site\/file\/2021\/03\/Kakeiler-ve-Papa.jpg\" \/>\n\t<meta property=\"og:image:width\" content=\"752\" \/>\n\t<meta property=\"og:image:height\" content=\"472\" \/>\n\t<meta property=\"og:image:type\" content=\"image\/jpeg\" \/>\n<meta name=\"author\" content=\"darka mazi\" \/>\n<meta name=\"twitter:card\" content=\"summary_large_image\" \/>\n<meta name=\"twitter:creator\" content=\"@DarkaMaziTurkce\" \/>\n<meta name=\"twitter:site\" content=\"@DarkaMaziTurkce\" \/>\n<meta name=\"twitter:label1\" content=\"Written by\" \/>\n\t<meta name=\"twitter:data1\" content=\"darka mazi\" \/>\n\t<meta name=\"twitter:label2\" content=\"Est. reading time\" \/>\n\t<meta name=\"twitter:data2\" content=\"2 minutes\" \/>\n<script type=\"application\/ld+json\" class=\"seo-schema-graph\">{\"@context\":\"https:\\\/\\\/schema.org\",\"@graph\":[{\"@type\":\"NewsArticle\",\"@id\":\"https:\\\/\\\/darkamazi.site\\\/archives\\\/1013374#article\",\"isPartOf\":{\"@id\":\"https:\\\/\\\/darkamazi.site\\\/archives\\\/1013374\"},\"author\":{\"name\":\"darka mazi\",\"@id\":\"https:\\\/\\\/darkamazi.site\\\/#\\\/schema\\\/person\\\/67986a95ac546c16760365877ef4a9d3\"},\"headline\":\"Kakailer Papa&#8217;ya taleplerini anlat\u0131yor: Irak Anayasas\u0131nda belirlenen 140\u2019\u0131nc\u0131 Maddenin gereklerinin uygulanmas\u0131n\u0131 istiyoruz.\",\"datePublished\":\"2021-03-06T12:55:50+00:00\",\"mainEntityOfPage\":{\"@id\":\"https:\\\/\\\/darkamazi.site\\\/archives\\\/1013374\"},\"wordCount\":450,\"publisher\":{\"@id\":\"https:\\\/\\\/darkamazi.site\\\/#organization\"},\"image\":{\"@id\":\"https:\\\/\\\/darkamazi.site\\\/archives\\\/1013374#primaryimage\"},\"thumbnailUrl\":\"https:\\\/\\\/darkamazi.site\\\/darka-content\\\/uploads\\\/2021\\\/03\\\/Kakeiler-ve-Papa.jpg\",\"keywords\":[\"\u00f6nemli\"],\"articleSection\":[\"ya\u015famdan\"],\"inLanguage\":\"en-US\"},{\"@type\":\"WebPage\",\"@id\":\"https:\\\/\\\/darkamazi.site\\\/archives\\\/1013374\",\"url\":\"https:\\\/\\\/darkamazi.site\\\/archives\\\/1013374\",\"name\":\"Kakailer Papa'ya taleplerini anlat\u0131yor: Irak Anayasas\u0131nda belirlenen 140\u2019\u0131nc\u0131 Maddenin gereklerinin uygulanmas\u0131n\u0131 istiyoruz. - Darka Mazi\",\"isPartOf\":{\"@id\":\"https:\\\/\\\/darkamazi.site\\\/#website\"},\"primaryImageOfPage\":{\"@id\":\"https:\\\/\\\/darkamazi.site\\\/archives\\\/1013374#primaryimage\"},\"image\":{\"@id\":\"https:\\\/\\\/darkamazi.site\\\/archives\\\/1013374#primaryimage\"},\"thumbnailUrl\":\"https:\\\/\\\/darkamazi.site\\\/darka-content\\\/uploads\\\/2021\\\/03\\\/Kakeiler-ve-Papa.jpg\",\"datePublished\":\"2021-03-06T12:55:50+00:00\",\"breadcrumb\":{\"@id\":\"https:\\\/\\\/darkamazi.site\\\/archives\\\/1013374#breadcrumb\"},\"inLanguage\":\"en-US\",\"potentialAction\":[{\"@type\":\"ReadAction\",\"target\":[\"https:\\\/\\\/darkamazi.site\\\/archives\\\/1013374\"]}]},{\"@type\":\"ImageObject\",\"inLanguage\":\"en-US\",\"@id\":\"https:\\\/\\\/darkamazi.site\\\/archives\\\/1013374#primaryimage\",\"url\":\"https:\\\/\\\/darkamazi.site\\\/darka-content\\\/uploads\\\/2021\\\/03\\\/Kakeiler-ve-Papa.jpg\",\"contentUrl\":\"https:\\\/\\\/darkamazi.site\\\/darka-content\\\/uploads\\\/2021\\\/03\\\/Kakeiler-ve-Papa.jpg\",\"width\":752,\"height\":472,\"caption\":\"Kakailer Papa'ya taleplerini anlat\u0131yor: Irak Anayasas\u0131nda belirlenen 140\u2019\u0131nc\u0131 Maddenin gereklerinin uygulanmas\u0131n\u0131 istiyoruz.\"},{\"@type\":\"BreadcrumbList\",\"@id\":\"https:\\\/\\\/darkamazi.site\\\/archives\\\/1013374#breadcrumb\",\"itemListElement\":[{\"@type\":\"ListItem\",\"position\":1,\"name\":\"Home\",\"item\":\"https:\\\/\\\/darkamazi.site\\\/\"},{\"@type\":\"ListItem\",\"position\":2,\"name\":\"Kakailer Papa&#8217;ya taleplerini anlat\u0131yor: Irak Anayasas\u0131nda belirlenen 140\u2019\u0131nc\u0131 Maddenin gereklerinin uygulanmas\u0131n\u0131 istiyoruz.\"}]},{\"@type\":\"WebSite\",\"@id\":\"https:\\\/\\\/darkamazi.site\\\/#website\",\"url\":\"https:\\\/\\\/darkamazi.site\\\/\",\"name\":\"Darka Mazi\",\"description\":\"Ana Sayfa\",\"publisher\":{\"@id\":\"https:\\\/\\\/darkamazi.site\\\/#organization\"},\"potentialAction\":[{\"@type\":\"SearchAction\",\"target\":{\"@type\":\"EntryPoint\",\"urlTemplate\":\"https:\\\/\\\/darkamazi.site\\\/?s={search_term_string}\"},\"query-input\":{\"@type\":\"PropertyValueSpecification\",\"valueRequired\":true,\"valueName\":\"search_term_string\"}}],\"inLanguage\":\"en-US\"},{\"@type\":\"Organization\",\"@id\":\"https:\\\/\\\/darkamazi.site\\\/#organization\",\"name\":\"Darka Mazi T\u00fcrk\u00e7e\",\"alternateName\":\"Darka Mazi\",\"url\":\"https:\\\/\\\/darkamazi.site\\\/\",\"logo\":{\"@type\":\"ImageObject\",\"inLanguage\":\"en-US\",\"@id\":\"https:\\\/\\\/darkamazi.site\\\/#\\\/schema\\\/logo\\\/image\\\/\",\"url\":\"https:\\\/\\\/darkamazi.site\\\/darka-content\\\/uploads\\\/2017\\\/12\\\/darka-mazi-logo.png\",\"contentUrl\":\"https:\\\/\\\/darkamazi.site\\\/darka-content\\\/uploads\\\/2017\\\/12\\\/darka-mazi-logo.png\",\"width\":151,\"height\":75,\"caption\":\"Darka Mazi T\u00fcrk\u00e7e\"},\"image\":{\"@id\":\"https:\\\/\\\/darkamazi.site\\\/#\\\/schema\\\/logo\\\/image\\\/\"},\"sameAs\":[\"https:\\\/\\\/www.facebook.com\\\/DarkaMaziturkce\",\"https:\\\/\\\/x.com\\\/DarkaMaziTurkce\"]},{\"@type\":\"Person\",\"@id\":\"https:\\\/\\\/darkamazi.site\\\/#\\\/schema\\\/person\\\/67986a95ac546c16760365877ef4a9d3\",\"name\":\"darka mazi\",\"sameAs\":[\"https:\\\/\\\/darkamazi.site\"],\"url\":\"https:\\\/\\\/darkamazi.site\\\/archives\\\/author\\\/turkish\"}]}<\/script>\n<!-- \/ Yoast SEO plugin. -->","seo_head_json":{"title":"Kakailer Papa'ya taleplerini anlat\u0131yor: Irak Anayasas\u0131nda belirlenen 140\u2019\u0131nc\u0131 Maddenin gereklerinin uygulanmas\u0131n\u0131 istiyoruz. - Darka Mazi","robots":{"index":"index","follow":"follow","max-snippet":"max-snippet:-1","max-image-preview":"max-image-preview:large","max-video-preview":"max-video-preview:-1"},"canonical":"https:\/\/darkamazi.site\/archives\/1013374","og_locale":"en_US","og_type":"article","og_title":"Kakailer Papa'ya taleplerini anlat\u0131yor: Irak Anayasas\u0131nda belirlenen 140\u2019\u0131nc\u0131 Maddenin gereklerinin uygulanmas\u0131n\u0131 istiyoruz. - Darka Mazi","og_description":"Papa Franciscu, Ayetullah El Sistani&#8217;yi ziyaretinin ard\u0131ndan Ur ovas\u0131nda dinler aras\u0131 bulu\u015fmaya kat\u0131ld\u0131. K\u00fcrdistan\u2019dan giden Zerd\u00fc\u015fti ve Kakai temsilciler de Papa ile g\u00f6r\u00fc\u015f\u00fcp taleplerini aktarmak istediklerini belirtti. Irak ve K\u00fcrdistan B\u00f6lgesi ziyaretinin ikinci g\u00fcn\u00fcnde tarihi Ur kentine ge\u00e7en Papa, burada d\u00fczenlenen dinler aras\u0131 bulu\u015fmaya kat\u0131ld\u0131. \u201cKakailerin sorunu topraklar\u0131n\u0131n i\u015fgali\u201d Kakai temsilci Ferman Kakai de, \u201cBiz [&hellip;]","og_url":"https:\/\/darkamazi.site\/archives\/1013374","og_site_name":"Darka Mazi","article_publisher":"https:\/\/www.facebook.com\/DarkaMaziturkce","article_published_time":"2021-03-06T12:55:50+00:00","og_image":[{"width":752,"height":472,"url":"https:\/\/darkamazi.site\/file\/2021\/03\/Kakeiler-ve-Papa.jpg","type":"image\/jpeg"}],"author":"darka mazi","twitter_card":"summary_large_image","twitter_creator":"@DarkaMaziTurkce","twitter_site":"@DarkaMaziTurkce","twitter_misc":{"Written by":"darka mazi","Est. reading time":"2 minutes"},"schema":{"@context":"https:\/\/schema.org","@graph":[{"@type":"NewsArticle","@id":"https:\/\/darkamazi.site\/archives\/1013374#article","isPartOf":{"@id":"https:\/\/darkamazi.site\/archives\/1013374"},"author":{"name":"darka mazi","@id":"https:\/\/darkamazi.site\/#\/schema\/person\/67986a95ac546c16760365877ef4a9d3"},"headline":"Kakailer Papa&#8217;ya taleplerini anlat\u0131yor: Irak Anayasas\u0131nda belirlenen 140\u2019\u0131nc\u0131 Maddenin gereklerinin uygulanmas\u0131n\u0131 istiyoruz.","datePublished":"2021-03-06T12:55:50+00:00","mainEntityOfPage":{"@id":"https:\/\/darkamazi.site\/archives\/1013374"},"wordCount":450,"publisher":{"@id":"https:\/\/darkamazi.site\/#organization"},"image":{"@id":"https:\/\/darkamazi.site\/archives\/1013374#primaryimage"},"thumbnailUrl":"https:\/\/darkamazi.site\/file\/2021\/03\/Kakeiler-ve-Papa.jpg","keywords":["\u00f6nemli"],"articleSection":["ya\u015famdan"],"inLanguage":"en-US"},{"@type":"WebPage","@id":"https:\/\/darkamazi.site\/archives\/1013374","url":"https:\/\/darkamazi.site\/archives\/1013374","name":"Kakailer Papa'ya taleplerini anlat\u0131yor: Irak Anayasas\u0131nda belirlenen 140\u2019\u0131nc\u0131 Maddenin gereklerinin uygulanmas\u0131n\u0131 istiyoruz. - Darka Mazi","isPartOf":{"@id":"https:\/\/darkamazi.site\/#website"},"primaryImageOfPage":{"@id":"https:\/\/darkamazi.site\/archives\/1013374#primaryimage"},"image":{"@id":"https:\/\/darkamazi.site\/archives\/1013374#primaryimage"},"thumbnailUrl":"https:\/\/darkamazi.site\/file\/2021\/03\/Kakeiler-ve-Papa.jpg","datePublished":"2021-03-06T12:55:50+00:00","breadcrumb":{"@id":"https:\/\/darkamazi.site\/archives\/1013374#breadcrumb"},"inLanguage":"en-US","potentialAction":[{"@type":"ReadAction","target":["https:\/\/darkamazi.site\/archives\/1013374"]}]},{"@type":"ImageObject","inLanguage":"en-US","@id":"https:\/\/darkamazi.site\/archives\/1013374#primaryimage","url":"https:\/\/darkamazi.site\/file\/2021\/03\/Kakeiler-ve-Papa.jpg","contentUrl":"https:\/\/darkamazi.site\/file\/2021\/03\/Kakeiler-ve-Papa.jpg","width":752,"height":472,"caption":"Kakailer Papa'ya taleplerini anlat\u0131yor: Irak Anayasas\u0131nda belirlenen 140\u2019\u0131nc\u0131 Maddenin gereklerinin uygulanmas\u0131n\u0131 istiyoruz."},{"@type":"BreadcrumbList","@id":"https:\/\/darkamazi.site\/archives\/1013374#breadcrumb","itemListElement":[{"@type":"ListItem","position":1,"name":"Home","item":"https:\/\/darkamazi.site\/"},{"@type":"ListItem","position":2,"name":"Kakailer Papa&#8217;ya taleplerini anlat\u0131yor: Irak Anayasas\u0131nda belirlenen 140\u2019\u0131nc\u0131 Maddenin gereklerinin uygulanmas\u0131n\u0131 istiyoruz."}]},{"@type":"WebSite","@id":"https:\/\/darkamazi.site\/#website","url":"https:\/\/darkamazi.site\/","name":"Darka Mazi","description":"Ana Sayfa","publisher":{"@id":"https:\/\/darkamazi.site\/#organization"},"potentialAction":[{"@type":"SearchAction","target":{"@type":"EntryPoint","urlTemplate":"https:\/\/darkamazi.site\/?s={search_term_string}"},"query-input":{"@type":"PropertyValueSpecification","valueRequired":true,"valueName":"search_term_string"}}],"inLanguage":"en-US"},{"@type":"Organization","@id":"https:\/\/darkamazi.site\/#organization","name":"Darka Mazi T\u00fcrk\u00e7e","alternateName":"Darka Mazi","url":"https:\/\/darkamazi.site\/","logo":{"@type":"ImageObject","inLanguage":"en-US","@id":"https:\/\/darkamazi.site\/#\/schema\/logo\/image\/","url":"https:\/\/darkamazi.site\/file\/2017\/12\/darka-mazi-logo.png","contentUrl":"https:\/\/darkamazi.site\/file\/2017\/12\/darka-mazi-logo.png","width":151,"height":75,"caption":"Darka Mazi T\u00fcrk\u00e7e"},"image":{"@id":"https:\/\/darkamazi.site\/#\/schema\/logo\/image\/"},"sameAs":["https:\/\/www.facebook.com\/DarkaMaziturkce","https:\/\/x.com\/DarkaMaziTurkce"]},{"@type":"Person","@id":"https:\/\/darkamazi.site\/#\/schema\/person\/67986a95ac546c16760365877ef4a9d3","name":"darka mazi","sameAs":["https:\/\/darkamazi.site"],"url":"https:\/\/darkamazi.site\/archives\/author\/turkish"}]}},"_links":{"self":[{"href":"https:\/\/darkamazi.site\/funavuv\/wp\/v2\/posts\/1013374","targetHints":{"allow":["GET"]}}],"collection":[{"href":"https:\/\/darkamazi.site\/funavuv\/wp\/v2\/posts"}],"about":[{"href":"https:\/\/darkamazi.site\/funavuv\/wp\/v2\/types\/post"}],"author":[{"embeddable":true,"href":"https:\/\/darkamazi.site\/funavuv\/wp\/v2\/users\/2"}],"replies":[{"embeddable":true,"href":"https:\/\/darkamazi.site\/funavuv\/wp\/v2\/comments?post=1013374"}],"version-history":[{"count":0,"href":"https:\/\/darkamazi.site\/funavuv\/wp\/v2\/posts\/1013374\/revisions"}],"wp:featuredmedia":[{"embeddable":true,"href":"https:\/\/darkamazi.site\/funavuv\/wp\/v2\/media\/1013375"}],"wp:attachment":[{"href":"https:\/\/darkamazi.site\/funavuv\/wp\/v2\/media?parent=1013374"}],"wp:term":[{"taxonomy":"category","embeddable":true,"href":"https:\/\/darkamazi.site\/funavuv\/wp\/v2\/categories?post=1013374"},{"taxonomy":"post_tag","embeddable":true,"href":"https:\/\/darkamazi.site\/funavuv\/wp\/v2\/tags?post=1013374"}],"curies":[{"name":"wp","href":"https:\/\/api.w.org\/{rel}","templated":true}]}}