{"id":1013401,"date":"2021-03-07T23:55:17","date_gmt":"2021-03-07T20:55:17","guid":{"rendered":"https:\/\/darkamazi.site\/?p=1013401"},"modified":"2021-03-08T00:17:54","modified_gmt":"2021-03-07T21:17:54","slug":"fotograflarla-papanin-erbil-ziyareti","status":"publish","type":"post","link":"https:\/\/darkamazi.site\/archives\/1013401","title":{"rendered":"Foto\u011fraflarla Papa\u2019n\u0131n Erbil ziyareti"},"content":{"rendered":"<div class=\"wpb-content-wrapper\"><p>[darkamazi_row][darkamazi_column][darkamazi_message message_box_style=&#8221;3d&#8221; message_box_color=&#8221;chino&#8221;]<\/p>\n<p style=\"text-align: justify;\">Katoliklerin dini lideri Papa a Francis Hewler ziyaretinin yank\u0131lar\u0131 s\u00fcr\u00fcyor. Papa\u2019n\u0131n ziyaretinin K\u00fcrdistan i\u00e7in \u00f6zel bir anlam\u0131 var.<\/p>\n<p style=\"text-align: justify;\">Papa Francis ziyareti s\u0131ras\u0131nda K\u00fcrdistan B\u00f6lgesel Y\u00f6netimi s\u0131n\u0131rlar\u0131 i\u00e7indeki dini ve etnik guruplar\u0131n bir arada ya\u015fama k\u00fclt\u00fcr\u00fcn\u00fc de \u00f6vd\u00fc. Papa K\u00fcrdistan B\u00f6lgesinin kurtar\u0131c\u0131 oldu\u011funu s\u00f6yledi.<\/p>\n<p style=\"text-align: justify;\">Papa\u2019n\u0131n Erbil\u2019deki g\u00f6r\u00fc\u015fmelerinden olu\u015fan fotolar\u0131 da K\u00fcrdistan B\u00f6lgesi\u2019nin Papa\u2019ya, Papa\u2019n\u0131n da K\u00fcrdistan B\u00f6lgesine olan dostlu\u011funu g\u00f6steriyor.<\/p>\n<p>[\/darkamazi_message][mpc_carousel_image preset=&#8221;mpc_preset_8&#8243; loop=&#8221;true&#8221; auto_slide=&#8221;true&#8221; delay=&#8221;1700&#8243; speed=&#8221;700&#8243; images=&#8221;1013402,1013403,1013404,1013405,1013406,1013407,1013408,1013409,1013410,1013411,1013412,1013413,1013414,1013415&#8243; rows=&#8221;1&#8243; cols=&#8221;1&#8243; gap=&#8221;5&#8243; start_at=&#8221;1&#8243; image_size=&#8221;large&#8221; image_opacity=&#8221;100&#8243; image_border_css=&#8221;border-width:15px;border-color:#f3f3f3;border-style:solid;&#8221; image_hover_opacity=&#8221;100&#8243; image_hover_border_css=&#8221;border-color:#ffffff;&#8221; overlay_icon_align=&#8221;top-right&#8221; overlay_enable_lightbox=&#8221;true&#8221; overlay_icon=&#8221;eti eti_arrow_expand&#8221; overlay_icon_color=&#8221;#ffffff&#8221; overlay_icon_size=&#8221;20&#8243; overlay_icon_background=&#8221;#dd2c3e&#8221; overlay_icon_margin_divider=&#8221;true&#8221; overlay_icon_margin_css=&#8221;margin-top:30px;margin-right:30px;&#8221; overlay_icon_padding_divider=&#8221;true&#8221; overlay_icon_padding_css=&#8221;padding-top:15px;padding-right:20px;padding-bottom:15px;padding-left:20px;&#8221; overlay_hover_color=&#8221;#fcfcfc&#8221; overlay_hover_icon_background=&#8221;#dd0016&#8243; mpc_navigation__preset=&#8221;mpc_preset_39&#8243; mpc_navigation__prev_margin_divider=&#8221;true&#8221; mpc_navigation__next_margin_divider=&#8221;true&#8221; mpc_navigation__padding_divider=&#8221;true&#8221; image_hover_inner_border_css=&#8221;box-shadow: inset 0px 0px 0px 10px rgba(255,255,255,0.7);&#8221;][\/darkamazi_column][\/darkamazi_row]<\/p>\n<\/div>","protected":false},"excerpt":{"rendered":"<p>[darkamazi_row][darkamazi_column][darkamazi_message message_box_style=&#8221;3d&#8221; message_box_color=&#8221;chino&#8221;] Katoliklerin dini lideri Papa a Francis Hewler ziyaretinin yank\u0131lar\u0131 s\u00fcr\u00fcyor. Papa\u2019n\u0131n ziyaretinin K\u00fcrdistan i\u00e7in \u00f6zel bir anlam\u0131 var. Papa Francis ziyareti s\u0131ras\u0131nda K\u00fcrdistan B\u00f6lgesel Y\u00f6netimi s\u0131n\u0131rlar\u0131 i\u00e7indeki dini ve etnik guruplar\u0131n bir arada ya\u015fama k\u00fclt\u00fcr\u00fcn\u00fc de \u00f6vd\u00fc. Papa K\u00fcrdistan B\u00f6lgesinin kurtar\u0131c\u0131 oldu\u011funu s\u00f6yledi. Papa\u2019n\u0131n Erbil\u2019deki g\u00f6r\u00fc\u015fmelerinden olu\u015fan fotolar\u0131 da K\u00fcrdistan B\u00f6lgesi\u2019nin Papa\u2019ya, [&hellip;]<\/p>\n","protected":false},"author":2,"featured_media":1013396,"comment_status":"closed","ping_status":"closed","sticky":false,"template":"","format":"image","meta":{"footnotes":""},"categories":[30],"tags":[31],"class_list":["post-1013401","post","type-post","status-publish","format-image","has-post-thumbnail","hentry","category-foto-galeri","tag-onemli","post_format-post-format-image"],"blocksy_meta":[],"seo_head":"<!-- This site is optimized with the Yoast SEO plugin v27.5 - https:\/\/yoast.com\/product\/yoast-seo-wordpress\/ -->\n<title>Foto\u011fraflarla Papa\u2019n\u0131n Erbil ziyareti - Darka Mazi<\/title>\n<meta name=\"robots\" content=\"index, follow, max-snippet:-1, max-image-preview:large, max-video-preview:-1\" \/>\n<link rel=\"canonical\" href=\"https:\/\/darkamazi.site\/archives\/1013401\" \/>\n<meta property=\"og:locale\" content=\"en_US\" \/>\n<meta property=\"og:type\" content=\"article\" \/>\n<meta property=\"og:title\" content=\"Foto\u011fraflarla Papa\u2019n\u0131n Erbil ziyareti - Darka Mazi\" \/>\n<meta property=\"og:description\" content=\"[darkamazi_row][darkamazi_column][darkamazi_message message_box_style=&#8221;3d&#8221; message_box_color=&#8221;chino&#8221;] Katoliklerin dini lideri Papa a Francis Hewler ziyaretinin yank\u0131lar\u0131 s\u00fcr\u00fcyor. Papa\u2019n\u0131n ziyaretinin K\u00fcrdistan i\u00e7in \u00f6zel bir anlam\u0131 var. Papa Francis ziyareti s\u0131ras\u0131nda K\u00fcrdistan B\u00f6lgesel Y\u00f6netimi s\u0131n\u0131rlar\u0131 i\u00e7indeki dini ve etnik guruplar\u0131n bir arada ya\u015fama k\u00fclt\u00fcr\u00fcn\u00fc de \u00f6vd\u00fc. Papa K\u00fcrdistan B\u00f6lgesinin kurtar\u0131c\u0131 oldu\u011funu s\u00f6yledi. Papa\u2019n\u0131n Erbil\u2019deki g\u00f6r\u00fc\u015fmelerinden olu\u015fan fotolar\u0131 da K\u00fcrdistan B\u00f6lgesi\u2019nin Papa\u2019ya, [&hellip;]\" \/>\n<meta property=\"og:url\" content=\"https:\/\/darkamazi.site\/archives\/1013401\" \/>\n<meta property=\"og:site_name\" content=\"Darka Mazi\" \/>\n<meta property=\"article:publisher\" content=\"https:\/\/www.facebook.com\/DarkaMaziturkce\" \/>\n<meta property=\"article:published_time\" content=\"2021-03-07T20:55:17+00:00\" \/>\n<meta property=\"article:modified_time\" content=\"2021-03-07T21:17:54+00:00\" \/>\n<meta property=\"og:image\" content=\"https:\/\/darkamazi.site\/file\/2021\/03\/Papa-Kurdistan-2.jpg\" \/>\n\t<meta property=\"og:image:width\" content=\"900\" \/>\n\t<meta property=\"og:image:height\" content=\"497\" \/>\n\t<meta property=\"og:image:type\" content=\"image\/jpeg\" \/>\n<meta name=\"author\" content=\"darka mazi\" \/>\n<meta name=\"twitter:card\" content=\"summary_large_image\" \/>\n<meta name=\"twitter:creator\" content=\"@DarkaMaziTurkce\" \/>\n<meta name=\"twitter:site\" content=\"@DarkaMaziTurkce\" \/>\n<meta name=\"twitter:label1\" content=\"Written by\" \/>\n\t<meta name=\"twitter:data1\" content=\"darka mazi\" \/>\n\t<meta name=\"twitter:label2\" content=\"Est. reading time\" \/>\n\t<meta name=\"twitter:data2\" content=\"1 minute\" \/>\n<script type=\"application\/ld+json\" class=\"seo-schema-graph\">{\"@context\":\"https:\\\/\\\/schema.org\",\"@graph\":[{\"@type\":\"NewsArticle\",\"@id\":\"https:\\\/\\\/darkamazi.site\\\/archives\\\/1013401#article\",\"isPartOf\":{\"@id\":\"https:\\\/\\\/darkamazi.site\\\/archives\\\/1013401\"},\"author\":{\"name\":\"darka mazi\",\"@id\":\"https:\\\/\\\/darkamazi.site\\\/#\\\/schema\\\/person\\\/67986a95ac546c16760365877ef4a9d3\"},\"headline\":\"Foto\u011fraflarla Papa\u2019n\u0131n Erbil ziyareti\",\"datePublished\":\"2021-03-07T20:55:17+00:00\",\"dateModified\":\"2021-03-07T21:17:54+00:00\",\"mainEntityOfPage\":{\"@id\":\"https:\\\/\\\/darkamazi.site\\\/archives\\\/1013401\"},\"wordCount\":271,\"publisher\":{\"@id\":\"https:\\\/\\\/darkamazi.site\\\/#organization\"},\"image\":{\"@id\":\"https:\\\/\\\/darkamazi.site\\\/archives\\\/1013401#primaryimage\"},\"thumbnailUrl\":\"https:\\\/\\\/darkamazi.site\\\/darka-content\\\/uploads\\\/2021\\\/03\\\/Papa-Kurdistan-2.jpg\",\"keywords\":[\"\u00f6nemli\"],\"articleSection\":[\"Foto Galeri\"],\"inLanguage\":\"en-US\"},{\"@type\":\"WebPage\",\"@id\":\"https:\\\/\\\/darkamazi.site\\\/archives\\\/1013401\",\"url\":\"https:\\\/\\\/darkamazi.site\\\/archives\\\/1013401\",\"name\":\"Foto\u011fraflarla Papa\u2019n\u0131n Erbil ziyareti - Darka Mazi\",\"isPartOf\":{\"@id\":\"https:\\\/\\\/darkamazi.site\\\/#website\"},\"primaryImageOfPage\":{\"@id\":\"https:\\\/\\\/darkamazi.site\\\/archives\\\/1013401#primaryimage\"},\"image\":{\"@id\":\"https:\\\/\\\/darkamazi.site\\\/archives\\\/1013401#primaryimage\"},\"thumbnailUrl\":\"https:\\\/\\\/darkamazi.site\\\/darka-content\\\/uploads\\\/2021\\\/03\\\/Papa-Kurdistan-2.jpg\",\"datePublished\":\"2021-03-07T20:55:17+00:00\",\"dateModified\":\"2021-03-07T21:17:54+00:00\",\"breadcrumb\":{\"@id\":\"https:\\\/\\\/darkamazi.site\\\/archives\\\/1013401#breadcrumb\"},\"inLanguage\":\"en-US\",\"potentialAction\":[{\"@type\":\"ReadAction\",\"target\":[\"https:\\\/\\\/darkamazi.site\\\/archives\\\/1013401\"]}]},{\"@type\":\"ImageObject\",\"inLanguage\":\"en-US\",\"@id\":\"https:\\\/\\\/darkamazi.site\\\/archives\\\/1013401#primaryimage\",\"url\":\"https:\\\/\\\/darkamazi.site\\\/darka-content\\\/uploads\\\/2021\\\/03\\\/Papa-Kurdistan-2.jpg\",\"contentUrl\":\"https:\\\/\\\/darkamazi.site\\\/darka-content\\\/uploads\\\/2021\\\/03\\\/Papa-Kurdistan-2.jpg\",\"width\":900,\"height\":497,\"caption\":\"Papa Francis: \u201cDe\u011ferli K\u00fcrt milletine, h\u00fck\u00fcmet ve sivil iktidara i\u00e7tenlikle\u00a0te\u015fekk\u00fcr\u00a0ediyorum\u201d Mesut Barzani, Ne\u00e7irvan Barzani Mesrur Barzani, Karaku\u015f, Pe\u015fmerge, Fransua Hariri, Ba\u011fdat\"},{\"@type\":\"BreadcrumbList\",\"@id\":\"https:\\\/\\\/darkamazi.site\\\/archives\\\/1013401#breadcrumb\",\"itemListElement\":[{\"@type\":\"ListItem\",\"position\":1,\"name\":\"Home\",\"item\":\"https:\\\/\\\/darkamazi.site\\\/\"},{\"@type\":\"ListItem\",\"position\":2,\"name\":\"Foto\u011fraflarla Papa\u2019n\u0131n Erbil ziyareti\"}]},{\"@type\":\"WebSite\",\"@id\":\"https:\\\/\\\/darkamazi.site\\\/#website\",\"url\":\"https:\\\/\\\/darkamazi.site\\\/\",\"name\":\"Darka Mazi\",\"description\":\"Ana Sayfa\",\"publisher\":{\"@id\":\"https:\\\/\\\/darkamazi.site\\\/#organization\"},\"potentialAction\":[{\"@type\":\"SearchAction\",\"target\":{\"@type\":\"EntryPoint\",\"urlTemplate\":\"https:\\\/\\\/darkamazi.site\\\/?s={search_term_string}\"},\"query-input\":{\"@type\":\"PropertyValueSpecification\",\"valueRequired\":true,\"valueName\":\"search_term_string\"}}],\"inLanguage\":\"en-US\"},{\"@type\":\"Organization\",\"@id\":\"https:\\\/\\\/darkamazi.site\\\/#organization\",\"name\":\"Darka Mazi T\u00fcrk\u00e7e\",\"alternateName\":\"Darka Mazi\",\"url\":\"https:\\\/\\\/darkamazi.site\\\/\",\"logo\":{\"@type\":\"ImageObject\",\"inLanguage\":\"en-US\",\"@id\":\"https:\\\/\\\/darkamazi.site\\\/#\\\/schema\\\/logo\\\/image\\\/\",\"url\":\"https:\\\/\\\/darkamazi.site\\\/darka-content\\\/uploads\\\/2017\\\/12\\\/darka-mazi-logo.png\",\"contentUrl\":\"https:\\\/\\\/darkamazi.site\\\/darka-content\\\/uploads\\\/2017\\\/12\\\/darka-mazi-logo.png\",\"width\":151,\"height\":75,\"caption\":\"Darka Mazi T\u00fcrk\u00e7e\"},\"image\":{\"@id\":\"https:\\\/\\\/darkamazi.site\\\/#\\\/schema\\\/logo\\\/image\\\/\"},\"sameAs\":[\"https:\\\/\\\/www.facebook.com\\\/DarkaMaziturkce\",\"https:\\\/\\\/x.com\\\/DarkaMaziTurkce\"]},{\"@type\":\"Person\",\"@id\":\"https:\\\/\\\/darkamazi.site\\\/#\\\/schema\\\/person\\\/67986a95ac546c16760365877ef4a9d3\",\"name\":\"darka mazi\",\"sameAs\":[\"https:\\\/\\\/darkamazi.site\"],\"url\":\"https:\\\/\\\/darkamazi.site\\\/archives\\\/author\\\/turkish\"}]}<\/script>\n<!-- \/ Yoast SEO plugin. -->","seo_head_json":{"title":"Foto\u011fraflarla Papa\u2019n\u0131n Erbil ziyareti - Darka Mazi","robots":{"index":"index","follow":"follow","max-snippet":"max-snippet:-1","max-image-preview":"max-image-preview:large","max-video-preview":"max-video-preview:-1"},"canonical":"https:\/\/darkamazi.site\/archives\/1013401","og_locale":"en_US","og_type":"article","og_title":"Foto\u011fraflarla Papa\u2019n\u0131n Erbil ziyareti - Darka Mazi","og_description":"[darkamazi_row][darkamazi_column][darkamazi_message message_box_style=&#8221;3d&#8221; message_box_color=&#8221;chino&#8221;] Katoliklerin dini lideri Papa a Francis Hewler ziyaretinin yank\u0131lar\u0131 s\u00fcr\u00fcyor. Papa\u2019n\u0131n ziyaretinin K\u00fcrdistan i\u00e7in \u00f6zel bir anlam\u0131 var. Papa Francis ziyareti s\u0131ras\u0131nda K\u00fcrdistan B\u00f6lgesel Y\u00f6netimi s\u0131n\u0131rlar\u0131 i\u00e7indeki dini ve etnik guruplar\u0131n bir arada ya\u015fama k\u00fclt\u00fcr\u00fcn\u00fc de \u00f6vd\u00fc. Papa K\u00fcrdistan B\u00f6lgesinin kurtar\u0131c\u0131 oldu\u011funu s\u00f6yledi. Papa\u2019n\u0131n Erbil\u2019deki g\u00f6r\u00fc\u015fmelerinden olu\u015fan fotolar\u0131 da K\u00fcrdistan B\u00f6lgesi\u2019nin Papa\u2019ya, [&hellip;]","og_url":"https:\/\/darkamazi.site\/archives\/1013401","og_site_name":"Darka Mazi","article_publisher":"https:\/\/www.facebook.com\/DarkaMaziturkce","article_published_time":"2021-03-07T20:55:17+00:00","article_modified_time":"2021-03-07T21:17:54+00:00","og_image":[{"width":900,"height":497,"url":"https:\/\/darkamazi.site\/file\/2021\/03\/Papa-Kurdistan-2.jpg","type":"image\/jpeg"}],"author":"darka mazi","twitter_card":"summary_large_image","twitter_creator":"@DarkaMaziTurkce","twitter_site":"@DarkaMaziTurkce","twitter_misc":{"Written by":"darka mazi","Est. reading time":"1 minute"},"schema":{"@context":"https:\/\/schema.org","@graph":[{"@type":"NewsArticle","@id":"https:\/\/darkamazi.site\/archives\/1013401#article","isPartOf":{"@id":"https:\/\/darkamazi.site\/archives\/1013401"},"author":{"name":"darka mazi","@id":"https:\/\/darkamazi.site\/#\/schema\/person\/67986a95ac546c16760365877ef4a9d3"},"headline":"Foto\u011fraflarla Papa\u2019n\u0131n Erbil ziyareti","datePublished":"2021-03-07T20:55:17+00:00","dateModified":"2021-03-07T21:17:54+00:00","mainEntityOfPage":{"@id":"https:\/\/darkamazi.site\/archives\/1013401"},"wordCount":271,"publisher":{"@id":"https:\/\/darkamazi.site\/#organization"},"image":{"@id":"https:\/\/darkamazi.site\/archives\/1013401#primaryimage"},"thumbnailUrl":"https:\/\/darkamazi.site\/file\/2021\/03\/Papa-Kurdistan-2.jpg","keywords":["\u00f6nemli"],"articleSection":["Foto Galeri"],"inLanguage":"en-US"},{"@type":"WebPage","@id":"https:\/\/darkamazi.site\/archives\/1013401","url":"https:\/\/darkamazi.site\/archives\/1013401","name":"Foto\u011fraflarla Papa\u2019n\u0131n Erbil ziyareti - Darka Mazi","isPartOf":{"@id":"https:\/\/darkamazi.site\/#website"},"primaryImageOfPage":{"@id":"https:\/\/darkamazi.site\/archives\/1013401#primaryimage"},"image":{"@id":"https:\/\/darkamazi.site\/archives\/1013401#primaryimage"},"thumbnailUrl":"https:\/\/darkamazi.site\/file\/2021\/03\/Papa-Kurdistan-2.jpg","datePublished":"2021-03-07T20:55:17+00:00","dateModified":"2021-03-07T21:17:54+00:00","breadcrumb":{"@id":"https:\/\/darkamazi.site\/archives\/1013401#breadcrumb"},"inLanguage":"en-US","potentialAction":[{"@type":"ReadAction","target":["https:\/\/darkamazi.site\/archives\/1013401"]}]},{"@type":"ImageObject","inLanguage":"en-US","@id":"https:\/\/darkamazi.site\/archives\/1013401#primaryimage","url":"https:\/\/darkamazi.site\/file\/2021\/03\/Papa-Kurdistan-2.jpg","contentUrl":"https:\/\/darkamazi.site\/file\/2021\/03\/Papa-Kurdistan-2.jpg","width":900,"height":497,"caption":"Papa Francis: \u201cDe\u011ferli K\u00fcrt milletine, h\u00fck\u00fcmet ve sivil iktidara i\u00e7tenlikle\u00a0te\u015fekk\u00fcr\u00a0ediyorum\u201d Mesut Barzani, Ne\u00e7irvan Barzani Mesrur Barzani, Karaku\u015f, Pe\u015fmerge, Fransua Hariri, Ba\u011fdat"},{"@type":"BreadcrumbList","@id":"https:\/\/darkamazi.site\/archives\/1013401#breadcrumb","itemListElement":[{"@type":"ListItem","position":1,"name":"Home","item":"https:\/\/darkamazi.site\/"},{"@type":"ListItem","position":2,"name":"Foto\u011fraflarla Papa\u2019n\u0131n Erbil ziyareti"}]},{"@type":"WebSite","@id":"https:\/\/darkamazi.site\/#website","url":"https:\/\/darkamazi.site\/","name":"Darka Mazi","description":"Ana Sayfa","publisher":{"@id":"https:\/\/darkamazi.site\/#organization"},"potentialAction":[{"@type":"SearchAction","target":{"@type":"EntryPoint","urlTemplate":"https:\/\/darkamazi.site\/?s={search_term_string}"},"query-input":{"@type":"PropertyValueSpecification","valueRequired":true,"valueName":"search_term_string"}}],"inLanguage":"en-US"},{"@type":"Organization","@id":"https:\/\/darkamazi.site\/#organization","name":"Darka Mazi T\u00fcrk\u00e7e","alternateName":"Darka Mazi","url":"https:\/\/darkamazi.site\/","logo":{"@type":"ImageObject","inLanguage":"en-US","@id":"https:\/\/darkamazi.site\/#\/schema\/logo\/image\/","url":"https:\/\/darkamazi.site\/file\/2017\/12\/darka-mazi-logo.png","contentUrl":"https:\/\/darkamazi.site\/file\/2017\/12\/darka-mazi-logo.png","width":151,"height":75,"caption":"Darka Mazi T\u00fcrk\u00e7e"},"image":{"@id":"https:\/\/darkamazi.site\/#\/schema\/logo\/image\/"},"sameAs":["https:\/\/www.facebook.com\/DarkaMaziturkce","https:\/\/x.com\/DarkaMaziTurkce"]},{"@type":"Person","@id":"https:\/\/darkamazi.site\/#\/schema\/person\/67986a95ac546c16760365877ef4a9d3","name":"darka mazi","sameAs":["https:\/\/darkamazi.site"],"url":"https:\/\/darkamazi.site\/archives\/author\/turkish"}]}},"_links":{"self":[{"href":"https:\/\/darkamazi.site\/funavuv\/wp\/v2\/posts\/1013401","targetHints":{"allow":["GET"]}}],"collection":[{"href":"https:\/\/darkamazi.site\/funavuv\/wp\/v2\/posts"}],"about":[{"href":"https:\/\/darkamazi.site\/funavuv\/wp\/v2\/types\/post"}],"author":[{"embeddable":true,"href":"https:\/\/darkamazi.site\/funavuv\/wp\/v2\/users\/2"}],"replies":[{"embeddable":true,"href":"https:\/\/darkamazi.site\/funavuv\/wp\/v2\/comments?post=1013401"}],"version-history":[{"count":0,"href":"https:\/\/darkamazi.site\/funavuv\/wp\/v2\/posts\/1013401\/revisions"}],"wp:featuredmedia":[{"embeddable":true,"href":"https:\/\/darkamazi.site\/funavuv\/wp\/v2\/media\/1013396"}],"wp:attachment":[{"href":"https:\/\/darkamazi.site\/funavuv\/wp\/v2\/media?parent=1013401"}],"wp:term":[{"taxonomy":"category","embeddable":true,"href":"https:\/\/darkamazi.site\/funavuv\/wp\/v2\/categories?post=1013401"},{"taxonomy":"post_tag","embeddable":true,"href":"https:\/\/darkamazi.site\/funavuv\/wp\/v2\/tags?post=1013401"}],"curies":[{"name":"wp","href":"https:\/\/api.w.org\/{rel}","templated":true}]}}