{"id":1013426,"date":"2021-03-08T13:30:12","date_gmt":"2021-03-08T10:30:12","guid":{"rendered":"https:\/\/darkamazi.site\/?p=1013426"},"modified":"2021-03-08T13:30:12","modified_gmt":"2021-03-08T10:30:12","slug":"mesut-barzani-insanliga-hizmetlerinden-dolayi-kadinlara-minnettariz","status":"publish","type":"post","link":"https:\/\/darkamazi.site\/archives\/1013426","title":{"rendered":"Mesut Barzani: \u0130nsanl\u0131\u011fa hizmetlerinden dolay\u0131 kad\u0131nlara minnettar\u0131z"},"content":{"rendered":"<p style=\"text-align: justify\">\u00a0Ba\u015fkan Barzani, 8 Mart vesilesiyle yay\u0131mlad\u0131\u011f\u0131 mesajda \u201c\u0130nsanl\u0131\u011fa\u00a0 hizmetlerinden dolay\u0131\u00a0 sayg\u0131 ve minnettarl\u0131k g\u00f6stermek\u00a0ortak g\u00f6revimizdir\u201d ifadelerini kulland\u0131.<\/p>\n<p style=\"text-align: justify\">Ba\u015fkan Barzani, 8 Mart D\u00fcnya Kad\u0131nlar G\u00fcn\u00fc vesilesiyle resmi Twitter hesab\u0131 \u00fczerinden yay\u0131nlad\u0131\u011f\u0131 mesajda t\u00fcm K\u00fcrdistan ve d\u00fcnya kad\u0131nlar\u0131n\u0131n g\u00fcn\u00fc kutlad\u0131.<\/p>\n<p style=\"text-align: justify\">Ba\u015fkan Barzani mesaj\u0131n\u0131n devam\u0131nda \u201c\u0130nsanl\u0131\u011fa hizmetlerinden dolay\u0131 sayg\u0131 ve minnettarl\u0131k g\u00f6stermek ortak g\u00f6revimizdir\u201d dedi.<\/p>\n","protected":false},"excerpt":{"rendered":"<p>\u00a0Ba\u015fkan Barzani, 8 Mart vesilesiyle yay\u0131mlad\u0131\u011f\u0131 mesajda \u201c\u0130nsanl\u0131\u011fa\u00a0 hizmetlerinden dolay\u0131\u00a0 sayg\u0131 ve minnettarl\u0131k g\u00f6stermek\u00a0ortak g\u00f6revimizdir\u201d ifadelerini kulland\u0131. Ba\u015fkan Barzani, 8 Mart D\u00fcnya Kad\u0131nlar G\u00fcn\u00fc vesilesiyle resmi Twitter hesab\u0131 \u00fczerinden yay\u0131nlad\u0131\u011f\u0131 mesajda t\u00fcm K\u00fcrdistan ve d\u00fcnya kad\u0131nlar\u0131n\u0131n g\u00fcn\u00fc kutlad\u0131. Ba\u015fkan Barzani mesaj\u0131n\u0131n devam\u0131nda \u201c\u0130nsanl\u0131\u011fa hizmetlerinden dolay\u0131 sayg\u0131 ve minnettarl\u0131k g\u00f6stermek ortak g\u00f6revimizdir\u201d dedi.<\/p>\n","protected":false},"author":2,"featured_media":1013427,"comment_status":"closed","ping_status":"closed","sticky":false,"template":"","format":"standard","meta":{"footnotes":""},"categories":[3],"tags":[],"class_list":["post-1013426","post","type-post","status-publish","format-standard","has-post-thumbnail","hentry","category-kurdistan"],"blocksy_meta":[],"seo_head":"<!-- This site is optimized with the Yoast SEO plugin v27.5 - https:\/\/yoast.com\/product\/yoast-seo-wordpress\/ -->\n<title>Mesut Barzani: \u0130nsanl\u0131\u011fa hizmetlerinden dolay\u0131 kad\u0131nlara minnettar\u0131z - Darka Mazi<\/title>\n<meta name=\"robots\" content=\"index, follow, max-snippet:-1, max-image-preview:large, max-video-preview:-1\" \/>\n<link rel=\"canonical\" href=\"https:\/\/darkamazi.site\/archives\/1013426\" \/>\n<meta property=\"og:locale\" content=\"en_US\" \/>\n<meta property=\"og:type\" content=\"article\" \/>\n<meta property=\"og:title\" content=\"Mesut Barzani: \u0130nsanl\u0131\u011fa hizmetlerinden dolay\u0131 kad\u0131nlara minnettar\u0131z - Darka Mazi\" \/>\n<meta property=\"og:description\" content=\"\u00a0Ba\u015fkan Barzani, 8 Mart vesilesiyle yay\u0131mlad\u0131\u011f\u0131 mesajda \u201c\u0130nsanl\u0131\u011fa\u00a0 hizmetlerinden dolay\u0131\u00a0 sayg\u0131 ve minnettarl\u0131k g\u00f6stermek\u00a0ortak g\u00f6revimizdir\u201d ifadelerini kulland\u0131. Ba\u015fkan Barzani, 8 Mart D\u00fcnya Kad\u0131nlar G\u00fcn\u00fc vesilesiyle resmi Twitter hesab\u0131 \u00fczerinden yay\u0131nlad\u0131\u011f\u0131 mesajda t\u00fcm K\u00fcrdistan ve d\u00fcnya kad\u0131nlar\u0131n\u0131n g\u00fcn\u00fc kutlad\u0131. Ba\u015fkan Barzani mesaj\u0131n\u0131n devam\u0131nda \u201c\u0130nsanl\u0131\u011fa hizmetlerinden dolay\u0131 sayg\u0131 ve minnettarl\u0131k g\u00f6stermek ortak g\u00f6revimizdir\u201d dedi.\" \/>\n<meta property=\"og:url\" content=\"https:\/\/darkamazi.site\/archives\/1013426\" \/>\n<meta property=\"og:site_name\" content=\"Darka Mazi\" \/>\n<meta property=\"article:publisher\" content=\"https:\/\/www.facebook.com\/DarkaMaziturkce\" \/>\n<meta property=\"article:published_time\" content=\"2021-03-08T10:30:12+00:00\" \/>\n<meta property=\"og:image\" content=\"https:\/\/darkamazi.site\/file\/2021\/03\/Masoud-Barzani-2.jpg\" \/>\n\t<meta property=\"og:image:width\" content=\"1180\" \/>\n\t<meta property=\"og:image:height\" content=\"663\" \/>\n\t<meta property=\"og:image:type\" content=\"image\/jpeg\" \/>\n<meta name=\"author\" content=\"darka mazi\" \/>\n<meta name=\"twitter:card\" content=\"summary_large_image\" \/>\n<meta name=\"twitter:creator\" content=\"@DarkaMaziTurkce\" \/>\n<meta name=\"twitter:site\" content=\"@DarkaMaziTurkce\" \/>\n<meta name=\"twitter:label1\" content=\"Written by\" \/>\n\t<meta name=\"twitter:data1\" content=\"darka mazi\" \/>\n\t<meta name=\"twitter:label2\" content=\"Est. reading time\" \/>\n\t<meta name=\"twitter:data2\" content=\"1 minute\" \/>\n<script type=\"application\/ld+json\" class=\"seo-schema-graph\">{\"@context\":\"https:\\\/\\\/schema.org\",\"@graph\":[{\"@type\":\"NewsArticle\",\"@id\":\"https:\\\/\\\/darkamazi.site\\\/archives\\\/1013426#article\",\"isPartOf\":{\"@id\":\"https:\\\/\\\/darkamazi.site\\\/archives\\\/1013426\"},\"author\":{\"name\":\"darka mazi\",\"@id\":\"https:\\\/\\\/darkamazi.site\\\/#\\\/schema\\\/person\\\/67986a95ac546c16760365877ef4a9d3\"},\"headline\":\"Mesut Barzani: \u0130nsanl\u0131\u011fa hizmetlerinden dolay\u0131 kad\u0131nlara minnettar\u0131z\",\"datePublished\":\"2021-03-08T10:30:12+00:00\",\"mainEntityOfPage\":{\"@id\":\"https:\\\/\\\/darkamazi.site\\\/archives\\\/1013426\"},\"wordCount\":87,\"publisher\":{\"@id\":\"https:\\\/\\\/darkamazi.site\\\/#organization\"},\"image\":{\"@id\":\"https:\\\/\\\/darkamazi.site\\\/archives\\\/1013426#primaryimage\"},\"thumbnailUrl\":\"https:\\\/\\\/darkamazi.site\\\/darka-content\\\/uploads\\\/2021\\\/03\\\/Masoud-Barzani-2.jpg\",\"articleSection\":[\"Kurdistan\"],\"inLanguage\":\"en-US\"},{\"@type\":\"WebPage\",\"@id\":\"https:\\\/\\\/darkamazi.site\\\/archives\\\/1013426\",\"url\":\"https:\\\/\\\/darkamazi.site\\\/archives\\\/1013426\",\"name\":\"Mesut Barzani: \u0130nsanl\u0131\u011fa hizmetlerinden dolay\u0131 kad\u0131nlara minnettar\u0131z - Darka Mazi\",\"isPartOf\":{\"@id\":\"https:\\\/\\\/darkamazi.site\\\/#website\"},\"primaryImageOfPage\":{\"@id\":\"https:\\\/\\\/darkamazi.site\\\/archives\\\/1013426#primaryimage\"},\"image\":{\"@id\":\"https:\\\/\\\/darkamazi.site\\\/archives\\\/1013426#primaryimage\"},\"thumbnailUrl\":\"https:\\\/\\\/darkamazi.site\\\/darka-content\\\/uploads\\\/2021\\\/03\\\/Masoud-Barzani-2.jpg\",\"datePublished\":\"2021-03-08T10:30:12+00:00\",\"breadcrumb\":{\"@id\":\"https:\\\/\\\/darkamazi.site\\\/archives\\\/1013426#breadcrumb\"},\"inLanguage\":\"en-US\",\"potentialAction\":[{\"@type\":\"ReadAction\",\"target\":[\"https:\\\/\\\/darkamazi.site\\\/archives\\\/1013426\"]}]},{\"@type\":\"ImageObject\",\"inLanguage\":\"en-US\",\"@id\":\"https:\\\/\\\/darkamazi.site\\\/archives\\\/1013426#primaryimage\",\"url\":\"https:\\\/\\\/darkamazi.site\\\/darka-content\\\/uploads\\\/2021\\\/03\\\/Masoud-Barzani-2.jpg\",\"contentUrl\":\"https:\\\/\\\/darkamazi.site\\\/darka-content\\\/uploads\\\/2021\\\/03\\\/Masoud-Barzani-2.jpg\",\"width\":1180,\"height\":663,\"caption\":\"Mesut Barzani: \u0130nsanl\u0131\u011fa hizmetlerinden dolay\u0131 kad\u0131nlara minnettar\u0131z 8 Mart D\u00fcnya Emek\u00e7i Kad\u0131nlar G\u00fcn\u00fc\"},{\"@type\":\"BreadcrumbList\",\"@id\":\"https:\\\/\\\/darkamazi.site\\\/archives\\\/1013426#breadcrumb\",\"itemListElement\":[{\"@type\":\"ListItem\",\"position\":1,\"name\":\"Home\",\"item\":\"https:\\\/\\\/darkamazi.site\\\/\"},{\"@type\":\"ListItem\",\"position\":2,\"name\":\"Mesut Barzani: \u0130nsanl\u0131\u011fa hizmetlerinden dolay\u0131 kad\u0131nlara minnettar\u0131z\"}]},{\"@type\":\"WebSite\",\"@id\":\"https:\\\/\\\/darkamazi.site\\\/#website\",\"url\":\"https:\\\/\\\/darkamazi.site\\\/\",\"name\":\"Darka Mazi\",\"description\":\"Ana Sayfa\",\"publisher\":{\"@id\":\"https:\\\/\\\/darkamazi.site\\\/#organization\"},\"potentialAction\":[{\"@type\":\"SearchAction\",\"target\":{\"@type\":\"EntryPoint\",\"urlTemplate\":\"https:\\\/\\\/darkamazi.site\\\/?s={search_term_string}\"},\"query-input\":{\"@type\":\"PropertyValueSpecification\",\"valueRequired\":true,\"valueName\":\"search_term_string\"}}],\"inLanguage\":\"en-US\"},{\"@type\":\"Organization\",\"@id\":\"https:\\\/\\\/darkamazi.site\\\/#organization\",\"name\":\"Darka Mazi T\u00fcrk\u00e7e\",\"alternateName\":\"Darka Mazi\",\"url\":\"https:\\\/\\\/darkamazi.site\\\/\",\"logo\":{\"@type\":\"ImageObject\",\"inLanguage\":\"en-US\",\"@id\":\"https:\\\/\\\/darkamazi.site\\\/#\\\/schema\\\/logo\\\/image\\\/\",\"url\":\"https:\\\/\\\/darkamazi.site\\\/darka-content\\\/uploads\\\/2017\\\/12\\\/darka-mazi-logo.png\",\"contentUrl\":\"https:\\\/\\\/darkamazi.site\\\/darka-content\\\/uploads\\\/2017\\\/12\\\/darka-mazi-logo.png\",\"width\":151,\"height\":75,\"caption\":\"Darka Mazi T\u00fcrk\u00e7e\"},\"image\":{\"@id\":\"https:\\\/\\\/darkamazi.site\\\/#\\\/schema\\\/logo\\\/image\\\/\"},\"sameAs\":[\"https:\\\/\\\/www.facebook.com\\\/DarkaMaziturkce\",\"https:\\\/\\\/x.com\\\/DarkaMaziTurkce\"]},{\"@type\":\"Person\",\"@id\":\"https:\\\/\\\/darkamazi.site\\\/#\\\/schema\\\/person\\\/67986a95ac546c16760365877ef4a9d3\",\"name\":\"darka mazi\",\"sameAs\":[\"https:\\\/\\\/darkamazi.site\"],\"url\":\"https:\\\/\\\/darkamazi.site\\\/archives\\\/author\\\/turkish\"}]}<\/script>\n<!-- \/ Yoast SEO plugin. -->","seo_head_json":{"title":"Mesut Barzani: \u0130nsanl\u0131\u011fa hizmetlerinden dolay\u0131 kad\u0131nlara minnettar\u0131z - Darka Mazi","robots":{"index":"index","follow":"follow","max-snippet":"max-snippet:-1","max-image-preview":"max-image-preview:large","max-video-preview":"max-video-preview:-1"},"canonical":"https:\/\/darkamazi.site\/archives\/1013426","og_locale":"en_US","og_type":"article","og_title":"Mesut Barzani: \u0130nsanl\u0131\u011fa hizmetlerinden dolay\u0131 kad\u0131nlara minnettar\u0131z - Darka Mazi","og_description":"\u00a0Ba\u015fkan Barzani, 8 Mart vesilesiyle yay\u0131mlad\u0131\u011f\u0131 mesajda \u201c\u0130nsanl\u0131\u011fa\u00a0 hizmetlerinden dolay\u0131\u00a0 sayg\u0131 ve minnettarl\u0131k g\u00f6stermek\u00a0ortak g\u00f6revimizdir\u201d ifadelerini kulland\u0131. Ba\u015fkan Barzani, 8 Mart D\u00fcnya Kad\u0131nlar G\u00fcn\u00fc vesilesiyle resmi Twitter hesab\u0131 \u00fczerinden yay\u0131nlad\u0131\u011f\u0131 mesajda t\u00fcm K\u00fcrdistan ve d\u00fcnya kad\u0131nlar\u0131n\u0131n g\u00fcn\u00fc kutlad\u0131. Ba\u015fkan Barzani mesaj\u0131n\u0131n devam\u0131nda \u201c\u0130nsanl\u0131\u011fa hizmetlerinden dolay\u0131 sayg\u0131 ve minnettarl\u0131k g\u00f6stermek ortak g\u00f6revimizdir\u201d dedi.","og_url":"https:\/\/darkamazi.site\/archives\/1013426","og_site_name":"Darka Mazi","article_publisher":"https:\/\/www.facebook.com\/DarkaMaziturkce","article_published_time":"2021-03-08T10:30:12+00:00","og_image":[{"width":1180,"height":663,"url":"https:\/\/darkamazi.site\/file\/2021\/03\/Masoud-Barzani-2.jpg","type":"image\/jpeg"}],"author":"darka mazi","twitter_card":"summary_large_image","twitter_creator":"@DarkaMaziTurkce","twitter_site":"@DarkaMaziTurkce","twitter_misc":{"Written by":"darka mazi","Est. reading time":"1 minute"},"schema":{"@context":"https:\/\/schema.org","@graph":[{"@type":"NewsArticle","@id":"https:\/\/darkamazi.site\/archives\/1013426#article","isPartOf":{"@id":"https:\/\/darkamazi.site\/archives\/1013426"},"author":{"name":"darka mazi","@id":"https:\/\/darkamazi.site\/#\/schema\/person\/67986a95ac546c16760365877ef4a9d3"},"headline":"Mesut Barzani: \u0130nsanl\u0131\u011fa hizmetlerinden dolay\u0131 kad\u0131nlara minnettar\u0131z","datePublished":"2021-03-08T10:30:12+00:00","mainEntityOfPage":{"@id":"https:\/\/darkamazi.site\/archives\/1013426"},"wordCount":87,"publisher":{"@id":"https:\/\/darkamazi.site\/#organization"},"image":{"@id":"https:\/\/darkamazi.site\/archives\/1013426#primaryimage"},"thumbnailUrl":"https:\/\/darkamazi.site\/file\/2021\/03\/Masoud-Barzani-2.jpg","articleSection":["Kurdistan"],"inLanguage":"en-US"},{"@type":"WebPage","@id":"https:\/\/darkamazi.site\/archives\/1013426","url":"https:\/\/darkamazi.site\/archives\/1013426","name":"Mesut Barzani: \u0130nsanl\u0131\u011fa hizmetlerinden dolay\u0131 kad\u0131nlara minnettar\u0131z - Darka Mazi","isPartOf":{"@id":"https:\/\/darkamazi.site\/#website"},"primaryImageOfPage":{"@id":"https:\/\/darkamazi.site\/archives\/1013426#primaryimage"},"image":{"@id":"https:\/\/darkamazi.site\/archives\/1013426#primaryimage"},"thumbnailUrl":"https:\/\/darkamazi.site\/file\/2021\/03\/Masoud-Barzani-2.jpg","datePublished":"2021-03-08T10:30:12+00:00","breadcrumb":{"@id":"https:\/\/darkamazi.site\/archives\/1013426#breadcrumb"},"inLanguage":"en-US","potentialAction":[{"@type":"ReadAction","target":["https:\/\/darkamazi.site\/archives\/1013426"]}]},{"@type":"ImageObject","inLanguage":"en-US","@id":"https:\/\/darkamazi.site\/archives\/1013426#primaryimage","url":"https:\/\/darkamazi.site\/file\/2021\/03\/Masoud-Barzani-2.jpg","contentUrl":"https:\/\/darkamazi.site\/file\/2021\/03\/Masoud-Barzani-2.jpg","width":1180,"height":663,"caption":"Mesut Barzani: \u0130nsanl\u0131\u011fa hizmetlerinden dolay\u0131 kad\u0131nlara minnettar\u0131z 8 Mart D\u00fcnya Emek\u00e7i Kad\u0131nlar G\u00fcn\u00fc"},{"@type":"BreadcrumbList","@id":"https:\/\/darkamazi.site\/archives\/1013426#breadcrumb","itemListElement":[{"@type":"ListItem","position":1,"name":"Home","item":"https:\/\/darkamazi.site\/"},{"@type":"ListItem","position":2,"name":"Mesut Barzani: \u0130nsanl\u0131\u011fa hizmetlerinden dolay\u0131 kad\u0131nlara minnettar\u0131z"}]},{"@type":"WebSite","@id":"https:\/\/darkamazi.site\/#website","url":"https:\/\/darkamazi.site\/","name":"Darka Mazi","description":"Ana Sayfa","publisher":{"@id":"https:\/\/darkamazi.site\/#organization"},"potentialAction":[{"@type":"SearchAction","target":{"@type":"EntryPoint","urlTemplate":"https:\/\/darkamazi.site\/?s={search_term_string}"},"query-input":{"@type":"PropertyValueSpecification","valueRequired":true,"valueName":"search_term_string"}}],"inLanguage":"en-US"},{"@type":"Organization","@id":"https:\/\/darkamazi.site\/#organization","name":"Darka Mazi T\u00fcrk\u00e7e","alternateName":"Darka Mazi","url":"https:\/\/darkamazi.site\/","logo":{"@type":"ImageObject","inLanguage":"en-US","@id":"https:\/\/darkamazi.site\/#\/schema\/logo\/image\/","url":"https:\/\/darkamazi.site\/file\/2017\/12\/darka-mazi-logo.png","contentUrl":"https:\/\/darkamazi.site\/file\/2017\/12\/darka-mazi-logo.png","width":151,"height":75,"caption":"Darka Mazi T\u00fcrk\u00e7e"},"image":{"@id":"https:\/\/darkamazi.site\/#\/schema\/logo\/image\/"},"sameAs":["https:\/\/www.facebook.com\/DarkaMaziturkce","https:\/\/x.com\/DarkaMaziTurkce"]},{"@type":"Person","@id":"https:\/\/darkamazi.site\/#\/schema\/person\/67986a95ac546c16760365877ef4a9d3","name":"darka mazi","sameAs":["https:\/\/darkamazi.site"],"url":"https:\/\/darkamazi.site\/archives\/author\/turkish"}]}},"_links":{"self":[{"href":"https:\/\/darkamazi.site\/funavuv\/wp\/v2\/posts\/1013426","targetHints":{"allow":["GET"]}}],"collection":[{"href":"https:\/\/darkamazi.site\/funavuv\/wp\/v2\/posts"}],"about":[{"href":"https:\/\/darkamazi.site\/funavuv\/wp\/v2\/types\/post"}],"author":[{"embeddable":true,"href":"https:\/\/darkamazi.site\/funavuv\/wp\/v2\/users\/2"}],"replies":[{"embeddable":true,"href":"https:\/\/darkamazi.site\/funavuv\/wp\/v2\/comments?post=1013426"}],"version-history":[{"count":0,"href":"https:\/\/darkamazi.site\/funavuv\/wp\/v2\/posts\/1013426\/revisions"}],"wp:featuredmedia":[{"embeddable":true,"href":"https:\/\/darkamazi.site\/funavuv\/wp\/v2\/media\/1013427"}],"wp:attachment":[{"href":"https:\/\/darkamazi.site\/funavuv\/wp\/v2\/media?parent=1013426"}],"wp:term":[{"taxonomy":"category","embeddable":true,"href":"https:\/\/darkamazi.site\/funavuv\/wp\/v2\/categories?post=1013426"},{"taxonomy":"post_tag","embeddable":true,"href":"https:\/\/darkamazi.site\/funavuv\/wp\/v2\/tags?post=1013426"}],"curies":[{"name":"wp","href":"https:\/\/api.w.org\/{rel}","templated":true}]}}