{"id":1013476,"date":"2021-03-10T19:45:56","date_gmt":"2021-03-10T16:45:56","guid":{"rendered":"https:\/\/darkamazi.site\/?p=1013476"},"modified":"2021-03-10T19:45:56","modified_gmt":"2021-03-10T16:45:56","slug":"papadan-kurdistana-mesaj-bir-kez-daha-kurt-halkina-sicak-karsilamalari-icin-tesekkur-ediyorum","status":"publish","type":"post","link":"https:\/\/darkamazi.site\/archives\/1013476","title":{"rendered":"Papa&#8217;dan K\u00fcrdistan&#8217;a mesaj: \u201cBir kez daha K\u00fcrt halk\u0131na s\u0131cak kar\u015f\u0131lamalar\u0131 i\u00e7in te\u015fekk\u00fcr ediyorum\u201d"},"content":{"rendered":"<p style=\"text-align: justify\">Papa Franciscus, 5-7 Mart aras\u0131nda Irak ve K\u00fcrdistan\u2019a yapt\u0131\u011f\u0131 tarihi ziyaretlerin ard\u0131ndan Twitter\u2019da K\u00fcrdistan\u2019a te\u015fekk\u00fcr mesaj\u0131 payla\u015ft\u0131.<\/p>\n<p style=\"text-align: justify\">Papa Franciscus, sosyal medya hesab\u0131 Twitter\u2019dan yapt\u0131\u011f\u0131 a\u00e7\u0131klamada Erbil\u2019deki kar\u015f\u0131lamaya ili\u015fkin K\u00fcrdistan Ba\u015fkan\u0131\u00a0Ne\u00e7irvan Barzani,\u00a0Ba\u015fbakan\u00a0Mesrur Barzani\u00a0ve K\u00fcrt halk\u0131na te\u015fekk\u00fcr etti. Papa, \u201cBir kez daha K\u00fcrt halk\u0131na s\u0131cak kar\u015f\u0131lamalar\u0131 i\u00e7in te\u015fekk\u00fcr ediyorum\u201d ifadesini kulland\u0131.<\/p>\n<p style=\"text-align: justify\">Katoliklerin ruhani lideri Papa Franciscus, 5-7 Mart tarihlerinde Irak ve K\u00fcrdistan\u2019\u0131 ziyaret etmi\u015fti.\u00a0 Ba\u015fkent Erbil\u2019de K\u00fcrdistan Ba\u015fkan\u0131\u00a0Ne\u00e7irvan Barzani\u00a0ve Ba\u015fbakan Mesrur Barzani taraf\u0131ndan kar\u015f\u0131lanan Papa Franciscus, Franso Hariri Stadyumu\u2019nda 10 bin ki\u015finin kat\u0131l\u0131m\u0131yla d\u00fczenlenen ayine i\u015ftirak etti.<\/p>\n<blockquote class=\"twitter-tweet\" data-width=\"550\" data-dnt=\"true\">\n<p lang=\"en\" dir=\"ltr\">A message of fraternity came from Erbil as well, the city in which I was received by the President of the autonomous region of Iraqi Kurdistan, <a href=\"https:\/\/twitter.com\/IKRPresident?ref_src=twsrc%5Etfw\">@IKRPresident<\/a>, and its Prime Minister, by the Authorities and by the people. I thank the dear Kurdish population for their warm welcome.<\/p>\n<p>&mdash; Pope Francis \u2013 ARCHIVE (@Pontifex266Arch) <a href=\"https:\/\/twitter.com\/Pontifex266Arch\/status\/1369671889270968326?ref_src=twsrc%5Etfw\">March 10, 2021<\/a><\/p><\/blockquote>\n<p><script async src=\"https:\/\/platform.twitter.com\/widgets.js\" charset=\"utf-8\"><\/script><\/p>\n","protected":false},"excerpt":{"rendered":"<p>Papa Franciscus, 5-7 Mart aras\u0131nda Irak ve K\u00fcrdistan\u2019a yapt\u0131\u011f\u0131 tarihi ziyaretlerin ard\u0131ndan Twitter\u2019da K\u00fcrdistan\u2019a te\u015fekk\u00fcr mesaj\u0131 payla\u015ft\u0131. Papa Franciscus, sosyal medya hesab\u0131 Twitter\u2019dan yapt\u0131\u011f\u0131 a\u00e7\u0131klamada Erbil\u2019deki kar\u015f\u0131lamaya ili\u015fkin K\u00fcrdistan Ba\u015fkan\u0131\u00a0Ne\u00e7irvan Barzani,\u00a0Ba\u015fbakan\u00a0Mesrur Barzani\u00a0ve K\u00fcrt halk\u0131na te\u015fekk\u00fcr etti. Papa, \u201cBir kez daha K\u00fcrt halk\u0131na s\u0131cak kar\u015f\u0131lamalar\u0131 i\u00e7in te\u015fekk\u00fcr ediyorum\u201d ifadesini kulland\u0131. Katoliklerin ruhani lideri Papa Franciscus, 5-7 [&hellip;]<\/p>\n","protected":false},"author":2,"featured_media":1013477,"comment_status":"closed","ping_status":"closed","sticky":false,"template":"","format":"standard","meta":{"footnotes":""},"categories":[3],"tags":[31],"class_list":["post-1013476","post","type-post","status-publish","format-standard","has-post-thumbnail","hentry","category-kurdistan","tag-onemli"],"blocksy_meta":[],"seo_head":"<!-- This site is optimized with the Yoast SEO plugin v27.5 - https:\/\/yoast.com\/product\/yoast-seo-wordpress\/ -->\n<title>Papa&#039;dan K\u00fcrdistan&#039;a mesaj: \u201cBir kez daha K\u00fcrt halk\u0131na s\u0131cak kar\u015f\u0131lamalar\u0131 i\u00e7in te\u015fekk\u00fcr ediyorum\u201d - Darka Mazi<\/title>\n<meta name=\"robots\" content=\"index, follow, max-snippet:-1, max-image-preview:large, max-video-preview:-1\" \/>\n<link rel=\"canonical\" href=\"https:\/\/darkamazi.site\/archives\/1013476\" \/>\n<meta property=\"og:locale\" content=\"en_US\" \/>\n<meta property=\"og:type\" content=\"article\" \/>\n<meta property=\"og:title\" content=\"Papa&#039;dan K\u00fcrdistan&#039;a mesaj: \u201cBir kez daha K\u00fcrt halk\u0131na s\u0131cak kar\u015f\u0131lamalar\u0131 i\u00e7in te\u015fekk\u00fcr ediyorum\u201d - Darka Mazi\" \/>\n<meta property=\"og:description\" content=\"Papa Franciscus, 5-7 Mart aras\u0131nda Irak ve K\u00fcrdistan\u2019a yapt\u0131\u011f\u0131 tarihi ziyaretlerin ard\u0131ndan Twitter\u2019da K\u00fcrdistan\u2019a te\u015fekk\u00fcr mesaj\u0131 payla\u015ft\u0131. Papa Franciscus, sosyal medya hesab\u0131 Twitter\u2019dan yapt\u0131\u011f\u0131 a\u00e7\u0131klamada Erbil\u2019deki kar\u015f\u0131lamaya ili\u015fkin K\u00fcrdistan Ba\u015fkan\u0131\u00a0Ne\u00e7irvan Barzani,\u00a0Ba\u015fbakan\u00a0Mesrur Barzani\u00a0ve K\u00fcrt halk\u0131na te\u015fekk\u00fcr etti. Papa, \u201cBir kez daha K\u00fcrt halk\u0131na s\u0131cak kar\u015f\u0131lamalar\u0131 i\u00e7in te\u015fekk\u00fcr ediyorum\u201d ifadesini kulland\u0131. Katoliklerin ruhani lideri Papa Franciscus, 5-7 [&hellip;]\" \/>\n<meta property=\"og:url\" content=\"https:\/\/darkamazi.site\/archives\/1013476\" \/>\n<meta property=\"og:site_name\" content=\"Darka Mazi\" \/>\n<meta property=\"article:publisher\" content=\"https:\/\/www.facebook.com\/DarkaMaziturkce\" \/>\n<meta property=\"article:published_time\" content=\"2021-03-10T16:45:56+00:00\" \/>\n<meta property=\"og:image\" content=\"https:\/\/darkamazi.site\/file\/2021\/03\/Papa-in-Erbil.jpg\" \/>\n\t<meta property=\"og:image:width\" content=\"580\" \/>\n\t<meta property=\"og:image:height\" content=\"330\" \/>\n\t<meta property=\"og:image:type\" content=\"image\/jpeg\" \/>\n<meta name=\"author\" content=\"darka mazi\" \/>\n<meta name=\"twitter:card\" content=\"summary_large_image\" \/>\n<meta name=\"twitter:creator\" content=\"@DarkaMaziTurkce\" \/>\n<meta name=\"twitter:site\" content=\"@DarkaMaziTurkce\" \/>\n<meta name=\"twitter:label1\" content=\"Written by\" \/>\n\t<meta name=\"twitter:data1\" content=\"darka mazi\" \/>\n\t<meta name=\"twitter:label2\" content=\"Est. reading time\" \/>\n\t<meta name=\"twitter:data2\" content=\"1 minute\" \/>\n<script type=\"application\/ld+json\" class=\"seo-schema-graph\">{\"@context\":\"https:\\\/\\\/schema.org\",\"@graph\":[{\"@type\":\"NewsArticle\",\"@id\":\"https:\\\/\\\/darkamazi.site\\\/archives\\\/1013476#article\",\"isPartOf\":{\"@id\":\"https:\\\/\\\/darkamazi.site\\\/archives\\\/1013476\"},\"author\":{\"name\":\"darka mazi\",\"@id\":\"https:\\\/\\\/darkamazi.site\\\/#\\\/schema\\\/person\\\/67986a95ac546c16760365877ef4a9d3\"},\"headline\":\"Papa&#8217;dan K\u00fcrdistan&#8217;a mesaj: \u201cBir kez daha K\u00fcrt halk\u0131na s\u0131cak kar\u015f\u0131lamalar\u0131 i\u00e7in te\u015fekk\u00fcr ediyorum\u201d\",\"datePublished\":\"2021-03-10T16:45:56+00:00\",\"mainEntityOfPage\":{\"@id\":\"https:\\\/\\\/darkamazi.site\\\/archives\\\/1013476\"},\"wordCount\":166,\"publisher\":{\"@id\":\"https:\\\/\\\/darkamazi.site\\\/#organization\"},\"image\":{\"@id\":\"https:\\\/\\\/darkamazi.site\\\/archives\\\/1013476#primaryimage\"},\"thumbnailUrl\":\"https:\\\/\\\/darkamazi.site\\\/darka-content\\\/uploads\\\/2021\\\/03\\\/Papa-in-Erbil.jpg\",\"keywords\":[\"\u00f6nemli\"],\"articleSection\":[\"Kurdistan\"],\"inLanguage\":\"en-US\"},{\"@type\":\"WebPage\",\"@id\":\"https:\\\/\\\/darkamazi.site\\\/archives\\\/1013476\",\"url\":\"https:\\\/\\\/darkamazi.site\\\/archives\\\/1013476\",\"name\":\"Papa'dan K\u00fcrdistan'a mesaj: \u201cBir kez daha K\u00fcrt halk\u0131na s\u0131cak kar\u015f\u0131lamalar\u0131 i\u00e7in te\u015fekk\u00fcr ediyorum\u201d - Darka Mazi\",\"isPartOf\":{\"@id\":\"https:\\\/\\\/darkamazi.site\\\/#website\"},\"primaryImageOfPage\":{\"@id\":\"https:\\\/\\\/darkamazi.site\\\/archives\\\/1013476#primaryimage\"},\"image\":{\"@id\":\"https:\\\/\\\/darkamazi.site\\\/archives\\\/1013476#primaryimage\"},\"thumbnailUrl\":\"https:\\\/\\\/darkamazi.site\\\/darka-content\\\/uploads\\\/2021\\\/03\\\/Papa-in-Erbil.jpg\",\"datePublished\":\"2021-03-10T16:45:56+00:00\",\"breadcrumb\":{\"@id\":\"https:\\\/\\\/darkamazi.site\\\/archives\\\/1013476#breadcrumb\"},\"inLanguage\":\"en-US\",\"potentialAction\":[{\"@type\":\"ReadAction\",\"target\":[\"https:\\\/\\\/darkamazi.site\\\/archives\\\/1013476\"]}]},{\"@type\":\"ImageObject\",\"inLanguage\":\"en-US\",\"@id\":\"https:\\\/\\\/darkamazi.site\\\/archives\\\/1013476#primaryimage\",\"url\":\"https:\\\/\\\/darkamazi.site\\\/darka-content\\\/uploads\\\/2021\\\/03\\\/Papa-in-Erbil.jpg\",\"contentUrl\":\"https:\\\/\\\/darkamazi.site\\\/darka-content\\\/uploads\\\/2021\\\/03\\\/Papa-in-Erbil.jpg\",\"width\":580,\"height\":330,\"caption\":\"Papa'dan K\u00fcrdistan'a mesaj: \u201cBir kez daha K\u00fcrt halk\u0131na s\u0131cak kar\u015f\u0131lamalar\u0131 i\u00e7in te\u015fekk\u00fcr ediyorum\u201d Ne\u00e7irvan Barzani, Mesrur Barzani, Erbil, Hewler, Fransua Hariri Stadyum\"},{\"@type\":\"BreadcrumbList\",\"@id\":\"https:\\\/\\\/darkamazi.site\\\/archives\\\/1013476#breadcrumb\",\"itemListElement\":[{\"@type\":\"ListItem\",\"position\":1,\"name\":\"Home\",\"item\":\"https:\\\/\\\/darkamazi.site\\\/\"},{\"@type\":\"ListItem\",\"position\":2,\"name\":\"Papa&#8217;dan K\u00fcrdistan&#8217;a mesaj: \u201cBir kez daha K\u00fcrt halk\u0131na s\u0131cak kar\u015f\u0131lamalar\u0131 i\u00e7in te\u015fekk\u00fcr ediyorum\u201d\"}]},{\"@type\":\"WebSite\",\"@id\":\"https:\\\/\\\/darkamazi.site\\\/#website\",\"url\":\"https:\\\/\\\/darkamazi.site\\\/\",\"name\":\"Darka Mazi\",\"description\":\"Ana Sayfa\",\"publisher\":{\"@id\":\"https:\\\/\\\/darkamazi.site\\\/#organization\"},\"potentialAction\":[{\"@type\":\"SearchAction\",\"target\":{\"@type\":\"EntryPoint\",\"urlTemplate\":\"https:\\\/\\\/darkamazi.site\\\/?s={search_term_string}\"},\"query-input\":{\"@type\":\"PropertyValueSpecification\",\"valueRequired\":true,\"valueName\":\"search_term_string\"}}],\"inLanguage\":\"en-US\"},{\"@type\":\"Organization\",\"@id\":\"https:\\\/\\\/darkamazi.site\\\/#organization\",\"name\":\"Darka Mazi T\u00fcrk\u00e7e\",\"alternateName\":\"Darka Mazi\",\"url\":\"https:\\\/\\\/darkamazi.site\\\/\",\"logo\":{\"@type\":\"ImageObject\",\"inLanguage\":\"en-US\",\"@id\":\"https:\\\/\\\/darkamazi.site\\\/#\\\/schema\\\/logo\\\/image\\\/\",\"url\":\"https:\\\/\\\/darkamazi.site\\\/darka-content\\\/uploads\\\/2017\\\/12\\\/darka-mazi-logo.png\",\"contentUrl\":\"https:\\\/\\\/darkamazi.site\\\/darka-content\\\/uploads\\\/2017\\\/12\\\/darka-mazi-logo.png\",\"width\":151,\"height\":75,\"caption\":\"Darka Mazi T\u00fcrk\u00e7e\"},\"image\":{\"@id\":\"https:\\\/\\\/darkamazi.site\\\/#\\\/schema\\\/logo\\\/image\\\/\"},\"sameAs\":[\"https:\\\/\\\/www.facebook.com\\\/DarkaMaziturkce\",\"https:\\\/\\\/x.com\\\/DarkaMaziTurkce\"]},{\"@type\":\"Person\",\"@id\":\"https:\\\/\\\/darkamazi.site\\\/#\\\/schema\\\/person\\\/67986a95ac546c16760365877ef4a9d3\",\"name\":\"darka mazi\",\"sameAs\":[\"https:\\\/\\\/darkamazi.site\"],\"url\":\"https:\\\/\\\/darkamazi.site\\\/archives\\\/author\\\/turkish\"}]}<\/script>\n<!-- \/ Yoast SEO plugin. -->","seo_head_json":{"title":"Papa'dan K\u00fcrdistan'a mesaj: \u201cBir kez daha K\u00fcrt halk\u0131na s\u0131cak kar\u015f\u0131lamalar\u0131 i\u00e7in te\u015fekk\u00fcr ediyorum\u201d - Darka Mazi","robots":{"index":"index","follow":"follow","max-snippet":"max-snippet:-1","max-image-preview":"max-image-preview:large","max-video-preview":"max-video-preview:-1"},"canonical":"https:\/\/darkamazi.site\/archives\/1013476","og_locale":"en_US","og_type":"article","og_title":"Papa'dan K\u00fcrdistan'a mesaj: \u201cBir kez daha K\u00fcrt halk\u0131na s\u0131cak kar\u015f\u0131lamalar\u0131 i\u00e7in te\u015fekk\u00fcr ediyorum\u201d - Darka Mazi","og_description":"Papa Franciscus, 5-7 Mart aras\u0131nda Irak ve K\u00fcrdistan\u2019a yapt\u0131\u011f\u0131 tarihi ziyaretlerin ard\u0131ndan Twitter\u2019da K\u00fcrdistan\u2019a te\u015fekk\u00fcr mesaj\u0131 payla\u015ft\u0131. Papa Franciscus, sosyal medya hesab\u0131 Twitter\u2019dan yapt\u0131\u011f\u0131 a\u00e7\u0131klamada Erbil\u2019deki kar\u015f\u0131lamaya ili\u015fkin K\u00fcrdistan Ba\u015fkan\u0131\u00a0Ne\u00e7irvan Barzani,\u00a0Ba\u015fbakan\u00a0Mesrur Barzani\u00a0ve K\u00fcrt halk\u0131na te\u015fekk\u00fcr etti. Papa, \u201cBir kez daha K\u00fcrt halk\u0131na s\u0131cak kar\u015f\u0131lamalar\u0131 i\u00e7in te\u015fekk\u00fcr ediyorum\u201d ifadesini kulland\u0131. Katoliklerin ruhani lideri Papa Franciscus, 5-7 [&hellip;]","og_url":"https:\/\/darkamazi.site\/archives\/1013476","og_site_name":"Darka Mazi","article_publisher":"https:\/\/www.facebook.com\/DarkaMaziturkce","article_published_time":"2021-03-10T16:45:56+00:00","og_image":[{"width":580,"height":330,"url":"https:\/\/darkamazi.site\/file\/2021\/03\/Papa-in-Erbil.jpg","type":"image\/jpeg"}],"author":"darka mazi","twitter_card":"summary_large_image","twitter_creator":"@DarkaMaziTurkce","twitter_site":"@DarkaMaziTurkce","twitter_misc":{"Written by":"darka mazi","Est. reading time":"1 minute"},"schema":{"@context":"https:\/\/schema.org","@graph":[{"@type":"NewsArticle","@id":"https:\/\/darkamazi.site\/archives\/1013476#article","isPartOf":{"@id":"https:\/\/darkamazi.site\/archives\/1013476"},"author":{"name":"darka mazi","@id":"https:\/\/darkamazi.site\/#\/schema\/person\/67986a95ac546c16760365877ef4a9d3"},"headline":"Papa&#8217;dan K\u00fcrdistan&#8217;a mesaj: \u201cBir kez daha K\u00fcrt halk\u0131na s\u0131cak kar\u015f\u0131lamalar\u0131 i\u00e7in te\u015fekk\u00fcr ediyorum\u201d","datePublished":"2021-03-10T16:45:56+00:00","mainEntityOfPage":{"@id":"https:\/\/darkamazi.site\/archives\/1013476"},"wordCount":166,"publisher":{"@id":"https:\/\/darkamazi.site\/#organization"},"image":{"@id":"https:\/\/darkamazi.site\/archives\/1013476#primaryimage"},"thumbnailUrl":"https:\/\/darkamazi.site\/file\/2021\/03\/Papa-in-Erbil.jpg","keywords":["\u00f6nemli"],"articleSection":["Kurdistan"],"inLanguage":"en-US"},{"@type":"WebPage","@id":"https:\/\/darkamazi.site\/archives\/1013476","url":"https:\/\/darkamazi.site\/archives\/1013476","name":"Papa'dan K\u00fcrdistan'a mesaj: \u201cBir kez daha K\u00fcrt halk\u0131na s\u0131cak kar\u015f\u0131lamalar\u0131 i\u00e7in te\u015fekk\u00fcr ediyorum\u201d - Darka Mazi","isPartOf":{"@id":"https:\/\/darkamazi.site\/#website"},"primaryImageOfPage":{"@id":"https:\/\/darkamazi.site\/archives\/1013476#primaryimage"},"image":{"@id":"https:\/\/darkamazi.site\/archives\/1013476#primaryimage"},"thumbnailUrl":"https:\/\/darkamazi.site\/file\/2021\/03\/Papa-in-Erbil.jpg","datePublished":"2021-03-10T16:45:56+00:00","breadcrumb":{"@id":"https:\/\/darkamazi.site\/archives\/1013476#breadcrumb"},"inLanguage":"en-US","potentialAction":[{"@type":"ReadAction","target":["https:\/\/darkamazi.site\/archives\/1013476"]}]},{"@type":"ImageObject","inLanguage":"en-US","@id":"https:\/\/darkamazi.site\/archives\/1013476#primaryimage","url":"https:\/\/darkamazi.site\/file\/2021\/03\/Papa-in-Erbil.jpg","contentUrl":"https:\/\/darkamazi.site\/file\/2021\/03\/Papa-in-Erbil.jpg","width":580,"height":330,"caption":"Papa'dan K\u00fcrdistan'a mesaj: \u201cBir kez daha K\u00fcrt halk\u0131na s\u0131cak kar\u015f\u0131lamalar\u0131 i\u00e7in te\u015fekk\u00fcr ediyorum\u201d Ne\u00e7irvan Barzani, Mesrur Barzani, Erbil, Hewler, Fransua Hariri Stadyum"},{"@type":"BreadcrumbList","@id":"https:\/\/darkamazi.site\/archives\/1013476#breadcrumb","itemListElement":[{"@type":"ListItem","position":1,"name":"Home","item":"https:\/\/darkamazi.site\/"},{"@type":"ListItem","position":2,"name":"Papa&#8217;dan K\u00fcrdistan&#8217;a mesaj: \u201cBir kez daha K\u00fcrt halk\u0131na s\u0131cak kar\u015f\u0131lamalar\u0131 i\u00e7in te\u015fekk\u00fcr ediyorum\u201d"}]},{"@type":"WebSite","@id":"https:\/\/darkamazi.site\/#website","url":"https:\/\/darkamazi.site\/","name":"Darka Mazi","description":"Ana Sayfa","publisher":{"@id":"https:\/\/darkamazi.site\/#organization"},"potentialAction":[{"@type":"SearchAction","target":{"@type":"EntryPoint","urlTemplate":"https:\/\/darkamazi.site\/?s={search_term_string}"},"query-input":{"@type":"PropertyValueSpecification","valueRequired":true,"valueName":"search_term_string"}}],"inLanguage":"en-US"},{"@type":"Organization","@id":"https:\/\/darkamazi.site\/#organization","name":"Darka Mazi T\u00fcrk\u00e7e","alternateName":"Darka Mazi","url":"https:\/\/darkamazi.site\/","logo":{"@type":"ImageObject","inLanguage":"en-US","@id":"https:\/\/darkamazi.site\/#\/schema\/logo\/image\/","url":"https:\/\/darkamazi.site\/file\/2017\/12\/darka-mazi-logo.png","contentUrl":"https:\/\/darkamazi.site\/file\/2017\/12\/darka-mazi-logo.png","width":151,"height":75,"caption":"Darka Mazi T\u00fcrk\u00e7e"},"image":{"@id":"https:\/\/darkamazi.site\/#\/schema\/logo\/image\/"},"sameAs":["https:\/\/www.facebook.com\/DarkaMaziturkce","https:\/\/x.com\/DarkaMaziTurkce"]},{"@type":"Person","@id":"https:\/\/darkamazi.site\/#\/schema\/person\/67986a95ac546c16760365877ef4a9d3","name":"darka mazi","sameAs":["https:\/\/darkamazi.site"],"url":"https:\/\/darkamazi.site\/archives\/author\/turkish"}]}},"_links":{"self":[{"href":"https:\/\/darkamazi.site\/funavuv\/wp\/v2\/posts\/1013476","targetHints":{"allow":["GET"]}}],"collection":[{"href":"https:\/\/darkamazi.site\/funavuv\/wp\/v2\/posts"}],"about":[{"href":"https:\/\/darkamazi.site\/funavuv\/wp\/v2\/types\/post"}],"author":[{"embeddable":true,"href":"https:\/\/darkamazi.site\/funavuv\/wp\/v2\/users\/2"}],"replies":[{"embeddable":true,"href":"https:\/\/darkamazi.site\/funavuv\/wp\/v2\/comments?post=1013476"}],"version-history":[{"count":0,"href":"https:\/\/darkamazi.site\/funavuv\/wp\/v2\/posts\/1013476\/revisions"}],"wp:featuredmedia":[{"embeddable":true,"href":"https:\/\/darkamazi.site\/funavuv\/wp\/v2\/media\/1013477"}],"wp:attachment":[{"href":"https:\/\/darkamazi.site\/funavuv\/wp\/v2\/media?parent=1013476"}],"wp:term":[{"taxonomy":"category","embeddable":true,"href":"https:\/\/darkamazi.site\/funavuv\/wp\/v2\/categories?post=1013476"},{"taxonomy":"post_tag","embeddable":true,"href":"https:\/\/darkamazi.site\/funavuv\/wp\/v2\/tags?post=1013476"}],"curies":[{"name":"wp","href":"https:\/\/api.w.org\/{rel}","templated":true}]}}