{"id":1013768,"date":"2021-03-28T17:55:19","date_gmt":"2021-03-28T14:55:19","guid":{"rendered":"https:\/\/darkamazi.site\/?p=1013768"},"modified":"2023-01-17T15:00:11","modified_gmt":"2023-01-17T12:00:11","slug":"kurdistan-bolgesi-hukumeti-rojavaya-8-kisilik-saglik-ekibi-gonderildi","status":"publish","type":"post","link":"https:\/\/darkamazi.site\/archives\/1013768","title":{"rendered":"K\u00fcrdistan B\u00f6lgesi H\u00fck\u00fcmeti Rojava&#8217;ya 8 ki\u015filik sa\u011fl\u0131k ekibi g\u00f6nderildi"},"content":{"rendered":"<p style=\"text-align: justify\">K\u00fcrdistan B\u00f6lgesi H\u00fck\u00fcmeti\u00a0ve Barzani Yard\u0131m Vakf\u0131\u2019n\u0131n ge\u00e7ti\u011fimiz g\u00fcnlerde a\u00e7\u0131k kalp ameliyatlar\u0131 yapmak \u00fczere\u00a0Rojava\u2019n\u0131n Kam\u0131\u015flo kentine bir sa\u011fl\u0131k ekibi g\u00f6nderdi\u011fi bildirildi.<\/p>\n<p style=\"text-align: justify\">Ekibin 8 doktordan olu\u015ftu\u011fu belirtildi.<\/p>\n<p style=\"text-align: justify\">\u015eu ana kadar a\u00e7\u0131k kalp ameliyat\u0131 i\u00e7in\u00a0 Rojava\u2019dan Suriye\u2019nin ba\u015fkenti \u015eam\u2019a gidiliyordu. Bu geli\u015f gidi\u015f hem masrafl\u0131 oluyor hem de \u00e7ok zaman al\u0131yordu. Bu nedenle pek \u00e7ok hasta \u015eam\u2019a gidemiyordu.<\/p>\n<p style=\"text-align: justify\">K\u00fcrdistan B\u00f6lgesi\u2019nden Rojava\u2019ya doktor ve sa\u011fl\u0131k ekibini g\u00f6nderilmesinin ard\u0131ndan hasta say\u0131s\u0131n\u0131n hafifledi\u011fi ifade ediliyor.<\/p>\n<p style=\"text-align: justify\">Sa\u011fl\u0131k ekibi \u015fu kadar 9 ameliyat yapm\u0131\u015f durumda.<\/p>\n<p style=\"text-align: justify\">K\u00fcrdistan B\u00f6lgesi H\u00fck\u00fcmeti ve Barzani Yard\u0131m Vakf\u0131 daha \u00f6ncede Rojava i\u00e7in bir \u00e7ok yard\u0131m g\u00f6ndermi\u015fti. \u00d6zellikle korona d\u00f6neminde bu yard\u0131mlar\u0131n s\u0131kl\u0131\u011f\u0131 ve miktar\u0131 artt\u0131.<\/p>\n","protected":false},"excerpt":{"rendered":"<p>K\u00fcrdistan B\u00f6lgesi H\u00fck\u00fcmeti\u00a0ve Barzani Yard\u0131m Vakf\u0131\u2019n\u0131n ge\u00e7ti\u011fimiz g\u00fcnlerde a\u00e7\u0131k kalp ameliyatlar\u0131 yapmak \u00fczere\u00a0Rojava\u2019n\u0131n Kam\u0131\u015flo kentine bir sa\u011fl\u0131k ekibi g\u00f6nderdi\u011fi bildirildi. Ekibin 8 doktordan olu\u015ftu\u011fu belirtildi. \u015eu ana kadar a\u00e7\u0131k kalp ameliyat\u0131 i\u00e7in\u00a0 Rojava\u2019dan Suriye\u2019nin ba\u015fkenti \u015eam\u2019a gidiliyordu. Bu geli\u015f gidi\u015f hem masrafl\u0131 oluyor hem de \u00e7ok zaman al\u0131yordu. Bu nedenle pek \u00e7ok hasta \u015eam\u2019a gidemiyordu. [&hellip;]<\/p>\n","protected":false},"author":2,"featured_media":1013769,"comment_status":"closed","ping_status":"closed","sticky":false,"template":"","format":"standard","meta":{"footnotes":""},"categories":[4],"tags":[],"class_list":["post-1013768","post","type-post","status-publish","format-standard","has-post-thumbnail","hentry","category-yasamdan"],"blocksy_meta":[],"seo_head":"<!-- This site is optimized with the Yoast SEO plugin v27.5 - https:\/\/yoast.com\/product\/yoast-seo-wordpress\/ -->\n<title>K\u00fcrdistan B\u00f6lgesi H\u00fck\u00fcmeti Rojava&#039;ya 8 ki\u015filik sa\u011fl\u0131k ekibi g\u00f6nderildi - Darka Mazi<\/title>\n<meta name=\"robots\" content=\"index, follow, max-snippet:-1, max-image-preview:large, max-video-preview:-1\" \/>\n<link rel=\"canonical\" href=\"https:\/\/darkamazi.site\/archives\/1013768\" \/>\n<meta property=\"og:locale\" content=\"en_US\" \/>\n<meta property=\"og:type\" content=\"article\" \/>\n<meta property=\"og:title\" content=\"K\u00fcrdistan B\u00f6lgesi H\u00fck\u00fcmeti Rojava&#039;ya 8 ki\u015filik sa\u011fl\u0131k ekibi g\u00f6nderildi - Darka Mazi\" \/>\n<meta property=\"og:description\" content=\"K\u00fcrdistan B\u00f6lgesi H\u00fck\u00fcmeti\u00a0ve Barzani Yard\u0131m Vakf\u0131\u2019n\u0131n ge\u00e7ti\u011fimiz g\u00fcnlerde a\u00e7\u0131k kalp ameliyatlar\u0131 yapmak \u00fczere\u00a0Rojava\u2019n\u0131n Kam\u0131\u015flo kentine bir sa\u011fl\u0131k ekibi g\u00f6nderdi\u011fi bildirildi. Ekibin 8 doktordan olu\u015ftu\u011fu belirtildi. \u015eu ana kadar a\u00e7\u0131k kalp ameliyat\u0131 i\u00e7in\u00a0 Rojava\u2019dan Suriye\u2019nin ba\u015fkenti \u015eam\u2019a gidiliyordu. Bu geli\u015f gidi\u015f hem masrafl\u0131 oluyor hem de \u00e7ok zaman al\u0131yordu. Bu nedenle pek \u00e7ok hasta \u015eam\u2019a gidemiyordu. [&hellip;]\" \/>\n<meta property=\"og:url\" content=\"https:\/\/darkamazi.site\/archives\/1013768\" \/>\n<meta property=\"og:site_name\" content=\"Darka Mazi\" \/>\n<meta property=\"article:publisher\" content=\"https:\/\/www.facebook.com\/DarkaMaziturkce\" \/>\n<meta property=\"article:published_time\" content=\"2021-03-28T14:55:19+00:00\" \/>\n<meta property=\"article:modified_time\" content=\"2023-01-17T12:00:11+00:00\" \/>\n<meta property=\"og:image\" content=\"https:\/\/darkamazi.site\/file\/2021\/03\/Rojava-123.jpg\" \/>\n\t<meta property=\"og:image:width\" content=\"710\" \/>\n\t<meta property=\"og:image:height\" content=\"419\" \/>\n\t<meta property=\"og:image:type\" content=\"image\/jpeg\" \/>\n<meta name=\"author\" content=\"darka mazi\" \/>\n<meta name=\"twitter:card\" content=\"summary_large_image\" \/>\n<meta name=\"twitter:creator\" content=\"@DarkaMaziTurkce\" \/>\n<meta name=\"twitter:site\" content=\"@DarkaMaziTurkce\" \/>\n<meta name=\"twitter:label1\" content=\"Written by\" \/>\n\t<meta name=\"twitter:data1\" content=\"darka mazi\" \/>\n\t<meta name=\"twitter:label2\" content=\"Est. reading time\" \/>\n\t<meta name=\"twitter:data2\" content=\"1 minute\" \/>\n<script type=\"application\/ld+json\" class=\"seo-schema-graph\">{\"@context\":\"https:\\\/\\\/schema.org\",\"@graph\":[{\"@type\":\"NewsArticle\",\"@id\":\"https:\\\/\\\/darkamazi.site\\\/archives\\\/1013768#article\",\"isPartOf\":{\"@id\":\"https:\\\/\\\/darkamazi.site\\\/archives\\\/1013768\"},\"author\":{\"name\":\"darka mazi\",\"@id\":\"https:\\\/\\\/darkamazi.site\\\/#\\\/schema\\\/person\\\/67986a95ac546c16760365877ef4a9d3\"},\"headline\":\"K\u00fcrdistan B\u00f6lgesi H\u00fck\u00fcmeti Rojava&#8217;ya 8 ki\u015filik sa\u011fl\u0131k ekibi g\u00f6nderildi\",\"datePublished\":\"2021-03-28T14:55:19+00:00\",\"dateModified\":\"2023-01-17T12:00:11+00:00\",\"mainEntityOfPage\":{\"@id\":\"https:\\\/\\\/darkamazi.site\\\/archives\\\/1013768\"},\"wordCount\":173,\"publisher\":{\"@id\":\"https:\\\/\\\/darkamazi.site\\\/#organization\"},\"image\":{\"@id\":\"https:\\\/\\\/darkamazi.site\\\/archives\\\/1013768#primaryimage\"},\"thumbnailUrl\":\"https:\\\/\\\/darkamazi.site\\\/darka-content\\\/uploads\\\/2021\\\/03\\\/Rojava-123.jpg\",\"articleSection\":[\"ya\u015famdan\"],\"inLanguage\":\"en-US\"},{\"@type\":\"WebPage\",\"@id\":\"https:\\\/\\\/darkamazi.site\\\/archives\\\/1013768\",\"url\":\"https:\\\/\\\/darkamazi.site\\\/archives\\\/1013768\",\"name\":\"K\u00fcrdistan B\u00f6lgesi H\u00fck\u00fcmeti Rojava'ya 8 ki\u015filik sa\u011fl\u0131k ekibi g\u00f6nderildi - Darka Mazi\",\"isPartOf\":{\"@id\":\"https:\\\/\\\/darkamazi.site\\\/#website\"},\"primaryImageOfPage\":{\"@id\":\"https:\\\/\\\/darkamazi.site\\\/archives\\\/1013768#primaryimage\"},\"image\":{\"@id\":\"https:\\\/\\\/darkamazi.site\\\/archives\\\/1013768#primaryimage\"},\"thumbnailUrl\":\"https:\\\/\\\/darkamazi.site\\\/darka-content\\\/uploads\\\/2021\\\/03\\\/Rojava-123.jpg\",\"datePublished\":\"2021-03-28T14:55:19+00:00\",\"dateModified\":\"2023-01-17T12:00:11+00:00\",\"breadcrumb\":{\"@id\":\"https:\\\/\\\/darkamazi.site\\\/archives\\\/1013768#breadcrumb\"},\"inLanguage\":\"en-US\",\"potentialAction\":[{\"@type\":\"ReadAction\",\"target\":[\"https:\\\/\\\/darkamazi.site\\\/archives\\\/1013768\"]}]},{\"@type\":\"ImageObject\",\"inLanguage\":\"en-US\",\"@id\":\"https:\\\/\\\/darkamazi.site\\\/archives\\\/1013768#primaryimage\",\"url\":\"https:\\\/\\\/darkamazi.site\\\/darka-content\\\/uploads\\\/2021\\\/03\\\/Rojava-123.jpg\",\"contentUrl\":\"https:\\\/\\\/darkamazi.site\\\/darka-content\\\/uploads\\\/2021\\\/03\\\/Rojava-123.jpg\",\"width\":710,\"height\":419,\"caption\":\"K\u00fcrdistan B\u00f6lgesi H\u00fck\u00fcmeti Rojava'ya 8 ki\u015filik sa\u011fl\u0131k ekibi g\u00f6nderildi BFC, A\u00e7\u0131k kalp amelyat\u0131 \u015eam\"},{\"@type\":\"BreadcrumbList\",\"@id\":\"https:\\\/\\\/darkamazi.site\\\/archives\\\/1013768#breadcrumb\",\"itemListElement\":[{\"@type\":\"ListItem\",\"position\":1,\"name\":\"Home\",\"item\":\"https:\\\/\\\/darkamazi.site\\\/\"},{\"@type\":\"ListItem\",\"position\":2,\"name\":\"K\u00fcrdistan B\u00f6lgesi H\u00fck\u00fcmeti Rojava&#8217;ya 8 ki\u015filik sa\u011fl\u0131k ekibi g\u00f6nderildi\"}]},{\"@type\":\"WebSite\",\"@id\":\"https:\\\/\\\/darkamazi.site\\\/#website\",\"url\":\"https:\\\/\\\/darkamazi.site\\\/\",\"name\":\"Darka Mazi\",\"description\":\"Ana Sayfa\",\"publisher\":{\"@id\":\"https:\\\/\\\/darkamazi.site\\\/#organization\"},\"potentialAction\":[{\"@type\":\"SearchAction\",\"target\":{\"@type\":\"EntryPoint\",\"urlTemplate\":\"https:\\\/\\\/darkamazi.site\\\/?s={search_term_string}\"},\"query-input\":{\"@type\":\"PropertyValueSpecification\",\"valueRequired\":true,\"valueName\":\"search_term_string\"}}],\"inLanguage\":\"en-US\"},{\"@type\":\"Organization\",\"@id\":\"https:\\\/\\\/darkamazi.site\\\/#organization\",\"name\":\"Darka Mazi T\u00fcrk\u00e7e\",\"alternateName\":\"Darka Mazi\",\"url\":\"https:\\\/\\\/darkamazi.site\\\/\",\"logo\":{\"@type\":\"ImageObject\",\"inLanguage\":\"en-US\",\"@id\":\"https:\\\/\\\/darkamazi.site\\\/#\\\/schema\\\/logo\\\/image\\\/\",\"url\":\"https:\\\/\\\/darkamazi.site\\\/darka-content\\\/uploads\\\/2017\\\/12\\\/darka-mazi-logo.png\",\"contentUrl\":\"https:\\\/\\\/darkamazi.site\\\/darka-content\\\/uploads\\\/2017\\\/12\\\/darka-mazi-logo.png\",\"width\":151,\"height\":75,\"caption\":\"Darka Mazi T\u00fcrk\u00e7e\"},\"image\":{\"@id\":\"https:\\\/\\\/darkamazi.site\\\/#\\\/schema\\\/logo\\\/image\\\/\"},\"sameAs\":[\"https:\\\/\\\/www.facebook.com\\\/DarkaMaziturkce\",\"https:\\\/\\\/x.com\\\/DarkaMaziTurkce\"]},{\"@type\":\"Person\",\"@id\":\"https:\\\/\\\/darkamazi.site\\\/#\\\/schema\\\/person\\\/67986a95ac546c16760365877ef4a9d3\",\"name\":\"darka mazi\",\"sameAs\":[\"https:\\\/\\\/darkamazi.site\"],\"url\":\"https:\\\/\\\/darkamazi.site\\\/archives\\\/author\\\/turkish\"}]}<\/script>\n<!-- \/ Yoast SEO plugin. -->","seo_head_json":{"title":"K\u00fcrdistan B\u00f6lgesi H\u00fck\u00fcmeti Rojava'ya 8 ki\u015filik sa\u011fl\u0131k ekibi g\u00f6nderildi - Darka Mazi","robots":{"index":"index","follow":"follow","max-snippet":"max-snippet:-1","max-image-preview":"max-image-preview:large","max-video-preview":"max-video-preview:-1"},"canonical":"https:\/\/darkamazi.site\/archives\/1013768","og_locale":"en_US","og_type":"article","og_title":"K\u00fcrdistan B\u00f6lgesi H\u00fck\u00fcmeti Rojava'ya 8 ki\u015filik sa\u011fl\u0131k ekibi g\u00f6nderildi - Darka Mazi","og_description":"K\u00fcrdistan B\u00f6lgesi H\u00fck\u00fcmeti\u00a0ve Barzani Yard\u0131m Vakf\u0131\u2019n\u0131n ge\u00e7ti\u011fimiz g\u00fcnlerde a\u00e7\u0131k kalp ameliyatlar\u0131 yapmak \u00fczere\u00a0Rojava\u2019n\u0131n Kam\u0131\u015flo kentine bir sa\u011fl\u0131k ekibi g\u00f6nderdi\u011fi bildirildi. Ekibin 8 doktordan olu\u015ftu\u011fu belirtildi. \u015eu ana kadar a\u00e7\u0131k kalp ameliyat\u0131 i\u00e7in\u00a0 Rojava\u2019dan Suriye\u2019nin ba\u015fkenti \u015eam\u2019a gidiliyordu. Bu geli\u015f gidi\u015f hem masrafl\u0131 oluyor hem de \u00e7ok zaman al\u0131yordu. Bu nedenle pek \u00e7ok hasta \u015eam\u2019a gidemiyordu. [&hellip;]","og_url":"https:\/\/darkamazi.site\/archives\/1013768","og_site_name":"Darka Mazi","article_publisher":"https:\/\/www.facebook.com\/DarkaMaziturkce","article_published_time":"2021-03-28T14:55:19+00:00","article_modified_time":"2023-01-17T12:00:11+00:00","og_image":[{"width":710,"height":419,"url":"https:\/\/darkamazi.site\/file\/2021\/03\/Rojava-123.jpg","type":"image\/jpeg"}],"author":"darka mazi","twitter_card":"summary_large_image","twitter_creator":"@DarkaMaziTurkce","twitter_site":"@DarkaMaziTurkce","twitter_misc":{"Written by":"darka mazi","Est. reading time":"1 minute"},"schema":{"@context":"https:\/\/schema.org","@graph":[{"@type":"NewsArticle","@id":"https:\/\/darkamazi.site\/archives\/1013768#article","isPartOf":{"@id":"https:\/\/darkamazi.site\/archives\/1013768"},"author":{"name":"darka mazi","@id":"https:\/\/darkamazi.site\/#\/schema\/person\/67986a95ac546c16760365877ef4a9d3"},"headline":"K\u00fcrdistan B\u00f6lgesi H\u00fck\u00fcmeti Rojava&#8217;ya 8 ki\u015filik sa\u011fl\u0131k ekibi g\u00f6nderildi","datePublished":"2021-03-28T14:55:19+00:00","dateModified":"2023-01-17T12:00:11+00:00","mainEntityOfPage":{"@id":"https:\/\/darkamazi.site\/archives\/1013768"},"wordCount":173,"publisher":{"@id":"https:\/\/darkamazi.site\/#organization"},"image":{"@id":"https:\/\/darkamazi.site\/archives\/1013768#primaryimage"},"thumbnailUrl":"https:\/\/darkamazi.site\/file\/2021\/03\/Rojava-123.jpg","articleSection":["ya\u015famdan"],"inLanguage":"en-US"},{"@type":"WebPage","@id":"https:\/\/darkamazi.site\/archives\/1013768","url":"https:\/\/darkamazi.site\/archives\/1013768","name":"K\u00fcrdistan B\u00f6lgesi H\u00fck\u00fcmeti Rojava'ya 8 ki\u015filik sa\u011fl\u0131k ekibi g\u00f6nderildi - Darka Mazi","isPartOf":{"@id":"https:\/\/darkamazi.site\/#website"},"primaryImageOfPage":{"@id":"https:\/\/darkamazi.site\/archives\/1013768#primaryimage"},"image":{"@id":"https:\/\/darkamazi.site\/archives\/1013768#primaryimage"},"thumbnailUrl":"https:\/\/darkamazi.site\/file\/2021\/03\/Rojava-123.jpg","datePublished":"2021-03-28T14:55:19+00:00","dateModified":"2023-01-17T12:00:11+00:00","breadcrumb":{"@id":"https:\/\/darkamazi.site\/archives\/1013768#breadcrumb"},"inLanguage":"en-US","potentialAction":[{"@type":"ReadAction","target":["https:\/\/darkamazi.site\/archives\/1013768"]}]},{"@type":"ImageObject","inLanguage":"en-US","@id":"https:\/\/darkamazi.site\/archives\/1013768#primaryimage","url":"https:\/\/darkamazi.site\/file\/2021\/03\/Rojava-123.jpg","contentUrl":"https:\/\/darkamazi.site\/file\/2021\/03\/Rojava-123.jpg","width":710,"height":419,"caption":"K\u00fcrdistan B\u00f6lgesi H\u00fck\u00fcmeti Rojava'ya 8 ki\u015filik sa\u011fl\u0131k ekibi g\u00f6nderildi BFC, A\u00e7\u0131k kalp amelyat\u0131 \u015eam"},{"@type":"BreadcrumbList","@id":"https:\/\/darkamazi.site\/archives\/1013768#breadcrumb","itemListElement":[{"@type":"ListItem","position":1,"name":"Home","item":"https:\/\/darkamazi.site\/"},{"@type":"ListItem","position":2,"name":"K\u00fcrdistan B\u00f6lgesi H\u00fck\u00fcmeti Rojava&#8217;ya 8 ki\u015filik sa\u011fl\u0131k ekibi g\u00f6nderildi"}]},{"@type":"WebSite","@id":"https:\/\/darkamazi.site\/#website","url":"https:\/\/darkamazi.site\/","name":"Darka Mazi","description":"Ana Sayfa","publisher":{"@id":"https:\/\/darkamazi.site\/#organization"},"potentialAction":[{"@type":"SearchAction","target":{"@type":"EntryPoint","urlTemplate":"https:\/\/darkamazi.site\/?s={search_term_string}"},"query-input":{"@type":"PropertyValueSpecification","valueRequired":true,"valueName":"search_term_string"}}],"inLanguage":"en-US"},{"@type":"Organization","@id":"https:\/\/darkamazi.site\/#organization","name":"Darka Mazi T\u00fcrk\u00e7e","alternateName":"Darka Mazi","url":"https:\/\/darkamazi.site\/","logo":{"@type":"ImageObject","inLanguage":"en-US","@id":"https:\/\/darkamazi.site\/#\/schema\/logo\/image\/","url":"https:\/\/darkamazi.site\/file\/2017\/12\/darka-mazi-logo.png","contentUrl":"https:\/\/darkamazi.site\/file\/2017\/12\/darka-mazi-logo.png","width":151,"height":75,"caption":"Darka Mazi T\u00fcrk\u00e7e"},"image":{"@id":"https:\/\/darkamazi.site\/#\/schema\/logo\/image\/"},"sameAs":["https:\/\/www.facebook.com\/DarkaMaziturkce","https:\/\/x.com\/DarkaMaziTurkce"]},{"@type":"Person","@id":"https:\/\/darkamazi.site\/#\/schema\/person\/67986a95ac546c16760365877ef4a9d3","name":"darka mazi","sameAs":["https:\/\/darkamazi.site"],"url":"https:\/\/darkamazi.site\/archives\/author\/turkish"}]}},"_links":{"self":[{"href":"https:\/\/darkamazi.site\/funavuv\/wp\/v2\/posts\/1013768","targetHints":{"allow":["GET"]}}],"collection":[{"href":"https:\/\/darkamazi.site\/funavuv\/wp\/v2\/posts"}],"about":[{"href":"https:\/\/darkamazi.site\/funavuv\/wp\/v2\/types\/post"}],"author":[{"embeddable":true,"href":"https:\/\/darkamazi.site\/funavuv\/wp\/v2\/users\/2"}],"replies":[{"embeddable":true,"href":"https:\/\/darkamazi.site\/funavuv\/wp\/v2\/comments?post=1013768"}],"version-history":[{"count":0,"href":"https:\/\/darkamazi.site\/funavuv\/wp\/v2\/posts\/1013768\/revisions"}],"wp:featuredmedia":[{"embeddable":true,"href":"https:\/\/darkamazi.site\/funavuv\/wp\/v2\/media\/1013769"}],"wp:attachment":[{"href":"https:\/\/darkamazi.site\/funavuv\/wp\/v2\/media?parent=1013768"}],"wp:term":[{"taxonomy":"category","embeddable":true,"href":"https:\/\/darkamazi.site\/funavuv\/wp\/v2\/categories?post=1013768"},{"taxonomy":"post_tag","embeddable":true,"href":"https:\/\/darkamazi.site\/funavuv\/wp\/v2\/tags?post=1013768"}],"curies":[{"name":"wp","href":"https:\/\/api.w.org\/{rel}","templated":true}]}}