{"id":1013883,"date":"2021-04-06T21:37:45","date_gmt":"2021-04-06T18:37:45","guid":{"rendered":"https:\/\/darkamazi.site\/?p=1013883"},"modified":"2026-03-31T16:43:50","modified_gmt":"2026-03-31T13:43:50","slug":"suleymaninin-halefi-kaani-bagdatta-gorusmelerde-bulundu","status":"publish","type":"post","link":"https:\/\/darkamazi.site\/archives\/1013883","title":{"rendered":"S\u00fcleymani\u2019nin halefi Kaani Ba\u011fdat\u2019ta g\u00f6r\u00fc\u015fmelerde bulundu"},"content":{"rendered":"<p><span style=\"font-family: 'arial black', sans-serif\">\u0130ran Devrim Muhaf\u0131zlar\u0131 Ordusu\u2019na ba\u011fl\u0131 Kud\u00fcs G\u00fcc\u00fc Komutan\u0131 \u0130smail Kaani\u2019nin Irak\u2019\u0131n ba\u015fkenti Ba\u011fdat\u2019ta g\u00f6r\u00fc\u015fmelerde bulundu\u011fu belirtildi.<\/span><\/p>\n<p>\u0130ran Devrim Muhaf\u0131zlar\u0131 Ordusu\u2019na ba\u011fl\u0131 Kud\u00fcs G\u00fcc\u00fc Komutan\u0131 \u0130smail Kaani\u2019nin Irak\u2019\u0131n ba\u015fkenti Ba\u011fdat\u2019ta g\u00f6r\u00fc\u015fmelerde bulundu\u011fu belirtildi.<\/p>\n<p>Irakl\u0131 g\u00fcvenlik kaynaklar\u0131ndan edinilen bilgiye g\u00f6re, Kud\u00fcs G\u00fcc\u00fc Komutan\u0131 Tu\u011fgeneral \u0130smail Kaani, Ba\u011fdat\u2019ta bir tak\u0131m g\u00f6r\u00fc\u015fmelerde bulundu.<\/p>\n<p>Kaani\u2019nin d\u00fcn Ba\u011fdat\u2019ta geldi\u011fi ve \u0130ran&#8217;a yak\u0131n silahl\u0131 gruplar\u0131n liderleriyle g\u00f6r\u00fc\u015ft\u00fc\u011f\u00fc bilgisine ula\u015f\u0131l\u0131rken, \u00c7ar\u015famba g\u00fcn\u00fc ABD ile Irak aras\u0131nda ba\u015flayacak olan stratejik m\u00fczakerelerle ilgili de g\u00f6r\u00fc\u015fmelerde bulundu\u011fu belirtildi.<\/p>\n<p>Irakl\u0131 \u00fcst d\u00fczey yetkililerin yan\u0131 s\u0131ra parti ve siyasi grup liderleriyle bir araya gelen Kaani\u2019nin bug\u00fcn \u0130ran\u2019a d\u00f6nd\u00fc\u011f\u00fc ifade edildi.<\/p>\n<p>Ayr\u0131ca g\u00f6r\u00fc\u015fmelerde, \u0130ran-Irak ili\u015fkilerinin de masaya yat\u0131r\u0131ld\u0131\u011f\u0131 belirtildi.<\/p>\n<p>Kaani, ge\u00e7ti\u011fimiz Aral\u0131k ay\u0131nda da Ba\u011fdat\u2019a ziyarette bulunmu\u015ftu.<\/p>\n<p>\u0130ranl\u0131 komutan\u0131n selefi olan Kas\u0131m S\u00fcleymani, 2020 y\u0131l\u0131n\u0131n Ocak ay\u0131n\u0131n ba\u015f\u0131nda Ba\u011fdat\u2019ta ABD taraf\u0131ndan ger\u00e7ekle\u015ftirilen hava sald\u0131r\u0131s\u0131 sonucu ya\u015fam\u0131n\u0131 yitirmi\u015fti<\/p>\n","protected":false},"excerpt":{"rendered":"<p>\u0130ran Devrim Muhaf\u0131zlar\u0131 Ordusu\u2019na ba\u011fl\u0131 Kud\u00fcs G\u00fcc\u00fc Komutan\u0131 \u0130smail Kaani\u2019nin Irak\u2019\u0131n ba\u015fkenti Ba\u011fdat\u2019ta g\u00f6r\u00fc\u015fmelerde bulundu\u011fu belirtildi. \u0130ran Devrim Muhaf\u0131zlar\u0131 Ordusu\u2019na ba\u011fl\u0131 Kud\u00fcs G\u00fcc\u00fc Komutan\u0131 \u0130smail Kaani\u2019nin Irak\u2019\u0131n ba\u015fkenti Ba\u011fdat\u2019ta g\u00f6r\u00fc\u015fmelerde bulundu\u011fu belirtildi. Irakl\u0131 g\u00fcvenlik kaynaklar\u0131ndan edinilen bilgiye g\u00f6re, Kud\u00fcs G\u00fcc\u00fc Komutan\u0131 Tu\u011fgeneral \u0130smail Kaani, Ba\u011fdat\u2019ta bir tak\u0131m g\u00f6r\u00fc\u015fmelerde bulundu. Kaani\u2019nin d\u00fcn Ba\u011fdat\u2019ta geldi\u011fi ve \u0130ran&#8217;a [&hellip;]<\/p>\n","protected":false},"author":2,"featured_media":1013884,"comment_status":"closed","ping_status":"closed","sticky":false,"template":"","format":"standard","meta":{"footnotes":""},"categories":[29],"tags":[],"class_list":["post-1013883","post","type-post","status-publish","format-standard","has-post-thumbnail","hentry","category-ortadogu"],"blocksy_meta":[],"seo_head":"<!-- This site is optimized with the Yoast SEO plugin v27.5 - https:\/\/yoast.com\/product\/yoast-seo-wordpress\/ -->\n<title>S\u00fcleymani\u2019nin halefi Kaani Ba\u011fdat\u2019ta g\u00f6r\u00fc\u015fmelerde bulundu - Darka Mazi<\/title>\n<meta name=\"robots\" content=\"index, follow, max-snippet:-1, max-image-preview:large, max-video-preview:-1\" \/>\n<link rel=\"canonical\" href=\"https:\/\/darkamazi.site\/archives\/1013883\" \/>\n<meta property=\"og:locale\" content=\"en_US\" \/>\n<meta property=\"og:type\" content=\"article\" \/>\n<meta property=\"og:title\" content=\"S\u00fcleymani\u2019nin halefi Kaani Ba\u011fdat\u2019ta g\u00f6r\u00fc\u015fmelerde bulundu - Darka Mazi\" \/>\n<meta property=\"og:description\" content=\"\u0130ran Devrim Muhaf\u0131zlar\u0131 Ordusu\u2019na ba\u011fl\u0131 Kud\u00fcs G\u00fcc\u00fc Komutan\u0131 \u0130smail Kaani\u2019nin Irak\u2019\u0131n ba\u015fkenti Ba\u011fdat\u2019ta g\u00f6r\u00fc\u015fmelerde bulundu\u011fu belirtildi. \u0130ran Devrim Muhaf\u0131zlar\u0131 Ordusu\u2019na ba\u011fl\u0131 Kud\u00fcs G\u00fcc\u00fc Komutan\u0131 \u0130smail Kaani\u2019nin Irak\u2019\u0131n ba\u015fkenti Ba\u011fdat\u2019ta g\u00f6r\u00fc\u015fmelerde bulundu\u011fu belirtildi. Irakl\u0131 g\u00fcvenlik kaynaklar\u0131ndan edinilen bilgiye g\u00f6re, Kud\u00fcs G\u00fcc\u00fc Komutan\u0131 Tu\u011fgeneral \u0130smail Kaani, Ba\u011fdat\u2019ta bir tak\u0131m g\u00f6r\u00fc\u015fmelerde bulundu. Kaani\u2019nin d\u00fcn Ba\u011fdat\u2019ta geldi\u011fi ve \u0130ran&#8217;a [&hellip;]\" \/>\n<meta property=\"og:url\" content=\"https:\/\/darkamazi.site\/archives\/1013883\" \/>\n<meta property=\"og:site_name\" content=\"Darka Mazi\" \/>\n<meta property=\"article:publisher\" content=\"https:\/\/www.facebook.com\/DarkaMaziturkce\" \/>\n<meta property=\"article:published_time\" content=\"2021-04-06T18:37:45+00:00\" \/>\n<meta property=\"article:modified_time\" content=\"2026-03-31T13:43:50+00:00\" \/>\n<meta property=\"og:image\" content=\"https:\/\/darkamazi.site\/file\/2021\/04\/687cbf66dd5ee37aedf567353320800b_L.jpg\" \/>\n\t<meta property=\"og:image:width\" content=\"710\" \/>\n\t<meta property=\"og:image:height\" content=\"328\" \/>\n\t<meta property=\"og:image:type\" content=\"image\/jpeg\" \/>\n<meta name=\"author\" content=\"darka mazi\" \/>\n<meta name=\"twitter:card\" content=\"summary_large_image\" \/>\n<meta name=\"twitter:creator\" content=\"@DarkaMaziTurkce\" \/>\n<meta name=\"twitter:site\" content=\"@DarkaMaziTurkce\" \/>\n<meta name=\"twitter:label1\" content=\"Written by\" \/>\n\t<meta name=\"twitter:data1\" content=\"darka mazi\" \/>\n\t<meta name=\"twitter:label2\" content=\"Est. reading time\" \/>\n\t<meta name=\"twitter:data2\" content=\"1 minute\" \/>\n<script type=\"application\/ld+json\" class=\"seo-schema-graph\">{\"@context\":\"https:\\\/\\\/schema.org\",\"@graph\":[{\"@type\":\"NewsArticle\",\"@id\":\"https:\\\/\\\/darkamazi.site\\\/archives\\\/1013883#article\",\"isPartOf\":{\"@id\":\"https:\\\/\\\/darkamazi.site\\\/archives\\\/1013883\"},\"author\":{\"name\":\"darka mazi\",\"@id\":\"https:\\\/\\\/darkamazi.site\\\/#\\\/schema\\\/person\\\/67986a95ac546c16760365877ef4a9d3\"},\"headline\":\"S\u00fcleymani\u2019nin halefi Kaani Ba\u011fdat\u2019ta g\u00f6r\u00fc\u015fmelerde bulundu\",\"datePublished\":\"2021-04-06T18:37:45+00:00\",\"dateModified\":\"2026-03-31T13:43:50+00:00\",\"mainEntityOfPage\":{\"@id\":\"https:\\\/\\\/darkamazi.site\\\/archives\\\/1013883\"},\"wordCount\":239,\"publisher\":{\"@id\":\"https:\\\/\\\/darkamazi.site\\\/#organization\"},\"image\":{\"@id\":\"https:\\\/\\\/darkamazi.site\\\/archives\\\/1013883#primaryimage\"},\"thumbnailUrl\":\"https:\\\/\\\/darkamazi.site\\\/darka-content\\\/uploads\\\/2021\\\/04\\\/687cbf66dd5ee37aedf567353320800b_L.jpg\",\"articleSection\":[\"Ortado\u011fu\"],\"inLanguage\":\"en-US\"},{\"@type\":\"WebPage\",\"@id\":\"https:\\\/\\\/darkamazi.site\\\/archives\\\/1013883\",\"url\":\"https:\\\/\\\/darkamazi.site\\\/archives\\\/1013883\",\"name\":\"S\u00fcleymani\u2019nin halefi Kaani Ba\u011fdat\u2019ta g\u00f6r\u00fc\u015fmelerde bulundu - Darka Mazi\",\"isPartOf\":{\"@id\":\"https:\\\/\\\/darkamazi.site\\\/#website\"},\"primaryImageOfPage\":{\"@id\":\"https:\\\/\\\/darkamazi.site\\\/archives\\\/1013883#primaryimage\"},\"image\":{\"@id\":\"https:\\\/\\\/darkamazi.site\\\/archives\\\/1013883#primaryimage\"},\"thumbnailUrl\":\"https:\\\/\\\/darkamazi.site\\\/darka-content\\\/uploads\\\/2021\\\/04\\\/687cbf66dd5ee37aedf567353320800b_L.jpg\",\"datePublished\":\"2021-04-06T18:37:45+00:00\",\"dateModified\":\"2026-03-31T13:43:50+00:00\",\"breadcrumb\":{\"@id\":\"https:\\\/\\\/darkamazi.site\\\/archives\\\/1013883#breadcrumb\"},\"inLanguage\":\"en-US\",\"potentialAction\":[{\"@type\":\"ReadAction\",\"target\":[\"https:\\\/\\\/darkamazi.site\\\/archives\\\/1013883\"]}]},{\"@type\":\"ImageObject\",\"inLanguage\":\"en-US\",\"@id\":\"https:\\\/\\\/darkamazi.site\\\/archives\\\/1013883#primaryimage\",\"url\":\"https:\\\/\\\/darkamazi.site\\\/darka-content\\\/uploads\\\/2021\\\/04\\\/687cbf66dd5ee37aedf567353320800b_L.jpg\",\"contentUrl\":\"https:\\\/\\\/darkamazi.site\\\/darka-content\\\/uploads\\\/2021\\\/04\\\/687cbf66dd5ee37aedf567353320800b_L.jpg\",\"width\":710,\"height\":328,\"caption\":\"S\u00fcleymani\u2019nin halefi Kaani Ba\u011fdat\u2019ta g\u00f6r\u00fc\u015fmelerde bulundu\"},{\"@type\":\"BreadcrumbList\",\"@id\":\"https:\\\/\\\/darkamazi.site\\\/archives\\\/1013883#breadcrumb\",\"itemListElement\":[{\"@type\":\"ListItem\",\"position\":1,\"name\":\"Home\",\"item\":\"https:\\\/\\\/darkamazi.site\\\/\"},{\"@type\":\"ListItem\",\"position\":2,\"name\":\"S\u00fcleymani\u2019nin halefi Kaani Ba\u011fdat\u2019ta g\u00f6r\u00fc\u015fmelerde bulundu\"}]},{\"@type\":\"WebSite\",\"@id\":\"https:\\\/\\\/darkamazi.site\\\/#website\",\"url\":\"https:\\\/\\\/darkamazi.site\\\/\",\"name\":\"Darka Mazi\",\"description\":\"Ana Sayfa\",\"publisher\":{\"@id\":\"https:\\\/\\\/darkamazi.site\\\/#organization\"},\"potentialAction\":[{\"@type\":\"SearchAction\",\"target\":{\"@type\":\"EntryPoint\",\"urlTemplate\":\"https:\\\/\\\/darkamazi.site\\\/?s={search_term_string}\"},\"query-input\":{\"@type\":\"PropertyValueSpecification\",\"valueRequired\":true,\"valueName\":\"search_term_string\"}}],\"inLanguage\":\"en-US\"},{\"@type\":\"Organization\",\"@id\":\"https:\\\/\\\/darkamazi.site\\\/#organization\",\"name\":\"Darka Mazi T\u00fcrk\u00e7e\",\"alternateName\":\"Darka Mazi\",\"url\":\"https:\\\/\\\/darkamazi.site\\\/\",\"logo\":{\"@type\":\"ImageObject\",\"inLanguage\":\"en-US\",\"@id\":\"https:\\\/\\\/darkamazi.site\\\/#\\\/schema\\\/logo\\\/image\\\/\",\"url\":\"https:\\\/\\\/darkamazi.site\\\/darka-content\\\/uploads\\\/2017\\\/12\\\/darka-mazi-logo.png\",\"contentUrl\":\"https:\\\/\\\/darkamazi.site\\\/darka-content\\\/uploads\\\/2017\\\/12\\\/darka-mazi-logo.png\",\"width\":151,\"height\":75,\"caption\":\"Darka Mazi T\u00fcrk\u00e7e\"},\"image\":{\"@id\":\"https:\\\/\\\/darkamazi.site\\\/#\\\/schema\\\/logo\\\/image\\\/\"},\"sameAs\":[\"https:\\\/\\\/www.facebook.com\\\/DarkaMaziturkce\",\"https:\\\/\\\/x.com\\\/DarkaMaziTurkce\"]},{\"@type\":\"Person\",\"@id\":\"https:\\\/\\\/darkamazi.site\\\/#\\\/schema\\\/person\\\/67986a95ac546c16760365877ef4a9d3\",\"name\":\"darka mazi\",\"sameAs\":[\"https:\\\/\\\/darkamazi.site\"],\"url\":\"https:\\\/\\\/darkamazi.site\\\/archives\\\/author\\\/turkish\"}]}<\/script>\n<!-- \/ Yoast SEO plugin. -->","seo_head_json":{"title":"S\u00fcleymani\u2019nin halefi Kaani Ba\u011fdat\u2019ta g\u00f6r\u00fc\u015fmelerde bulundu - Darka Mazi","robots":{"index":"index","follow":"follow","max-snippet":"max-snippet:-1","max-image-preview":"max-image-preview:large","max-video-preview":"max-video-preview:-1"},"canonical":"https:\/\/darkamazi.site\/archives\/1013883","og_locale":"en_US","og_type":"article","og_title":"S\u00fcleymani\u2019nin halefi Kaani Ba\u011fdat\u2019ta g\u00f6r\u00fc\u015fmelerde bulundu - Darka Mazi","og_description":"\u0130ran Devrim Muhaf\u0131zlar\u0131 Ordusu\u2019na ba\u011fl\u0131 Kud\u00fcs G\u00fcc\u00fc Komutan\u0131 \u0130smail Kaani\u2019nin Irak\u2019\u0131n ba\u015fkenti Ba\u011fdat\u2019ta g\u00f6r\u00fc\u015fmelerde bulundu\u011fu belirtildi. \u0130ran Devrim Muhaf\u0131zlar\u0131 Ordusu\u2019na ba\u011fl\u0131 Kud\u00fcs G\u00fcc\u00fc Komutan\u0131 \u0130smail Kaani\u2019nin Irak\u2019\u0131n ba\u015fkenti Ba\u011fdat\u2019ta g\u00f6r\u00fc\u015fmelerde bulundu\u011fu belirtildi. Irakl\u0131 g\u00fcvenlik kaynaklar\u0131ndan edinilen bilgiye g\u00f6re, Kud\u00fcs G\u00fcc\u00fc Komutan\u0131 Tu\u011fgeneral \u0130smail Kaani, Ba\u011fdat\u2019ta bir tak\u0131m g\u00f6r\u00fc\u015fmelerde bulundu. Kaani\u2019nin d\u00fcn Ba\u011fdat\u2019ta geldi\u011fi ve \u0130ran&#8217;a [&hellip;]","og_url":"https:\/\/darkamazi.site\/archives\/1013883","og_site_name":"Darka Mazi","article_publisher":"https:\/\/www.facebook.com\/DarkaMaziturkce","article_published_time":"2021-04-06T18:37:45+00:00","article_modified_time":"2026-03-31T13:43:50+00:00","og_image":[{"width":710,"height":328,"url":"https:\/\/darkamazi.site\/file\/2021\/04\/687cbf66dd5ee37aedf567353320800b_L.jpg","type":"image\/jpeg"}],"author":"darka mazi","twitter_card":"summary_large_image","twitter_creator":"@DarkaMaziTurkce","twitter_site":"@DarkaMaziTurkce","twitter_misc":{"Written by":"darka mazi","Est. reading time":"1 minute"},"schema":{"@context":"https:\/\/schema.org","@graph":[{"@type":"NewsArticle","@id":"https:\/\/darkamazi.site\/archives\/1013883#article","isPartOf":{"@id":"https:\/\/darkamazi.site\/archives\/1013883"},"author":{"name":"darka mazi","@id":"https:\/\/darkamazi.site\/#\/schema\/person\/67986a95ac546c16760365877ef4a9d3"},"headline":"S\u00fcleymani\u2019nin halefi Kaani Ba\u011fdat\u2019ta g\u00f6r\u00fc\u015fmelerde bulundu","datePublished":"2021-04-06T18:37:45+00:00","dateModified":"2026-03-31T13:43:50+00:00","mainEntityOfPage":{"@id":"https:\/\/darkamazi.site\/archives\/1013883"},"wordCount":239,"publisher":{"@id":"https:\/\/darkamazi.site\/#organization"},"image":{"@id":"https:\/\/darkamazi.site\/archives\/1013883#primaryimage"},"thumbnailUrl":"https:\/\/darkamazi.site\/file\/2021\/04\/687cbf66dd5ee37aedf567353320800b_L.jpg","articleSection":["Ortado\u011fu"],"inLanguage":"en-US"},{"@type":"WebPage","@id":"https:\/\/darkamazi.site\/archives\/1013883","url":"https:\/\/darkamazi.site\/archives\/1013883","name":"S\u00fcleymani\u2019nin halefi Kaani Ba\u011fdat\u2019ta g\u00f6r\u00fc\u015fmelerde bulundu - Darka Mazi","isPartOf":{"@id":"https:\/\/darkamazi.site\/#website"},"primaryImageOfPage":{"@id":"https:\/\/darkamazi.site\/archives\/1013883#primaryimage"},"image":{"@id":"https:\/\/darkamazi.site\/archives\/1013883#primaryimage"},"thumbnailUrl":"https:\/\/darkamazi.site\/file\/2021\/04\/687cbf66dd5ee37aedf567353320800b_L.jpg","datePublished":"2021-04-06T18:37:45+00:00","dateModified":"2026-03-31T13:43:50+00:00","breadcrumb":{"@id":"https:\/\/darkamazi.site\/archives\/1013883#breadcrumb"},"inLanguage":"en-US","potentialAction":[{"@type":"ReadAction","target":["https:\/\/darkamazi.site\/archives\/1013883"]}]},{"@type":"ImageObject","inLanguage":"en-US","@id":"https:\/\/darkamazi.site\/archives\/1013883#primaryimage","url":"https:\/\/darkamazi.site\/file\/2021\/04\/687cbf66dd5ee37aedf567353320800b_L.jpg","contentUrl":"https:\/\/darkamazi.site\/file\/2021\/04\/687cbf66dd5ee37aedf567353320800b_L.jpg","width":710,"height":328,"caption":"S\u00fcleymani\u2019nin halefi Kaani Ba\u011fdat\u2019ta g\u00f6r\u00fc\u015fmelerde bulundu"},{"@type":"BreadcrumbList","@id":"https:\/\/darkamazi.site\/archives\/1013883#breadcrumb","itemListElement":[{"@type":"ListItem","position":1,"name":"Home","item":"https:\/\/darkamazi.site\/"},{"@type":"ListItem","position":2,"name":"S\u00fcleymani\u2019nin halefi Kaani Ba\u011fdat\u2019ta g\u00f6r\u00fc\u015fmelerde bulundu"}]},{"@type":"WebSite","@id":"https:\/\/darkamazi.site\/#website","url":"https:\/\/darkamazi.site\/","name":"Darka Mazi","description":"Ana Sayfa","publisher":{"@id":"https:\/\/darkamazi.site\/#organization"},"potentialAction":[{"@type":"SearchAction","target":{"@type":"EntryPoint","urlTemplate":"https:\/\/darkamazi.site\/?s={search_term_string}"},"query-input":{"@type":"PropertyValueSpecification","valueRequired":true,"valueName":"search_term_string"}}],"inLanguage":"en-US"},{"@type":"Organization","@id":"https:\/\/darkamazi.site\/#organization","name":"Darka Mazi T\u00fcrk\u00e7e","alternateName":"Darka Mazi","url":"https:\/\/darkamazi.site\/","logo":{"@type":"ImageObject","inLanguage":"en-US","@id":"https:\/\/darkamazi.site\/#\/schema\/logo\/image\/","url":"https:\/\/darkamazi.site\/file\/2017\/12\/darka-mazi-logo.png","contentUrl":"https:\/\/darkamazi.site\/file\/2017\/12\/darka-mazi-logo.png","width":151,"height":75,"caption":"Darka Mazi T\u00fcrk\u00e7e"},"image":{"@id":"https:\/\/darkamazi.site\/#\/schema\/logo\/image\/"},"sameAs":["https:\/\/www.facebook.com\/DarkaMaziturkce","https:\/\/x.com\/DarkaMaziTurkce"]},{"@type":"Person","@id":"https:\/\/darkamazi.site\/#\/schema\/person\/67986a95ac546c16760365877ef4a9d3","name":"darka mazi","sameAs":["https:\/\/darkamazi.site"],"url":"https:\/\/darkamazi.site\/archives\/author\/turkish"}]}},"_links":{"self":[{"href":"https:\/\/darkamazi.site\/funavuv\/wp\/v2\/posts\/1013883","targetHints":{"allow":["GET"]}}],"collection":[{"href":"https:\/\/darkamazi.site\/funavuv\/wp\/v2\/posts"}],"about":[{"href":"https:\/\/darkamazi.site\/funavuv\/wp\/v2\/types\/post"}],"author":[{"embeddable":true,"href":"https:\/\/darkamazi.site\/funavuv\/wp\/v2\/users\/2"}],"replies":[{"embeddable":true,"href":"https:\/\/darkamazi.site\/funavuv\/wp\/v2\/comments?post=1013883"}],"version-history":[{"count":0,"href":"https:\/\/darkamazi.site\/funavuv\/wp\/v2\/posts\/1013883\/revisions"}],"wp:featuredmedia":[{"embeddable":true,"href":"https:\/\/darkamazi.site\/funavuv\/wp\/v2\/media\/1013884"}],"wp:attachment":[{"href":"https:\/\/darkamazi.site\/funavuv\/wp\/v2\/media?parent=1013883"}],"wp:term":[{"taxonomy":"category","embeddable":true,"href":"https:\/\/darkamazi.site\/funavuv\/wp\/v2\/categories?post=1013883"},{"taxonomy":"post_tag","embeddable":true,"href":"https:\/\/darkamazi.site\/funavuv\/wp\/v2\/tags?post=1013883"}],"curies":[{"name":"wp","href":"https:\/\/api.w.org\/{rel}","templated":true}]}}