{"id":1013919,"date":"2021-04-07T20:55:08","date_gmt":"2021-04-07T17:55:08","guid":{"rendered":"https:\/\/darkamazi.site\/?p=1013919"},"modified":"2021-04-07T20:55:08","modified_gmt":"2021-04-07T17:55:08","slug":"disisleri-bakani-antony-blinken-erbil-ve-bagdat-arasindaki-iliskilerde-cozume-dogru-ilerleme-var","status":"publish","type":"post","link":"https:\/\/darkamazi.site\/archives\/1013919","title":{"rendered":"D\u0131\u015fi\u015fleri Bakan\u0131 Antony Blinken: Erbil ve Ba\u011fdat aras\u0131ndaki ili\u015fkilerde \u00e7\u00f6z\u00fcme do\u011fru ilerleme var"},"content":{"rendered":"<p style=\"text-align: justify\">ABD D\u0131\u015fi\u015fleri Bakan\u0131 Antony Blinken, Erbil ile Ba\u011fdat aras\u0131ndaki ili\u015fkilerde, sorunlar\u0131n \u00e7\u00f6z\u00fcm\u00fc do\u011frultusunda ilerleme sa\u011fland\u0131\u011f\u0131n\u0131 s\u00f6yledi.<\/p>\n<p style=\"text-align: justify\">ABD ile Irak aras\u0131ndaki stratejik m\u00fczakerelerin 3\u2019\u00fcnc\u00fc turu, ABD D\u0131\u015fi\u015fleri Bakan\u0131 Antony Blinken ve Irak D\u0131\u015fi\u015fleri Bakan\u0131 Fuad H\u00fcseyin\u2019in kat\u0131l\u0131m\u0131yla online ortamda ba\u015flad\u0131.<\/p>\n<p style=\"text-align: justify\">Online m\u00fczakerelerin a\u00e7\u0131l\u0131\u015f konu\u015fmalar\u0131n\u0131 ABD ve Irak d\u0131\u015fi\u015fleri bakanlar\u0131 yaparken, Erbil ile Ba\u011fdat aras\u0131ndaki ili\u015fkiler de g\u00fcndeme geldi.<\/p>\n<p style=\"text-align: justify\">ABD D\u0131\u015fi\u015fleri Bakan\u0131 Antony Blinken, Irak ile ABD aras\u0131ndaki ili\u015fkilerin geli\u015ftirilmesine vurgu yaparak, Irak h\u00fck\u00fcmetinin, program\u0131nda anayasal temelleri g\u00f6z \u00f6n\u00fcnde bulundurdu\u011funu ve bu temel \u00fczerine \u00e7al\u0131\u015fmalar\u0131n\u0131 y\u00fcr\u00fctt\u00fc\u011f\u00fcn\u00fc s\u00f6yledi.<\/p>\n<p style=\"text-align: justify\">Irak h\u00fck\u00fcmetinin, \u00fclkedeki demokratik sistemi g\u00fc\u00e7lendirip desteklemeye devam etti\u011fini vurgulayan Blinken, Erbil ile Ba\u011fdat aras\u0131ndaki ili\u015fkilere de de\u011findi.<\/p>\n<p style=\"text-align: justify\">Blinken, Irak ile K\u00fcrdistan B\u00f6lgesi h\u00fck\u00fcmetleri aras\u0131ndaki ili\u015fkilerin, sorunlar\u0131n \u00e7\u00f6z\u00fcm\u00fc do\u011frultusunda ilerledi\u011fini belirtti.<\/p>\n<p style=\"text-align: justify\"><strong>H\u00dcSEY\u0130N&#8217;DEN ABD \u0130LE \u0130\u015eB\u0130RL\u0130\u011e\u0130N\u0130 G\u00dc\u00c7LEND\u0130RME MESAJI<\/strong><\/p>\n<p style=\"text-align: justify\">Irak\u00a0resmi haber ajans\u0131na g\u00f6re ise, Irak D\u0131\u015fi\u015fleri Bakan\u0131 Fuad H\u00fcseyin, &#8220;ABD ile t\u00fcm alanlarda i\u015f birli\u011fini g\u00fc\u00e7lendirmeye \u00f6nem veriyoruz&#8221; dedi.<\/p>\n<p style=\"text-align: justify\">ABD ile stratejik g\u00f6r\u00fc\u015fmelerin daha sonraki a\u015famada da s\u00fcrmesini istediklerini kaydeden H\u00fcseyin, Washington y\u00f6netimine &#8220;anla\u015fmalar ve ortak mutabakat zaptlar\u0131yla i\u015f birli\u011fi ve dayan\u0131\u015fman\u0131n g\u00fc\u00e7lendirilmesi&#8221; \u00e7a\u011fr\u0131s\u0131nda bulundu.<\/p>\n<p style=\"text-align: justify\">Ba\u011fdat-Erbil ili\u015fkilerine de de\u011finen H\u00fcseyin, ask\u0131daki sorunlar\u0131n \u00e7\u00f6z\u00fcm\u00fc noktas\u0131nda olumlu geli\u015fmeler ya\u015fand\u0131\u011f\u0131n\u0131 aktard\u0131.<\/p>\n<p style=\"text-align: justify\">Irak-ABD Stratejik Diyalog G\u00f6r\u00fc\u015fmeleri&#8217;nin\u200b\u200b\u200b\u200b\u200b\u200b\u200b ilki 11 Haziran 2020&#8217;de, ikincisi de Washington&#8217;da 9 A\u011fustos 2020&#8217;de yap\u0131lm\u0131\u015ft\u0131.<\/p>\n","protected":false},"excerpt":{"rendered":"<p>ABD D\u0131\u015fi\u015fleri Bakan\u0131 Antony Blinken, Erbil ile Ba\u011fdat aras\u0131ndaki ili\u015fkilerde, sorunlar\u0131n \u00e7\u00f6z\u00fcm\u00fc do\u011frultusunda ilerleme sa\u011fland\u0131\u011f\u0131n\u0131 s\u00f6yledi. ABD ile Irak aras\u0131ndaki stratejik m\u00fczakerelerin 3\u2019\u00fcnc\u00fc turu, ABD D\u0131\u015fi\u015fleri Bakan\u0131 Antony Blinken ve Irak D\u0131\u015fi\u015fleri Bakan\u0131 Fuad H\u00fcseyin\u2019in kat\u0131l\u0131m\u0131yla online ortamda ba\u015flad\u0131. Online m\u00fczakerelerin a\u00e7\u0131l\u0131\u015f konu\u015fmalar\u0131n\u0131 ABD ve Irak d\u0131\u015fi\u015fleri bakanlar\u0131 yaparken, Erbil ile Ba\u011fdat aras\u0131ndaki ili\u015fkiler de [&hellip;]<\/p>\n","protected":false},"author":2,"featured_media":1013920,"comment_status":"closed","ping_status":"closed","sticky":false,"template":"","format":"standard","meta":{"footnotes":""},"categories":[6],"tags":[31],"class_list":["post-1013919","post","type-post","status-publish","format-standard","has-post-thumbnail","hentry","category-dunya","tag-onemli"],"blocksy_meta":[],"seo_head":"<!-- This site is optimized with the Yoast SEO plugin v27.5 - https:\/\/yoast.com\/product\/yoast-seo-wordpress\/ -->\n<title>D\u0131\u015fi\u015fleri Bakan\u0131 Antony Blinken: Erbil ve Ba\u011fdat aras\u0131ndaki ili\u015fkilerde \u00e7\u00f6z\u00fcme do\u011fru ilerleme var - Darka Mazi<\/title>\n<meta name=\"robots\" content=\"index, follow, max-snippet:-1, max-image-preview:large, max-video-preview:-1\" \/>\n<link rel=\"canonical\" href=\"https:\/\/darkamazi.site\/archives\/1013919\" \/>\n<meta property=\"og:locale\" content=\"en_US\" \/>\n<meta property=\"og:type\" content=\"article\" \/>\n<meta property=\"og:title\" content=\"D\u0131\u015fi\u015fleri Bakan\u0131 Antony Blinken: Erbil ve Ba\u011fdat aras\u0131ndaki ili\u015fkilerde \u00e7\u00f6z\u00fcme do\u011fru ilerleme var - Darka Mazi\" \/>\n<meta property=\"og:description\" content=\"ABD D\u0131\u015fi\u015fleri Bakan\u0131 Antony Blinken, Erbil ile Ba\u011fdat aras\u0131ndaki ili\u015fkilerde, sorunlar\u0131n \u00e7\u00f6z\u00fcm\u00fc do\u011frultusunda ilerleme sa\u011fland\u0131\u011f\u0131n\u0131 s\u00f6yledi. ABD ile Irak aras\u0131ndaki stratejik m\u00fczakerelerin 3\u2019\u00fcnc\u00fc turu, ABD D\u0131\u015fi\u015fleri Bakan\u0131 Antony Blinken ve Irak D\u0131\u015fi\u015fleri Bakan\u0131 Fuad H\u00fcseyin\u2019in kat\u0131l\u0131m\u0131yla online ortamda ba\u015flad\u0131. Online m\u00fczakerelerin a\u00e7\u0131l\u0131\u015f konu\u015fmalar\u0131n\u0131 ABD ve Irak d\u0131\u015fi\u015fleri bakanlar\u0131 yaparken, Erbil ile Ba\u011fdat aras\u0131ndaki ili\u015fkiler de [&hellip;]\" \/>\n<meta property=\"og:url\" content=\"https:\/\/darkamazi.site\/archives\/1013919\" \/>\n<meta property=\"og:site_name\" content=\"Darka Mazi\" \/>\n<meta property=\"article:publisher\" content=\"https:\/\/www.facebook.com\/DarkaMaziturkce\" \/>\n<meta property=\"article:published_time\" content=\"2021-04-07T17:55:08+00:00\" \/>\n<meta property=\"og:image\" content=\"https:\/\/darkamazi.site\/file\/2021\/04\/USA-Blinken.jpg\" \/>\n\t<meta property=\"og:image:width\" content=\"600\" \/>\n\t<meta property=\"og:image:height\" content=\"450\" \/>\n\t<meta property=\"og:image:type\" content=\"image\/jpeg\" \/>\n<meta name=\"author\" content=\"darka mazi\" \/>\n<meta name=\"twitter:card\" content=\"summary_large_image\" \/>\n<meta name=\"twitter:creator\" content=\"@DarkaMaziTurkce\" \/>\n<meta name=\"twitter:site\" content=\"@DarkaMaziTurkce\" \/>\n<meta name=\"twitter:label1\" content=\"Written by\" \/>\n\t<meta name=\"twitter:data1\" content=\"darka mazi\" \/>\n\t<meta name=\"twitter:label2\" content=\"Est. reading time\" \/>\n\t<meta name=\"twitter:data2\" content=\"1 minute\" \/>\n<script type=\"application\/ld+json\" class=\"seo-schema-graph\">{\"@context\":\"https:\\\/\\\/schema.org\",\"@graph\":[{\"@type\":\"NewsArticle\",\"@id\":\"https:\\\/\\\/darkamazi.site\\\/archives\\\/1013919#article\",\"isPartOf\":{\"@id\":\"https:\\\/\\\/darkamazi.site\\\/archives\\\/1013919\"},\"author\":{\"name\":\"darka mazi\",\"@id\":\"https:\\\/\\\/darkamazi.site\\\/#\\\/schema\\\/person\\\/67986a95ac546c16760365877ef4a9d3\"},\"headline\":\"D\u0131\u015fi\u015fleri Bakan\u0131 Antony Blinken: Erbil ve Ba\u011fdat aras\u0131ndaki ili\u015fkilerde \u00e7\u00f6z\u00fcme do\u011fru ilerleme var\",\"datePublished\":\"2021-04-07T17:55:08+00:00\",\"mainEntityOfPage\":{\"@id\":\"https:\\\/\\\/darkamazi.site\\\/archives\\\/1013919\"},\"wordCount\":331,\"publisher\":{\"@id\":\"https:\\\/\\\/darkamazi.site\\\/#organization\"},\"image\":{\"@id\":\"https:\\\/\\\/darkamazi.site\\\/archives\\\/1013919#primaryimage\"},\"thumbnailUrl\":\"https:\\\/\\\/darkamazi.site\\\/darka-content\\\/uploads\\\/2021\\\/04\\\/USA-Blinken.jpg\",\"keywords\":[\"\u00f6nemli\"],\"articleSection\":[\"D\u00fcnya\"],\"inLanguage\":\"en-US\"},{\"@type\":\"WebPage\",\"@id\":\"https:\\\/\\\/darkamazi.site\\\/archives\\\/1013919\",\"url\":\"https:\\\/\\\/darkamazi.site\\\/archives\\\/1013919\",\"name\":\"D\u0131\u015fi\u015fleri Bakan\u0131 Antony Blinken: Erbil ve Ba\u011fdat aras\u0131ndaki ili\u015fkilerde \u00e7\u00f6z\u00fcme do\u011fru ilerleme var - Darka Mazi\",\"isPartOf\":{\"@id\":\"https:\\\/\\\/darkamazi.site\\\/#website\"},\"primaryImageOfPage\":{\"@id\":\"https:\\\/\\\/darkamazi.site\\\/archives\\\/1013919#primaryimage\"},\"image\":{\"@id\":\"https:\\\/\\\/darkamazi.site\\\/archives\\\/1013919#primaryimage\"},\"thumbnailUrl\":\"https:\\\/\\\/darkamazi.site\\\/darka-content\\\/uploads\\\/2021\\\/04\\\/USA-Blinken.jpg\",\"datePublished\":\"2021-04-07T17:55:08+00:00\",\"breadcrumb\":{\"@id\":\"https:\\\/\\\/darkamazi.site\\\/archives\\\/1013919#breadcrumb\"},\"inLanguage\":\"en-US\",\"potentialAction\":[{\"@type\":\"ReadAction\",\"target\":[\"https:\\\/\\\/darkamazi.site\\\/archives\\\/1013919\"]}]},{\"@type\":\"ImageObject\",\"inLanguage\":\"en-US\",\"@id\":\"https:\\\/\\\/darkamazi.site\\\/archives\\\/1013919#primaryimage\",\"url\":\"https:\\\/\\\/darkamazi.site\\\/darka-content\\\/uploads\\\/2021\\\/04\\\/USA-Blinken.jpg\",\"contentUrl\":\"https:\\\/\\\/darkamazi.site\\\/darka-content\\\/uploads\\\/2021\\\/04\\\/USA-Blinken.jpg\",\"width\":600,\"height\":450,\"caption\":\"D\u0131\u015fi\u015fleri Bakan\u0131 Antony Blinken: Erbil ve Ba\u011fdat aras\u0131ndaki ili\u015fkilerde \u00e7\u00f6z\u00fcme do\u011fru ilerleme var\"},{\"@type\":\"BreadcrumbList\",\"@id\":\"https:\\\/\\\/darkamazi.site\\\/archives\\\/1013919#breadcrumb\",\"itemListElement\":[{\"@type\":\"ListItem\",\"position\":1,\"name\":\"Home\",\"item\":\"https:\\\/\\\/darkamazi.site\\\/\"},{\"@type\":\"ListItem\",\"position\":2,\"name\":\"D\u0131\u015fi\u015fleri Bakan\u0131 Antony Blinken: Erbil ve Ba\u011fdat aras\u0131ndaki ili\u015fkilerde \u00e7\u00f6z\u00fcme do\u011fru ilerleme var\"}]},{\"@type\":\"WebSite\",\"@id\":\"https:\\\/\\\/darkamazi.site\\\/#website\",\"url\":\"https:\\\/\\\/darkamazi.site\\\/\",\"name\":\"Darka Mazi\",\"description\":\"Ana Sayfa\",\"publisher\":{\"@id\":\"https:\\\/\\\/darkamazi.site\\\/#organization\"},\"potentialAction\":[{\"@type\":\"SearchAction\",\"target\":{\"@type\":\"EntryPoint\",\"urlTemplate\":\"https:\\\/\\\/darkamazi.site\\\/?s={search_term_string}\"},\"query-input\":{\"@type\":\"PropertyValueSpecification\",\"valueRequired\":true,\"valueName\":\"search_term_string\"}}],\"inLanguage\":\"en-US\"},{\"@type\":\"Organization\",\"@id\":\"https:\\\/\\\/darkamazi.site\\\/#organization\",\"name\":\"Darka Mazi T\u00fcrk\u00e7e\",\"alternateName\":\"Darka Mazi\",\"url\":\"https:\\\/\\\/darkamazi.site\\\/\",\"logo\":{\"@type\":\"ImageObject\",\"inLanguage\":\"en-US\",\"@id\":\"https:\\\/\\\/darkamazi.site\\\/#\\\/schema\\\/logo\\\/image\\\/\",\"url\":\"https:\\\/\\\/darkamazi.site\\\/darka-content\\\/uploads\\\/2017\\\/12\\\/darka-mazi-logo.png\",\"contentUrl\":\"https:\\\/\\\/darkamazi.site\\\/darka-content\\\/uploads\\\/2017\\\/12\\\/darka-mazi-logo.png\",\"width\":151,\"height\":75,\"caption\":\"Darka Mazi T\u00fcrk\u00e7e\"},\"image\":{\"@id\":\"https:\\\/\\\/darkamazi.site\\\/#\\\/schema\\\/logo\\\/image\\\/\"},\"sameAs\":[\"https:\\\/\\\/www.facebook.com\\\/DarkaMaziturkce\",\"https:\\\/\\\/x.com\\\/DarkaMaziTurkce\"]},{\"@type\":\"Person\",\"@id\":\"https:\\\/\\\/darkamazi.site\\\/#\\\/schema\\\/person\\\/67986a95ac546c16760365877ef4a9d3\",\"name\":\"darka mazi\",\"sameAs\":[\"https:\\\/\\\/darkamazi.site\"],\"url\":\"https:\\\/\\\/darkamazi.site\\\/archives\\\/author\\\/turkish\"}]}<\/script>\n<!-- \/ Yoast SEO plugin. -->","seo_head_json":{"title":"D\u0131\u015fi\u015fleri Bakan\u0131 Antony Blinken: Erbil ve Ba\u011fdat aras\u0131ndaki ili\u015fkilerde \u00e7\u00f6z\u00fcme do\u011fru ilerleme var - Darka Mazi","robots":{"index":"index","follow":"follow","max-snippet":"max-snippet:-1","max-image-preview":"max-image-preview:large","max-video-preview":"max-video-preview:-1"},"canonical":"https:\/\/darkamazi.site\/archives\/1013919","og_locale":"en_US","og_type":"article","og_title":"D\u0131\u015fi\u015fleri Bakan\u0131 Antony Blinken: Erbil ve Ba\u011fdat aras\u0131ndaki ili\u015fkilerde \u00e7\u00f6z\u00fcme do\u011fru ilerleme var - Darka Mazi","og_description":"ABD D\u0131\u015fi\u015fleri Bakan\u0131 Antony Blinken, Erbil ile Ba\u011fdat aras\u0131ndaki ili\u015fkilerde, sorunlar\u0131n \u00e7\u00f6z\u00fcm\u00fc do\u011frultusunda ilerleme sa\u011fland\u0131\u011f\u0131n\u0131 s\u00f6yledi. ABD ile Irak aras\u0131ndaki stratejik m\u00fczakerelerin 3\u2019\u00fcnc\u00fc turu, ABD D\u0131\u015fi\u015fleri Bakan\u0131 Antony Blinken ve Irak D\u0131\u015fi\u015fleri Bakan\u0131 Fuad H\u00fcseyin\u2019in kat\u0131l\u0131m\u0131yla online ortamda ba\u015flad\u0131. Online m\u00fczakerelerin a\u00e7\u0131l\u0131\u015f konu\u015fmalar\u0131n\u0131 ABD ve Irak d\u0131\u015fi\u015fleri bakanlar\u0131 yaparken, Erbil ile Ba\u011fdat aras\u0131ndaki ili\u015fkiler de [&hellip;]","og_url":"https:\/\/darkamazi.site\/archives\/1013919","og_site_name":"Darka Mazi","article_publisher":"https:\/\/www.facebook.com\/DarkaMaziturkce","article_published_time":"2021-04-07T17:55:08+00:00","og_image":[{"width":600,"height":450,"url":"https:\/\/darkamazi.site\/file\/2021\/04\/USA-Blinken.jpg","type":"image\/jpeg"}],"author":"darka mazi","twitter_card":"summary_large_image","twitter_creator":"@DarkaMaziTurkce","twitter_site":"@DarkaMaziTurkce","twitter_misc":{"Written by":"darka mazi","Est. reading time":"1 minute"},"schema":{"@context":"https:\/\/schema.org","@graph":[{"@type":"NewsArticle","@id":"https:\/\/darkamazi.site\/archives\/1013919#article","isPartOf":{"@id":"https:\/\/darkamazi.site\/archives\/1013919"},"author":{"name":"darka mazi","@id":"https:\/\/darkamazi.site\/#\/schema\/person\/67986a95ac546c16760365877ef4a9d3"},"headline":"D\u0131\u015fi\u015fleri Bakan\u0131 Antony Blinken: Erbil ve Ba\u011fdat aras\u0131ndaki ili\u015fkilerde \u00e7\u00f6z\u00fcme do\u011fru ilerleme var","datePublished":"2021-04-07T17:55:08+00:00","mainEntityOfPage":{"@id":"https:\/\/darkamazi.site\/archives\/1013919"},"wordCount":331,"publisher":{"@id":"https:\/\/darkamazi.site\/#organization"},"image":{"@id":"https:\/\/darkamazi.site\/archives\/1013919#primaryimage"},"thumbnailUrl":"https:\/\/darkamazi.site\/file\/2021\/04\/USA-Blinken.jpg","keywords":["\u00f6nemli"],"articleSection":["D\u00fcnya"],"inLanguage":"en-US"},{"@type":"WebPage","@id":"https:\/\/darkamazi.site\/archives\/1013919","url":"https:\/\/darkamazi.site\/archives\/1013919","name":"D\u0131\u015fi\u015fleri Bakan\u0131 Antony Blinken: Erbil ve Ba\u011fdat aras\u0131ndaki ili\u015fkilerde \u00e7\u00f6z\u00fcme do\u011fru ilerleme var - Darka Mazi","isPartOf":{"@id":"https:\/\/darkamazi.site\/#website"},"primaryImageOfPage":{"@id":"https:\/\/darkamazi.site\/archives\/1013919#primaryimage"},"image":{"@id":"https:\/\/darkamazi.site\/archives\/1013919#primaryimage"},"thumbnailUrl":"https:\/\/darkamazi.site\/file\/2021\/04\/USA-Blinken.jpg","datePublished":"2021-04-07T17:55:08+00:00","breadcrumb":{"@id":"https:\/\/darkamazi.site\/archives\/1013919#breadcrumb"},"inLanguage":"en-US","potentialAction":[{"@type":"ReadAction","target":["https:\/\/darkamazi.site\/archives\/1013919"]}]},{"@type":"ImageObject","inLanguage":"en-US","@id":"https:\/\/darkamazi.site\/archives\/1013919#primaryimage","url":"https:\/\/darkamazi.site\/file\/2021\/04\/USA-Blinken.jpg","contentUrl":"https:\/\/darkamazi.site\/file\/2021\/04\/USA-Blinken.jpg","width":600,"height":450,"caption":"D\u0131\u015fi\u015fleri Bakan\u0131 Antony Blinken: Erbil ve Ba\u011fdat aras\u0131ndaki ili\u015fkilerde \u00e7\u00f6z\u00fcme do\u011fru ilerleme var"},{"@type":"BreadcrumbList","@id":"https:\/\/darkamazi.site\/archives\/1013919#breadcrumb","itemListElement":[{"@type":"ListItem","position":1,"name":"Home","item":"https:\/\/darkamazi.site\/"},{"@type":"ListItem","position":2,"name":"D\u0131\u015fi\u015fleri Bakan\u0131 Antony Blinken: Erbil ve Ba\u011fdat aras\u0131ndaki ili\u015fkilerde \u00e7\u00f6z\u00fcme do\u011fru ilerleme var"}]},{"@type":"WebSite","@id":"https:\/\/darkamazi.site\/#website","url":"https:\/\/darkamazi.site\/","name":"Darka Mazi","description":"Ana Sayfa","publisher":{"@id":"https:\/\/darkamazi.site\/#organization"},"potentialAction":[{"@type":"SearchAction","target":{"@type":"EntryPoint","urlTemplate":"https:\/\/darkamazi.site\/?s={search_term_string}"},"query-input":{"@type":"PropertyValueSpecification","valueRequired":true,"valueName":"search_term_string"}}],"inLanguage":"en-US"},{"@type":"Organization","@id":"https:\/\/darkamazi.site\/#organization","name":"Darka Mazi T\u00fcrk\u00e7e","alternateName":"Darka Mazi","url":"https:\/\/darkamazi.site\/","logo":{"@type":"ImageObject","inLanguage":"en-US","@id":"https:\/\/darkamazi.site\/#\/schema\/logo\/image\/","url":"https:\/\/darkamazi.site\/file\/2017\/12\/darka-mazi-logo.png","contentUrl":"https:\/\/darkamazi.site\/file\/2017\/12\/darka-mazi-logo.png","width":151,"height":75,"caption":"Darka Mazi T\u00fcrk\u00e7e"},"image":{"@id":"https:\/\/darkamazi.site\/#\/schema\/logo\/image\/"},"sameAs":["https:\/\/www.facebook.com\/DarkaMaziturkce","https:\/\/x.com\/DarkaMaziTurkce"]},{"@type":"Person","@id":"https:\/\/darkamazi.site\/#\/schema\/person\/67986a95ac546c16760365877ef4a9d3","name":"darka mazi","sameAs":["https:\/\/darkamazi.site"],"url":"https:\/\/darkamazi.site\/archives\/author\/turkish"}]}},"_links":{"self":[{"href":"https:\/\/darkamazi.site\/funavuv\/wp\/v2\/posts\/1013919","targetHints":{"allow":["GET"]}}],"collection":[{"href":"https:\/\/darkamazi.site\/funavuv\/wp\/v2\/posts"}],"about":[{"href":"https:\/\/darkamazi.site\/funavuv\/wp\/v2\/types\/post"}],"author":[{"embeddable":true,"href":"https:\/\/darkamazi.site\/funavuv\/wp\/v2\/users\/2"}],"replies":[{"embeddable":true,"href":"https:\/\/darkamazi.site\/funavuv\/wp\/v2\/comments?post=1013919"}],"version-history":[{"count":0,"href":"https:\/\/darkamazi.site\/funavuv\/wp\/v2\/posts\/1013919\/revisions"}],"wp:featuredmedia":[{"embeddable":true,"href":"https:\/\/darkamazi.site\/funavuv\/wp\/v2\/media\/1013920"}],"wp:attachment":[{"href":"https:\/\/darkamazi.site\/funavuv\/wp\/v2\/media?parent=1013919"}],"wp:term":[{"taxonomy":"category","embeddable":true,"href":"https:\/\/darkamazi.site\/funavuv\/wp\/v2\/categories?post=1013919"},{"taxonomy":"post_tag","embeddable":true,"href":"https:\/\/darkamazi.site\/funavuv\/wp\/v2\/tags?post=1013919"}],"curies":[{"name":"wp","href":"https:\/\/api.w.org\/{rel}","templated":true}]}}