{"id":1013950,"date":"2021-04-08T22:15:38","date_gmt":"2021-04-08T19:15:38","guid":{"rendered":"https:\/\/darkamazi.site\/?p=1013950"},"modified":"2026-03-31T16:43:47","modified_gmt":"2026-03-31T13:43:47","slug":"necirvan-barzani-kurdistan-bolgesinin-federal-statusunu-korumak-birlik-ve-beraberlikten-gecer","status":"publish","type":"post","link":"https:\/\/darkamazi.site\/archives\/1013950","title":{"rendered":"Ne\u00e7irvan Barzani: K\u00fcrdistan B\u00f6lgesi&#8217;nin Federal stat\u00fcs\u00fcn\u00fc korumak birlik ve beraberlikten ge\u00e7er"},"content":{"rendered":"<p><span style=\"font-family: 'arial black', sans-serif\">Ba\u015fkan Ne\u00e7irvan Barzani, K\u00fcrdistan B\u00f6lgesi\u2019ndeki siyasi parti temsilcileri ile ger\u00e7ekle\u015ftirilen toplant\u0131da, \u201cKriz ve sorunlar\u0131 a\u015fman\u0131n tek yolu hak ve kazan\u0131mlar\u0131m\u0131z\u0131n yan\u0131 s\u0131ra K\u00fcrdistan B\u00f6lgesi\u2019nin federal stat\u00fcs\u00fcn\u00fc korumak, birlik ve baraberli\u011fimizi muhafaza etmekten ge\u00e7iyor\u201d dedi.<\/span><\/p>\n<p>K\u00fcrdistan B\u00f6lgesi Ba\u015fkan\u0131 Ne\u00e7irvanBarzani, ba\u015fkent Erbil&#8217;de K\u00fcrdistan\u2019daki siyasi parti temsilcileri ile bir araya geldi.<\/p>\n<p>Ba\u015fkanl\u0131k binas\u0131nda d\u00fczenlenen toplant\u0131ya K\u00fcrdistan B\u00f6lgesi Ba\u015fkan\u0131 yard\u0131mc\u0131lar\u0131 Cafer \u015eeyh Mustafa ve Mustafa Seyid Kadir, K\u00fcrdistan Yurtseverler Birli\u011fi (KYB) E\u015f Ba\u015fkan Baf\u0131l Talabani, K\u00fcrdistan \u0130slami Toplum (Komel) Genel Sekreteri Ali Bapir, K\u00fcrdistan \u0130slami Birlik (Yekg\u0131rtu) Genel Sekreteri Sahaladdin Bahaeddin, K\u00fcrdistan Sosyalist ve Demokrat Parti (PSDK) Genel Ba\u015fkan\u0131 Muhammed Hac\u0131 Mahmud\u2019un yan\u0131 s\u0131ra K\u00fcrdistan Demokrat Partisi (KDP) ad\u0131na Polit B\u00fcro \u00fcyesi Faz\u0131l Mirani kat\u0131l\u0131yor.<\/p>\n<p>Toplant\u0131da, T\u00fcrkmenler ad\u0131na K\u00fcrdistan B\u00f6lgesi Etnik ve Dini Olu\u015fumlardan Sorumlu Bakan\u0131 Ayd\u0131n Maruf ve Hristiyanlar ad\u0131na K\u00fcrdistan B\u00f6lgesi Ula\u015ft\u0131rma Bakan\u0131 Ano Cewher Edbulmesih Ebdoke de haz\u0131r bulundu.<\/p>\n<p>Ba\u015fkanl\u0131ktan yap\u0131lan yaz\u0131l\u0131 a\u00e7\u0131klamaya g\u00f6re, toplant\u0131da Irak ve b\u00f6lgedeki durum, K\u00fcrdistan B\u00f6lgesi\u2019nin d\u0131\u015f ili\u015fkileri, Ne\u00e7irvan Barzani\u2019nin Fransa ziyareti, K\u00fcrdistan B\u00f6lgesi\u2019nin yeni siyasi dengelerdeki rol\u00fc, Erbil-Ba\u011fdat ili\u015fkileri. ABD ile Irak aras\u0131ndaki stratejik m\u00fczakereler ve K\u00fcrdistan B\u00f6lgesi\u2019nin kat\u0131l\u0131m\u0131, Irak\u2019ta Ekim ay\u0131nda yap\u0131lacak olan genel se\u00e7imlerin yan\u0131 s\u0131ra K\u00fcrdistan B\u00f6lgesi\u2019ndeki siyasi taraflar ve bile\u015fenler aras\u0131ndaki ili\u015fkiler ele al\u0131nd\u0131.<\/p>\n<p>G\u00fcndemdeki konular, sorun ve g\u00f6r\u00fc\u015flerin a\u00e7\u0131k bir \u015fekilde tart\u0131\u015f\u0131ld\u0131\u011f\u0131 toplant\u0131da, sorunlar\u0131n \u00e7\u00f6z\u00fcm\u00fc i\u00e7in K\u00fcrdistan B\u00f6lgesi\u2019ndeki taraflar aras\u0131ndaki diyalo\u011fun \u00f6nemine vurgu yap\u0131ld\u0131.<\/p>\n<p>Irak 2021 b\u00fct\u00e7e yasas\u0131n\u0131n kabul edilmesinin Erbil-Ba\u011fdat ili\u015fkileri a\u00e7\u0131s\u0131ndan \u00f6nemli bir ilerleme oldu\u011funa i\u015faret edilen toplant\u0131da, yasan\u0131n taraflarca uygulanmas\u0131 ve her iki taraf\u0131n da anayasa temelinde sorumluluklar\u0131n\u0131 yerine getirmesi gerekti\u011fi ifade edildi.<\/p>\n<p>Toplant\u0131da konu\u015fan Ba\u015fkan Ne\u00e7irvan Barzani, \u201cKriz ve sorunlar\u0131 a\u015fman\u0131n tek yolu hak ve kazan\u0131mlar\u0131m\u0131z\u0131n yan\u0131 s\u0131ra K\u00fcrdistan B\u00f6lgesi\u2019nin federal stat\u00fcs\u00fcn\u00fc korumak, birlik ve baraberli\u011fimizi m\u0131hafaza etmekten ge\u00e7iyor. K\u00fcrdistan B\u00f6lgesi Ba\u015fkanl\u0131\u011f\u0131 da bu yolda t\u00fcm taraflar\u0131 bir araya toplayan \u00e7at\u0131 rol\u00fcn\u00fc oynamaya devam edecekti\u201d dedi.<\/p>\n<p>Ayr\u0131ca toplant\u0131da haz\u0131r bulunan taraflar, bu t\u00fcr toplant\u0131lar\u0131n devam etmesi gerekti\u011fine vurgu yapt\u0131.<\/p>\n","protected":false},"excerpt":{"rendered":"<p>Ba\u015fkan Ne\u00e7irvan Barzani, K\u00fcrdistan B\u00f6lgesi\u2019ndeki siyasi parti temsilcileri ile ger\u00e7ekle\u015ftirilen toplant\u0131da, \u201cKriz ve sorunlar\u0131 a\u015fman\u0131n tek yolu hak ve kazan\u0131mlar\u0131m\u0131z\u0131n yan\u0131 s\u0131ra K\u00fcrdistan B\u00f6lgesi\u2019nin federal stat\u00fcs\u00fcn\u00fc korumak, birlik ve baraberli\u011fimizi muhafaza etmekten ge\u00e7iyor\u201d dedi. K\u00fcrdistan B\u00f6lgesi Ba\u015fkan\u0131 Ne\u00e7irvanBarzani, ba\u015fkent Erbil&#8217;de K\u00fcrdistan\u2019daki siyasi parti temsilcileri ile bir araya geldi. Ba\u015fkanl\u0131k binas\u0131nda d\u00fczenlenen toplant\u0131ya K\u00fcrdistan B\u00f6lgesi Ba\u015fkan\u0131 [&hellip;]<\/p>\n","protected":false},"author":2,"featured_media":1013951,"comment_status":"closed","ping_status":"closed","sticky":false,"template":"","format":"standard","meta":{"footnotes":""},"categories":[3],"tags":[],"class_list":["post-1013950","post","type-post","status-publish","format-standard","has-post-thumbnail","hentry","category-kurdistan"],"blocksy_meta":[],"seo_head":"<!-- This site is optimized with the Yoast SEO plugin v27.5 - https:\/\/yoast.com\/product\/yoast-seo-wordpress\/ -->\n<title>Ne\u00e7irvan Barzani: K\u00fcrdistan B\u00f6lgesi&#039;nin Federal stat\u00fcs\u00fcn\u00fc korumak birlik ve beraberlikten ge\u00e7er - Darka Mazi<\/title>\n<meta name=\"robots\" content=\"index, follow, max-snippet:-1, max-image-preview:large, max-video-preview:-1\" \/>\n<link rel=\"canonical\" href=\"https:\/\/darkamazi.site\/archives\/1013950\" \/>\n<meta property=\"og:locale\" content=\"en_US\" \/>\n<meta property=\"og:type\" content=\"article\" \/>\n<meta property=\"og:title\" content=\"Ne\u00e7irvan Barzani: K\u00fcrdistan B\u00f6lgesi&#039;nin Federal stat\u00fcs\u00fcn\u00fc korumak birlik ve beraberlikten ge\u00e7er - Darka Mazi\" \/>\n<meta property=\"og:description\" content=\"Ba\u015fkan Ne\u00e7irvan Barzani, K\u00fcrdistan B\u00f6lgesi\u2019ndeki siyasi parti temsilcileri ile ger\u00e7ekle\u015ftirilen toplant\u0131da, \u201cKriz ve sorunlar\u0131 a\u015fman\u0131n tek yolu hak ve kazan\u0131mlar\u0131m\u0131z\u0131n yan\u0131 s\u0131ra K\u00fcrdistan B\u00f6lgesi\u2019nin federal stat\u00fcs\u00fcn\u00fc korumak, birlik ve baraberli\u011fimizi muhafaza etmekten ge\u00e7iyor\u201d dedi. K\u00fcrdistan B\u00f6lgesi Ba\u015fkan\u0131 Ne\u00e7irvanBarzani, ba\u015fkent Erbil&#8217;de K\u00fcrdistan\u2019daki siyasi parti temsilcileri ile bir araya geldi. Ba\u015fkanl\u0131k binas\u0131nda d\u00fczenlenen toplant\u0131ya K\u00fcrdistan B\u00f6lgesi Ba\u015fkan\u0131 [&hellip;]\" \/>\n<meta property=\"og:url\" content=\"https:\/\/darkamazi.site\/archives\/1013950\" \/>\n<meta property=\"og:site_name\" content=\"Darka Mazi\" \/>\n<meta property=\"article:publisher\" content=\"https:\/\/www.facebook.com\/DarkaMaziturkce\" \/>\n<meta property=\"article:published_time\" content=\"2021-04-08T19:15:38+00:00\" \/>\n<meta property=\"article:modified_time\" content=\"2026-03-31T13:43:47+00:00\" \/>\n<meta property=\"og:image\" content=\"https:\/\/darkamazi.site\/file\/2021\/04\/572579Image1.jpg\" \/>\n\t<meta property=\"og:image:width\" content=\"752\" \/>\n\t<meta property=\"og:image:height\" content=\"472\" \/>\n\t<meta property=\"og:image:type\" content=\"image\/jpeg\" \/>\n<meta name=\"author\" content=\"darka mazi\" \/>\n<meta name=\"twitter:card\" content=\"summary_large_image\" \/>\n<meta name=\"twitter:creator\" content=\"@DarkaMaziTurkce\" \/>\n<meta name=\"twitter:site\" content=\"@DarkaMaziTurkce\" \/>\n<meta name=\"twitter:label1\" content=\"Written by\" \/>\n\t<meta name=\"twitter:data1\" content=\"darka mazi\" \/>\n\t<meta name=\"twitter:label2\" content=\"Est. reading time\" \/>\n\t<meta name=\"twitter:data2\" content=\"2 minutes\" \/>\n<script type=\"application\/ld+json\" class=\"seo-schema-graph\">{\"@context\":\"https:\\\/\\\/schema.org\",\"@graph\":[{\"@type\":\"NewsArticle\",\"@id\":\"https:\\\/\\\/darkamazi.site\\\/archives\\\/1013950#article\",\"isPartOf\":{\"@id\":\"https:\\\/\\\/darkamazi.site\\\/archives\\\/1013950\"},\"author\":{\"name\":\"darka mazi\",\"@id\":\"https:\\\/\\\/darkamazi.site\\\/#\\\/schema\\\/person\\\/67986a95ac546c16760365877ef4a9d3\"},\"headline\":\"Ne\u00e7irvan Barzani: K\u00fcrdistan B\u00f6lgesi&#8217;nin Federal stat\u00fcs\u00fcn\u00fc korumak birlik ve beraberlikten ge\u00e7er\",\"datePublished\":\"2021-04-08T19:15:38+00:00\",\"dateModified\":\"2026-03-31T13:43:47+00:00\",\"mainEntityOfPage\":{\"@id\":\"https:\\\/\\\/darkamazi.site\\\/archives\\\/1013950\"},\"wordCount\":489,\"publisher\":{\"@id\":\"https:\\\/\\\/darkamazi.site\\\/#organization\"},\"image\":{\"@id\":\"https:\\\/\\\/darkamazi.site\\\/archives\\\/1013950#primaryimage\"},\"thumbnailUrl\":\"https:\\\/\\\/darkamazi.site\\\/darka-content\\\/uploads\\\/2021\\\/04\\\/572579Image1.jpg\",\"articleSection\":[\"Kurdistan\"],\"inLanguage\":\"en-US\"},{\"@type\":\"WebPage\",\"@id\":\"https:\\\/\\\/darkamazi.site\\\/archives\\\/1013950\",\"url\":\"https:\\\/\\\/darkamazi.site\\\/archives\\\/1013950\",\"name\":\"Ne\u00e7irvan Barzani: K\u00fcrdistan B\u00f6lgesi'nin Federal stat\u00fcs\u00fcn\u00fc korumak birlik ve beraberlikten ge\u00e7er - Darka Mazi\",\"isPartOf\":{\"@id\":\"https:\\\/\\\/darkamazi.site\\\/#website\"},\"primaryImageOfPage\":{\"@id\":\"https:\\\/\\\/darkamazi.site\\\/archives\\\/1013950#primaryimage\"},\"image\":{\"@id\":\"https:\\\/\\\/darkamazi.site\\\/archives\\\/1013950#primaryimage\"},\"thumbnailUrl\":\"https:\\\/\\\/darkamazi.site\\\/darka-content\\\/uploads\\\/2021\\\/04\\\/572579Image1.jpg\",\"datePublished\":\"2021-04-08T19:15:38+00:00\",\"dateModified\":\"2026-03-31T13:43:47+00:00\",\"breadcrumb\":{\"@id\":\"https:\\\/\\\/darkamazi.site\\\/archives\\\/1013950#breadcrumb\"},\"inLanguage\":\"en-US\",\"potentialAction\":[{\"@type\":\"ReadAction\",\"target\":[\"https:\\\/\\\/darkamazi.site\\\/archives\\\/1013950\"]}]},{\"@type\":\"ImageObject\",\"inLanguage\":\"en-US\",\"@id\":\"https:\\\/\\\/darkamazi.site\\\/archives\\\/1013950#primaryimage\",\"url\":\"https:\\\/\\\/darkamazi.site\\\/darka-content\\\/uploads\\\/2021\\\/04\\\/572579Image1.jpg\",\"contentUrl\":\"https:\\\/\\\/darkamazi.site\\\/darka-content\\\/uploads\\\/2021\\\/04\\\/572579Image1.jpg\",\"width\":752,\"height\":472,\"caption\":\"Ne\u00e7irvan Barzani: K\u00fcrdistan B\u00f6lgesi'nin Federal stat\u00fcs\u00fcn\u00fc korumak birlik ve beraberlikten ge\u00e7er\"},{\"@type\":\"BreadcrumbList\",\"@id\":\"https:\\\/\\\/darkamazi.site\\\/archives\\\/1013950#breadcrumb\",\"itemListElement\":[{\"@type\":\"ListItem\",\"position\":1,\"name\":\"Home\",\"item\":\"https:\\\/\\\/darkamazi.site\\\/\"},{\"@type\":\"ListItem\",\"position\":2,\"name\":\"Ne\u00e7irvan Barzani: K\u00fcrdistan B\u00f6lgesi&#8217;nin Federal stat\u00fcs\u00fcn\u00fc korumak birlik ve beraberlikten ge\u00e7er\"}]},{\"@type\":\"WebSite\",\"@id\":\"https:\\\/\\\/darkamazi.site\\\/#website\",\"url\":\"https:\\\/\\\/darkamazi.site\\\/\",\"name\":\"Darka Mazi\",\"description\":\"Ana Sayfa\",\"publisher\":{\"@id\":\"https:\\\/\\\/darkamazi.site\\\/#organization\"},\"potentialAction\":[{\"@type\":\"SearchAction\",\"target\":{\"@type\":\"EntryPoint\",\"urlTemplate\":\"https:\\\/\\\/darkamazi.site\\\/?s={search_term_string}\"},\"query-input\":{\"@type\":\"PropertyValueSpecification\",\"valueRequired\":true,\"valueName\":\"search_term_string\"}}],\"inLanguage\":\"en-US\"},{\"@type\":\"Organization\",\"@id\":\"https:\\\/\\\/darkamazi.site\\\/#organization\",\"name\":\"Darka Mazi T\u00fcrk\u00e7e\",\"alternateName\":\"Darka Mazi\",\"url\":\"https:\\\/\\\/darkamazi.site\\\/\",\"logo\":{\"@type\":\"ImageObject\",\"inLanguage\":\"en-US\",\"@id\":\"https:\\\/\\\/darkamazi.site\\\/#\\\/schema\\\/logo\\\/image\\\/\",\"url\":\"https:\\\/\\\/darkamazi.site\\\/darka-content\\\/uploads\\\/2017\\\/12\\\/darka-mazi-logo.png\",\"contentUrl\":\"https:\\\/\\\/darkamazi.site\\\/darka-content\\\/uploads\\\/2017\\\/12\\\/darka-mazi-logo.png\",\"width\":151,\"height\":75,\"caption\":\"Darka Mazi T\u00fcrk\u00e7e\"},\"image\":{\"@id\":\"https:\\\/\\\/darkamazi.site\\\/#\\\/schema\\\/logo\\\/image\\\/\"},\"sameAs\":[\"https:\\\/\\\/www.facebook.com\\\/DarkaMaziturkce\",\"https:\\\/\\\/x.com\\\/DarkaMaziTurkce\"]},{\"@type\":\"Person\",\"@id\":\"https:\\\/\\\/darkamazi.site\\\/#\\\/schema\\\/person\\\/67986a95ac546c16760365877ef4a9d3\",\"name\":\"darka mazi\",\"sameAs\":[\"https:\\\/\\\/darkamazi.site\"],\"url\":\"https:\\\/\\\/darkamazi.site\\\/archives\\\/author\\\/turkish\"}]}<\/script>\n<!-- \/ Yoast SEO plugin. -->","seo_head_json":{"title":"Ne\u00e7irvan Barzani: K\u00fcrdistan B\u00f6lgesi'nin Federal stat\u00fcs\u00fcn\u00fc korumak birlik ve beraberlikten ge\u00e7er - Darka Mazi","robots":{"index":"index","follow":"follow","max-snippet":"max-snippet:-1","max-image-preview":"max-image-preview:large","max-video-preview":"max-video-preview:-1"},"canonical":"https:\/\/darkamazi.site\/archives\/1013950","og_locale":"en_US","og_type":"article","og_title":"Ne\u00e7irvan Barzani: K\u00fcrdistan B\u00f6lgesi'nin Federal stat\u00fcs\u00fcn\u00fc korumak birlik ve beraberlikten ge\u00e7er - Darka Mazi","og_description":"Ba\u015fkan Ne\u00e7irvan Barzani, K\u00fcrdistan B\u00f6lgesi\u2019ndeki siyasi parti temsilcileri ile ger\u00e7ekle\u015ftirilen toplant\u0131da, \u201cKriz ve sorunlar\u0131 a\u015fman\u0131n tek yolu hak ve kazan\u0131mlar\u0131m\u0131z\u0131n yan\u0131 s\u0131ra K\u00fcrdistan B\u00f6lgesi\u2019nin federal stat\u00fcs\u00fcn\u00fc korumak, birlik ve baraberli\u011fimizi muhafaza etmekten ge\u00e7iyor\u201d dedi. K\u00fcrdistan B\u00f6lgesi Ba\u015fkan\u0131 Ne\u00e7irvanBarzani, ba\u015fkent Erbil&#8217;de K\u00fcrdistan\u2019daki siyasi parti temsilcileri ile bir araya geldi. Ba\u015fkanl\u0131k binas\u0131nda d\u00fczenlenen toplant\u0131ya K\u00fcrdistan B\u00f6lgesi Ba\u015fkan\u0131 [&hellip;]","og_url":"https:\/\/darkamazi.site\/archives\/1013950","og_site_name":"Darka Mazi","article_publisher":"https:\/\/www.facebook.com\/DarkaMaziturkce","article_published_time":"2021-04-08T19:15:38+00:00","article_modified_time":"2026-03-31T13:43:47+00:00","og_image":[{"width":752,"height":472,"url":"https:\/\/darkamazi.site\/file\/2021\/04\/572579Image1.jpg","type":"image\/jpeg"}],"author":"darka mazi","twitter_card":"summary_large_image","twitter_creator":"@DarkaMaziTurkce","twitter_site":"@DarkaMaziTurkce","twitter_misc":{"Written by":"darka mazi","Est. reading time":"2 minutes"},"schema":{"@context":"https:\/\/schema.org","@graph":[{"@type":"NewsArticle","@id":"https:\/\/darkamazi.site\/archives\/1013950#article","isPartOf":{"@id":"https:\/\/darkamazi.site\/archives\/1013950"},"author":{"name":"darka mazi","@id":"https:\/\/darkamazi.site\/#\/schema\/person\/67986a95ac546c16760365877ef4a9d3"},"headline":"Ne\u00e7irvan Barzani: K\u00fcrdistan B\u00f6lgesi&#8217;nin Federal stat\u00fcs\u00fcn\u00fc korumak birlik ve beraberlikten ge\u00e7er","datePublished":"2021-04-08T19:15:38+00:00","dateModified":"2026-03-31T13:43:47+00:00","mainEntityOfPage":{"@id":"https:\/\/darkamazi.site\/archives\/1013950"},"wordCount":489,"publisher":{"@id":"https:\/\/darkamazi.site\/#organization"},"image":{"@id":"https:\/\/darkamazi.site\/archives\/1013950#primaryimage"},"thumbnailUrl":"https:\/\/darkamazi.site\/file\/2021\/04\/572579Image1.jpg","articleSection":["Kurdistan"],"inLanguage":"en-US"},{"@type":"WebPage","@id":"https:\/\/darkamazi.site\/archives\/1013950","url":"https:\/\/darkamazi.site\/archives\/1013950","name":"Ne\u00e7irvan Barzani: K\u00fcrdistan B\u00f6lgesi'nin Federal stat\u00fcs\u00fcn\u00fc korumak birlik ve beraberlikten ge\u00e7er - Darka Mazi","isPartOf":{"@id":"https:\/\/darkamazi.site\/#website"},"primaryImageOfPage":{"@id":"https:\/\/darkamazi.site\/archives\/1013950#primaryimage"},"image":{"@id":"https:\/\/darkamazi.site\/archives\/1013950#primaryimage"},"thumbnailUrl":"https:\/\/darkamazi.site\/file\/2021\/04\/572579Image1.jpg","datePublished":"2021-04-08T19:15:38+00:00","dateModified":"2026-03-31T13:43:47+00:00","breadcrumb":{"@id":"https:\/\/darkamazi.site\/archives\/1013950#breadcrumb"},"inLanguage":"en-US","potentialAction":[{"@type":"ReadAction","target":["https:\/\/darkamazi.site\/archives\/1013950"]}]},{"@type":"ImageObject","inLanguage":"en-US","@id":"https:\/\/darkamazi.site\/archives\/1013950#primaryimage","url":"https:\/\/darkamazi.site\/file\/2021\/04\/572579Image1.jpg","contentUrl":"https:\/\/darkamazi.site\/file\/2021\/04\/572579Image1.jpg","width":752,"height":472,"caption":"Ne\u00e7irvan Barzani: K\u00fcrdistan B\u00f6lgesi'nin Federal stat\u00fcs\u00fcn\u00fc korumak birlik ve beraberlikten ge\u00e7er"},{"@type":"BreadcrumbList","@id":"https:\/\/darkamazi.site\/archives\/1013950#breadcrumb","itemListElement":[{"@type":"ListItem","position":1,"name":"Home","item":"https:\/\/darkamazi.site\/"},{"@type":"ListItem","position":2,"name":"Ne\u00e7irvan Barzani: K\u00fcrdistan B\u00f6lgesi&#8217;nin Federal stat\u00fcs\u00fcn\u00fc korumak birlik ve beraberlikten ge\u00e7er"}]},{"@type":"WebSite","@id":"https:\/\/darkamazi.site\/#website","url":"https:\/\/darkamazi.site\/","name":"Darka Mazi","description":"Ana Sayfa","publisher":{"@id":"https:\/\/darkamazi.site\/#organization"},"potentialAction":[{"@type":"SearchAction","target":{"@type":"EntryPoint","urlTemplate":"https:\/\/darkamazi.site\/?s={search_term_string}"},"query-input":{"@type":"PropertyValueSpecification","valueRequired":true,"valueName":"search_term_string"}}],"inLanguage":"en-US"},{"@type":"Organization","@id":"https:\/\/darkamazi.site\/#organization","name":"Darka Mazi T\u00fcrk\u00e7e","alternateName":"Darka Mazi","url":"https:\/\/darkamazi.site\/","logo":{"@type":"ImageObject","inLanguage":"en-US","@id":"https:\/\/darkamazi.site\/#\/schema\/logo\/image\/","url":"https:\/\/darkamazi.site\/file\/2017\/12\/darka-mazi-logo.png","contentUrl":"https:\/\/darkamazi.site\/file\/2017\/12\/darka-mazi-logo.png","width":151,"height":75,"caption":"Darka Mazi T\u00fcrk\u00e7e"},"image":{"@id":"https:\/\/darkamazi.site\/#\/schema\/logo\/image\/"},"sameAs":["https:\/\/www.facebook.com\/DarkaMaziturkce","https:\/\/x.com\/DarkaMaziTurkce"]},{"@type":"Person","@id":"https:\/\/darkamazi.site\/#\/schema\/person\/67986a95ac546c16760365877ef4a9d3","name":"darka mazi","sameAs":["https:\/\/darkamazi.site"],"url":"https:\/\/darkamazi.site\/archives\/author\/turkish"}]}},"_links":{"self":[{"href":"https:\/\/darkamazi.site\/funavuv\/wp\/v2\/posts\/1013950","targetHints":{"allow":["GET"]}}],"collection":[{"href":"https:\/\/darkamazi.site\/funavuv\/wp\/v2\/posts"}],"about":[{"href":"https:\/\/darkamazi.site\/funavuv\/wp\/v2\/types\/post"}],"author":[{"embeddable":true,"href":"https:\/\/darkamazi.site\/funavuv\/wp\/v2\/users\/2"}],"replies":[{"embeddable":true,"href":"https:\/\/darkamazi.site\/funavuv\/wp\/v2\/comments?post=1013950"}],"version-history":[{"count":0,"href":"https:\/\/darkamazi.site\/funavuv\/wp\/v2\/posts\/1013950\/revisions"}],"wp:featuredmedia":[{"embeddable":true,"href":"https:\/\/darkamazi.site\/funavuv\/wp\/v2\/media\/1013951"}],"wp:attachment":[{"href":"https:\/\/darkamazi.site\/funavuv\/wp\/v2\/media?parent=1013950"}],"wp:term":[{"taxonomy":"category","embeddable":true,"href":"https:\/\/darkamazi.site\/funavuv\/wp\/v2\/categories?post=1013950"},{"taxonomy":"post_tag","embeddable":true,"href":"https:\/\/darkamazi.site\/funavuv\/wp\/v2\/tags?post=1013950"}],"curies":[{"name":"wp","href":"https:\/\/api.w.org\/{rel}","templated":true}]}}