{"id":1014047,"date":"2021-04-14T22:11:39","date_gmt":"2021-04-14T19:11:39","guid":{"rendered":"https:\/\/darkamazi.site\/?p=1014047"},"modified":"2021-04-14T22:11:39","modified_gmt":"2021-04-14T19:11:39","slug":"erdogandan-italyan-basbakani-draghi-yorumu-densizlik-terbiyesizlik","status":"publish","type":"post","link":"https:\/\/darkamazi.site\/archives\/1014047","title":{"rendered":"Erdo\u011fan&#8217;dan \u0130talyan Ba\u015fbakan\u0131 Draghi yorumu: Densizlik, terbiyesizlik"},"content":{"rendered":"<p style=\"text-align: justify\">\u00a0T\u00fcrkiye Cumhurba\u015fkan\u0131 Recep Tayyip Erdo\u011fan, \u0130talya Ba\u015fbakan\u0131 Mario Draghi&#8217;nin kendisi hakk\u0131ndaki \u201cdiktat\u00f6r\u201d nitelemesine ili\u015fkin, \u201cDensizlik ve terbiyesizlik\u201d dedi.<\/p>\n<p style=\"text-align: justify\">Recep Tayyip Erdo\u011fan, Cumhurba\u015fkanl\u0131\u011f\u0131 K\u00fct\u00fcphanesi&#8217;nde d\u00fczenlenen &#8220;K\u00fct\u00fcphane S\u00f6yle\u015fileri&#8221;nde, gen\u00e7lerle bir araya geldi ve onlar\u0131n sorular\u0131n\u0131 yan\u0131tlad\u0131.<\/p>\n<p style=\"text-align: justify\">\u201c\u0130talya Ba\u015fbakan\u0131 size &#8216;diktat\u00f6r&#8217; dedi. Siz bu tarz \u00fcslupta kelimeler kullan\u0131ld\u0131\u011f\u0131nda neler hissediyorsunuz?\u201d \u015feklindeki bir soru \u00fczerine Cumhurba\u015fkan\u0131 Erdo\u011fan, \u015fu yan\u0131t\u0131 verdi:<\/p>\n<p style=\"text-align: justify\">\u201c\u00d6ncelikle tabii \u0130talya Ba\u015fbakan\u0131&#8217;n\u0131n yapm\u0131\u015f oldu\u011fu a\u00e7\u0131klama tam bir densizliktir, tam bir terbiyesizliktir. T\u00fcrkiye-\u0130talya ili\u015fkilerinin tam iyi bir noktaya gelece\u011fini umdu\u011fumuz bir d\u00f6nemde bu Draghi denilen adam bu a\u00e7\u0131klamay\u0131 yapmak suretiyle aram\u0131zdaki m\u00fcnasebetlere maalesef baltay\u0131 vurmu\u015ftur. Zaten sen atanarak oraya gelmi\u015f birisin, se\u00e7imle gelmi\u015f birisi de\u011filsin. Tayyip Erdo\u011fan\u2019a bir defa b\u00f6yle bir ifadeyi kullanabilmen i\u00e7in her \u015feyden \u00f6nce senin tarihinden haberinin olmas\u0131 laz\u0131m. Ama g\u00f6rd\u00fck ki senin haberin yok. Biz milletimizden ald\u0131\u011f\u0131m\u0131z g\u00fc\u00e7le, milletimizin bize vermi\u015f oldu\u011fu o irade teslimiyetiyle milletimize hizmette yolumuza devam edece\u011fiz. Onun i\u00e7in de \u0130talya Ba\u015fbakan\u0131\u2019n\u0131n bu ifadeleri kullanmas\u0131 kullanmamas\u0131, bunlar\u0131 hi\u00e7 kafan\u0131za takmay\u0131n, biz i\u015fimize bakal\u0131m.\u201d<\/p>\n","protected":false},"excerpt":{"rendered":"<p>\u00a0T\u00fcrkiye Cumhurba\u015fkan\u0131 Recep Tayyip Erdo\u011fan, \u0130talya Ba\u015fbakan\u0131 Mario Draghi&#8217;nin kendisi hakk\u0131ndaki \u201cdiktat\u00f6r\u201d nitelemesine ili\u015fkin, \u201cDensizlik ve terbiyesizlik\u201d dedi. Recep Tayyip Erdo\u011fan, Cumhurba\u015fkanl\u0131\u011f\u0131 K\u00fct\u00fcphanesi&#8217;nde d\u00fczenlenen &#8220;K\u00fct\u00fcphane S\u00f6yle\u015fileri&#8221;nde, gen\u00e7lerle bir araya geldi ve onlar\u0131n sorular\u0131n\u0131 yan\u0131tlad\u0131. \u201c\u0130talya Ba\u015fbakan\u0131 size &#8216;diktat\u00f6r&#8217; dedi. Siz bu tarz \u00fcslupta kelimeler kullan\u0131ld\u0131\u011f\u0131nda neler hissediyorsunuz?\u201d \u015feklindeki bir soru \u00fczerine Cumhurba\u015fkan\u0131 Erdo\u011fan, \u015fu yan\u0131t\u0131 [&hellip;]<\/p>\n","protected":false},"author":2,"featured_media":1014048,"comment_status":"closed","ping_status":"closed","sticky":false,"template":"","format":"standard","meta":{"footnotes":""},"categories":[3],"tags":[],"class_list":["post-1014047","post","type-post","status-publish","format-standard","has-post-thumbnail","hentry","category-kurdistan"],"blocksy_meta":[],"seo_head":"<!-- This site is optimized with the Yoast SEO plugin v27.5 - https:\/\/yoast.com\/product\/yoast-seo-wordpress\/ -->\n<title>Erdo\u011fan&#039;dan \u0130talyan Ba\u015fbakan\u0131 Draghi yorumu: Densizlik, terbiyesizlik - Darka Mazi<\/title>\n<meta name=\"robots\" content=\"index, follow, max-snippet:-1, max-image-preview:large, max-video-preview:-1\" \/>\n<link rel=\"canonical\" href=\"https:\/\/darkamazi.site\/archives\/1014047\" \/>\n<meta property=\"og:locale\" content=\"en_US\" \/>\n<meta property=\"og:type\" content=\"article\" \/>\n<meta property=\"og:title\" content=\"Erdo\u011fan&#039;dan \u0130talyan Ba\u015fbakan\u0131 Draghi yorumu: Densizlik, terbiyesizlik - Darka Mazi\" \/>\n<meta property=\"og:description\" content=\"\u00a0T\u00fcrkiye Cumhurba\u015fkan\u0131 Recep Tayyip Erdo\u011fan, \u0130talya Ba\u015fbakan\u0131 Mario Draghi&#8217;nin kendisi hakk\u0131ndaki \u201cdiktat\u00f6r\u201d nitelemesine ili\u015fkin, \u201cDensizlik ve terbiyesizlik\u201d dedi. Recep Tayyip Erdo\u011fan, Cumhurba\u015fkanl\u0131\u011f\u0131 K\u00fct\u00fcphanesi&#8217;nde d\u00fczenlenen &#8220;K\u00fct\u00fcphane S\u00f6yle\u015fileri&#8221;nde, gen\u00e7lerle bir araya geldi ve onlar\u0131n sorular\u0131n\u0131 yan\u0131tlad\u0131. \u201c\u0130talya Ba\u015fbakan\u0131 size &#8216;diktat\u00f6r&#8217; dedi. Siz bu tarz \u00fcslupta kelimeler kullan\u0131ld\u0131\u011f\u0131nda neler hissediyorsunuz?\u201d \u015feklindeki bir soru \u00fczerine Cumhurba\u015fkan\u0131 Erdo\u011fan, \u015fu yan\u0131t\u0131 [&hellip;]\" \/>\n<meta property=\"og:url\" content=\"https:\/\/darkamazi.site\/archives\/1014047\" \/>\n<meta property=\"og:site_name\" content=\"Darka Mazi\" \/>\n<meta property=\"article:publisher\" content=\"https:\/\/www.facebook.com\/DarkaMaziturkce\" \/>\n<meta property=\"article:published_time\" content=\"2021-04-14T19:11:39+00:00\" \/>\n<meta property=\"og:image\" content=\"https:\/\/darkamazi.site\/file\/2021\/04\/Darghi-and-Erdogan.jpg\" \/>\n\t<meta property=\"og:image:width\" content=\"1200\" \/>\n\t<meta property=\"og:image:height\" content=\"676\" \/>\n\t<meta property=\"og:image:type\" content=\"image\/jpeg\" \/>\n<meta name=\"author\" content=\"darka mazi\" \/>\n<meta name=\"twitter:card\" content=\"summary_large_image\" \/>\n<meta name=\"twitter:creator\" content=\"@DarkaMaziTurkce\" \/>\n<meta name=\"twitter:site\" content=\"@DarkaMaziTurkce\" \/>\n<meta name=\"twitter:label1\" content=\"Written by\" \/>\n\t<meta name=\"twitter:data1\" content=\"darka mazi\" \/>\n\t<meta name=\"twitter:label2\" content=\"Est. reading time\" \/>\n\t<meta name=\"twitter:data2\" content=\"1 minute\" \/>\n<script type=\"application\/ld+json\" class=\"seo-schema-graph\">{\"@context\":\"https:\\\/\\\/schema.org\",\"@graph\":[{\"@type\":\"NewsArticle\",\"@id\":\"https:\\\/\\\/darkamazi.site\\\/archives\\\/1014047#article\",\"isPartOf\":{\"@id\":\"https:\\\/\\\/darkamazi.site\\\/archives\\\/1014047\"},\"author\":{\"name\":\"darka mazi\",\"@id\":\"https:\\\/\\\/darkamazi.site\\\/#\\\/schema\\\/person\\\/67986a95ac546c16760365877ef4a9d3\"},\"headline\":\"Erdo\u011fan&#8217;dan \u0130talyan Ba\u015fbakan\u0131 Draghi yorumu: Densizlik, terbiyesizlik\",\"datePublished\":\"2021-04-14T19:11:39+00:00\",\"mainEntityOfPage\":{\"@id\":\"https:\\\/\\\/darkamazi.site\\\/archives\\\/1014047\"},\"wordCount\":234,\"publisher\":{\"@id\":\"https:\\\/\\\/darkamazi.site\\\/#organization\"},\"image\":{\"@id\":\"https:\\\/\\\/darkamazi.site\\\/archives\\\/1014047#primaryimage\"},\"thumbnailUrl\":\"https:\\\/\\\/darkamazi.site\\\/darka-content\\\/uploads\\\/2021\\\/04\\\/Darghi-and-Erdogan.jpg\",\"articleSection\":[\"Kurdistan\"],\"inLanguage\":\"en-US\"},{\"@type\":\"WebPage\",\"@id\":\"https:\\\/\\\/darkamazi.site\\\/archives\\\/1014047\",\"url\":\"https:\\\/\\\/darkamazi.site\\\/archives\\\/1014047\",\"name\":\"Erdo\u011fan'dan \u0130talyan Ba\u015fbakan\u0131 Draghi yorumu: Densizlik, terbiyesizlik - Darka Mazi\",\"isPartOf\":{\"@id\":\"https:\\\/\\\/darkamazi.site\\\/#website\"},\"primaryImageOfPage\":{\"@id\":\"https:\\\/\\\/darkamazi.site\\\/archives\\\/1014047#primaryimage\"},\"image\":{\"@id\":\"https:\\\/\\\/darkamazi.site\\\/archives\\\/1014047#primaryimage\"},\"thumbnailUrl\":\"https:\\\/\\\/darkamazi.site\\\/darka-content\\\/uploads\\\/2021\\\/04\\\/Darghi-and-Erdogan.jpg\",\"datePublished\":\"2021-04-14T19:11:39+00:00\",\"breadcrumb\":{\"@id\":\"https:\\\/\\\/darkamazi.site\\\/archives\\\/1014047#breadcrumb\"},\"inLanguage\":\"en-US\",\"potentialAction\":[{\"@type\":\"ReadAction\",\"target\":[\"https:\\\/\\\/darkamazi.site\\\/archives\\\/1014047\"]}]},{\"@type\":\"ImageObject\",\"inLanguage\":\"en-US\",\"@id\":\"https:\\\/\\\/darkamazi.site\\\/archives\\\/1014047#primaryimage\",\"url\":\"https:\\\/\\\/darkamazi.site\\\/darka-content\\\/uploads\\\/2021\\\/04\\\/Darghi-and-Erdogan.jpg\",\"contentUrl\":\"https:\\\/\\\/darkamazi.site\\\/darka-content\\\/uploads\\\/2021\\\/04\\\/Darghi-and-Erdogan.jpg\",\"width\":1200,\"height\":676,\"caption\":\"Erdo\u011fan'dan \u0130talyan Ba\u015fbakan\u0131 Draghi yorumu: Densizlik, terbiyesizlik\"},{\"@type\":\"BreadcrumbList\",\"@id\":\"https:\\\/\\\/darkamazi.site\\\/archives\\\/1014047#breadcrumb\",\"itemListElement\":[{\"@type\":\"ListItem\",\"position\":1,\"name\":\"Home\",\"item\":\"https:\\\/\\\/darkamazi.site\\\/\"},{\"@type\":\"ListItem\",\"position\":2,\"name\":\"Erdo\u011fan&#8217;dan \u0130talyan Ba\u015fbakan\u0131 Draghi yorumu: Densizlik, terbiyesizlik\"}]},{\"@type\":\"WebSite\",\"@id\":\"https:\\\/\\\/darkamazi.site\\\/#website\",\"url\":\"https:\\\/\\\/darkamazi.site\\\/\",\"name\":\"Darka Mazi\",\"description\":\"Ana Sayfa\",\"publisher\":{\"@id\":\"https:\\\/\\\/darkamazi.site\\\/#organization\"},\"potentialAction\":[{\"@type\":\"SearchAction\",\"target\":{\"@type\":\"EntryPoint\",\"urlTemplate\":\"https:\\\/\\\/darkamazi.site\\\/?s={search_term_string}\"},\"query-input\":{\"@type\":\"PropertyValueSpecification\",\"valueRequired\":true,\"valueName\":\"search_term_string\"}}],\"inLanguage\":\"en-US\"},{\"@type\":\"Organization\",\"@id\":\"https:\\\/\\\/darkamazi.site\\\/#organization\",\"name\":\"Darka Mazi T\u00fcrk\u00e7e\",\"alternateName\":\"Darka Mazi\",\"url\":\"https:\\\/\\\/darkamazi.site\\\/\",\"logo\":{\"@type\":\"ImageObject\",\"inLanguage\":\"en-US\",\"@id\":\"https:\\\/\\\/darkamazi.site\\\/#\\\/schema\\\/logo\\\/image\\\/\",\"url\":\"https:\\\/\\\/darkamazi.site\\\/darka-content\\\/uploads\\\/2017\\\/12\\\/darka-mazi-logo.png\",\"contentUrl\":\"https:\\\/\\\/darkamazi.site\\\/darka-content\\\/uploads\\\/2017\\\/12\\\/darka-mazi-logo.png\",\"width\":151,\"height\":75,\"caption\":\"Darka Mazi T\u00fcrk\u00e7e\"},\"image\":{\"@id\":\"https:\\\/\\\/darkamazi.site\\\/#\\\/schema\\\/logo\\\/image\\\/\"},\"sameAs\":[\"https:\\\/\\\/www.facebook.com\\\/DarkaMaziturkce\",\"https:\\\/\\\/x.com\\\/DarkaMaziTurkce\"]},{\"@type\":\"Person\",\"@id\":\"https:\\\/\\\/darkamazi.site\\\/#\\\/schema\\\/person\\\/67986a95ac546c16760365877ef4a9d3\",\"name\":\"darka mazi\",\"sameAs\":[\"https:\\\/\\\/darkamazi.site\"],\"url\":\"https:\\\/\\\/darkamazi.site\\\/archives\\\/author\\\/turkish\"}]}<\/script>\n<!-- \/ Yoast SEO plugin. -->","seo_head_json":{"title":"Erdo\u011fan'dan \u0130talyan Ba\u015fbakan\u0131 Draghi yorumu: Densizlik, terbiyesizlik - Darka Mazi","robots":{"index":"index","follow":"follow","max-snippet":"max-snippet:-1","max-image-preview":"max-image-preview:large","max-video-preview":"max-video-preview:-1"},"canonical":"https:\/\/darkamazi.site\/archives\/1014047","og_locale":"en_US","og_type":"article","og_title":"Erdo\u011fan'dan \u0130talyan Ba\u015fbakan\u0131 Draghi yorumu: Densizlik, terbiyesizlik - Darka Mazi","og_description":"\u00a0T\u00fcrkiye Cumhurba\u015fkan\u0131 Recep Tayyip Erdo\u011fan, \u0130talya Ba\u015fbakan\u0131 Mario Draghi&#8217;nin kendisi hakk\u0131ndaki \u201cdiktat\u00f6r\u201d nitelemesine ili\u015fkin, \u201cDensizlik ve terbiyesizlik\u201d dedi. Recep Tayyip Erdo\u011fan, Cumhurba\u015fkanl\u0131\u011f\u0131 K\u00fct\u00fcphanesi&#8217;nde d\u00fczenlenen &#8220;K\u00fct\u00fcphane S\u00f6yle\u015fileri&#8221;nde, gen\u00e7lerle bir araya geldi ve onlar\u0131n sorular\u0131n\u0131 yan\u0131tlad\u0131. \u201c\u0130talya Ba\u015fbakan\u0131 size &#8216;diktat\u00f6r&#8217; dedi. Siz bu tarz \u00fcslupta kelimeler kullan\u0131ld\u0131\u011f\u0131nda neler hissediyorsunuz?\u201d \u015feklindeki bir soru \u00fczerine Cumhurba\u015fkan\u0131 Erdo\u011fan, \u015fu yan\u0131t\u0131 [&hellip;]","og_url":"https:\/\/darkamazi.site\/archives\/1014047","og_site_name":"Darka Mazi","article_publisher":"https:\/\/www.facebook.com\/DarkaMaziturkce","article_published_time":"2021-04-14T19:11:39+00:00","og_image":[{"width":1200,"height":676,"url":"https:\/\/darkamazi.site\/file\/2021\/04\/Darghi-and-Erdogan.jpg","type":"image\/jpeg"}],"author":"darka mazi","twitter_card":"summary_large_image","twitter_creator":"@DarkaMaziTurkce","twitter_site":"@DarkaMaziTurkce","twitter_misc":{"Written by":"darka mazi","Est. reading time":"1 minute"},"schema":{"@context":"https:\/\/schema.org","@graph":[{"@type":"NewsArticle","@id":"https:\/\/darkamazi.site\/archives\/1014047#article","isPartOf":{"@id":"https:\/\/darkamazi.site\/archives\/1014047"},"author":{"name":"darka mazi","@id":"https:\/\/darkamazi.site\/#\/schema\/person\/67986a95ac546c16760365877ef4a9d3"},"headline":"Erdo\u011fan&#8217;dan \u0130talyan Ba\u015fbakan\u0131 Draghi yorumu: Densizlik, terbiyesizlik","datePublished":"2021-04-14T19:11:39+00:00","mainEntityOfPage":{"@id":"https:\/\/darkamazi.site\/archives\/1014047"},"wordCount":234,"publisher":{"@id":"https:\/\/darkamazi.site\/#organization"},"image":{"@id":"https:\/\/darkamazi.site\/archives\/1014047#primaryimage"},"thumbnailUrl":"https:\/\/darkamazi.site\/file\/2021\/04\/Darghi-and-Erdogan.jpg","articleSection":["Kurdistan"],"inLanguage":"en-US"},{"@type":"WebPage","@id":"https:\/\/darkamazi.site\/archives\/1014047","url":"https:\/\/darkamazi.site\/archives\/1014047","name":"Erdo\u011fan'dan \u0130talyan Ba\u015fbakan\u0131 Draghi yorumu: Densizlik, terbiyesizlik - Darka Mazi","isPartOf":{"@id":"https:\/\/darkamazi.site\/#website"},"primaryImageOfPage":{"@id":"https:\/\/darkamazi.site\/archives\/1014047#primaryimage"},"image":{"@id":"https:\/\/darkamazi.site\/archives\/1014047#primaryimage"},"thumbnailUrl":"https:\/\/darkamazi.site\/file\/2021\/04\/Darghi-and-Erdogan.jpg","datePublished":"2021-04-14T19:11:39+00:00","breadcrumb":{"@id":"https:\/\/darkamazi.site\/archives\/1014047#breadcrumb"},"inLanguage":"en-US","potentialAction":[{"@type":"ReadAction","target":["https:\/\/darkamazi.site\/archives\/1014047"]}]},{"@type":"ImageObject","inLanguage":"en-US","@id":"https:\/\/darkamazi.site\/archives\/1014047#primaryimage","url":"https:\/\/darkamazi.site\/file\/2021\/04\/Darghi-and-Erdogan.jpg","contentUrl":"https:\/\/darkamazi.site\/file\/2021\/04\/Darghi-and-Erdogan.jpg","width":1200,"height":676,"caption":"Erdo\u011fan'dan \u0130talyan Ba\u015fbakan\u0131 Draghi yorumu: Densizlik, terbiyesizlik"},{"@type":"BreadcrumbList","@id":"https:\/\/darkamazi.site\/archives\/1014047#breadcrumb","itemListElement":[{"@type":"ListItem","position":1,"name":"Home","item":"https:\/\/darkamazi.site\/"},{"@type":"ListItem","position":2,"name":"Erdo\u011fan&#8217;dan \u0130talyan Ba\u015fbakan\u0131 Draghi yorumu: Densizlik, terbiyesizlik"}]},{"@type":"WebSite","@id":"https:\/\/darkamazi.site\/#website","url":"https:\/\/darkamazi.site\/","name":"Darka Mazi","description":"Ana Sayfa","publisher":{"@id":"https:\/\/darkamazi.site\/#organization"},"potentialAction":[{"@type":"SearchAction","target":{"@type":"EntryPoint","urlTemplate":"https:\/\/darkamazi.site\/?s={search_term_string}"},"query-input":{"@type":"PropertyValueSpecification","valueRequired":true,"valueName":"search_term_string"}}],"inLanguage":"en-US"},{"@type":"Organization","@id":"https:\/\/darkamazi.site\/#organization","name":"Darka Mazi T\u00fcrk\u00e7e","alternateName":"Darka Mazi","url":"https:\/\/darkamazi.site\/","logo":{"@type":"ImageObject","inLanguage":"en-US","@id":"https:\/\/darkamazi.site\/#\/schema\/logo\/image\/","url":"https:\/\/darkamazi.site\/file\/2017\/12\/darka-mazi-logo.png","contentUrl":"https:\/\/darkamazi.site\/file\/2017\/12\/darka-mazi-logo.png","width":151,"height":75,"caption":"Darka Mazi T\u00fcrk\u00e7e"},"image":{"@id":"https:\/\/darkamazi.site\/#\/schema\/logo\/image\/"},"sameAs":["https:\/\/www.facebook.com\/DarkaMaziturkce","https:\/\/x.com\/DarkaMaziTurkce"]},{"@type":"Person","@id":"https:\/\/darkamazi.site\/#\/schema\/person\/67986a95ac546c16760365877ef4a9d3","name":"darka mazi","sameAs":["https:\/\/darkamazi.site"],"url":"https:\/\/darkamazi.site\/archives\/author\/turkish"}]}},"_links":{"self":[{"href":"https:\/\/darkamazi.site\/funavuv\/wp\/v2\/posts\/1014047","targetHints":{"allow":["GET"]}}],"collection":[{"href":"https:\/\/darkamazi.site\/funavuv\/wp\/v2\/posts"}],"about":[{"href":"https:\/\/darkamazi.site\/funavuv\/wp\/v2\/types\/post"}],"author":[{"embeddable":true,"href":"https:\/\/darkamazi.site\/funavuv\/wp\/v2\/users\/2"}],"replies":[{"embeddable":true,"href":"https:\/\/darkamazi.site\/funavuv\/wp\/v2\/comments?post=1014047"}],"version-history":[{"count":0,"href":"https:\/\/darkamazi.site\/funavuv\/wp\/v2\/posts\/1014047\/revisions"}],"wp:featuredmedia":[{"embeddable":true,"href":"https:\/\/darkamazi.site\/funavuv\/wp\/v2\/media\/1014048"}],"wp:attachment":[{"href":"https:\/\/darkamazi.site\/funavuv\/wp\/v2\/media?parent=1014047"}],"wp:term":[{"taxonomy":"category","embeddable":true,"href":"https:\/\/darkamazi.site\/funavuv\/wp\/v2\/categories?post=1014047"},{"taxonomy":"post_tag","embeddable":true,"href":"https:\/\/darkamazi.site\/funavuv\/wp\/v2\/tags?post=1014047"}],"curies":[{"name":"wp","href":"https:\/\/api.w.org\/{rel}","templated":true}]}}