{"id":1014315,"date":"2021-05-03T15:26:51","date_gmt":"2021-05-03T12:26:51","guid":{"rendered":"https:\/\/darkamazi.site\/?p=1014315"},"modified":"2021-05-03T15:26:51","modified_gmt":"2021-05-03T12:26:51","slug":"bernamegeh-dergisinin-4-sayisi-cikti","status":"publish","type":"post","link":"https:\/\/darkamazi.site\/archives\/1014315","title":{"rendered":"Bernamegeh dergisinin 4. say\u0131s\u0131 \u00e7\u0131kt\u0131"},"content":{"rendered":"<p style=\"text-align: justify\">Bernamegeh dergisi 4\u2019\u00fcnc\u00fc say\u0131s\u0131 ile okurlar\u0131yla bulu\u015ftu. Derginin bu say\u0131s\u0131nda da K\u00fcrt yazarlara ait bir \u00e7ok farkl\u0131 konuda yaz\u0131lar bulunuyor.<\/p>\n<p style=\"text-align: justify\">Demokrasi, insan haklar\u0131, d\u00fc\u015f\u00fcnce ve fikir h\u00fcrriyetini esas alan derginin bu say\u0131s\u0131nda Jan Dost yaz\u0131s\u0131nda, edebiyat alan\u0131nda iki dilli \u00fcretimin nas\u0131l alg\u0131land\u0131\u011f\u0131n\u0131, problemlerini ve \u00e7\u00f6z\u00fcm yollar\u0131n\u0131 i\u015fliyor.<\/p>\n<p style=\"text-align: justify\">Occo Mahabad yaz\u0131s\u0131nda, bug\u00fcne kadar yaz\u0131lm\u0131\u015f Zazaca Mevlitleri d\u00fcnden bug\u00fcne ele alarak bu alandaki bo\u015flu\u011fu doldurmay\u0131 ama\u00e7l\u0131yor.<\/p>\n<p style=\"text-align: justify\">Hesen\u00ea Met\u00ea de bir \u00f6yk\u00fcyle okurlar\u0131n kar\u015f\u0131s\u0131nda. Mistefa Aydogan ise K\u00fcrtlerin kanayan tarihi yaras\u0131 Halep\u00e7e \u00fczerine bir yaz\u0131 kaleme alm\u0131\u015f.<\/p>\n<p style=\"text-align: justify\">Bernamegeh Dergisinin 4\u2019\u00fcnc\u00fc say\u0131s\u0131nda \u015fu yaz\u0131lar\u0131n yaz\u0131lar\u0131 bulunuyor.<\/p>\n<p style=\"text-align: justify\">&#8211; Jan Dost \/ Derd\u00ea Duzimaniy\u00ea<\/p>\n<p style=\"text-align: justify\">&#8211; H\u00eav\u00ee H\u00eav\u00eedar \/ Di Gerd\u00fbnek\u00ee Din De<\/p>\n<p style=\"text-align: justify\">&#8211; Occo Mahabad \/ D\u00eeroka Mewl\u00fbd\u00ean Zazak\u00ee<\/p>\n<p style=\"text-align: justify\">&#8211; R\u00fbbar El\u00ee \/ Raper\u00een<\/p>\n<p style=\"text-align: justify\">&#8211; Lokman Polat \/ W\u00eaje, D\u00eerok \u00fb Roman\u00ean D\u00eerok\u00ee<\/p>\n<p style=\"text-align: justify\">&#8211; \u015eore\u015fger Karakol \/ \u00c7av\u00ean Mel\u00fbl<\/p>\n<p style=\"text-align: justify\">&#8211; Ev\u00een Hesen \/ Deyndar Im<\/p>\n<p style=\"text-align: justify\">&#8211; Mem\u00ea Miks\u00ee \/ Kur Ji Kirina Xwe \u015eerm Dike<\/p>\n<p style=\"text-align: justify\">&#8211; R\u00eaber Heb\u00fbn \/ Helbestvan\u00ea Nemir Ferhad I\u00e7mo<\/p>\n<p style=\"text-align: justify\">&#8211; Can Brah\u00eem \/ \u00c7av\u00ean \u015eil<\/p>\n<p style=\"text-align: justify\">&#8211; \u00cekram Oguz \/ P\u00eanc Pirt\u00fbk \u00fb Niv\u00eeskarek<\/p>\n<p style=\"text-align: justify\">&#8211; Mahm\u00fbd Derw\u00ee\u015f \/ Ji Bahoz\u00ea P\u00ea ve Ji Y\u00ea Kurdan Re Tune \/ Werg\u00ear: Fewaz Ebd\u00ea<\/p>\n<p style=\"text-align: justify\">&#8211; R. Kemal Bindal \/ Beg Li Heleb\u00ea, Firara Se\u00eed Beg\u00ea Heleb\u00ee<\/p>\n<p style=\"text-align: justify\">&#8211; Xel\u00eel Duhok\u00ee \/ Hejarino<\/p>\n<p style=\"text-align: justify\">&#8211; Hesen\u00ea Met\u00ea \/ Xezeba Xwed\u00ea<\/p>\n<p style=\"text-align: justify\">&#8211; Kevok Mizg\u00een \/ Dengek Ji Biyaniy\u00ea<\/p>\n<p style=\"text-align: justify\">&#8211; Keyhan Mihemed\u00eenijad \/ Ceco Xan<\/p>\n<p style=\"text-align: justify\">-Newaf M\u00eero \/ Xidir Eylaz \u00fb Xidir Neb\u00ee, Xizir yan Walent\u00een<\/p>\n<p style=\"text-align: justify\">&#8211; Al\u00ee Bayram \/ Matem A T\u00eek<\/p>\n<p style=\"text-align: justify\">&#8211; Soran Hemere\u015f \/ Berdeysan K\u00ee B\u00fb? \/ Werg\u00ear: Muhs\u00een Ozdem\u00eer<\/p>\n<p style=\"text-align: justify\">-Ev\u00een \u00c7\u00ee\u00e7ek \/ Mer\u00ee Ber Bay\u00ea Penaberiy\u00ea Germ Nabe, Dikizire<\/p>\n<p style=\"text-align: justify\">&#8211; \u015e\u00eelan Dosk\u00ee \/ H\u00earoya Kurd\u00ee<\/p>\n<p style=\"text-align: justify\">&#8211; Ramazan Kavak \/ Qesas\u00ea Pezkoviyan<\/p>\n<p style=\"text-align: justify\">&#8211; Azad Ekka\u015f \/ \u00c7end Hilbijarde Ji Erot\u00eekaya Yan\u00ees R\u00eetros<\/p>\n<p style=\"text-align: justify\">&#8211; N\u00eehat Oner \/ Kulla M\u00fb\u015f\u00ea<\/p>\n<p style=\"text-align: justify\">&#8211; Mistefa Aydogan \/ Mirovay\u00ee Jehrdaday\u00ee<\/p>\n<p style=\"text-align: justify\">&#8211; Tengezar Mar\u00een\u00ee \/ \u015eev \u00fb Mij<\/p>\n<p style=\"text-align: justify\">&#8211; Yaq\u00fbb Kurmanc \/ Roja Cil\u00fbberg ango Kinc\u00ean Kurd\u00ee P\u00eeroz Be<\/p>\n<p style=\"text-align: justify\">&#8211; Mehm\u00fbd Badil\u00ee \/ Dara \u015eilf\u00ee Taz\u00ee<\/p>\n<p style=\"text-align: justify\">&#8211; Hem Bozan Qerege\u00e7\u00eeye \/ Gir\u00eaka Gord\u00eeon\u00ea<\/p>\n<p style=\"text-align: justify\">&#8211; L\u00eeda Gerdenzer\u00ee \/ Bahar<\/p>\n<p style=\"text-align: justify\">&#8211; \u00cehsan B\u00eergul \/ Telev\u00eezyon \u00fb Ziman<\/p>\n<p style=\"text-align: justify\">&#8211; Xak\u00ee B\u00eengol \/ \u00c7ar Bist\u00ee<\/p>\n<p style=\"text-align: justify\">&#8211; Ez\u00eez Xemciv\u00een \/ Bihna Bahar\u00ea<\/p>\n<p style=\"text-align: justify\">&#8211; S\u0131ra\u00e7 O\u011fuz \/ M\u00earxas \u00fb Neteweperwer\u00ea Kurd Seyda Melle Sel\u00eem<\/p>\n<p style=\"text-align: justify\">&#8211; Mihemed Hesko \/ Ey Felek<\/p>\n<p style=\"text-align: justify\">&#8211; Se\u00eed Veroj \/ Dr. Mes\u00fbd Fan\u00ee B\u00eelg\u00eel\u00ee<\/p>\n<p style=\"text-align: justify\">&#8211; B\u00fbb\u00ea Eser \/ Ew in Dijmin\u00ea Mirovay\u00ee<\/p>\n<p style=\"text-align: justify\">&#8211; Ron\u00ee St\u00eark \/ Rew\u015fa Ziman\u00ea Kurd\u00ee Li Almanyay\u00ea<\/p>\n<p style=\"text-align: justify\">&#8211; Far\u00fbq\u00ea Feroy\u00ee \/ Nezan\u00een Ne \u015eerm e<\/p>\n<p style=\"text-align: justify\">&#8211; Mamo Kader \/ Tirsa Heral\u00ee<\/p>\n<p style=\"text-align: justify\">&#8211; R\u00fbmet Med \/ Li Ser S\u00eenemaya Kurd\u00ee \u00fb S\u00eenemaya C\u00eehan\u00ea 10 Pirt\u00fbk<\/p>\n<p style=\"text-align: justify\">&#8211; Mah\u00een \u015e\u00eaxan\u00ee \/ Qedera Dir\u00eaj<\/p>\n<p style=\"text-align: justify\"><strong><a href=\"https:\/\/www.bernamegeh.org\/2021\/05\/02\/hejmara-caremin-ya-kovara-bernamegeh-derket\/\" target=\"_blank\">Bu linki t\u0131klayarak dergiye ula\u015fabilir ve PDF&#8217;ini \u00fccretsiz okuyabilirsiniz.<\/a><\/strong><\/p>\n","protected":false},"excerpt":{"rendered":"<p>Bernamegeh dergisi 4\u2019\u00fcnc\u00fc say\u0131s\u0131 ile okurlar\u0131yla bulu\u015ftu. Derginin bu say\u0131s\u0131nda da K\u00fcrt yazarlara ait bir \u00e7ok farkl\u0131 konuda yaz\u0131lar bulunuyor. Demokrasi, insan haklar\u0131, d\u00fc\u015f\u00fcnce ve fikir h\u00fcrriyetini esas alan derginin bu say\u0131s\u0131nda Jan Dost yaz\u0131s\u0131nda, edebiyat alan\u0131nda iki dilli \u00fcretimin nas\u0131l alg\u0131land\u0131\u011f\u0131n\u0131, problemlerini ve \u00e7\u00f6z\u00fcm yollar\u0131n\u0131 i\u015fliyor. Occo Mahabad yaz\u0131s\u0131nda, bug\u00fcne kadar yaz\u0131lm\u0131\u015f Zazaca Mevlitleri [&hellip;]<\/p>\n","protected":false},"author":2,"featured_media":1014316,"comment_status":"closed","ping_status":"closed","sticky":false,"template":"","format":"standard","meta":{"footnotes":""},"categories":[33],"tags":[31],"class_list":["post-1014315","post","type-post","status-publish","format-standard","has-post-thumbnail","hentry","category-sanat","tag-onemli"],"blocksy_meta":[],"seo_head":"<!-- This site is optimized with the Yoast SEO plugin v27.5 - https:\/\/yoast.com\/product\/yoast-seo-wordpress\/ -->\n<title>Bernamegeh dergisinin 4. say\u0131s\u0131 \u00e7\u0131kt\u0131 - Darka Mazi<\/title>\n<meta name=\"robots\" content=\"index, follow, max-snippet:-1, max-image-preview:large, max-video-preview:-1\" \/>\n<link rel=\"canonical\" href=\"https:\/\/darkamazi.site\/archives\/1014315\" \/>\n<meta property=\"og:locale\" content=\"en_US\" \/>\n<meta property=\"og:type\" content=\"article\" \/>\n<meta property=\"og:title\" content=\"Bernamegeh dergisinin 4. say\u0131s\u0131 \u00e7\u0131kt\u0131 - Darka Mazi\" \/>\n<meta property=\"og:description\" content=\"Bernamegeh dergisi 4\u2019\u00fcnc\u00fc say\u0131s\u0131 ile okurlar\u0131yla bulu\u015ftu. Derginin bu say\u0131s\u0131nda da K\u00fcrt yazarlara ait bir \u00e7ok farkl\u0131 konuda yaz\u0131lar bulunuyor. Demokrasi, insan haklar\u0131, d\u00fc\u015f\u00fcnce ve fikir h\u00fcrriyetini esas alan derginin bu say\u0131s\u0131nda Jan Dost yaz\u0131s\u0131nda, edebiyat alan\u0131nda iki dilli \u00fcretimin nas\u0131l alg\u0131land\u0131\u011f\u0131n\u0131, problemlerini ve \u00e7\u00f6z\u00fcm yollar\u0131n\u0131 i\u015fliyor. Occo Mahabad yaz\u0131s\u0131nda, bug\u00fcne kadar yaz\u0131lm\u0131\u015f Zazaca Mevlitleri [&hellip;]\" \/>\n<meta property=\"og:url\" content=\"https:\/\/darkamazi.site\/archives\/1014315\" \/>\n<meta property=\"og:site_name\" content=\"Darka Mazi\" \/>\n<meta property=\"article:publisher\" content=\"https:\/\/www.facebook.com\/DarkaMaziturkce\" \/>\n<meta property=\"article:published_time\" content=\"2021-05-03T12:26:51+00:00\" \/>\n<meta property=\"og:image\" content=\"https:\/\/darkamazi.site\/file\/2021\/05\/BERNAMEGEH-4-1.jpg\" \/>\n\t<meta property=\"og:image:width\" content=\"1414\" \/>\n\t<meta property=\"og:image:height\" content=\"2000\" \/>\n\t<meta property=\"og:image:type\" content=\"image\/jpeg\" \/>\n<meta name=\"author\" content=\"darka mazi\" \/>\n<meta name=\"twitter:card\" content=\"summary_large_image\" \/>\n<meta name=\"twitter:creator\" content=\"@DarkaMaziTurkce\" \/>\n<meta name=\"twitter:site\" content=\"@DarkaMaziTurkce\" \/>\n<meta name=\"twitter:label1\" content=\"Written by\" \/>\n\t<meta name=\"twitter:data1\" content=\"darka mazi\" \/>\n\t<meta name=\"twitter:label2\" content=\"Est. reading time\" \/>\n\t<meta name=\"twitter:data2\" content=\"2 minutes\" \/>\n<script type=\"application\/ld+json\" class=\"seo-schema-graph\">{\"@context\":\"https:\\\/\\\/schema.org\",\"@graph\":[{\"@type\":\"NewsArticle\",\"@id\":\"https:\\\/\\\/darkamazi.site\\\/archives\\\/1014315#article\",\"isPartOf\":{\"@id\":\"https:\\\/\\\/darkamazi.site\\\/archives\\\/1014315\"},\"author\":{\"name\":\"darka mazi\",\"@id\":\"https:\\\/\\\/darkamazi.site\\\/#\\\/schema\\\/person\\\/67986a95ac546c16760365877ef4a9d3\"},\"headline\":\"Bernamegeh dergisinin 4. say\u0131s\u0131 \u00e7\u0131kt\u0131\",\"datePublished\":\"2021-05-03T12:26:51+00:00\",\"mainEntityOfPage\":{\"@id\":\"https:\\\/\\\/darkamazi.site\\\/archives\\\/1014315\"},\"wordCount\":511,\"publisher\":{\"@id\":\"https:\\\/\\\/darkamazi.site\\\/#organization\"},\"image\":{\"@id\":\"https:\\\/\\\/darkamazi.site\\\/archives\\\/1014315#primaryimage\"},\"thumbnailUrl\":\"https:\\\/\\\/darkamazi.site\\\/darka-content\\\/uploads\\\/2021\\\/05\\\/BERNAMEGEH-4-1.jpg\",\"keywords\":[\"\u00f6nemli\"],\"articleSection\":[\"Sanat\"],\"inLanguage\":\"en-US\"},{\"@type\":\"WebPage\",\"@id\":\"https:\\\/\\\/darkamazi.site\\\/archives\\\/1014315\",\"url\":\"https:\\\/\\\/darkamazi.site\\\/archives\\\/1014315\",\"name\":\"Bernamegeh dergisinin 4. say\u0131s\u0131 \u00e7\u0131kt\u0131 - Darka Mazi\",\"isPartOf\":{\"@id\":\"https:\\\/\\\/darkamazi.site\\\/#website\"},\"primaryImageOfPage\":{\"@id\":\"https:\\\/\\\/darkamazi.site\\\/archives\\\/1014315#primaryimage\"},\"image\":{\"@id\":\"https:\\\/\\\/darkamazi.site\\\/archives\\\/1014315#primaryimage\"},\"thumbnailUrl\":\"https:\\\/\\\/darkamazi.site\\\/darka-content\\\/uploads\\\/2021\\\/05\\\/BERNAMEGEH-4-1.jpg\",\"datePublished\":\"2021-05-03T12:26:51+00:00\",\"breadcrumb\":{\"@id\":\"https:\\\/\\\/darkamazi.site\\\/archives\\\/1014315#breadcrumb\"},\"inLanguage\":\"en-US\",\"potentialAction\":[{\"@type\":\"ReadAction\",\"target\":[\"https:\\\/\\\/darkamazi.site\\\/archives\\\/1014315\"]}]},{\"@type\":\"ImageObject\",\"inLanguage\":\"en-US\",\"@id\":\"https:\\\/\\\/darkamazi.site\\\/archives\\\/1014315#primaryimage\",\"url\":\"https:\\\/\\\/darkamazi.site\\\/darka-content\\\/uploads\\\/2021\\\/05\\\/BERNAMEGEH-4-1.jpg\",\"contentUrl\":\"https:\\\/\\\/darkamazi.site\\\/darka-content\\\/uploads\\\/2021\\\/05\\\/BERNAMEGEH-4-1.jpg\",\"width\":1414,\"height\":2000,\"caption\":\"Bernamegeh dergisinin 4. say\u0131s\u0131 \u00e7\u0131kt\u0131\"},{\"@type\":\"BreadcrumbList\",\"@id\":\"https:\\\/\\\/darkamazi.site\\\/archives\\\/1014315#breadcrumb\",\"itemListElement\":[{\"@type\":\"ListItem\",\"position\":1,\"name\":\"Home\",\"item\":\"https:\\\/\\\/darkamazi.site\\\/\"},{\"@type\":\"ListItem\",\"position\":2,\"name\":\"Bernamegeh dergisinin 4. say\u0131s\u0131 \u00e7\u0131kt\u0131\"}]},{\"@type\":\"WebSite\",\"@id\":\"https:\\\/\\\/darkamazi.site\\\/#website\",\"url\":\"https:\\\/\\\/darkamazi.site\\\/\",\"name\":\"Darka Mazi\",\"description\":\"Ana Sayfa\",\"publisher\":{\"@id\":\"https:\\\/\\\/darkamazi.site\\\/#organization\"},\"potentialAction\":[{\"@type\":\"SearchAction\",\"target\":{\"@type\":\"EntryPoint\",\"urlTemplate\":\"https:\\\/\\\/darkamazi.site\\\/?s={search_term_string}\"},\"query-input\":{\"@type\":\"PropertyValueSpecification\",\"valueRequired\":true,\"valueName\":\"search_term_string\"}}],\"inLanguage\":\"en-US\"},{\"@type\":\"Organization\",\"@id\":\"https:\\\/\\\/darkamazi.site\\\/#organization\",\"name\":\"Darka Mazi T\u00fcrk\u00e7e\",\"alternateName\":\"Darka Mazi\",\"url\":\"https:\\\/\\\/darkamazi.site\\\/\",\"logo\":{\"@type\":\"ImageObject\",\"inLanguage\":\"en-US\",\"@id\":\"https:\\\/\\\/darkamazi.site\\\/#\\\/schema\\\/logo\\\/image\\\/\",\"url\":\"https:\\\/\\\/darkamazi.site\\\/darka-content\\\/uploads\\\/2017\\\/12\\\/darka-mazi-logo.png\",\"contentUrl\":\"https:\\\/\\\/darkamazi.site\\\/darka-content\\\/uploads\\\/2017\\\/12\\\/darka-mazi-logo.png\",\"width\":151,\"height\":75,\"caption\":\"Darka Mazi T\u00fcrk\u00e7e\"},\"image\":{\"@id\":\"https:\\\/\\\/darkamazi.site\\\/#\\\/schema\\\/logo\\\/image\\\/\"},\"sameAs\":[\"https:\\\/\\\/www.facebook.com\\\/DarkaMaziturkce\",\"https:\\\/\\\/x.com\\\/DarkaMaziTurkce\"]},{\"@type\":\"Person\",\"@id\":\"https:\\\/\\\/darkamazi.site\\\/#\\\/schema\\\/person\\\/67986a95ac546c16760365877ef4a9d3\",\"name\":\"darka mazi\",\"sameAs\":[\"https:\\\/\\\/darkamazi.site\"],\"url\":\"https:\\\/\\\/darkamazi.site\\\/archives\\\/author\\\/turkish\"}]}<\/script>\n<!-- \/ Yoast SEO plugin. -->","seo_head_json":{"title":"Bernamegeh dergisinin 4. say\u0131s\u0131 \u00e7\u0131kt\u0131 - Darka Mazi","robots":{"index":"index","follow":"follow","max-snippet":"max-snippet:-1","max-image-preview":"max-image-preview:large","max-video-preview":"max-video-preview:-1"},"canonical":"https:\/\/darkamazi.site\/archives\/1014315","og_locale":"en_US","og_type":"article","og_title":"Bernamegeh dergisinin 4. say\u0131s\u0131 \u00e7\u0131kt\u0131 - Darka Mazi","og_description":"Bernamegeh dergisi 4\u2019\u00fcnc\u00fc say\u0131s\u0131 ile okurlar\u0131yla bulu\u015ftu. Derginin bu say\u0131s\u0131nda da K\u00fcrt yazarlara ait bir \u00e7ok farkl\u0131 konuda yaz\u0131lar bulunuyor. Demokrasi, insan haklar\u0131, d\u00fc\u015f\u00fcnce ve fikir h\u00fcrriyetini esas alan derginin bu say\u0131s\u0131nda Jan Dost yaz\u0131s\u0131nda, edebiyat alan\u0131nda iki dilli \u00fcretimin nas\u0131l alg\u0131land\u0131\u011f\u0131n\u0131, problemlerini ve \u00e7\u00f6z\u00fcm yollar\u0131n\u0131 i\u015fliyor. Occo Mahabad yaz\u0131s\u0131nda, bug\u00fcne kadar yaz\u0131lm\u0131\u015f Zazaca Mevlitleri [&hellip;]","og_url":"https:\/\/darkamazi.site\/archives\/1014315","og_site_name":"Darka Mazi","article_publisher":"https:\/\/www.facebook.com\/DarkaMaziturkce","article_published_time":"2021-05-03T12:26:51+00:00","og_image":[{"width":1414,"height":2000,"url":"https:\/\/darkamazi.site\/file\/2021\/05\/BERNAMEGEH-4-1.jpg","type":"image\/jpeg"}],"author":"darka mazi","twitter_card":"summary_large_image","twitter_creator":"@DarkaMaziTurkce","twitter_site":"@DarkaMaziTurkce","twitter_misc":{"Written by":"darka mazi","Est. reading time":"2 minutes"},"schema":{"@context":"https:\/\/schema.org","@graph":[{"@type":"NewsArticle","@id":"https:\/\/darkamazi.site\/archives\/1014315#article","isPartOf":{"@id":"https:\/\/darkamazi.site\/archives\/1014315"},"author":{"name":"darka mazi","@id":"https:\/\/darkamazi.site\/#\/schema\/person\/67986a95ac546c16760365877ef4a9d3"},"headline":"Bernamegeh dergisinin 4. say\u0131s\u0131 \u00e7\u0131kt\u0131","datePublished":"2021-05-03T12:26:51+00:00","mainEntityOfPage":{"@id":"https:\/\/darkamazi.site\/archives\/1014315"},"wordCount":511,"publisher":{"@id":"https:\/\/darkamazi.site\/#organization"},"image":{"@id":"https:\/\/darkamazi.site\/archives\/1014315#primaryimage"},"thumbnailUrl":"https:\/\/darkamazi.site\/file\/2021\/05\/BERNAMEGEH-4-1.jpg","keywords":["\u00f6nemli"],"articleSection":["Sanat"],"inLanguage":"en-US"},{"@type":"WebPage","@id":"https:\/\/darkamazi.site\/archives\/1014315","url":"https:\/\/darkamazi.site\/archives\/1014315","name":"Bernamegeh dergisinin 4. say\u0131s\u0131 \u00e7\u0131kt\u0131 - Darka Mazi","isPartOf":{"@id":"https:\/\/darkamazi.site\/#website"},"primaryImageOfPage":{"@id":"https:\/\/darkamazi.site\/archives\/1014315#primaryimage"},"image":{"@id":"https:\/\/darkamazi.site\/archives\/1014315#primaryimage"},"thumbnailUrl":"https:\/\/darkamazi.site\/file\/2021\/05\/BERNAMEGEH-4-1.jpg","datePublished":"2021-05-03T12:26:51+00:00","breadcrumb":{"@id":"https:\/\/darkamazi.site\/archives\/1014315#breadcrumb"},"inLanguage":"en-US","potentialAction":[{"@type":"ReadAction","target":["https:\/\/darkamazi.site\/archives\/1014315"]}]},{"@type":"ImageObject","inLanguage":"en-US","@id":"https:\/\/darkamazi.site\/archives\/1014315#primaryimage","url":"https:\/\/darkamazi.site\/file\/2021\/05\/BERNAMEGEH-4-1.jpg","contentUrl":"https:\/\/darkamazi.site\/file\/2021\/05\/BERNAMEGEH-4-1.jpg","width":1414,"height":2000,"caption":"Bernamegeh dergisinin 4. say\u0131s\u0131 \u00e7\u0131kt\u0131"},{"@type":"BreadcrumbList","@id":"https:\/\/darkamazi.site\/archives\/1014315#breadcrumb","itemListElement":[{"@type":"ListItem","position":1,"name":"Home","item":"https:\/\/darkamazi.site\/"},{"@type":"ListItem","position":2,"name":"Bernamegeh dergisinin 4. say\u0131s\u0131 \u00e7\u0131kt\u0131"}]},{"@type":"WebSite","@id":"https:\/\/darkamazi.site\/#website","url":"https:\/\/darkamazi.site\/","name":"Darka Mazi","description":"Ana Sayfa","publisher":{"@id":"https:\/\/darkamazi.site\/#organization"},"potentialAction":[{"@type":"SearchAction","target":{"@type":"EntryPoint","urlTemplate":"https:\/\/darkamazi.site\/?s={search_term_string}"},"query-input":{"@type":"PropertyValueSpecification","valueRequired":true,"valueName":"search_term_string"}}],"inLanguage":"en-US"},{"@type":"Organization","@id":"https:\/\/darkamazi.site\/#organization","name":"Darka Mazi T\u00fcrk\u00e7e","alternateName":"Darka Mazi","url":"https:\/\/darkamazi.site\/","logo":{"@type":"ImageObject","inLanguage":"en-US","@id":"https:\/\/darkamazi.site\/#\/schema\/logo\/image\/","url":"https:\/\/darkamazi.site\/file\/2017\/12\/darka-mazi-logo.png","contentUrl":"https:\/\/darkamazi.site\/file\/2017\/12\/darka-mazi-logo.png","width":151,"height":75,"caption":"Darka Mazi T\u00fcrk\u00e7e"},"image":{"@id":"https:\/\/darkamazi.site\/#\/schema\/logo\/image\/"},"sameAs":["https:\/\/www.facebook.com\/DarkaMaziturkce","https:\/\/x.com\/DarkaMaziTurkce"]},{"@type":"Person","@id":"https:\/\/darkamazi.site\/#\/schema\/person\/67986a95ac546c16760365877ef4a9d3","name":"darka mazi","sameAs":["https:\/\/darkamazi.site"],"url":"https:\/\/darkamazi.site\/archives\/author\/turkish"}]}},"_links":{"self":[{"href":"https:\/\/darkamazi.site\/funavuv\/wp\/v2\/posts\/1014315","targetHints":{"allow":["GET"]}}],"collection":[{"href":"https:\/\/darkamazi.site\/funavuv\/wp\/v2\/posts"}],"about":[{"href":"https:\/\/darkamazi.site\/funavuv\/wp\/v2\/types\/post"}],"author":[{"embeddable":true,"href":"https:\/\/darkamazi.site\/funavuv\/wp\/v2\/users\/2"}],"replies":[{"embeddable":true,"href":"https:\/\/darkamazi.site\/funavuv\/wp\/v2\/comments?post=1014315"}],"version-history":[{"count":0,"href":"https:\/\/darkamazi.site\/funavuv\/wp\/v2\/posts\/1014315\/revisions"}],"wp:featuredmedia":[{"embeddable":true,"href":"https:\/\/darkamazi.site\/funavuv\/wp\/v2\/media\/1014316"}],"wp:attachment":[{"href":"https:\/\/darkamazi.site\/funavuv\/wp\/v2\/media?parent=1014315"}],"wp:term":[{"taxonomy":"category","embeddable":true,"href":"https:\/\/darkamazi.site\/funavuv\/wp\/v2\/categories?post=1014315"},{"taxonomy":"post_tag","embeddable":true,"href":"https:\/\/darkamazi.site\/funavuv\/wp\/v2\/tags?post=1014315"}],"curies":[{"name":"wp","href":"https:\/\/api.w.org\/{rel}","templated":true}]}}