{"id":1014667,"date":"2021-05-25T11:59:23","date_gmt":"2021-05-25T08:59:23","guid":{"rendered":"https:\/\/darkamazi.site\/?p=1014667"},"modified":"2021-05-25T11:59:23","modified_gmt":"2021-05-25T08:59:23","slug":"musa-anterin-hatiralarim-kitabi-kurtcenin-sorani-lehcesine-cevrildi","status":"publish","type":"post","link":"https:\/\/darkamazi.site\/archives\/1014667","title":{"rendered":"Musa Anter\u2019in \u2018Hat\u0131ralar\u0131m\u2019 kitab\u0131 K\u00fcrt\u00e7e\u2019nin Sorani leh\u00e7esine \u00e7evrildi"},"content":{"rendered":"<p style=\"text-align: justify\">\u00dcnl\u00fc K\u00fcrt yazar Musa Anter\u2019in \u201cHat\u0131ralar\u0131m\u201d adl\u0131 kitab\u0131 gazeteci yazar Muhammed \u0130zeddin taraf\u0131ndan K\u00fcrt\u00e7enin Sorani leh\u00e7esine \u00e7evrildi.<\/p>\n<p style=\"text-align: justify\">\u00a0Musa Anter (Ap\u00ea Musa) taraf\u0131ndan yaz\u0131lan son kitap olan \u201cHat\u0131ralar\u0131m\u201d K\u00fcrt\u00e7enin Sorani leh\u00e7esi ile okurlar\u0131 ile bulu\u015fuyor.<\/p>\n<p style=\"text-align: justify\">Kitab\u0131 T\u00fcrk\u00e7eden \u00e7eviren gazeteci yazar Muhammed \u0130zeddin, FAM Yay\u0131nevi taraf\u0131ndan yay\u0131mlanan kitab\u0131 S\u00fcleymaniye\u2019deki Gelaw\u00eaj Kitap Fuar\u0131\u2019nda tan\u0131tacaklar\u0131n\u0131, ayr\u0131ca 29 May\u0131s g\u00fcn\u00fc Erbil\u2019de bir seminer ile kitab\u0131n tan\u0131t\u0131m\u0131n\u0131 yapacaklar\u0131n\u0131 s\u00f6yledi.<\/p>\n<p style=\"text-align: justify\">R\u00fbdaw\u2019a konu\u015fan \u0130zeddin, kitapta Musa Anter\u2019in Bedi\u00fczzaman Said Nursi, \u0130smail Be\u015fik\u00e7i, Abdurrahman Kas\u0131mlo, Kameran Bedirxan, Cegerxwin, Ya\u015far Kemal, Aziz Nesin, Abdullah \u00d6calan\u2019\u0131n annesi \u00dcvey\u015f, Madam Danielle Mitterrand, Y\u0131lmaz G\u00fcney gibi \u015fahsiyetlerle olan an\u0131lar\u0131n\u0131 i\u00e7eriyor\u201d dedi.<\/p>\n<p style=\"text-align: justify\">\u0130zeddin, \u201cMusa Anter hat\u0131ralar\u0131nda Dersim \u0130syan\u0131, \u015eeyh Said \u0130syan\u0131 gibi Kuzey K\u00fcrdistan\u2019daki devrim hareketleri, Mahabat K\u00fcrdistan Cumhuriyeti ve Mele Mustafa Barzani hareketinin perde arkas\u0131ndaki olaylar\u0131 anlat\u0131yor. T\u00fcrkiye Cumhuriyeti\u2019nin kurulu\u015fundan ve K\u00fcrtler olan yakla\u015f\u0131m\u0131ndan bahsediyor\u201d diye konu\u015ftu.<\/p>\n<p style=\"text-align: justify\">Muhammed \u0130zeddin, kitab\u0131n 620 sayfadan olu\u015ftu\u011funu, \u0130smail Be\u015fik\u00e7i ve Sinem Celadet Bedirxan taraf\u0131ndan Kurmanciye \u00e7evrildi\u011fini s\u00f6yledi.<\/p>\n<p>Kaynak: Rudaw<\/p>\n","protected":false},"excerpt":{"rendered":"<p>\u00dcnl\u00fc K\u00fcrt yazar Musa Anter\u2019in \u201cHat\u0131ralar\u0131m\u201d adl\u0131 kitab\u0131 gazeteci yazar Muhammed \u0130zeddin taraf\u0131ndan K\u00fcrt\u00e7enin Sorani leh\u00e7esine \u00e7evrildi. \u00a0Musa Anter (Ap\u00ea Musa) taraf\u0131ndan yaz\u0131lan son kitap olan \u201cHat\u0131ralar\u0131m\u201d K\u00fcrt\u00e7enin Sorani leh\u00e7esi ile okurlar\u0131 ile bulu\u015fuyor. Kitab\u0131 T\u00fcrk\u00e7eden \u00e7eviren gazeteci yazar Muhammed \u0130zeddin, FAM Yay\u0131nevi taraf\u0131ndan yay\u0131mlanan kitab\u0131 S\u00fcleymaniye\u2019deki Gelaw\u00eaj Kitap Fuar\u0131\u2019nda tan\u0131tacaklar\u0131n\u0131, ayr\u0131ca 29 May\u0131s g\u00fcn\u00fc [&hellip;]<\/p>\n","protected":false},"author":2,"featured_media":0,"comment_status":"closed","ping_status":"closed","sticky":false,"template":"","format":"standard","meta":{"footnotes":""},"categories":[33],"tags":[],"class_list":["post-1014667","post","type-post","status-publish","format-standard","hentry","category-sanat"],"blocksy_meta":[],"seo_head":"<!-- This site is optimized with the Yoast SEO plugin v27.5 - https:\/\/yoast.com\/product\/yoast-seo-wordpress\/ -->\n<title>Musa Anter\u2019in \u2018Hat\u0131ralar\u0131m\u2019 kitab\u0131 K\u00fcrt\u00e7e\u2019nin Sorani leh\u00e7esine \u00e7evrildi - Darka Mazi<\/title>\n<meta name=\"robots\" content=\"index, follow, max-snippet:-1, max-image-preview:large, max-video-preview:-1\" \/>\n<link rel=\"canonical\" href=\"https:\/\/darkamazi.site\/archives\/1014667\" \/>\n<meta property=\"og:locale\" content=\"en_US\" \/>\n<meta property=\"og:type\" content=\"article\" \/>\n<meta property=\"og:title\" content=\"Musa Anter\u2019in \u2018Hat\u0131ralar\u0131m\u2019 kitab\u0131 K\u00fcrt\u00e7e\u2019nin Sorani leh\u00e7esine \u00e7evrildi - Darka Mazi\" \/>\n<meta property=\"og:description\" content=\"\u00dcnl\u00fc K\u00fcrt yazar Musa Anter\u2019in \u201cHat\u0131ralar\u0131m\u201d adl\u0131 kitab\u0131 gazeteci yazar Muhammed \u0130zeddin taraf\u0131ndan K\u00fcrt\u00e7enin Sorani leh\u00e7esine \u00e7evrildi. \u00a0Musa Anter (Ap\u00ea Musa) taraf\u0131ndan yaz\u0131lan son kitap olan \u201cHat\u0131ralar\u0131m\u201d K\u00fcrt\u00e7enin Sorani leh\u00e7esi ile okurlar\u0131 ile bulu\u015fuyor. Kitab\u0131 T\u00fcrk\u00e7eden \u00e7eviren gazeteci yazar Muhammed \u0130zeddin, FAM Yay\u0131nevi taraf\u0131ndan yay\u0131mlanan kitab\u0131 S\u00fcleymaniye\u2019deki Gelaw\u00eaj Kitap Fuar\u0131\u2019nda tan\u0131tacaklar\u0131n\u0131, ayr\u0131ca 29 May\u0131s g\u00fcn\u00fc [&hellip;]\" \/>\n<meta property=\"og:url\" content=\"https:\/\/darkamazi.site\/archives\/1014667\" \/>\n<meta property=\"og:site_name\" content=\"Darka Mazi\" \/>\n<meta property=\"article:publisher\" content=\"https:\/\/www.facebook.com\/DarkaMaziturkce\" \/>\n<meta property=\"article:published_time\" content=\"2021-05-25T08:59:23+00:00\" \/>\n<meta name=\"author\" content=\"darka mazi\" \/>\n<meta name=\"twitter:card\" content=\"summary_large_image\" \/>\n<meta name=\"twitter:creator\" content=\"@DarkaMaziTurkce\" \/>\n<meta name=\"twitter:site\" content=\"@DarkaMaziTurkce\" \/>\n<meta name=\"twitter:label1\" content=\"Written by\" \/>\n\t<meta name=\"twitter:data1\" content=\"darka mazi\" \/>\n\t<meta name=\"twitter:label2\" content=\"Est. reading time\" \/>\n\t<meta name=\"twitter:data2\" content=\"1 minute\" \/>\n<script type=\"application\/ld+json\" class=\"seo-schema-graph\">{\"@context\":\"https:\\\/\\\/schema.org\",\"@graph\":[{\"@type\":\"NewsArticle\",\"@id\":\"https:\\\/\\\/darkamazi.site\\\/archives\\\/1014667#article\",\"isPartOf\":{\"@id\":\"https:\\\/\\\/darkamazi.site\\\/archives\\\/1014667\"},\"author\":{\"name\":\"darka mazi\",\"@id\":\"https:\\\/\\\/darkamazi.site\\\/#\\\/schema\\\/person\\\/67986a95ac546c16760365877ef4a9d3\"},\"headline\":\"Musa Anter\u2019in \u2018Hat\u0131ralar\u0131m\u2019 kitab\u0131 K\u00fcrt\u00e7e\u2019nin Sorani leh\u00e7esine \u00e7evrildi\",\"datePublished\":\"2021-05-25T08:59:23+00:00\",\"mainEntityOfPage\":{\"@id\":\"https:\\\/\\\/darkamazi.site\\\/archives\\\/1014667\"},\"wordCount\":239,\"publisher\":{\"@id\":\"https:\\\/\\\/darkamazi.site\\\/#organization\"},\"articleSection\":[\"Sanat\"],\"inLanguage\":\"en-US\"},{\"@type\":\"WebPage\",\"@id\":\"https:\\\/\\\/darkamazi.site\\\/archives\\\/1014667\",\"url\":\"https:\\\/\\\/darkamazi.site\\\/archives\\\/1014667\",\"name\":\"Musa Anter\u2019in \u2018Hat\u0131ralar\u0131m\u2019 kitab\u0131 K\u00fcrt\u00e7e\u2019nin Sorani leh\u00e7esine \u00e7evrildi - Darka Mazi\",\"isPartOf\":{\"@id\":\"https:\\\/\\\/darkamazi.site\\\/#website\"},\"datePublished\":\"2021-05-25T08:59:23+00:00\",\"breadcrumb\":{\"@id\":\"https:\\\/\\\/darkamazi.site\\\/archives\\\/1014667#breadcrumb\"},\"inLanguage\":\"en-US\",\"potentialAction\":[{\"@type\":\"ReadAction\",\"target\":[\"https:\\\/\\\/darkamazi.site\\\/archives\\\/1014667\"]}]},{\"@type\":\"BreadcrumbList\",\"@id\":\"https:\\\/\\\/darkamazi.site\\\/archives\\\/1014667#breadcrumb\",\"itemListElement\":[{\"@type\":\"ListItem\",\"position\":1,\"name\":\"Home\",\"item\":\"https:\\\/\\\/darkamazi.site\\\/\"},{\"@type\":\"ListItem\",\"position\":2,\"name\":\"Musa Anter\u2019in \u2018Hat\u0131ralar\u0131m\u2019 kitab\u0131 K\u00fcrt\u00e7e\u2019nin Sorani leh\u00e7esine \u00e7evrildi\"}]},{\"@type\":\"WebSite\",\"@id\":\"https:\\\/\\\/darkamazi.site\\\/#website\",\"url\":\"https:\\\/\\\/darkamazi.site\\\/\",\"name\":\"Darka Mazi\",\"description\":\"Ana Sayfa\",\"publisher\":{\"@id\":\"https:\\\/\\\/darkamazi.site\\\/#organization\"},\"potentialAction\":[{\"@type\":\"SearchAction\",\"target\":{\"@type\":\"EntryPoint\",\"urlTemplate\":\"https:\\\/\\\/darkamazi.site\\\/?s={search_term_string}\"},\"query-input\":{\"@type\":\"PropertyValueSpecification\",\"valueRequired\":true,\"valueName\":\"search_term_string\"}}],\"inLanguage\":\"en-US\"},{\"@type\":\"Organization\",\"@id\":\"https:\\\/\\\/darkamazi.site\\\/#organization\",\"name\":\"Darka Mazi T\u00fcrk\u00e7e\",\"alternateName\":\"Darka Mazi\",\"url\":\"https:\\\/\\\/darkamazi.site\\\/\",\"logo\":{\"@type\":\"ImageObject\",\"inLanguage\":\"en-US\",\"@id\":\"https:\\\/\\\/darkamazi.site\\\/#\\\/schema\\\/logo\\\/image\\\/\",\"url\":\"https:\\\/\\\/darkamazi.site\\\/darka-content\\\/uploads\\\/2017\\\/12\\\/darka-mazi-logo.png\",\"contentUrl\":\"https:\\\/\\\/darkamazi.site\\\/darka-content\\\/uploads\\\/2017\\\/12\\\/darka-mazi-logo.png\",\"width\":151,\"height\":75,\"caption\":\"Darka Mazi T\u00fcrk\u00e7e\"},\"image\":{\"@id\":\"https:\\\/\\\/darkamazi.site\\\/#\\\/schema\\\/logo\\\/image\\\/\"},\"sameAs\":[\"https:\\\/\\\/www.facebook.com\\\/DarkaMaziturkce\",\"https:\\\/\\\/x.com\\\/DarkaMaziTurkce\"]},{\"@type\":\"Person\",\"@id\":\"https:\\\/\\\/darkamazi.site\\\/#\\\/schema\\\/person\\\/67986a95ac546c16760365877ef4a9d3\",\"name\":\"darka mazi\",\"sameAs\":[\"https:\\\/\\\/darkamazi.site\"],\"url\":\"https:\\\/\\\/darkamazi.site\\\/archives\\\/author\\\/turkish\"}]}<\/script>\n<!-- \/ Yoast SEO plugin. -->","seo_head_json":{"title":"Musa Anter\u2019in \u2018Hat\u0131ralar\u0131m\u2019 kitab\u0131 K\u00fcrt\u00e7e\u2019nin Sorani leh\u00e7esine \u00e7evrildi - Darka Mazi","robots":{"index":"index","follow":"follow","max-snippet":"max-snippet:-1","max-image-preview":"max-image-preview:large","max-video-preview":"max-video-preview:-1"},"canonical":"https:\/\/darkamazi.site\/archives\/1014667","og_locale":"en_US","og_type":"article","og_title":"Musa Anter\u2019in \u2018Hat\u0131ralar\u0131m\u2019 kitab\u0131 K\u00fcrt\u00e7e\u2019nin Sorani leh\u00e7esine \u00e7evrildi - Darka Mazi","og_description":"\u00dcnl\u00fc K\u00fcrt yazar Musa Anter\u2019in \u201cHat\u0131ralar\u0131m\u201d adl\u0131 kitab\u0131 gazeteci yazar Muhammed \u0130zeddin taraf\u0131ndan K\u00fcrt\u00e7enin Sorani leh\u00e7esine \u00e7evrildi. \u00a0Musa Anter (Ap\u00ea Musa) taraf\u0131ndan yaz\u0131lan son kitap olan \u201cHat\u0131ralar\u0131m\u201d K\u00fcrt\u00e7enin Sorani leh\u00e7esi ile okurlar\u0131 ile bulu\u015fuyor. Kitab\u0131 T\u00fcrk\u00e7eden \u00e7eviren gazeteci yazar Muhammed \u0130zeddin, FAM Yay\u0131nevi taraf\u0131ndan yay\u0131mlanan kitab\u0131 S\u00fcleymaniye\u2019deki Gelaw\u00eaj Kitap Fuar\u0131\u2019nda tan\u0131tacaklar\u0131n\u0131, ayr\u0131ca 29 May\u0131s g\u00fcn\u00fc [&hellip;]","og_url":"https:\/\/darkamazi.site\/archives\/1014667","og_site_name":"Darka Mazi","article_publisher":"https:\/\/www.facebook.com\/DarkaMaziturkce","article_published_time":"2021-05-25T08:59:23+00:00","author":"darka mazi","twitter_card":"summary_large_image","twitter_creator":"@DarkaMaziTurkce","twitter_site":"@DarkaMaziTurkce","twitter_misc":{"Written by":"darka mazi","Est. reading time":"1 minute"},"schema":{"@context":"https:\/\/schema.org","@graph":[{"@type":"NewsArticle","@id":"https:\/\/darkamazi.site\/archives\/1014667#article","isPartOf":{"@id":"https:\/\/darkamazi.site\/archives\/1014667"},"author":{"name":"darka mazi","@id":"https:\/\/darkamazi.site\/#\/schema\/person\/67986a95ac546c16760365877ef4a9d3"},"headline":"Musa Anter\u2019in \u2018Hat\u0131ralar\u0131m\u2019 kitab\u0131 K\u00fcrt\u00e7e\u2019nin Sorani leh\u00e7esine \u00e7evrildi","datePublished":"2021-05-25T08:59:23+00:00","mainEntityOfPage":{"@id":"https:\/\/darkamazi.site\/archives\/1014667"},"wordCount":239,"publisher":{"@id":"https:\/\/darkamazi.site\/#organization"},"articleSection":["Sanat"],"inLanguage":"en-US"},{"@type":"WebPage","@id":"https:\/\/darkamazi.site\/archives\/1014667","url":"https:\/\/darkamazi.site\/archives\/1014667","name":"Musa Anter\u2019in \u2018Hat\u0131ralar\u0131m\u2019 kitab\u0131 K\u00fcrt\u00e7e\u2019nin Sorani leh\u00e7esine \u00e7evrildi - Darka Mazi","isPartOf":{"@id":"https:\/\/darkamazi.site\/#website"},"datePublished":"2021-05-25T08:59:23+00:00","breadcrumb":{"@id":"https:\/\/darkamazi.site\/archives\/1014667#breadcrumb"},"inLanguage":"en-US","potentialAction":[{"@type":"ReadAction","target":["https:\/\/darkamazi.site\/archives\/1014667"]}]},{"@type":"BreadcrumbList","@id":"https:\/\/darkamazi.site\/archives\/1014667#breadcrumb","itemListElement":[{"@type":"ListItem","position":1,"name":"Home","item":"https:\/\/darkamazi.site\/"},{"@type":"ListItem","position":2,"name":"Musa Anter\u2019in \u2018Hat\u0131ralar\u0131m\u2019 kitab\u0131 K\u00fcrt\u00e7e\u2019nin Sorani leh\u00e7esine \u00e7evrildi"}]},{"@type":"WebSite","@id":"https:\/\/darkamazi.site\/#website","url":"https:\/\/darkamazi.site\/","name":"Darka Mazi","description":"Ana Sayfa","publisher":{"@id":"https:\/\/darkamazi.site\/#organization"},"potentialAction":[{"@type":"SearchAction","target":{"@type":"EntryPoint","urlTemplate":"https:\/\/darkamazi.site\/?s={search_term_string}"},"query-input":{"@type":"PropertyValueSpecification","valueRequired":true,"valueName":"search_term_string"}}],"inLanguage":"en-US"},{"@type":"Organization","@id":"https:\/\/darkamazi.site\/#organization","name":"Darka Mazi T\u00fcrk\u00e7e","alternateName":"Darka Mazi","url":"https:\/\/darkamazi.site\/","logo":{"@type":"ImageObject","inLanguage":"en-US","@id":"https:\/\/darkamazi.site\/#\/schema\/logo\/image\/","url":"https:\/\/darkamazi.site\/file\/2017\/12\/darka-mazi-logo.png","contentUrl":"https:\/\/darkamazi.site\/file\/2017\/12\/darka-mazi-logo.png","width":151,"height":75,"caption":"Darka Mazi T\u00fcrk\u00e7e"},"image":{"@id":"https:\/\/darkamazi.site\/#\/schema\/logo\/image\/"},"sameAs":["https:\/\/www.facebook.com\/DarkaMaziturkce","https:\/\/x.com\/DarkaMaziTurkce"]},{"@type":"Person","@id":"https:\/\/darkamazi.site\/#\/schema\/person\/67986a95ac546c16760365877ef4a9d3","name":"darka mazi","sameAs":["https:\/\/darkamazi.site"],"url":"https:\/\/darkamazi.site\/archives\/author\/turkish"}]}},"_links":{"self":[{"href":"https:\/\/darkamazi.site\/funavuv\/wp\/v2\/posts\/1014667","targetHints":{"allow":["GET"]}}],"collection":[{"href":"https:\/\/darkamazi.site\/funavuv\/wp\/v2\/posts"}],"about":[{"href":"https:\/\/darkamazi.site\/funavuv\/wp\/v2\/types\/post"}],"author":[{"embeddable":true,"href":"https:\/\/darkamazi.site\/funavuv\/wp\/v2\/users\/2"}],"replies":[{"embeddable":true,"href":"https:\/\/darkamazi.site\/funavuv\/wp\/v2\/comments?post=1014667"}],"version-history":[{"count":0,"href":"https:\/\/darkamazi.site\/funavuv\/wp\/v2\/posts\/1014667\/revisions"}],"wp:attachment":[{"href":"https:\/\/darkamazi.site\/funavuv\/wp\/v2\/media?parent=1014667"}],"wp:term":[{"taxonomy":"category","embeddable":true,"href":"https:\/\/darkamazi.site\/funavuv\/wp\/v2\/categories?post=1014667"},{"taxonomy":"post_tag","embeddable":true,"href":"https:\/\/darkamazi.site\/funavuv\/wp\/v2\/tags?post=1014667"}],"curies":[{"name":"wp","href":"https:\/\/api.w.org\/{rel}","templated":true}]}}