{"id":1014697,"date":"2021-05-26T16:08:59","date_gmt":"2021-05-26T13:08:59","guid":{"rendered":"https:\/\/darkamazi.site\/?p=1014697"},"modified":"2021-05-26T16:27:18","modified_gmt":"2021-05-26T13:27:18","slug":"nubihar-dergisinin-155-sayisi-cikti","status":"publish","type":"post","link":"https:\/\/darkamazi.site\/archives\/1014697","title":{"rendered":"N\u00fbbihar dergisinin 155. say\u0131s\u0131 \u00e7\u0131kt\u0131"},"content":{"rendered":"<p style=\"text-align: justify\">Rohat Alakom Said Pa\u015fa\u2019n\u0131n o\u011flu me\u015fhur \u015eerif Pa\u015fa\u2019y\u0131 yazm\u0131\u015f. Osmanl\u0131n\u0131n \u0130sve\u00e7 B\u00fcy\u00fckel\u00e7isi \u015eerif Pa\u015fa 1899\u2019da bir \u00e7ok kat\u0131l\u0131mc\u0131yla birlikte \u0130sve\u00e7\u2019te askeri bir manevraya kat\u0131l\u0131r. \u0130sve\u00e7 kral\u0131 Oscar II burada \u015eerif Pa\u015fa\u2019ya \u00e7ok fazla ilgi g\u00f6sterir.<\/p>\n<p style=\"text-align: justify\">M. Zana Karak ile Huseyn \u015eemrex\u00ee Mela Ehmed\u00ea Xas\u00ee\u2019nin \u015fiirlerini yazm\u0131\u015flar. M. Zana Karak Xas\u00ee\u2019nin \u00fc\u00e7 Kurmanc\u00ee \u015fiirini yay\u0131nlam\u0131\u015f; \u015fiirlerden biri ilk kez yay\u0131nlan\u0131yor. Huseyn \u015eemrex\u00ee ise Xas\u00ee\u2019nin bir T\u00fcrk\u00e7e \u015fiirini Kurmanc\u00ee\u2019ye \u00e7evirmi\u015f.<\/p>\n<p style=\"text-align: justify\">Manuel Kirkya\u015faryan adl\u0131 Ermeni bir \u00e7ocuk ana ve babas\u0131 \u00f6l\u00fcr ve 9-10 y\u0131l Cizre ve Midyat \u00e7evresinde ya\u015far. 15\u2019li ya\u015flarda ordan \u00e7\u0131kar, Avusturalya\u2019ya kadar gider, ya\u015flan\u0131r ve \u00f6l\u00fcr. Ya\u015fl\u0131l\u0131\u011f\u0131nda hat\u0131ralar\u0131n\u0131 yazar. Hat\u0131ralar\u0131nda K\u00fcrtlerin adetlerinden de bahseden Manuel 4 K\u00fcrt\u00e7e T\u00fcrk\u00fc de yazar. Murad Celal\u00ee bu Ermeni \u00e7ocu\u011fun hat\u0131ralar\u0131nda K\u00fcrtleri yazm\u0131\u015f.<\/p>\n<p style=\"text-align: justify\">Ahmet Seyar\u00ee Berken Bereh\u2019in \u201cWisa T\u00ea B\u00eera Min\u201d adl\u0131 \u015fiirinde \u00fclke b\u00f6l\u00fcnmesini yorumlam\u0131\u015f.<\/p>\n<p style=\"text-align: justify\">\u015eemoy\u00ea Mem\u00ea \u00f6nemli K\u00fcrt destan\u0131 olan ve Day\u0131 ile Ye\u011fenlerin \u015fava\u015f\u0131 olan \u201cKerr \u00fb Kulik\u201d\u0131 yazm\u0131\u015f. Anneleri Werd\u00ea iki ate\u015fin aras\u0131nda kal\u0131r ve \u00e7ocuklar\u0131 ile karde\u015flerinin \u00e7at\u0131\u015fmas\u0131n\u0131 istemez.<\/p>\n<p style=\"text-align: justify\">\u015e\u00eax Ubeydullah\u00ea Nehr\u00ee\u2019nin torunlar\u0131ndan Sey\u00eed \u00ceslam D\u00fb\u2019ago (\u015eemz\u00een\u00ee), K\u00fcrt Edebiyat\u0131n\u0131n piri say\u0131lan Melay\u00ea Ciz\u00eer\u00ee\u2019nin okudu\u011fu kitaplar\u0131 yazm\u0131\u015f ve bu konuda Divan\u2019\u0131ndan \u00f6rnekler vermi\u015f.<\/p>\n<p style=\"text-align: justify\">O. Faruk \u00c7et\u00eenkaplan bu say\u0131da da Melay\u00ea Ciz\u00eer\u00ee\u2019den bir Qes\u00eedey\u00ee Zazacaya \u00e7evirmi\u015f.<\/p>\n<p style=\"text-align: justify\">\u015eiirleriyle bu say\u0131ya \u015fu ki\u015filer katk\u0131 vermi\u015f: Rojen Barnas, Berken Bereh, Se\u2019d\u00eey\u00ea \u015e\u00eeraz\u00ee, Nes\u00eem\u00ee, Abdullah \u0130ncekan, Ziver \u0130lhan, Pablo Neruda, Salih Kevirbir\u00ee, Seyid Dem\u00eerkiran, Mustafa Acar, Sid\u00eeq Gor\u00eecan, R\u00eazan Diljen, Em\u00een Xurs\u00ee, Bamed Serdar, S\u00eepan\u00ee, Kevok Mizg\u00een, Evdilxaliq\u00ea \u00cesa ve Rojhilat Azad.<\/p>\n<p style=\"text-align: justify\">Bu say\u0131n\u0131n r\u00f6portaj\u0131n\u0131 ise Hanifi Ta\u015fk\u0131n ile M. Enis Dilma\u00e7 Adil Y\u0131lmayan\u2019la yapm\u0131\u015flar<\/p>\n","protected":false},"excerpt":{"rendered":"<p>Rohat Alakom Said Pa\u015fa\u2019n\u0131n o\u011flu me\u015fhur \u015eerif Pa\u015fa\u2019y\u0131 yazm\u0131\u015f. Osmanl\u0131n\u0131n \u0130sve\u00e7 B\u00fcy\u00fckel\u00e7isi \u015eerif Pa\u015fa 1899\u2019da bir \u00e7ok kat\u0131l\u0131mc\u0131yla birlikte \u0130sve\u00e7\u2019te askeri bir manevraya kat\u0131l\u0131r. \u0130sve\u00e7 kral\u0131 Oscar II burada \u015eerif Pa\u015fa\u2019ya \u00e7ok fazla ilgi g\u00f6sterir. M. Zana Karak ile Huseyn \u015eemrex\u00ee Mela Ehmed\u00ea Xas\u00ee\u2019nin \u015fiirlerini yazm\u0131\u015flar. M. Zana Karak Xas\u00ee\u2019nin \u00fc\u00e7 Kurmanc\u00ee \u015fiirini yay\u0131nlam\u0131\u015f; \u015fiirlerden [&hellip;]<\/p>\n","protected":false},"author":2,"featured_media":1014698,"comment_status":"closed","ping_status":"closed","sticky":false,"template":"","format":"standard","meta":{"footnotes":""},"categories":[33],"tags":[31],"class_list":["post-1014697","post","type-post","status-publish","format-standard","has-post-thumbnail","hentry","category-sanat","tag-onemli"],"blocksy_meta":[],"seo_head":"<!-- This site is optimized with the Yoast SEO plugin v27.5 - https:\/\/yoast.com\/product\/yoast-seo-wordpress\/ -->\n<title>N\u00fbbihar dergisinin 155. say\u0131s\u0131 \u00e7\u0131kt\u0131 - Darka Mazi<\/title>\n<meta name=\"robots\" content=\"index, follow, max-snippet:-1, max-image-preview:large, max-video-preview:-1\" \/>\n<link rel=\"canonical\" href=\"https:\/\/darkamazi.site\/archives\/1014697\" \/>\n<meta property=\"og:locale\" content=\"en_US\" \/>\n<meta property=\"og:type\" content=\"article\" \/>\n<meta property=\"og:title\" content=\"N\u00fbbihar dergisinin 155. say\u0131s\u0131 \u00e7\u0131kt\u0131 - Darka Mazi\" \/>\n<meta property=\"og:description\" content=\"Rohat Alakom Said Pa\u015fa\u2019n\u0131n o\u011flu me\u015fhur \u015eerif Pa\u015fa\u2019y\u0131 yazm\u0131\u015f. Osmanl\u0131n\u0131n \u0130sve\u00e7 B\u00fcy\u00fckel\u00e7isi \u015eerif Pa\u015fa 1899\u2019da bir \u00e7ok kat\u0131l\u0131mc\u0131yla birlikte \u0130sve\u00e7\u2019te askeri bir manevraya kat\u0131l\u0131r. \u0130sve\u00e7 kral\u0131 Oscar II burada \u015eerif Pa\u015fa\u2019ya \u00e7ok fazla ilgi g\u00f6sterir. M. Zana Karak ile Huseyn \u015eemrex\u00ee Mela Ehmed\u00ea Xas\u00ee\u2019nin \u015fiirlerini yazm\u0131\u015flar. M. Zana Karak Xas\u00ee\u2019nin \u00fc\u00e7 Kurmanc\u00ee \u015fiirini yay\u0131nlam\u0131\u015f; \u015fiirlerden [&hellip;]\" \/>\n<meta property=\"og:url\" content=\"https:\/\/darkamazi.site\/archives\/1014697\" \/>\n<meta property=\"og:site_name\" content=\"Darka Mazi\" \/>\n<meta property=\"article:publisher\" content=\"https:\/\/www.facebook.com\/DarkaMaziturkce\" \/>\n<meta property=\"article:published_time\" content=\"2021-05-26T13:08:59+00:00\" \/>\n<meta property=\"article:modified_time\" content=\"2021-05-26T13:27:18+00:00\" \/>\n<meta property=\"og:image\" content=\"https:\/\/darkamazi.site\/file\/2021\/05\/Nu-bihar.jpg\" \/>\n\t<meta property=\"og:image:width\" content=\"2051\" \/>\n\t<meta property=\"og:image:height\" content=\"2076\" \/>\n\t<meta property=\"og:image:type\" content=\"image\/jpeg\" \/>\n<meta name=\"author\" content=\"darka mazi\" \/>\n<meta name=\"twitter:card\" content=\"summary_large_image\" \/>\n<meta name=\"twitter:creator\" content=\"@DarkaMaziTurkce\" \/>\n<meta name=\"twitter:site\" content=\"@DarkaMaziTurkce\" \/>\n<meta name=\"twitter:label1\" content=\"Written by\" \/>\n\t<meta name=\"twitter:data1\" content=\"darka mazi\" \/>\n\t<meta name=\"twitter:label2\" content=\"Est. reading time\" \/>\n\t<meta name=\"twitter:data2\" content=\"2 minutes\" \/>\n<script type=\"application\/ld+json\" class=\"seo-schema-graph\">{\"@context\":\"https:\\\/\\\/schema.org\",\"@graph\":[{\"@type\":\"NewsArticle\",\"@id\":\"https:\\\/\\\/darkamazi.site\\\/archives\\\/1014697#article\",\"isPartOf\":{\"@id\":\"https:\\\/\\\/darkamazi.site\\\/archives\\\/1014697\"},\"author\":{\"name\":\"darka mazi\",\"@id\":\"https:\\\/\\\/darkamazi.site\\\/#\\\/schema\\\/person\\\/67986a95ac546c16760365877ef4a9d3\"},\"headline\":\"N\u00fbbihar dergisinin 155. say\u0131s\u0131 \u00e7\u0131kt\u0131\",\"datePublished\":\"2021-05-26T13:08:59+00:00\",\"dateModified\":\"2021-05-26T13:27:18+00:00\",\"mainEntityOfPage\":{\"@id\":\"https:\\\/\\\/darkamazi.site\\\/archives\\\/1014697\"},\"wordCount\":359,\"publisher\":{\"@id\":\"https:\\\/\\\/darkamazi.site\\\/#organization\"},\"image\":{\"@id\":\"https:\\\/\\\/darkamazi.site\\\/archives\\\/1014697#primaryimage\"},\"thumbnailUrl\":\"https:\\\/\\\/darkamazi.site\\\/darka-content\\\/uploads\\\/2021\\\/05\\\/Nu-bihar.jpg\",\"keywords\":[\"\u00f6nemli\"],\"articleSection\":[\"Sanat\"],\"inLanguage\":\"en-US\"},{\"@type\":\"WebPage\",\"@id\":\"https:\\\/\\\/darkamazi.site\\\/archives\\\/1014697\",\"url\":\"https:\\\/\\\/darkamazi.site\\\/archives\\\/1014697\",\"name\":\"N\u00fbbihar dergisinin 155. say\u0131s\u0131 \u00e7\u0131kt\u0131 - Darka Mazi\",\"isPartOf\":{\"@id\":\"https:\\\/\\\/darkamazi.site\\\/#website\"},\"primaryImageOfPage\":{\"@id\":\"https:\\\/\\\/darkamazi.site\\\/archives\\\/1014697#primaryimage\"},\"image\":{\"@id\":\"https:\\\/\\\/darkamazi.site\\\/archives\\\/1014697#primaryimage\"},\"thumbnailUrl\":\"https:\\\/\\\/darkamazi.site\\\/darka-content\\\/uploads\\\/2021\\\/05\\\/Nu-bihar.jpg\",\"datePublished\":\"2021-05-26T13:08:59+00:00\",\"dateModified\":\"2021-05-26T13:27:18+00:00\",\"breadcrumb\":{\"@id\":\"https:\\\/\\\/darkamazi.site\\\/archives\\\/1014697#breadcrumb\"},\"inLanguage\":\"en-US\",\"potentialAction\":[{\"@type\":\"ReadAction\",\"target\":[\"https:\\\/\\\/darkamazi.site\\\/archives\\\/1014697\"]}]},{\"@type\":\"ImageObject\",\"inLanguage\":\"en-US\",\"@id\":\"https:\\\/\\\/darkamazi.site\\\/archives\\\/1014697#primaryimage\",\"url\":\"https:\\\/\\\/darkamazi.site\\\/darka-content\\\/uploads\\\/2021\\\/05\\\/Nu-bihar.jpg\",\"contentUrl\":\"https:\\\/\\\/darkamazi.site\\\/darka-content\\\/uploads\\\/2021\\\/05\\\/Nu-bihar.jpg\",\"width\":2051,\"height\":2076,\"caption\":\"N\u00fbbihar dergisinin 155. say\u0131s\u0131 \u00e7\u0131kt\u0131!\"},{\"@type\":\"BreadcrumbList\",\"@id\":\"https:\\\/\\\/darkamazi.site\\\/archives\\\/1014697#breadcrumb\",\"itemListElement\":[{\"@type\":\"ListItem\",\"position\":1,\"name\":\"Home\",\"item\":\"https:\\\/\\\/darkamazi.site\\\/\"},{\"@type\":\"ListItem\",\"position\":2,\"name\":\"N\u00fbbihar dergisinin 155. say\u0131s\u0131 \u00e7\u0131kt\u0131\"}]},{\"@type\":\"WebSite\",\"@id\":\"https:\\\/\\\/darkamazi.site\\\/#website\",\"url\":\"https:\\\/\\\/darkamazi.site\\\/\",\"name\":\"Darka Mazi\",\"description\":\"Ana Sayfa\",\"publisher\":{\"@id\":\"https:\\\/\\\/darkamazi.site\\\/#organization\"},\"potentialAction\":[{\"@type\":\"SearchAction\",\"target\":{\"@type\":\"EntryPoint\",\"urlTemplate\":\"https:\\\/\\\/darkamazi.site\\\/?s={search_term_string}\"},\"query-input\":{\"@type\":\"PropertyValueSpecification\",\"valueRequired\":true,\"valueName\":\"search_term_string\"}}],\"inLanguage\":\"en-US\"},{\"@type\":\"Organization\",\"@id\":\"https:\\\/\\\/darkamazi.site\\\/#organization\",\"name\":\"Darka Mazi T\u00fcrk\u00e7e\",\"alternateName\":\"Darka Mazi\",\"url\":\"https:\\\/\\\/darkamazi.site\\\/\",\"logo\":{\"@type\":\"ImageObject\",\"inLanguage\":\"en-US\",\"@id\":\"https:\\\/\\\/darkamazi.site\\\/#\\\/schema\\\/logo\\\/image\\\/\",\"url\":\"https:\\\/\\\/darkamazi.site\\\/darka-content\\\/uploads\\\/2017\\\/12\\\/darka-mazi-logo.png\",\"contentUrl\":\"https:\\\/\\\/darkamazi.site\\\/darka-content\\\/uploads\\\/2017\\\/12\\\/darka-mazi-logo.png\",\"width\":151,\"height\":75,\"caption\":\"Darka Mazi T\u00fcrk\u00e7e\"},\"image\":{\"@id\":\"https:\\\/\\\/darkamazi.site\\\/#\\\/schema\\\/logo\\\/image\\\/\"},\"sameAs\":[\"https:\\\/\\\/www.facebook.com\\\/DarkaMaziturkce\",\"https:\\\/\\\/x.com\\\/DarkaMaziTurkce\"]},{\"@type\":\"Person\",\"@id\":\"https:\\\/\\\/darkamazi.site\\\/#\\\/schema\\\/person\\\/67986a95ac546c16760365877ef4a9d3\",\"name\":\"darka mazi\",\"sameAs\":[\"https:\\\/\\\/darkamazi.site\"],\"url\":\"https:\\\/\\\/darkamazi.site\\\/archives\\\/author\\\/turkish\"}]}<\/script>\n<!-- \/ Yoast SEO plugin. -->","seo_head_json":{"title":"N\u00fbbihar dergisinin 155. say\u0131s\u0131 \u00e7\u0131kt\u0131 - Darka Mazi","robots":{"index":"index","follow":"follow","max-snippet":"max-snippet:-1","max-image-preview":"max-image-preview:large","max-video-preview":"max-video-preview:-1"},"canonical":"https:\/\/darkamazi.site\/archives\/1014697","og_locale":"en_US","og_type":"article","og_title":"N\u00fbbihar dergisinin 155. say\u0131s\u0131 \u00e7\u0131kt\u0131 - Darka Mazi","og_description":"Rohat Alakom Said Pa\u015fa\u2019n\u0131n o\u011flu me\u015fhur \u015eerif Pa\u015fa\u2019y\u0131 yazm\u0131\u015f. Osmanl\u0131n\u0131n \u0130sve\u00e7 B\u00fcy\u00fckel\u00e7isi \u015eerif Pa\u015fa 1899\u2019da bir \u00e7ok kat\u0131l\u0131mc\u0131yla birlikte \u0130sve\u00e7\u2019te askeri bir manevraya kat\u0131l\u0131r. \u0130sve\u00e7 kral\u0131 Oscar II burada \u015eerif Pa\u015fa\u2019ya \u00e7ok fazla ilgi g\u00f6sterir. M. Zana Karak ile Huseyn \u015eemrex\u00ee Mela Ehmed\u00ea Xas\u00ee\u2019nin \u015fiirlerini yazm\u0131\u015flar. M. Zana Karak Xas\u00ee\u2019nin \u00fc\u00e7 Kurmanc\u00ee \u015fiirini yay\u0131nlam\u0131\u015f; \u015fiirlerden [&hellip;]","og_url":"https:\/\/darkamazi.site\/archives\/1014697","og_site_name":"Darka Mazi","article_publisher":"https:\/\/www.facebook.com\/DarkaMaziturkce","article_published_time":"2021-05-26T13:08:59+00:00","article_modified_time":"2021-05-26T13:27:18+00:00","og_image":[{"width":2051,"height":2076,"url":"https:\/\/darkamazi.site\/file\/2021\/05\/Nu-bihar.jpg","type":"image\/jpeg"}],"author":"darka mazi","twitter_card":"summary_large_image","twitter_creator":"@DarkaMaziTurkce","twitter_site":"@DarkaMaziTurkce","twitter_misc":{"Written by":"darka mazi","Est. reading time":"2 minutes"},"schema":{"@context":"https:\/\/schema.org","@graph":[{"@type":"NewsArticle","@id":"https:\/\/darkamazi.site\/archives\/1014697#article","isPartOf":{"@id":"https:\/\/darkamazi.site\/archives\/1014697"},"author":{"name":"darka mazi","@id":"https:\/\/darkamazi.site\/#\/schema\/person\/67986a95ac546c16760365877ef4a9d3"},"headline":"N\u00fbbihar dergisinin 155. say\u0131s\u0131 \u00e7\u0131kt\u0131","datePublished":"2021-05-26T13:08:59+00:00","dateModified":"2021-05-26T13:27:18+00:00","mainEntityOfPage":{"@id":"https:\/\/darkamazi.site\/archives\/1014697"},"wordCount":359,"publisher":{"@id":"https:\/\/darkamazi.site\/#organization"},"image":{"@id":"https:\/\/darkamazi.site\/archives\/1014697#primaryimage"},"thumbnailUrl":"https:\/\/darkamazi.site\/file\/2021\/05\/Nu-bihar.jpg","keywords":["\u00f6nemli"],"articleSection":["Sanat"],"inLanguage":"en-US"},{"@type":"WebPage","@id":"https:\/\/darkamazi.site\/archives\/1014697","url":"https:\/\/darkamazi.site\/archives\/1014697","name":"N\u00fbbihar dergisinin 155. say\u0131s\u0131 \u00e7\u0131kt\u0131 - Darka Mazi","isPartOf":{"@id":"https:\/\/darkamazi.site\/#website"},"primaryImageOfPage":{"@id":"https:\/\/darkamazi.site\/archives\/1014697#primaryimage"},"image":{"@id":"https:\/\/darkamazi.site\/archives\/1014697#primaryimage"},"thumbnailUrl":"https:\/\/darkamazi.site\/file\/2021\/05\/Nu-bihar.jpg","datePublished":"2021-05-26T13:08:59+00:00","dateModified":"2021-05-26T13:27:18+00:00","breadcrumb":{"@id":"https:\/\/darkamazi.site\/archives\/1014697#breadcrumb"},"inLanguage":"en-US","potentialAction":[{"@type":"ReadAction","target":["https:\/\/darkamazi.site\/archives\/1014697"]}]},{"@type":"ImageObject","inLanguage":"en-US","@id":"https:\/\/darkamazi.site\/archives\/1014697#primaryimage","url":"https:\/\/darkamazi.site\/file\/2021\/05\/Nu-bihar.jpg","contentUrl":"https:\/\/darkamazi.site\/file\/2021\/05\/Nu-bihar.jpg","width":2051,"height":2076,"caption":"N\u00fbbihar dergisinin 155. say\u0131s\u0131 \u00e7\u0131kt\u0131!"},{"@type":"BreadcrumbList","@id":"https:\/\/darkamazi.site\/archives\/1014697#breadcrumb","itemListElement":[{"@type":"ListItem","position":1,"name":"Home","item":"https:\/\/darkamazi.site\/"},{"@type":"ListItem","position":2,"name":"N\u00fbbihar dergisinin 155. say\u0131s\u0131 \u00e7\u0131kt\u0131"}]},{"@type":"WebSite","@id":"https:\/\/darkamazi.site\/#website","url":"https:\/\/darkamazi.site\/","name":"Darka Mazi","description":"Ana Sayfa","publisher":{"@id":"https:\/\/darkamazi.site\/#organization"},"potentialAction":[{"@type":"SearchAction","target":{"@type":"EntryPoint","urlTemplate":"https:\/\/darkamazi.site\/?s={search_term_string}"},"query-input":{"@type":"PropertyValueSpecification","valueRequired":true,"valueName":"search_term_string"}}],"inLanguage":"en-US"},{"@type":"Organization","@id":"https:\/\/darkamazi.site\/#organization","name":"Darka Mazi T\u00fcrk\u00e7e","alternateName":"Darka Mazi","url":"https:\/\/darkamazi.site\/","logo":{"@type":"ImageObject","inLanguage":"en-US","@id":"https:\/\/darkamazi.site\/#\/schema\/logo\/image\/","url":"https:\/\/darkamazi.site\/file\/2017\/12\/darka-mazi-logo.png","contentUrl":"https:\/\/darkamazi.site\/file\/2017\/12\/darka-mazi-logo.png","width":151,"height":75,"caption":"Darka Mazi T\u00fcrk\u00e7e"},"image":{"@id":"https:\/\/darkamazi.site\/#\/schema\/logo\/image\/"},"sameAs":["https:\/\/www.facebook.com\/DarkaMaziturkce","https:\/\/x.com\/DarkaMaziTurkce"]},{"@type":"Person","@id":"https:\/\/darkamazi.site\/#\/schema\/person\/67986a95ac546c16760365877ef4a9d3","name":"darka mazi","sameAs":["https:\/\/darkamazi.site"],"url":"https:\/\/darkamazi.site\/archives\/author\/turkish"}]}},"_links":{"self":[{"href":"https:\/\/darkamazi.site\/funavuv\/wp\/v2\/posts\/1014697","targetHints":{"allow":["GET"]}}],"collection":[{"href":"https:\/\/darkamazi.site\/funavuv\/wp\/v2\/posts"}],"about":[{"href":"https:\/\/darkamazi.site\/funavuv\/wp\/v2\/types\/post"}],"author":[{"embeddable":true,"href":"https:\/\/darkamazi.site\/funavuv\/wp\/v2\/users\/2"}],"replies":[{"embeddable":true,"href":"https:\/\/darkamazi.site\/funavuv\/wp\/v2\/comments?post=1014697"}],"version-history":[{"count":0,"href":"https:\/\/darkamazi.site\/funavuv\/wp\/v2\/posts\/1014697\/revisions"}],"wp:featuredmedia":[{"embeddable":true,"href":"https:\/\/darkamazi.site\/funavuv\/wp\/v2\/media\/1014698"}],"wp:attachment":[{"href":"https:\/\/darkamazi.site\/funavuv\/wp\/v2\/media?parent=1014697"}],"wp:term":[{"taxonomy":"category","embeddable":true,"href":"https:\/\/darkamazi.site\/funavuv\/wp\/v2\/categories?post=1014697"},{"taxonomy":"post_tag","embeddable":true,"href":"https:\/\/darkamazi.site\/funavuv\/wp\/v2\/tags?post=1014697"}],"curies":[{"name":"wp","href":"https:\/\/api.w.org\/{rel}","templated":true}]}}