{"id":1014712,"date":"2021-05-27T10:06:48","date_gmt":"2021-05-27T07:06:48","guid":{"rendered":"https:\/\/darkamazi.site\/?p=1014712"},"modified":"2021-05-27T10:06:48","modified_gmt":"2021-05-27T07:06:48","slug":"kurt-u-kurmanci-filim-festivali-duzenleniyor","status":"publish","type":"post","link":"https:\/\/darkamazi.site\/archives\/1014712","title":{"rendered":"&#8220;Kurt u Kurmanci&#8221; filim festivali d\u00fczenleniyor"},"content":{"rendered":"<p style=\"text-align: justify\">Sinemayakurdi.com ile Tor Film Production taraf\u0131ndan \u201cFest\u00eevala Filman a Kurt \u00fb Kurmanc\u00ee\u201d (Kurmanci K\u0131sa Film Festivali) d\u00fczenleyecek. 1 dakikal\u0131k filmlerin kat\u0131labilece\u011fi yar\u0131\u015fman\u0131n sonunda ba\u015far\u0131l\u0131 olanlara \u00f6d\u00fcl verilecek.<\/p>\n<p style=\"text-align: justify\">sinemayakurdi.com ile Tor Film Production, K\u00fcrt\u00e7e dil temal\u0131 \u201cKurmanci K\u0131sa Film Festivali\u201d d\u00fczenliyor.<\/p>\n<p style=\"text-align: justify\">K\u00fcrt\u00e7e konulu filmlerin kabul edilece\u011fi festivale 22 A\u011fustos\u2019a kadar film g\u00f6nderilebilecek. Festivale en uzun 1 dakikal\u0131k filmler kat\u0131labilecek.<\/p>\n<p style=\"text-align: justify\">Festivalin sonunda dereceye girecek filmlere Am\u00fbd\u00ea Sinemas\u0131 \u00d6d\u00fcl\u00fc, Taha Kerimi \u00d6d\u00fcl\u00fc, Halil Da\u011f \u00d6d\u00fcl\u00fc ve \u00f6zel olarak da K\u00fcrdistan \u00d6d\u00fcl\u00fc verilecek. Her film i\u00e7in 250 euro da maddi \u00f6d\u00fcl verilecek.<\/p>\n<p style=\"text-align: justify\">Sinemayakurdi.cm sayfas\u0131nda yap\u0131lan duyuruda, \u201cUzun ve devasa hikayelerin pe\u015fine tak\u0131lmadan k\u00fc\u00e7\u00fck ve k\u0131sa hikayelerle hayallerinizi anlat\u0131n\u201d denildi.<\/p>\n","protected":false},"excerpt":{"rendered":"<p>Sinemayakurdi.com ile Tor Film Production taraf\u0131ndan \u201cFest\u00eevala Filman a Kurt \u00fb Kurmanc\u00ee\u201d (Kurmanci K\u0131sa Film Festivali) d\u00fczenleyecek. 1 dakikal\u0131k filmlerin kat\u0131labilece\u011fi yar\u0131\u015fman\u0131n sonunda ba\u015far\u0131l\u0131 olanlara \u00f6d\u00fcl verilecek. sinemayakurdi.com ile Tor Film Production, K\u00fcrt\u00e7e dil temal\u0131 \u201cKurmanci K\u0131sa Film Festivali\u201d d\u00fczenliyor. K\u00fcrt\u00e7e konulu filmlerin kabul edilece\u011fi festivale 22 A\u011fustos\u2019a kadar film g\u00f6nderilebilecek. Festivale en uzun 1 [&hellip;]<\/p>\n","protected":false},"author":2,"featured_media":1014713,"comment_status":"closed","ping_status":"closed","sticky":false,"template":"","format":"standard","meta":{"footnotes":""},"categories":[33],"tags":[31],"class_list":["post-1014712","post","type-post","status-publish","format-standard","has-post-thumbnail","hentry","category-sanat","tag-onemli"],"blocksy_meta":[],"seo_head":"<!-- This site is optimized with the Yoast SEO plugin v27.5 - https:\/\/yoast.com\/product\/yoast-seo-wordpress\/ -->\n<title>&quot;Kurt u Kurmanci&quot; filim festivali d\u00fczenleniyor - Darka Mazi<\/title>\n<meta name=\"robots\" content=\"index, follow, max-snippet:-1, max-image-preview:large, max-video-preview:-1\" \/>\n<link rel=\"canonical\" href=\"https:\/\/darkamazi.site\/archives\/1014712\" \/>\n<meta property=\"og:locale\" content=\"en_US\" \/>\n<meta property=\"og:type\" content=\"article\" \/>\n<meta property=\"og:title\" content=\"&quot;Kurt u Kurmanci&quot; filim festivali d\u00fczenleniyor - Darka Mazi\" \/>\n<meta property=\"og:description\" content=\"Sinemayakurdi.com ile Tor Film Production taraf\u0131ndan \u201cFest\u00eevala Filman a Kurt \u00fb Kurmanc\u00ee\u201d (Kurmanci K\u0131sa Film Festivali) d\u00fczenleyecek. 1 dakikal\u0131k filmlerin kat\u0131labilece\u011fi yar\u0131\u015fman\u0131n sonunda ba\u015far\u0131l\u0131 olanlara \u00f6d\u00fcl verilecek. sinemayakurdi.com ile Tor Film Production, K\u00fcrt\u00e7e dil temal\u0131 \u201cKurmanci K\u0131sa Film Festivali\u201d d\u00fczenliyor. K\u00fcrt\u00e7e konulu filmlerin kabul edilece\u011fi festivale 22 A\u011fustos\u2019a kadar film g\u00f6nderilebilecek. Festivale en uzun 1 [&hellip;]\" \/>\n<meta property=\"og:url\" content=\"https:\/\/darkamazi.site\/archives\/1014712\" \/>\n<meta property=\"og:site_name\" content=\"Darka Mazi\" \/>\n<meta property=\"article:publisher\" content=\"https:\/\/www.facebook.com\/DarkaMaziturkce\" \/>\n<meta property=\"article:published_time\" content=\"2021-05-27T07:06:48+00:00\" \/>\n<meta property=\"og:image\" content=\"https:\/\/darkamazi.site\/file\/2021\/05\/Kurt-u-kurmanci.jpg\" \/>\n\t<meta property=\"og:image:width\" content=\"690\" \/>\n\t<meta property=\"og:image:height\" content=\"390\" \/>\n\t<meta property=\"og:image:type\" content=\"image\/jpeg\" \/>\n<meta name=\"author\" content=\"darka mazi\" \/>\n<meta name=\"twitter:card\" content=\"summary_large_image\" \/>\n<meta name=\"twitter:creator\" content=\"@DarkaMaziTurkce\" \/>\n<meta name=\"twitter:site\" content=\"@DarkaMaziTurkce\" \/>\n<meta name=\"twitter:label1\" content=\"Written by\" \/>\n\t<meta name=\"twitter:data1\" content=\"darka mazi\" \/>\n\t<meta name=\"twitter:label2\" content=\"Est. reading time\" \/>\n\t<meta name=\"twitter:data2\" content=\"1 minute\" \/>\n<script type=\"application\/ld+json\" class=\"seo-schema-graph\">{\"@context\":\"https:\\\/\\\/schema.org\",\"@graph\":[{\"@type\":\"NewsArticle\",\"@id\":\"https:\\\/\\\/darkamazi.site\\\/archives\\\/1014712#article\",\"isPartOf\":{\"@id\":\"https:\\\/\\\/darkamazi.site\\\/archives\\\/1014712\"},\"author\":{\"name\":\"darka mazi\",\"@id\":\"https:\\\/\\\/darkamazi.site\\\/#\\\/schema\\\/person\\\/67986a95ac546c16760365877ef4a9d3\"},\"headline\":\"&#8220;Kurt u Kurmanci&#8221; filim festivali d\u00fczenleniyor\",\"datePublished\":\"2021-05-27T07:06:48+00:00\",\"mainEntityOfPage\":{\"@id\":\"https:\\\/\\\/darkamazi.site\\\/archives\\\/1014712\"},\"wordCount\":149,\"publisher\":{\"@id\":\"https:\\\/\\\/darkamazi.site\\\/#organization\"},\"image\":{\"@id\":\"https:\\\/\\\/darkamazi.site\\\/archives\\\/1014712#primaryimage\"},\"thumbnailUrl\":\"https:\\\/\\\/darkamazi.site\\\/darka-content\\\/uploads\\\/2021\\\/05\\\/Kurt-u-kurmanci.jpg\",\"keywords\":[\"\u00f6nemli\"],\"articleSection\":[\"Sanat\"],\"inLanguage\":\"en-US\"},{\"@type\":\"WebPage\",\"@id\":\"https:\\\/\\\/darkamazi.site\\\/archives\\\/1014712\",\"url\":\"https:\\\/\\\/darkamazi.site\\\/archives\\\/1014712\",\"name\":\"\\\"Kurt u Kurmanci\\\" filim festivali d\u00fczenleniyor - Darka Mazi\",\"isPartOf\":{\"@id\":\"https:\\\/\\\/darkamazi.site\\\/#website\"},\"primaryImageOfPage\":{\"@id\":\"https:\\\/\\\/darkamazi.site\\\/archives\\\/1014712#primaryimage\"},\"image\":{\"@id\":\"https:\\\/\\\/darkamazi.site\\\/archives\\\/1014712#primaryimage\"},\"thumbnailUrl\":\"https:\\\/\\\/darkamazi.site\\\/darka-content\\\/uploads\\\/2021\\\/05\\\/Kurt-u-kurmanci.jpg\",\"datePublished\":\"2021-05-27T07:06:48+00:00\",\"breadcrumb\":{\"@id\":\"https:\\\/\\\/darkamazi.site\\\/archives\\\/1014712#breadcrumb\"},\"inLanguage\":\"en-US\",\"potentialAction\":[{\"@type\":\"ReadAction\",\"target\":[\"https:\\\/\\\/darkamazi.site\\\/archives\\\/1014712\"]}]},{\"@type\":\"ImageObject\",\"inLanguage\":\"en-US\",\"@id\":\"https:\\\/\\\/darkamazi.site\\\/archives\\\/1014712#primaryimage\",\"url\":\"https:\\\/\\\/darkamazi.site\\\/darka-content\\\/uploads\\\/2021\\\/05\\\/Kurt-u-kurmanci.jpg\",\"contentUrl\":\"https:\\\/\\\/darkamazi.site\\\/darka-content\\\/uploads\\\/2021\\\/05\\\/Kurt-u-kurmanci.jpg\",\"width\":690,\"height\":390,\"caption\":\"\\\"Kurt u Kurmanci\\\" filim festivali d\u00fczenleniyor\"},{\"@type\":\"BreadcrumbList\",\"@id\":\"https:\\\/\\\/darkamazi.site\\\/archives\\\/1014712#breadcrumb\",\"itemListElement\":[{\"@type\":\"ListItem\",\"position\":1,\"name\":\"Home\",\"item\":\"https:\\\/\\\/darkamazi.site\\\/\"},{\"@type\":\"ListItem\",\"position\":2,\"name\":\"&#8220;Kurt u Kurmanci&#8221; filim festivali d\u00fczenleniyor\"}]},{\"@type\":\"WebSite\",\"@id\":\"https:\\\/\\\/darkamazi.site\\\/#website\",\"url\":\"https:\\\/\\\/darkamazi.site\\\/\",\"name\":\"Darka Mazi\",\"description\":\"Ana Sayfa\",\"publisher\":{\"@id\":\"https:\\\/\\\/darkamazi.site\\\/#organization\"},\"potentialAction\":[{\"@type\":\"SearchAction\",\"target\":{\"@type\":\"EntryPoint\",\"urlTemplate\":\"https:\\\/\\\/darkamazi.site\\\/?s={search_term_string}\"},\"query-input\":{\"@type\":\"PropertyValueSpecification\",\"valueRequired\":true,\"valueName\":\"search_term_string\"}}],\"inLanguage\":\"en-US\"},{\"@type\":\"Organization\",\"@id\":\"https:\\\/\\\/darkamazi.site\\\/#organization\",\"name\":\"Darka Mazi T\u00fcrk\u00e7e\",\"alternateName\":\"Darka Mazi\",\"url\":\"https:\\\/\\\/darkamazi.site\\\/\",\"logo\":{\"@type\":\"ImageObject\",\"inLanguage\":\"en-US\",\"@id\":\"https:\\\/\\\/darkamazi.site\\\/#\\\/schema\\\/logo\\\/image\\\/\",\"url\":\"https:\\\/\\\/darkamazi.site\\\/darka-content\\\/uploads\\\/2017\\\/12\\\/darka-mazi-logo.png\",\"contentUrl\":\"https:\\\/\\\/darkamazi.site\\\/darka-content\\\/uploads\\\/2017\\\/12\\\/darka-mazi-logo.png\",\"width\":151,\"height\":75,\"caption\":\"Darka Mazi T\u00fcrk\u00e7e\"},\"image\":{\"@id\":\"https:\\\/\\\/darkamazi.site\\\/#\\\/schema\\\/logo\\\/image\\\/\"},\"sameAs\":[\"https:\\\/\\\/www.facebook.com\\\/DarkaMaziturkce\",\"https:\\\/\\\/x.com\\\/DarkaMaziTurkce\"]},{\"@type\":\"Person\",\"@id\":\"https:\\\/\\\/darkamazi.site\\\/#\\\/schema\\\/person\\\/67986a95ac546c16760365877ef4a9d3\",\"name\":\"darka mazi\",\"sameAs\":[\"https:\\\/\\\/darkamazi.site\"],\"url\":\"https:\\\/\\\/darkamazi.site\\\/archives\\\/author\\\/turkish\"}]}<\/script>\n<!-- \/ Yoast SEO plugin. -->","seo_head_json":{"title":"\"Kurt u Kurmanci\" filim festivali d\u00fczenleniyor - Darka Mazi","robots":{"index":"index","follow":"follow","max-snippet":"max-snippet:-1","max-image-preview":"max-image-preview:large","max-video-preview":"max-video-preview:-1"},"canonical":"https:\/\/darkamazi.site\/archives\/1014712","og_locale":"en_US","og_type":"article","og_title":"\"Kurt u Kurmanci\" filim festivali d\u00fczenleniyor - Darka Mazi","og_description":"Sinemayakurdi.com ile Tor Film Production taraf\u0131ndan \u201cFest\u00eevala Filman a Kurt \u00fb Kurmanc\u00ee\u201d (Kurmanci K\u0131sa Film Festivali) d\u00fczenleyecek. 1 dakikal\u0131k filmlerin kat\u0131labilece\u011fi yar\u0131\u015fman\u0131n sonunda ba\u015far\u0131l\u0131 olanlara \u00f6d\u00fcl verilecek. sinemayakurdi.com ile Tor Film Production, K\u00fcrt\u00e7e dil temal\u0131 \u201cKurmanci K\u0131sa Film Festivali\u201d d\u00fczenliyor. K\u00fcrt\u00e7e konulu filmlerin kabul edilece\u011fi festivale 22 A\u011fustos\u2019a kadar film g\u00f6nderilebilecek. Festivale en uzun 1 [&hellip;]","og_url":"https:\/\/darkamazi.site\/archives\/1014712","og_site_name":"Darka Mazi","article_publisher":"https:\/\/www.facebook.com\/DarkaMaziturkce","article_published_time":"2021-05-27T07:06:48+00:00","og_image":[{"width":690,"height":390,"url":"https:\/\/darkamazi.site\/file\/2021\/05\/Kurt-u-kurmanci.jpg","type":"image\/jpeg"}],"author":"darka mazi","twitter_card":"summary_large_image","twitter_creator":"@DarkaMaziTurkce","twitter_site":"@DarkaMaziTurkce","twitter_misc":{"Written by":"darka mazi","Est. reading time":"1 minute"},"schema":{"@context":"https:\/\/schema.org","@graph":[{"@type":"NewsArticle","@id":"https:\/\/darkamazi.site\/archives\/1014712#article","isPartOf":{"@id":"https:\/\/darkamazi.site\/archives\/1014712"},"author":{"name":"darka mazi","@id":"https:\/\/darkamazi.site\/#\/schema\/person\/67986a95ac546c16760365877ef4a9d3"},"headline":"&#8220;Kurt u Kurmanci&#8221; filim festivali d\u00fczenleniyor","datePublished":"2021-05-27T07:06:48+00:00","mainEntityOfPage":{"@id":"https:\/\/darkamazi.site\/archives\/1014712"},"wordCount":149,"publisher":{"@id":"https:\/\/darkamazi.site\/#organization"},"image":{"@id":"https:\/\/darkamazi.site\/archives\/1014712#primaryimage"},"thumbnailUrl":"https:\/\/darkamazi.site\/file\/2021\/05\/Kurt-u-kurmanci.jpg","keywords":["\u00f6nemli"],"articleSection":["Sanat"],"inLanguage":"en-US"},{"@type":"WebPage","@id":"https:\/\/darkamazi.site\/archives\/1014712","url":"https:\/\/darkamazi.site\/archives\/1014712","name":"\"Kurt u Kurmanci\" filim festivali d\u00fczenleniyor - Darka Mazi","isPartOf":{"@id":"https:\/\/darkamazi.site\/#website"},"primaryImageOfPage":{"@id":"https:\/\/darkamazi.site\/archives\/1014712#primaryimage"},"image":{"@id":"https:\/\/darkamazi.site\/archives\/1014712#primaryimage"},"thumbnailUrl":"https:\/\/darkamazi.site\/file\/2021\/05\/Kurt-u-kurmanci.jpg","datePublished":"2021-05-27T07:06:48+00:00","breadcrumb":{"@id":"https:\/\/darkamazi.site\/archives\/1014712#breadcrumb"},"inLanguage":"en-US","potentialAction":[{"@type":"ReadAction","target":["https:\/\/darkamazi.site\/archives\/1014712"]}]},{"@type":"ImageObject","inLanguage":"en-US","@id":"https:\/\/darkamazi.site\/archives\/1014712#primaryimage","url":"https:\/\/darkamazi.site\/file\/2021\/05\/Kurt-u-kurmanci.jpg","contentUrl":"https:\/\/darkamazi.site\/file\/2021\/05\/Kurt-u-kurmanci.jpg","width":690,"height":390,"caption":"\"Kurt u Kurmanci\" filim festivali d\u00fczenleniyor"},{"@type":"BreadcrumbList","@id":"https:\/\/darkamazi.site\/archives\/1014712#breadcrumb","itemListElement":[{"@type":"ListItem","position":1,"name":"Home","item":"https:\/\/darkamazi.site\/"},{"@type":"ListItem","position":2,"name":"&#8220;Kurt u Kurmanci&#8221; filim festivali d\u00fczenleniyor"}]},{"@type":"WebSite","@id":"https:\/\/darkamazi.site\/#website","url":"https:\/\/darkamazi.site\/","name":"Darka Mazi","description":"Ana Sayfa","publisher":{"@id":"https:\/\/darkamazi.site\/#organization"},"potentialAction":[{"@type":"SearchAction","target":{"@type":"EntryPoint","urlTemplate":"https:\/\/darkamazi.site\/?s={search_term_string}"},"query-input":{"@type":"PropertyValueSpecification","valueRequired":true,"valueName":"search_term_string"}}],"inLanguage":"en-US"},{"@type":"Organization","@id":"https:\/\/darkamazi.site\/#organization","name":"Darka Mazi T\u00fcrk\u00e7e","alternateName":"Darka Mazi","url":"https:\/\/darkamazi.site\/","logo":{"@type":"ImageObject","inLanguage":"en-US","@id":"https:\/\/darkamazi.site\/#\/schema\/logo\/image\/","url":"https:\/\/darkamazi.site\/file\/2017\/12\/darka-mazi-logo.png","contentUrl":"https:\/\/darkamazi.site\/file\/2017\/12\/darka-mazi-logo.png","width":151,"height":75,"caption":"Darka Mazi T\u00fcrk\u00e7e"},"image":{"@id":"https:\/\/darkamazi.site\/#\/schema\/logo\/image\/"},"sameAs":["https:\/\/www.facebook.com\/DarkaMaziturkce","https:\/\/x.com\/DarkaMaziTurkce"]},{"@type":"Person","@id":"https:\/\/darkamazi.site\/#\/schema\/person\/67986a95ac546c16760365877ef4a9d3","name":"darka mazi","sameAs":["https:\/\/darkamazi.site"],"url":"https:\/\/darkamazi.site\/archives\/author\/turkish"}]}},"_links":{"self":[{"href":"https:\/\/darkamazi.site\/funavuv\/wp\/v2\/posts\/1014712","targetHints":{"allow":["GET"]}}],"collection":[{"href":"https:\/\/darkamazi.site\/funavuv\/wp\/v2\/posts"}],"about":[{"href":"https:\/\/darkamazi.site\/funavuv\/wp\/v2\/types\/post"}],"author":[{"embeddable":true,"href":"https:\/\/darkamazi.site\/funavuv\/wp\/v2\/users\/2"}],"replies":[{"embeddable":true,"href":"https:\/\/darkamazi.site\/funavuv\/wp\/v2\/comments?post=1014712"}],"version-history":[{"count":0,"href":"https:\/\/darkamazi.site\/funavuv\/wp\/v2\/posts\/1014712\/revisions"}],"wp:featuredmedia":[{"embeddable":true,"href":"https:\/\/darkamazi.site\/funavuv\/wp\/v2\/media\/1014713"}],"wp:attachment":[{"href":"https:\/\/darkamazi.site\/funavuv\/wp\/v2\/media?parent=1014712"}],"wp:term":[{"taxonomy":"category","embeddable":true,"href":"https:\/\/darkamazi.site\/funavuv\/wp\/v2\/categories?post=1014712"},{"taxonomy":"post_tag","embeddable":true,"href":"https:\/\/darkamazi.site\/funavuv\/wp\/v2\/tags?post=1014712"}],"curies":[{"name":"wp","href":"https:\/\/api.w.org\/{rel}","templated":true}]}}