{"id":1015051,"date":"2021-06-15T14:56:52","date_gmt":"2021-06-15T11:56:52","guid":{"rendered":"https:\/\/darkamazi.site\/?p=1015051"},"modified":"2021-06-15T14:56:52","modified_gmt":"2021-06-15T11:56:52","slug":"sidekan-nahiye-yonetimi-celebi-118-koy-bosaldi-pkk-koy-yollarini-mayinladigi-icin-bu-sayi-arta-bilir","status":"publish","type":"post","link":"https:\/\/darkamazi.site\/archives\/1015051","title":{"rendered":"Sidekan Nahiye Y\u00f6netimi \u00c7elebi: 118 k\u00f6y bo\u015fald\u0131, PKK k\u00f6y yollar\u0131n\u0131 may\u0131nlad\u0131\u011f\u0131 i\u00e7in  bu say\u0131 arta bilir"},"content":{"rendered":"<p style=\"text-align: justify\">\u00a0S\u00eedekan Nahiye Yetkilisi \u00cehsan \u00c7elebi yapt\u0131\u011f\u0131 a\u00e7\u0131klamada, b\u00f6lgede K\u00fcrdistan \u0130\u015f\u00e7i Partisi (PKK) faaliyetleri nedeniyle 118 k\u00f6y\u00fcn bo\u015falt\u0131ld\u0131\u011f\u0131n\u0131, bir \u00e7ok k\u00f6y\u00fcnde bo\u015falt\u0131lama tehlikesiyle kar\u015f\u0131 kar\u015f\u0131ya kald\u0131\u011f\u0131n\u0131 \u00e7\u00fcnk\u00fc PKK\u2019nin k\u00f6y yollar\u0131na may\u0131n d\u00f6\u015fedi\u011fini belirtti.<\/p>\n<p style=\"text-align: justify\">Konuya ili\u015fkin Basnews\u2019e a\u00e7\u0131klamalarda bulunan \u00cehsan \u00c7elebi \u015funlar\u0131 s\u00f6yledi: \u201cS\u00eedekan\u2019a ba\u011fl\u0131 264 k\u00f6yden 118 k\u00f6y PKK\u2019nin silahl\u0131 faaliyetleri nedeniyle bo\u015falt\u0131lm\u0131\u015f durumda. PKK b\u00f6lge halk\u0131n\u0131 dinlemiyor ve yerle\u015fik k\u00f6ylere yak\u0131n mevzi, \u00fcs kuruyor. Buna kar\u015f\u0131l\u0131k T\u00fcrkiye\u2019de bu alanlara hava sald\u0131r\u0131lar\u0131 ger\u00e7ekle\u015ftiriyor.\u201d<\/p>\n<p style=\"text-align: justify\">\u00c7elebi a\u00e7\u0131klamas\u0131n\u0131n\u0131 \u015fu \u015fekilde s\u00fcrd\u00fcrd\u00fc: \u201cPKK k\u00f6yler aras\u0131 geli\u015f \u2013 gidi\u015f yollar\u0131na da may\u0131nlar d\u00f6\u015f\u00fcyor. Oysa bu yollar\u0131 sadece k\u00f6yl\u00fcler kullan\u0131yorlar ve k\u00f6ylerinden nahiyeye gelip gidiyorlar. Bu tehlikelerden dolay\u0131 nahiyemize ba\u011fl\u0131 bir \u00e7ok k\u00f6y k\u00f6ylerini bo\u015faltt\u0131. Uzun bir d\u00f6nemden sonra yak\u0131n zamanda tekrar kurulan k\u00f6ylerin de bu tehlikelerden dolay\u0131 bo\u015faltlma tehlikesi mevcut.\u201d<\/p>\n<p style=\"text-align: justify\">Ko\u00e7erlerin yaz aylar\u0131nda yaylalara \u00e7\u0131kt\u0131\u011f\u0131na dikkat \u00e7eken \u00cehsan \u00c7elebi a\u00e7\u0131klamalar\u0131n\u0131 \u015fu \u015fekilde sonland\u0131rd\u0131: \u201cYaz aylar\u0131nda yaylalara gidenlerden PKK\u2019li silahl\u0131 g\u00fc\u00e7ler vergi al\u0131yorlar. Buda b\u00f6lgede ya\u015fayan halk i\u00e7in a\u011f\u0131rl\u0131k olu\u015fturuyor. \u015eimdiye kadar b\u00f6lgede PKK ile T\u00fcrkiye aras\u0131nda ya\u015fanan \u00e7at\u0131\u015fmalardan dolay\u0131 sivil bir \u00e7ok insan hem hayat\u0131n\u0131 kaybetti hem de yaraland\u0131.\u201d<\/p>\n","protected":false},"excerpt":{"rendered":"<p>\u00a0S\u00eedekan Nahiye Yetkilisi \u00cehsan \u00c7elebi yapt\u0131\u011f\u0131 a\u00e7\u0131klamada, b\u00f6lgede K\u00fcrdistan \u0130\u015f\u00e7i Partisi (PKK) faaliyetleri nedeniyle 118 k\u00f6y\u00fcn bo\u015falt\u0131ld\u0131\u011f\u0131n\u0131, bir \u00e7ok k\u00f6y\u00fcnde bo\u015falt\u0131lama tehlikesiyle kar\u015f\u0131 kar\u015f\u0131ya kald\u0131\u011f\u0131n\u0131 \u00e7\u00fcnk\u00fc PKK\u2019nin k\u00f6y yollar\u0131na may\u0131n d\u00f6\u015fedi\u011fini belirtti. Konuya ili\u015fkin Basnews\u2019e a\u00e7\u0131klamalarda bulunan \u00cehsan \u00c7elebi \u015funlar\u0131 s\u00f6yledi: \u201cS\u00eedekan\u2019a ba\u011fl\u0131 264 k\u00f6yden 118 k\u00f6y PKK\u2019nin silahl\u0131 faaliyetleri nedeniyle bo\u015falt\u0131lm\u0131\u015f durumda. PKK b\u00f6lge [&hellip;]<\/p>\n","protected":false},"author":2,"featured_media":1015052,"comment_status":"closed","ping_status":"closed","sticky":false,"template":"","format":"standard","meta":{"footnotes":""},"categories":[3],"tags":[31],"class_list":["post-1015051","post","type-post","status-publish","format-standard","has-post-thumbnail","hentry","category-kurdistan","tag-onemli"],"blocksy_meta":[],"seo_head":"<!-- This site is optimized with the Yoast SEO plugin v27.5 - https:\/\/yoast.com\/product\/yoast-seo-wordpress\/ -->\n<title>Sidekan Nahiye Y\u00f6netimi \u00c7elebi: 118 k\u00f6y bo\u015fald\u0131, PKK k\u00f6y yollar\u0131n\u0131 may\u0131nlad\u0131\u011f\u0131 i\u00e7in bu say\u0131 arta bilir - Darka Mazi<\/title>\n<meta name=\"robots\" content=\"index, follow, max-snippet:-1, max-image-preview:large, max-video-preview:-1\" \/>\n<link rel=\"canonical\" href=\"https:\/\/darkamazi.site\/archives\/1015051\" \/>\n<meta property=\"og:locale\" content=\"en_US\" \/>\n<meta property=\"og:type\" content=\"article\" \/>\n<meta property=\"og:title\" content=\"Sidekan Nahiye Y\u00f6netimi \u00c7elebi: 118 k\u00f6y bo\u015fald\u0131, PKK k\u00f6y yollar\u0131n\u0131 may\u0131nlad\u0131\u011f\u0131 i\u00e7in bu say\u0131 arta bilir - Darka Mazi\" \/>\n<meta property=\"og:description\" content=\"\u00a0S\u00eedekan Nahiye Yetkilisi \u00cehsan \u00c7elebi yapt\u0131\u011f\u0131 a\u00e7\u0131klamada, b\u00f6lgede K\u00fcrdistan \u0130\u015f\u00e7i Partisi (PKK) faaliyetleri nedeniyle 118 k\u00f6y\u00fcn bo\u015falt\u0131ld\u0131\u011f\u0131n\u0131, bir \u00e7ok k\u00f6y\u00fcnde bo\u015falt\u0131lama tehlikesiyle kar\u015f\u0131 kar\u015f\u0131ya kald\u0131\u011f\u0131n\u0131 \u00e7\u00fcnk\u00fc PKK\u2019nin k\u00f6y yollar\u0131na may\u0131n d\u00f6\u015fedi\u011fini belirtti. Konuya ili\u015fkin Basnews\u2019e a\u00e7\u0131klamalarda bulunan \u00cehsan \u00c7elebi \u015funlar\u0131 s\u00f6yledi: \u201cS\u00eedekan\u2019a ba\u011fl\u0131 264 k\u00f6yden 118 k\u00f6y PKK\u2019nin silahl\u0131 faaliyetleri nedeniyle bo\u015falt\u0131lm\u0131\u015f durumda. PKK b\u00f6lge [&hellip;]\" \/>\n<meta property=\"og:url\" content=\"https:\/\/darkamazi.site\/archives\/1015051\" \/>\n<meta property=\"og:site_name\" content=\"Darka Mazi\" \/>\n<meta property=\"article:publisher\" content=\"https:\/\/www.facebook.com\/DarkaMaziturkce\" \/>\n<meta property=\"article:published_time\" content=\"2021-06-15T11:56:52+00:00\" \/>\n<meta property=\"og:image\" content=\"https:\/\/darkamazi.site\/file\/2021\/06\/PKK-Mayin.jpg\" \/>\n\t<meta property=\"og:image:width\" content=\"2000\" \/>\n\t<meta property=\"og:image:height\" content=\"1200\" \/>\n\t<meta property=\"og:image:type\" content=\"image\/jpeg\" \/>\n<meta name=\"author\" content=\"darka mazi\" \/>\n<meta name=\"twitter:card\" content=\"summary_large_image\" \/>\n<meta name=\"twitter:creator\" content=\"@DarkaMaziTurkce\" \/>\n<meta name=\"twitter:site\" content=\"@DarkaMaziTurkce\" \/>\n<meta name=\"twitter:label1\" content=\"Written by\" \/>\n\t<meta name=\"twitter:data1\" content=\"darka mazi\" \/>\n\t<meta name=\"twitter:label2\" content=\"Est. reading time\" \/>\n\t<meta name=\"twitter:data2\" content=\"1 minute\" \/>\n<script type=\"application\/ld+json\" class=\"seo-schema-graph\">{\"@context\":\"https:\\\/\\\/schema.org\",\"@graph\":[{\"@type\":\"NewsArticle\",\"@id\":\"https:\\\/\\\/darkamazi.site\\\/archives\\\/1015051#article\",\"isPartOf\":{\"@id\":\"https:\\\/\\\/darkamazi.site\\\/archives\\\/1015051\"},\"author\":{\"name\":\"darka mazi\",\"@id\":\"https:\\\/\\\/darkamazi.site\\\/#\\\/schema\\\/person\\\/67986a95ac546c16760365877ef4a9d3\"},\"headline\":\"Sidekan Nahiye Y\u00f6netimi \u00c7elebi: 118 k\u00f6y bo\u015fald\u0131, PKK k\u00f6y yollar\u0131n\u0131 may\u0131nlad\u0131\u011f\u0131 i\u00e7in bu say\u0131 arta bilir\",\"datePublished\":\"2021-06-15T11:56:52+00:00\",\"mainEntityOfPage\":{\"@id\":\"https:\\\/\\\/darkamazi.site\\\/archives\\\/1015051\"},\"wordCount\":280,\"publisher\":{\"@id\":\"https:\\\/\\\/darkamazi.site\\\/#organization\"},\"image\":{\"@id\":\"https:\\\/\\\/darkamazi.site\\\/archives\\\/1015051#primaryimage\"},\"thumbnailUrl\":\"https:\\\/\\\/darkamazi.site\\\/darka-content\\\/uploads\\\/2021\\\/06\\\/PKK-Mayin.jpg\",\"keywords\":[\"\u00f6nemli\"],\"articleSection\":[\"Kurdistan\"],\"inLanguage\":\"en-US\"},{\"@type\":\"WebPage\",\"@id\":\"https:\\\/\\\/darkamazi.site\\\/archives\\\/1015051\",\"url\":\"https:\\\/\\\/darkamazi.site\\\/archives\\\/1015051\",\"name\":\"Sidekan Nahiye Y\u00f6netimi \u00c7elebi: 118 k\u00f6y bo\u015fald\u0131, PKK k\u00f6y yollar\u0131n\u0131 may\u0131nlad\u0131\u011f\u0131 i\u00e7in bu say\u0131 arta bilir - Darka Mazi\",\"isPartOf\":{\"@id\":\"https:\\\/\\\/darkamazi.site\\\/#website\"},\"primaryImageOfPage\":{\"@id\":\"https:\\\/\\\/darkamazi.site\\\/archives\\\/1015051#primaryimage\"},\"image\":{\"@id\":\"https:\\\/\\\/darkamazi.site\\\/archives\\\/1015051#primaryimage\"},\"thumbnailUrl\":\"https:\\\/\\\/darkamazi.site\\\/darka-content\\\/uploads\\\/2021\\\/06\\\/PKK-Mayin.jpg\",\"datePublished\":\"2021-06-15T11:56:52+00:00\",\"breadcrumb\":{\"@id\":\"https:\\\/\\\/darkamazi.site\\\/archives\\\/1015051#breadcrumb\"},\"inLanguage\":\"en-US\",\"potentialAction\":[{\"@type\":\"ReadAction\",\"target\":[\"https:\\\/\\\/darkamazi.site\\\/archives\\\/1015051\"]}]},{\"@type\":\"ImageObject\",\"inLanguage\":\"en-US\",\"@id\":\"https:\\\/\\\/darkamazi.site\\\/archives\\\/1015051#primaryimage\",\"url\":\"https:\\\/\\\/darkamazi.site\\\/darka-content\\\/uploads\\\/2021\\\/06\\\/PKK-Mayin.jpg\",\"contentUrl\":\"https:\\\/\\\/darkamazi.site\\\/darka-content\\\/uploads\\\/2021\\\/06\\\/PKK-Mayin.jpg\",\"width\":2000,\"height\":1200,\"caption\":\"Sidekan Nahiye Y\u00f6netimi \u00c7elebi: 118 k\u00f6y bo\u015fald\u0131, PKK k\u00f6y yollar\u0131n\u0131 may\u0131nlad\u0131\u011f\u0131 i\u00e7in say\u0131 arta bilir\"},{\"@type\":\"BreadcrumbList\",\"@id\":\"https:\\\/\\\/darkamazi.site\\\/archives\\\/1015051#breadcrumb\",\"itemListElement\":[{\"@type\":\"ListItem\",\"position\":1,\"name\":\"Home\",\"item\":\"https:\\\/\\\/darkamazi.site\\\/\"},{\"@type\":\"ListItem\",\"position\":2,\"name\":\"Sidekan Nahiye Y\u00f6netimi \u00c7elebi: 118 k\u00f6y bo\u015fald\u0131, PKK k\u00f6y yollar\u0131n\u0131 may\u0131nlad\u0131\u011f\u0131 i\u00e7in bu say\u0131 arta bilir\"}]},{\"@type\":\"WebSite\",\"@id\":\"https:\\\/\\\/darkamazi.site\\\/#website\",\"url\":\"https:\\\/\\\/darkamazi.site\\\/\",\"name\":\"Darka Mazi\",\"description\":\"Ana Sayfa\",\"publisher\":{\"@id\":\"https:\\\/\\\/darkamazi.site\\\/#organization\"},\"potentialAction\":[{\"@type\":\"SearchAction\",\"target\":{\"@type\":\"EntryPoint\",\"urlTemplate\":\"https:\\\/\\\/darkamazi.site\\\/?s={search_term_string}\"},\"query-input\":{\"@type\":\"PropertyValueSpecification\",\"valueRequired\":true,\"valueName\":\"search_term_string\"}}],\"inLanguage\":\"en-US\"},{\"@type\":\"Organization\",\"@id\":\"https:\\\/\\\/darkamazi.site\\\/#organization\",\"name\":\"Darka Mazi T\u00fcrk\u00e7e\",\"alternateName\":\"Darka Mazi\",\"url\":\"https:\\\/\\\/darkamazi.site\\\/\",\"logo\":{\"@type\":\"ImageObject\",\"inLanguage\":\"en-US\",\"@id\":\"https:\\\/\\\/darkamazi.site\\\/#\\\/schema\\\/logo\\\/image\\\/\",\"url\":\"https:\\\/\\\/darkamazi.site\\\/darka-content\\\/uploads\\\/2017\\\/12\\\/darka-mazi-logo.png\",\"contentUrl\":\"https:\\\/\\\/darkamazi.site\\\/darka-content\\\/uploads\\\/2017\\\/12\\\/darka-mazi-logo.png\",\"width\":151,\"height\":75,\"caption\":\"Darka Mazi T\u00fcrk\u00e7e\"},\"image\":{\"@id\":\"https:\\\/\\\/darkamazi.site\\\/#\\\/schema\\\/logo\\\/image\\\/\"},\"sameAs\":[\"https:\\\/\\\/www.facebook.com\\\/DarkaMaziturkce\",\"https:\\\/\\\/x.com\\\/DarkaMaziTurkce\"]},{\"@type\":\"Person\",\"@id\":\"https:\\\/\\\/darkamazi.site\\\/#\\\/schema\\\/person\\\/67986a95ac546c16760365877ef4a9d3\",\"name\":\"darka mazi\",\"sameAs\":[\"https:\\\/\\\/darkamazi.site\"],\"url\":\"https:\\\/\\\/darkamazi.site\\\/archives\\\/author\\\/turkish\"}]}<\/script>\n<!-- \/ Yoast SEO plugin. -->","seo_head_json":{"title":"Sidekan Nahiye Y\u00f6netimi \u00c7elebi: 118 k\u00f6y bo\u015fald\u0131, PKK k\u00f6y yollar\u0131n\u0131 may\u0131nlad\u0131\u011f\u0131 i\u00e7in bu say\u0131 arta bilir - Darka Mazi","robots":{"index":"index","follow":"follow","max-snippet":"max-snippet:-1","max-image-preview":"max-image-preview:large","max-video-preview":"max-video-preview:-1"},"canonical":"https:\/\/darkamazi.site\/archives\/1015051","og_locale":"en_US","og_type":"article","og_title":"Sidekan Nahiye Y\u00f6netimi \u00c7elebi: 118 k\u00f6y bo\u015fald\u0131, PKK k\u00f6y yollar\u0131n\u0131 may\u0131nlad\u0131\u011f\u0131 i\u00e7in bu say\u0131 arta bilir - Darka Mazi","og_description":"\u00a0S\u00eedekan Nahiye Yetkilisi \u00cehsan \u00c7elebi yapt\u0131\u011f\u0131 a\u00e7\u0131klamada, b\u00f6lgede K\u00fcrdistan \u0130\u015f\u00e7i Partisi (PKK) faaliyetleri nedeniyle 118 k\u00f6y\u00fcn bo\u015falt\u0131ld\u0131\u011f\u0131n\u0131, bir \u00e7ok k\u00f6y\u00fcnde bo\u015falt\u0131lama tehlikesiyle kar\u015f\u0131 kar\u015f\u0131ya kald\u0131\u011f\u0131n\u0131 \u00e7\u00fcnk\u00fc PKK\u2019nin k\u00f6y yollar\u0131na may\u0131n d\u00f6\u015fedi\u011fini belirtti. Konuya ili\u015fkin Basnews\u2019e a\u00e7\u0131klamalarda bulunan \u00cehsan \u00c7elebi \u015funlar\u0131 s\u00f6yledi: \u201cS\u00eedekan\u2019a ba\u011fl\u0131 264 k\u00f6yden 118 k\u00f6y PKK\u2019nin silahl\u0131 faaliyetleri nedeniyle bo\u015falt\u0131lm\u0131\u015f durumda. PKK b\u00f6lge [&hellip;]","og_url":"https:\/\/darkamazi.site\/archives\/1015051","og_site_name":"Darka Mazi","article_publisher":"https:\/\/www.facebook.com\/DarkaMaziturkce","article_published_time":"2021-06-15T11:56:52+00:00","og_image":[{"width":2000,"height":1200,"url":"https:\/\/darkamazi.site\/file\/2021\/06\/PKK-Mayin.jpg","type":"image\/jpeg"}],"author":"darka mazi","twitter_card":"summary_large_image","twitter_creator":"@DarkaMaziTurkce","twitter_site":"@DarkaMaziTurkce","twitter_misc":{"Written by":"darka mazi","Est. reading time":"1 minute"},"schema":{"@context":"https:\/\/schema.org","@graph":[{"@type":"NewsArticle","@id":"https:\/\/darkamazi.site\/archives\/1015051#article","isPartOf":{"@id":"https:\/\/darkamazi.site\/archives\/1015051"},"author":{"name":"darka mazi","@id":"https:\/\/darkamazi.site\/#\/schema\/person\/67986a95ac546c16760365877ef4a9d3"},"headline":"Sidekan Nahiye Y\u00f6netimi \u00c7elebi: 118 k\u00f6y bo\u015fald\u0131, PKK k\u00f6y yollar\u0131n\u0131 may\u0131nlad\u0131\u011f\u0131 i\u00e7in bu say\u0131 arta bilir","datePublished":"2021-06-15T11:56:52+00:00","mainEntityOfPage":{"@id":"https:\/\/darkamazi.site\/archives\/1015051"},"wordCount":280,"publisher":{"@id":"https:\/\/darkamazi.site\/#organization"},"image":{"@id":"https:\/\/darkamazi.site\/archives\/1015051#primaryimage"},"thumbnailUrl":"https:\/\/darkamazi.site\/file\/2021\/06\/PKK-Mayin.jpg","keywords":["\u00f6nemli"],"articleSection":["Kurdistan"],"inLanguage":"en-US"},{"@type":"WebPage","@id":"https:\/\/darkamazi.site\/archives\/1015051","url":"https:\/\/darkamazi.site\/archives\/1015051","name":"Sidekan Nahiye Y\u00f6netimi \u00c7elebi: 118 k\u00f6y bo\u015fald\u0131, PKK k\u00f6y yollar\u0131n\u0131 may\u0131nlad\u0131\u011f\u0131 i\u00e7in bu say\u0131 arta bilir - Darka Mazi","isPartOf":{"@id":"https:\/\/darkamazi.site\/#website"},"primaryImageOfPage":{"@id":"https:\/\/darkamazi.site\/archives\/1015051#primaryimage"},"image":{"@id":"https:\/\/darkamazi.site\/archives\/1015051#primaryimage"},"thumbnailUrl":"https:\/\/darkamazi.site\/file\/2021\/06\/PKK-Mayin.jpg","datePublished":"2021-06-15T11:56:52+00:00","breadcrumb":{"@id":"https:\/\/darkamazi.site\/archives\/1015051#breadcrumb"},"inLanguage":"en-US","potentialAction":[{"@type":"ReadAction","target":["https:\/\/darkamazi.site\/archives\/1015051"]}]},{"@type":"ImageObject","inLanguage":"en-US","@id":"https:\/\/darkamazi.site\/archives\/1015051#primaryimage","url":"https:\/\/darkamazi.site\/file\/2021\/06\/PKK-Mayin.jpg","contentUrl":"https:\/\/darkamazi.site\/file\/2021\/06\/PKK-Mayin.jpg","width":2000,"height":1200,"caption":"Sidekan Nahiye Y\u00f6netimi \u00c7elebi: 118 k\u00f6y bo\u015fald\u0131, PKK k\u00f6y yollar\u0131n\u0131 may\u0131nlad\u0131\u011f\u0131 i\u00e7in say\u0131 arta bilir"},{"@type":"BreadcrumbList","@id":"https:\/\/darkamazi.site\/archives\/1015051#breadcrumb","itemListElement":[{"@type":"ListItem","position":1,"name":"Home","item":"https:\/\/darkamazi.site\/"},{"@type":"ListItem","position":2,"name":"Sidekan Nahiye Y\u00f6netimi \u00c7elebi: 118 k\u00f6y bo\u015fald\u0131, PKK k\u00f6y yollar\u0131n\u0131 may\u0131nlad\u0131\u011f\u0131 i\u00e7in bu say\u0131 arta bilir"}]},{"@type":"WebSite","@id":"https:\/\/darkamazi.site\/#website","url":"https:\/\/darkamazi.site\/","name":"Darka Mazi","description":"Ana Sayfa","publisher":{"@id":"https:\/\/darkamazi.site\/#organization"},"potentialAction":[{"@type":"SearchAction","target":{"@type":"EntryPoint","urlTemplate":"https:\/\/darkamazi.site\/?s={search_term_string}"},"query-input":{"@type":"PropertyValueSpecification","valueRequired":true,"valueName":"search_term_string"}}],"inLanguage":"en-US"},{"@type":"Organization","@id":"https:\/\/darkamazi.site\/#organization","name":"Darka Mazi T\u00fcrk\u00e7e","alternateName":"Darka Mazi","url":"https:\/\/darkamazi.site\/","logo":{"@type":"ImageObject","inLanguage":"en-US","@id":"https:\/\/darkamazi.site\/#\/schema\/logo\/image\/","url":"https:\/\/darkamazi.site\/file\/2017\/12\/darka-mazi-logo.png","contentUrl":"https:\/\/darkamazi.site\/file\/2017\/12\/darka-mazi-logo.png","width":151,"height":75,"caption":"Darka Mazi T\u00fcrk\u00e7e"},"image":{"@id":"https:\/\/darkamazi.site\/#\/schema\/logo\/image\/"},"sameAs":["https:\/\/www.facebook.com\/DarkaMaziturkce","https:\/\/x.com\/DarkaMaziTurkce"]},{"@type":"Person","@id":"https:\/\/darkamazi.site\/#\/schema\/person\/67986a95ac546c16760365877ef4a9d3","name":"darka mazi","sameAs":["https:\/\/darkamazi.site"],"url":"https:\/\/darkamazi.site\/archives\/author\/turkish"}]}},"_links":{"self":[{"href":"https:\/\/darkamazi.site\/funavuv\/wp\/v2\/posts\/1015051","targetHints":{"allow":["GET"]}}],"collection":[{"href":"https:\/\/darkamazi.site\/funavuv\/wp\/v2\/posts"}],"about":[{"href":"https:\/\/darkamazi.site\/funavuv\/wp\/v2\/types\/post"}],"author":[{"embeddable":true,"href":"https:\/\/darkamazi.site\/funavuv\/wp\/v2\/users\/2"}],"replies":[{"embeddable":true,"href":"https:\/\/darkamazi.site\/funavuv\/wp\/v2\/comments?post=1015051"}],"version-history":[{"count":0,"href":"https:\/\/darkamazi.site\/funavuv\/wp\/v2\/posts\/1015051\/revisions"}],"wp:featuredmedia":[{"embeddable":true,"href":"https:\/\/darkamazi.site\/funavuv\/wp\/v2\/media\/1015052"}],"wp:attachment":[{"href":"https:\/\/darkamazi.site\/funavuv\/wp\/v2\/media?parent=1015051"}],"wp:term":[{"taxonomy":"category","embeddable":true,"href":"https:\/\/darkamazi.site\/funavuv\/wp\/v2\/categories?post=1015051"},{"taxonomy":"post_tag","embeddable":true,"href":"https:\/\/darkamazi.site\/funavuv\/wp\/v2\/tags?post=1015051"}],"curies":[{"name":"wp","href":"https:\/\/api.w.org\/{rel}","templated":true}]}}