{"id":1015073,"date":"2021-06-17T13:48:27","date_gmt":"2021-06-17T10:48:27","guid":{"rendered":"https:\/\/darkamazi.site\/?p=1015073"},"modified":"2021-06-17T13:54:59","modified_gmt":"2021-06-17T10:54:59","slug":"ferhan-sindi-independent-turkce-icin-yazdi-erbil-buyuk-bedellerin-sonucudur-altin-tepside-sunulmamistir","status":"publish","type":"post","link":"https:\/\/darkamazi.site\/archives\/1015073","title":{"rendered":"Ferhan Sindi Independent T\u00fcrk\u00e7e i\u00e7in yazd\u0131: Erbil b\u00fcy\u00fck bedellerin sonucudur, alt\u0131n tepside sunulmam\u0131\u015ft\u0131r"},"content":{"rendered":"<p style=\"text-align: justify\">Tan\u0131nm\u0131\u015f K\u00fcrt yazar Serbest Ferhan\u00a0 Sindi Independent T\u00fcrk\u00e7e\u2019de bir makalesi yay\u0131nlad\u0131.\u00a0 Ferhat Sindi makalesinde K\u00fcrdistan B\u00f6lgesel Y\u00f6netiminin kurulmas\u0131na yol a\u00e7an temel etkileri yorumlad\u0131. Sindi makalesinde PKK\u2019nin K\u00fcrdistan B\u00f6lgesel Y\u00f6netimine olan sald\u0131r\u0131lar\u0131n\u0131 da yorumlad\u0131.\u00a0 Makalede genel hatlar\u0131 ile \u015fu \u015fekilde:<\/p>\n<p style=\"text-align: justify\">\u201cFederal Irak Anayasas\u0131&#8217;nda ad\u0131 &#8220;Irak K\u00fcrdistan B\u00f6lgesi&#8221; olan Erbil y\u00f6netimi, 1914 y\u0131l\u0131nda Musul&#8217;da idam edilen \u015eeyh Abdusselam ve o y\u0131llarda hen\u00fcz bir \u00e7ocuk olan Molla Mustafa ile \u015eeyh Ahmed Barzani&#8217;nin 100 y\u0131ll\u0131k fiili m\u00fccadelesinin bir sonucudur. ABD ya da ba\u015fka bir g\u00fcc\u00fcn hediye etti\u011fi bir kazan\u0131m de\u011fildir.<\/p>\n<h3 style=\"font-weight: inherit;text-align: justify\"><span style=\"font-family: 'arial black', sans-serif;font-size: 12pt\">Erbil b\u00fcy\u00fck bedellerin sonucudur, alt\u0131n tepside sunulmam\u0131\u015ft\u0131r<\/span><\/h3>\n<p style=\"font-weight: inherit;text-align: justify\">Irak K\u00fcrdistan B\u00f6lgesi (IKB) , KDP ya da Barzanileri<em>\u00a0&#8220;gerici bir a\u015firet&#8221;\u00a0<\/em>g\u00fcc\u00fc, oradaki y\u00f6netimi de<em>\u00a0&#8220;babadan o\u011fula ge\u00e7en saltanat rejimi&#8221;\u00a0<\/em>g\u00f6rmek, bedel \u00f6deyen milyonlarca K\u00fcrd&#8217;e ve bu u\u011furda can\u0131n\u0131 feda eden Pe\u015fmergelere sayg\u0131s\u0131zl\u0131kt\u0131r.<\/p>\n<p style=\"font-weight: inherit;text-align: justify\">Asl\u0131nda her \u015feyden \u00f6nce insani de\u011ferlere bir h\u00fcrmetsizliktir.<\/p>\n<p style=\"font-weight: inherit;text-align: justify\">IKB&#8217;yi bug\u00fcnlere getirenler SSCB, Rusya, ABD, \u0130ngiltere ba\u015fta olmak \u00fczere b\u00f6lgesel bir\u00e7ok g\u00fcc\u00fcn de ihanetine u\u011fram\u0131\u015ft\u0131r.<\/p>\n<p style=\"font-weight: inherit;text-align: justify\">SSCB, 1946&#8217;da Mahabad Cumhuriyeti&#8217;i bir \u00e7\u0131rp\u0131da \u0130ran \u015eah\u0131&#8217;na satarken diplomasinin efsanelerinden olan d\u00f6nemin ABD D\u0131\u015fi\u015fleri Bakan\u0131 Henry Alfred Kissinger 1975&#8217;te Cezayir Anla\u015fmas\u0131 ile \u015eah ile Saddam&#8217;\u0131 bar\u0131\u015ft\u0131rarak K\u00fcrtleri \u00e7akallara ve s\u0131rtlanlara yem etmi\u015ftir.<\/p>\n<p style=\"font-weight: inherit;text-align: justify\">Bug\u00fcn<em>\u00a0&#8220;\u0130kinci \u0130srail&#8221;\u00a0<\/em>olmakla su\u00e7lanan K\u00fcrdistan B\u00f6lgesi&#8217;nin 60-70&#8217;li y\u0131llarda Tel Aviv taraf\u0131ndan nas\u0131l bir muameleye u\u011frad\u0131\u011f\u0131 namuslu ve ahlakl\u0131 ara\u015ft\u0131rmac\u0131lar\u0131n konusu olsun lakin 67&#8217;deki Arap-\u0130srail sava\u015f\u0131nda Molla Mustafa Barzani&#8217;nin Baas rejimine kar\u015f\u0131 y\u00fcr\u00fctt\u00fc\u011f\u00fc sava\u015f\u0131 durdurdu\u011funu Arap tarihi kaydetmi\u015ftir.<\/p>\n<p style=\"font-weight: inherit;text-align: justify\">O tarihte \u0130srail&#8217;e kar\u015f\u0131 sava\u015fan Arap \u00fclkelerinin (M\u0131s\u0131r, \u00dcrd\u00fcn, Suriye+Suudi, Sudan, Tunus, Fas ve Cezayir) Barzani&#8217;ye y\u00f6nelik sitayi\u015flerini buraya almayaca\u011f\u0131m.<\/p>\n<p style=\"font-weight: inherit;text-align: justify\">K\u00fcrtler 1970&#8217;te Saddam ile \u00f6zerklik anla\u015fmas\u0131 imzalay\u0131nca Araplarla birlikte \u00a0Irak&#8217;ta insanca bir ya\u015fam s\u00fcrd\u00fcrebileceklerini d\u00fc\u015f\u00fcnd\u00fcler.<\/p>\n<p style=\"font-weight: inherit;text-align: justify\">Olmay\u0131nca da sava\u015f devam etti. 80&#8217;lerde \u0130ran-Irak sava\u015f\u0131nda K\u00fcrtler kendi topraklar\u0131n\u0131 kurtarman\u0131n m\u00fccadelesini verdi.<\/p>\n<p style=\"font-weight: inherit;text-align: justify\">K\u00f6rfez Sava\u015f\u0131 olunca da olu\u015fan konjonkt\u00fcr\u00fc de\u011ferlendirmek istediler ve yeniden bir hamlede bulundular. Stratejisi Saddam&#8217;\u0131 Kuveyt&#8217;ten \u00e7\u0131karmaktan ibaret olan Baba Bush&#8217;un politikalar\u0131 nedeniyle K\u00fcrtler tarihi trajediyle kar\u015f\u0131 kar\u015f\u0131ya kald\u0131?<\/p>\n<p style=\"font-weight: inherit;text-align: justify\">Neden mi? \u00c7\u00fcnk\u00fc Saddam bir devlet g\u00fcc\u00fcne sahipti ve ABD kar\u015f\u0131s\u0131nda olsa da yan\u0131nda duran bir\u00e7ok b\u00fcy\u00fck g\u00fc\u00e7 vard\u0131. Kald\u0131 ki ABD de Kuveyt i\u015fgali bitince Saddam ile K\u00fcrtleri kar\u015f\u0131 kar\u015f\u0131ya b\u0131rakt\u0131.<\/p>\n<p style=\"font-weight: inherit;text-align: justify\">D\u00fcnya kamuoyuna yans\u0131yan g\u00f6r\u00fcnt\u00fclerin ard\u0131ndan Fransa&#8217;n\u0131n giri\u015fimiyle BMGK&#8217;den 36. Paralelde u\u00e7u\u015f yasa\u011f\u0131 konulunca K\u00fcrtlere y\u00f6nelik katliamlar sona erdi.<\/p>\n<p style=\"font-weight: inherit;text-align: justify\">K\u00fcrtler katliamdan korundan i\u00e7in sa\u011flanan uluslararas\u0131 g\u00fcvence sayesinde 30 y\u0131ld\u0131r kendi federatif y\u00f6netimlerine sahipler.<\/p>\n<p style=\"font-weight: inherit;text-align: justify\">Bunu kimse babas\u0131n\u0131n hayr\u0131na vermedi. K\u00fcrtler bunu s\u00fcper g\u00fc\u00e7lere ve b\u00f6lge \u00fclkelerinin d\u00fc\u015fmanl\u0131\u011f\u0131na ra\u011fmen kazand\u0131.<\/p>\n<p style=\"font-weight: inherit;text-align: justify\">ABD, Rusya, \u0130ngiltere vs. gibi tarihsel a\u00e7\u0131dan kendisinde d\u00fc\u015fmanl\u0131k yapan g\u00fc\u00e7lere ra\u011fmen kendi y\u00f6netimine sahip oldu. Kimse Erbil&#8217;i alt\u0131n tepside sunmad\u0131.<\/p>\n<h3 style=\"font-weight: inherit;text-align: justify\"><span style=\"font-family: 'arial black', sans-serif;font-size: 12pt\">K\u00fcrtler ile Saddam sava\u015f\u0131n iki taraf\u0131yd\u0131<\/span><\/h3>\n<p style=\"font-weight: inherit;text-align: justify\">Tam burada bir noktaya temas etmeden ge\u00e7emeyece\u011fim: KDP, KYB ya da di\u011fer hareketler, 32&#8217;den sonra ba\u011f\u0131ms\u0131zl\u0131\u011f\u0131n\u0131 elde eden Irak tarihi boyunca hi\u00e7bir d\u00f6nemde\u00a0<em>&#8220;ter\u00f6rizm&#8221;<\/em>\u00a0ile an\u0131lmad\u0131.<\/p>\n<p style=\"font-weight: inherit;text-align: justify\">Birileri bug\u00fcn<em>\u00a0&#8220;Barzani ve KDP Irak d\u00f6neminde ter\u00f6ristti. Saddam da K\u00fcrt siyaset\u00e7ilerini ter\u00f6rist g\u00f6r\u00fcyordu&#8221;\u00a0<\/em>tespitleri ger\u00e7ekleri yans\u0131tm\u0131yor.<\/p>\n<p style=\"font-weight: inherit;text-align: justify\">Barzani liderli\u011findeki K\u00fcrtler ile Saddam aras\u0131nda sava\u015f vard\u0131. Saddam bar\u0131\u015f g\u00f6r\u00fc\u015fmelerinde bulunmak istedi\u011fi zaman ya kendisi K\u00fcrdistan&#8217;a gelirdi ya da K\u00fcrtler Ba\u011fdat&#8217;a giderdi.<\/p>\n<p style=\"font-weight: inherit;text-align: justify\">Bu bir\u00e7ok defa tekrarlanm\u0131\u015ft\u0131r. K\u00fcrt heyetler Ba\u011fdat&#8217;ta Saddam ile anla\u015famay\u0131nca u\u00e7akla K\u00fcrdistan&#8217;a d\u00f6nd\u00fckten sonra sava\u015f tekrar ba\u015flard\u0131.<\/p>\n<p style=\"font-weight: inherit;text-align: justify\">Irak K\u00fcrdistan B\u00f6lgesi, b\u00fct\u00fcn eksikliklerine ve sorunlar\u0131na ra\u011fmen ekonomik, siyasi, askeri, diplomatik ve altyap\u0131 hizmetleri alan\u0131nda geli\u015fti\u011fi ve Ortado\u011fu&#8217;nun yeni g\u00f6zdelerinden biri haline geldi\u011fi i\u00e7in baz\u0131 kesimler taraf\u0131ndan<em>\u00a0&#8220;a\u015firet yap\u0131s\u0131&#8221; ,&#8221;gerici y\u00f6netim&#8221; ,&#8221;aile saltanat\u0131&#8221;<\/em>\u00a0vs. gibi ucuz ve yak\u0131\u015f\u0131ks\u0131z ithamlara maruz kal\u0131yor.<\/p>\n<h3 style=\"font-weight: inherit;text-align: justify\"><span style=\"font-family: 'arial black', sans-serif;font-size: 12pt\">PKK, IKB otoritesine kar\u015f\u0131; KDP&#8217;ye de\u011fil<\/span><\/h3>\n<p style=\"font-weight: inherit;text-align: justify\">Bu ithamlar en \u00e7ok da K\u00fcrdistan B\u00f6lgesini yasal, anayasal ve hatta me\u015fru bir y\u00f6netim-otorite kabul etmeye yana\u015fmayan PKK ve uzant\u0131s\u0131 g\u00fcruhlardan sad\u0131r oluyor.<\/p>\n<p style=\"font-weight: inherit;text-align: justify\">Nedeni ise \u00e7ok a\u00e7\u0131k: BM taraf\u0131ndan Irak devleti olarak tan\u0131nan s\u0131n\u0131rlar i\u00e7inde K\u00fcrdistan B\u00f6lgesi y\u00f6netiminin kontrol\u00fcndeki b\u00f6lgelerde kafas\u0131na eseni yapmak ve istedi\u011fi gibi at ko\u015fturmak.<\/p>\n<p style=\"font-weight: inherit;text-align: justify\">Pe\u015fmerge ve K\u00fcrdistan g\u00fcvenlik g\u00fc\u00e7leri g\u00f6revleri olan asayi\u015f, huzur ve emniyeti tesis etmeye \u00e7al\u0131\u015ft\u0131\u011f\u0131nda ilk kar\u015f\u0131 \u00e7\u0131kan kim oluyor?<\/p>\n<p style=\"font-weight: inherit;text-align: justify\">PKK ve uzant\u0131s\u0131 g\u00fc\u00e7ler. Bahane ise \u00e7ok tuhaf\u00a0<em>&#8220;Buras\u0131 kimsenin babas\u0131n\u0131n mal\u0131 de\u011fil. K\u00fcrdistan Barzani&#8217;nin babas\u0131n\u0131n topra\u011f\u0131 de\u011fil.&#8221;\u00a0<\/em><\/p>\n<p style=\"font-weight: inherit;text-align: justify\">KDP ya da Barzani K\u00fcrdistan&#8217;\u0131n sahibi de\u011fildir tabi ki, K\u00fcrdistan&#8217;\u0131n sahibi K\u00fcrtler de de\u011fildir K\u00fcrt, Arap, S\u00fcryani, T\u00fcrkmen, Asuri, Keldani, Ermeni ve di\u011fer t\u00fcm\u00a0<em>&#8220;K\u00fcrdistanl\u0131&#8221;<\/em>lar\u0131nd\u0131r.<\/p>\n<p style=\"font-weight: inherit;text-align: justify\">K\u00fcrdistan K\u00fcrtlerindir gibi \u0131rk\u00e7\u0131, \u015fovenist ve fa\u015fizanca bir zihniyete hi\u00e7bir zaman sahip olmad\u0131k. \u00a0K\u00fcrdistan&#8217;a dair s\u00f6z s\u00f6yleme hakk\u0131 da K\u00fcrdistanl\u0131lar\u0131nd\u0131r.<\/p>\n<p style=\"font-weight: inherit;text-align: justify\"><em>Peki, buran\u0131n g\u00fcvenli\u011fini kim sa\u011flayacak?\u00a0<\/em>H\u00fck\u00fcmet.\u00a0<em>H\u00fck\u00fcmet se\u00e7imlerle belirlenmiyor mu? \u00a0<\/em><\/p>\n<p style=\"font-weight: inherit;text-align: justify\"><em>Oylar\u0131yla h\u00fck\u00fcmeti se\u00e7en K\u00fcrdistanl\u0131lar\u0131n, Ba\u015fbakan&#8217;dan g\u00fcvenli\u011fi ve huzuru sa\u011flamas\u0131n\u0131 istemeleri kadar do\u011fal bir \u015fey olabilir mi?<\/em><\/p>\n<p style=\"font-weight: inherit;text-align: justify\">H\u00fck\u00fcmette KDP de\u011fil de Goran ya da KYB olsa da\u011flarda, k\u00f6ylerde ve ovalarda ba\u015f\u0131na buyruk hareket eden PKK&#8217;lilere\u00a0<em>&#8220;buyurun buras\u0131 sizin eviniz. Diledi\u011finizi yap\u0131n&#8221;<\/em>\u00a0m\u0131 diyecek?<\/p>\n<p style=\"font-weight: inherit;text-align: justify\">Pe\u015fmergeleri \u00f6ld\u00fcren PKKlilere KDPli olmayan ve Barzani&#8217;ye muhalif bir K\u00fcrdistan h\u00fck\u00fcmeti, madalya m\u0131 takacak?<\/p>\n<p style=\"font-weight: inherit;text-align: justify\">K\u00fcrdistan&#8217;\u0131n asayi\u015fi, huzuru ve g\u00fcvenli\u011fi nas\u0131l sa\u011flanacak? \u00d6rg\u00fctlerle ve silahl\u0131 gruplarla m\u0131?<\/p>\n<h3 style=\"font-weight: inherit;text-align: justify\"><span style=\"font-family: 'arial black', sans-serif;font-size: 12pt\">Irak K\u00fcrdistan B\u00f6lgesi&#8217;nin varolu\u015fsal tehdidi g\u00f6r\u00fclm\u00fcyor<\/span><\/h3>\n<p style=\"font-weight: inherit;text-align: justify\">\u0130slam&#8217;\u0131 ve kutsal de\u011ferleri kendileri i\u00e7in bir istismar arac\u0131na d\u00f6n\u00fc\u015ft\u00fcren baz\u0131 b\u00f6lge \u00fclkeleri ve t\u00fcm siyasetlerini onlara endeksleyen dini gruplar da \u00f6rne\u011fin Fransa&#8217;da karikat\u00fcr krizi olunca ya da Filistin&#8217;de \u0130srail ile sorunlar ya\u015fan\u0131nca hemen Erbil y\u00f6netiminden Fransa ve \u0130srail&#8217;e kar\u015f\u0131\u00a0<em>&#8220;k\u0131nama&#8221;<\/em>\u00a0yay\u0131nlamas\u0131n\u0131 bekliyor.<\/p>\n<p style=\"font-weight: inherit;text-align: justify\">Fransa K\u00f6rfez Sava\u015f\u0131&#8217;nda K\u00fcrtleri katliamdan kurtaran ve 36. paralel ile bug\u00fcnk\u00fc stat\u00fcn\u00fcn olu\u015fmas\u0131n\u0131 sa\u011flayan \u00fclkedir.<\/p>\n<p style=\"font-weight: inherit;text-align: justify\">Erbil y\u00f6netimi birilerinin g\u00fcnl\u00fck politik hesaplar\u0131 ba\u015far\u0131l\u0131 olsun diye kendisi i\u00e7in varolu\u015fsal bir konuda nas\u0131l tarihi bir hata yapabilir? Bunun ak\u0131l ve mant\u0131kla izah edilir bir yan\u0131 olabilir mi?<\/p>\n<p style=\"font-weight: inherit;text-align: justify\">Irak K\u00fcrdistan B\u00f6lgesel y\u00f6netimi Ekim 2017&#8217;de T\u00fcrkiye, \u0130ran ve hatta \u0130ngiltere&#8217;nin dahil oldu\u011fu ortak operasyonla Kerk\u00fck&#8217;\u00fc kaybetmekle kalmad\u0131 varolu\u015fsal bir tehditle kar\u015f\u0131 kar\u015f\u0131ya kald\u0131. Ha\u015fdi \u015eabi ad\u0131 alt\u0131ndaki \u0130ran-T\u00fcrkiye-\u0130ngiltere koalisyonu Erbil s\u0131n\u0131r\u0131na dayand\u0131.<\/p>\n<p style=\"font-weight: inherit;text-align: justify\">Erbil 2017&#8217;de d\u00fc\u015fmek \u00fczereyken K\u00fcrtlerin-Pe\u015fmergenin yan\u0131nda kim vard\u0131? Bu konuda tek bir devlet ya da uluslararas\u0131 g\u00fcc\u00fcn ad\u0131 verilebilir mi? Verilemez, \u00e7\u00fcnk\u00fc yoktu. K\u00fcrtler tek ba\u015f\u0131nadayd\u0131.<\/p>\n<p style=\"font-weight: inherit;text-align: justify\">K\u00fcrtler de demeyelim asl\u0131nda KDP-Barzani tek ba\u015f\u0131nayd\u0131. KYB de o tarafa ge\u00e7mi\u015fti \u00e7\u00fcnk\u00fc. KYB Kerk\u00fck&#8217;\u00fc teslim ettikten sonra Erbil ve Duhok s\u0131n\u0131r\u0131nda ya\u015fanan \u00e7at\u0131\u015fmalarda tek kur\u015fun s\u0131kmad\u0131.<\/p>\n<h3 style=\"font-weight: inherit;text-align: justify\"><span style=\"font-family: 'arial black', sans-serif\">Erbil kurtlar sofras\u0131nda yem edilmek isteniyor<\/span><\/h3>\n<p style=\"font-weight: inherit;text-align: justify\">Erbil&#8217;i kurtlara yem etmek i\u00e7in her t\u00fcrl\u00fc entrikay\u0131 sergileyenler uluslararas\u0131 kamuoyunda ve i\u00e7 kamuoyunda s\u0131k\u0131\u015f\u0131nca Erbil&#8217;in kendilerine payanda olmas\u0131n\u0131 bekliyor.<\/p>\n<p style=\"font-weight: inherit;text-align: justify\">Bug\u00fcn K\u00fcrdistan B\u00f6lgesi ile PKK aras\u0131nda ya\u015fananlar iki K\u00fcrt g\u00fcc\u00fc aras\u0131nda meydana gelen bir anla\u015fmazl\u0131k de\u011fildir. Bu alg\u0131 operasyonuna kimse kanmas\u0131n. Bu bir aldatmacad\u0131r.<\/p>\n<p style=\"font-weight: inherit;text-align: justify\">Olan \u015fudur: PKK, Irak K\u00fcrdistan B\u00f6lgesi&#8217;nin me\u015fru-yasal-anayasal stat\u00fcs\u00fcn\u00fc tan\u0131m\u0131yor, otoritesini kabul etmiyor, Pe\u015fmerge g\u00fc\u00e7lerinin yetkilerini yok say\u0131yor ve ba\u015f\u0131na buyruk hareket etmek istiyor.<\/p>\n<p style=\"font-weight: inherit;text-align: justify\">Yasalar\u0131 ve anayasay\u0131 \u00e7i\u011fneyen silahl\u0131 bir \u00f6rg\u00fct\u00fcn dezenformasyon ara\u00e7lar\u0131n\u0131n yayd\u0131\u011f\u0131 bilgi kirlili\u011finden zehirlenenler su\u00e7 i\u015fleyenlerin yarg\u0131lanmas\u0131n\u0131 isteyecekleri yerde halk\u0131n en temel hakk\u0131 olan g\u00fcvenli\u011fi ve huzuru temin etmekle g\u00f6revli K\u00fcrdistan y\u00f6netimini su\u00e7lama kolayc\u0131l\u0131\u011f\u0131na ka\u00e7\u0131yor.<\/p>\n<p style=\"font-weight: inherit;text-align: justify\">Irak K\u00fcrdistan B\u00f6lgesi&#8217;ni siyasi, tarihsel, etnik, k\u00fclt\u00fcrel, co\u011frafik, d\u00fc\u015f\u00fcnsel vs. hangi saikle olursa olsun dost g\u00f6renler buras\u0131 i\u00e7in varolu\u015fsal tehditleri de g\u00f6rmelidir.<\/p>\n<p style=\"font-weight: inherit;text-align: justify\">Erbil&#8217;in iyili\u011fini isteyenler kurtlar sofras\u0131na yat\u0131r\u0131lm\u0131\u015f bir stat\u00fcden bahsetti\u011fimizi \u00e7ok iyi bilmelidir. Ve Erbil&#8217;e y\u00f6nelik tehditlerin \u00e7ok ciddi oldu\u011funu K\u00fcrtler ile K\u00fcrdistan B\u00f6lgesi dostlar\u0131 unutmamal\u0131d\u0131r.\u201d<\/p>\n<p>\u00a0yaz\u0131n\u0131n orjinaline burada ula\u015fa bilirsiniz: https:\/\/www.indyturk.com\/node\/374316\/t%C3%BCrki%CC%87yeden-sesler\/kurtlar-sofras%C4%B1na-yat%C4%B1r%C4%B1lan-irak-k%C3%BCrdistan-b%C3%B6lgesi<\/p>\n","protected":false},"excerpt":{"rendered":"<p>Tan\u0131nm\u0131\u015f K\u00fcrt yazar Serbest Ferhan\u00a0 Sindi Independent T\u00fcrk\u00e7e\u2019de bir makalesi yay\u0131nlad\u0131.\u00a0 Ferhat Sindi makalesinde K\u00fcrdistan B\u00f6lgesel Y\u00f6netiminin kurulmas\u0131na yol a\u00e7an temel etkileri yorumlad\u0131. Sindi makalesinde PKK\u2019nin K\u00fcrdistan B\u00f6lgesel Y\u00f6netimine olan sald\u0131r\u0131lar\u0131n\u0131 da yorumlad\u0131.\u00a0 Makalede genel hatlar\u0131 ile \u015fu \u015fekilde: \u201cFederal Irak Anayasas\u0131&#8217;nda ad\u0131 &#8220;Irak K\u00fcrdistan B\u00f6lgesi&#8221; olan Erbil y\u00f6netimi, 1914 y\u0131l\u0131nda Musul&#8217;da idam edilen \u015eeyh [&hellip;]<\/p>\n","protected":false},"author":2,"featured_media":1015077,"comment_status":"closed","ping_status":"closed","sticky":false,"template":"","format":"standard","meta":{"footnotes":""},"categories":[7],"tags":[31],"class_list":["post-1015073","post","type-post","status-publish","format-standard","has-post-thumbnail","hentry","category-editorden","tag-onemli"],"blocksy_meta":[],"seo_head":"<!-- This site is optimized with the Yoast SEO plugin v27.5 - https:\/\/yoast.com\/product\/yoast-seo-wordpress\/ -->\n<title>Ferhan Sindi Independent T\u00fcrk\u00e7e i\u00e7in yazd\u0131: Erbil b\u00fcy\u00fck bedellerin sonucudur, alt\u0131n tepside sunulmam\u0131\u015ft\u0131r - Darka Mazi<\/title>\n<meta name=\"robots\" content=\"index, follow, max-snippet:-1, max-image-preview:large, max-video-preview:-1\" \/>\n<link rel=\"canonical\" href=\"https:\/\/darkamazi.site\/archives\/1015073\" \/>\n<meta property=\"og:locale\" content=\"en_US\" \/>\n<meta property=\"og:type\" content=\"article\" \/>\n<meta property=\"og:title\" content=\"Ferhan Sindi Independent T\u00fcrk\u00e7e i\u00e7in yazd\u0131: Erbil b\u00fcy\u00fck bedellerin sonucudur, alt\u0131n tepside sunulmam\u0131\u015ft\u0131r - Darka Mazi\" \/>\n<meta property=\"og:description\" content=\"Tan\u0131nm\u0131\u015f K\u00fcrt yazar Serbest Ferhan\u00a0 Sindi Independent T\u00fcrk\u00e7e\u2019de bir makalesi yay\u0131nlad\u0131.\u00a0 Ferhat Sindi makalesinde K\u00fcrdistan B\u00f6lgesel Y\u00f6netiminin kurulmas\u0131na yol a\u00e7an temel etkileri yorumlad\u0131. Sindi makalesinde PKK\u2019nin K\u00fcrdistan B\u00f6lgesel Y\u00f6netimine olan sald\u0131r\u0131lar\u0131n\u0131 da yorumlad\u0131.\u00a0 Makalede genel hatlar\u0131 ile \u015fu \u015fekilde: \u201cFederal Irak Anayasas\u0131&#8217;nda ad\u0131 &#8220;Irak K\u00fcrdistan B\u00f6lgesi&#8221; olan Erbil y\u00f6netimi, 1914 y\u0131l\u0131nda Musul&#8217;da idam edilen \u015eeyh [&hellip;]\" \/>\n<meta property=\"og:url\" content=\"https:\/\/darkamazi.site\/archives\/1015073\" \/>\n<meta property=\"og:site_name\" content=\"Darka Mazi\" \/>\n<meta property=\"article:publisher\" content=\"https:\/\/www.facebook.com\/DarkaMaziturkce\" \/>\n<meta property=\"article:published_time\" content=\"2021-06-17T10:48:27+00:00\" \/>\n<meta property=\"article:modified_time\" content=\"2021-06-17T10:54:59+00:00\" \/>\n<meta property=\"og:image\" content=\"https:\/\/darkamazi.site\/file\/2021\/06\/Serbeset-Ferhat-Sindi.jpg\" \/>\n\t<meta property=\"og:image:width\" content=\"1200\" \/>\n\t<meta property=\"og:image:height\" content=\"628\" \/>\n\t<meta property=\"og:image:type\" content=\"image\/jpeg\" \/>\n<meta name=\"author\" content=\"darka mazi\" \/>\n<meta name=\"twitter:card\" content=\"summary_large_image\" \/>\n<meta name=\"twitter:creator\" content=\"@DarkaMaziTurkce\" \/>\n<meta name=\"twitter:site\" content=\"@DarkaMaziTurkce\" \/>\n<meta name=\"twitter:label1\" content=\"Written by\" \/>\n\t<meta name=\"twitter:data1\" content=\"darka mazi\" \/>\n\t<meta name=\"twitter:label2\" content=\"Est. reading time\" \/>\n\t<meta name=\"twitter:data2\" content=\"5 minutes\" \/>\n<script type=\"application\/ld+json\" class=\"seo-schema-graph\">{\"@context\":\"https:\\\/\\\/schema.org\",\"@graph\":[{\"@type\":\"NewsArticle\",\"@id\":\"https:\\\/\\\/darkamazi.site\\\/archives\\\/1015073#article\",\"isPartOf\":{\"@id\":\"https:\\\/\\\/darkamazi.site\\\/archives\\\/1015073\"},\"author\":{\"name\":\"darka mazi\",\"@id\":\"https:\\\/\\\/darkamazi.site\\\/#\\\/schema\\\/person\\\/67986a95ac546c16760365877ef4a9d3\"},\"headline\":\"Ferhan Sindi Independent T\u00fcrk\u00e7e i\u00e7in yazd\u0131: Erbil b\u00fcy\u00fck bedellerin sonucudur, alt\u0131n tepside sunulmam\u0131\u015ft\u0131r\",\"datePublished\":\"2021-06-17T10:48:27+00:00\",\"dateModified\":\"2021-06-17T10:54:59+00:00\",\"mainEntityOfPage\":{\"@id\":\"https:\\\/\\\/darkamazi.site\\\/archives\\\/1015073\"},\"wordCount\":1661,\"publisher\":{\"@id\":\"https:\\\/\\\/darkamazi.site\\\/#organization\"},\"image\":{\"@id\":\"https:\\\/\\\/darkamazi.site\\\/archives\\\/1015073#primaryimage\"},\"thumbnailUrl\":\"https:\\\/\\\/darkamazi.site\\\/darka-content\\\/uploads\\\/2021\\\/06\\\/Serbeset-Ferhat-Sindi.jpg\",\"keywords\":[\"\u00f6nemli\"],\"articleSection\":[\"Edit\u00f6rden\"],\"inLanguage\":\"en-US\"},{\"@type\":\"WebPage\",\"@id\":\"https:\\\/\\\/darkamazi.site\\\/archives\\\/1015073\",\"url\":\"https:\\\/\\\/darkamazi.site\\\/archives\\\/1015073\",\"name\":\"Ferhan Sindi Independent T\u00fcrk\u00e7e i\u00e7in yazd\u0131: Erbil b\u00fcy\u00fck bedellerin sonucudur, alt\u0131n tepside sunulmam\u0131\u015ft\u0131r - Darka Mazi\",\"isPartOf\":{\"@id\":\"https:\\\/\\\/darkamazi.site\\\/#website\"},\"primaryImageOfPage\":{\"@id\":\"https:\\\/\\\/darkamazi.site\\\/archives\\\/1015073#primaryimage\"},\"image\":{\"@id\":\"https:\\\/\\\/darkamazi.site\\\/archives\\\/1015073#primaryimage\"},\"thumbnailUrl\":\"https:\\\/\\\/darkamazi.site\\\/darka-content\\\/uploads\\\/2021\\\/06\\\/Serbeset-Ferhat-Sindi.jpg\",\"datePublished\":\"2021-06-17T10:48:27+00:00\",\"dateModified\":\"2021-06-17T10:54:59+00:00\",\"breadcrumb\":{\"@id\":\"https:\\\/\\\/darkamazi.site\\\/archives\\\/1015073#breadcrumb\"},\"inLanguage\":\"en-US\",\"potentialAction\":[{\"@type\":\"ReadAction\",\"target\":[\"https:\\\/\\\/darkamazi.site\\\/archives\\\/1015073\"]}]},{\"@type\":\"ImageObject\",\"inLanguage\":\"en-US\",\"@id\":\"https:\\\/\\\/darkamazi.site\\\/archives\\\/1015073#primaryimage\",\"url\":\"https:\\\/\\\/darkamazi.site\\\/darka-content\\\/uploads\\\/2021\\\/06\\\/Serbeset-Ferhat-Sindi.jpg\",\"contentUrl\":\"https:\\\/\\\/darkamazi.site\\\/darka-content\\\/uploads\\\/2021\\\/06\\\/Serbeset-Ferhat-Sindi.jpg\",\"width\":1200,\"height\":628,\"caption\":\"Ferhan Sindi Independent T\u00fcrk\u00e7e i\u00e7in yazd\u0131: Erbil b\u00fcy\u00fck bedellerin sonucudur, alt\u0131n tepside sunulmam\u0131\u015ft\u0131r Mahabad, KDP,, PKK , ABD;\"},{\"@type\":\"BreadcrumbList\",\"@id\":\"https:\\\/\\\/darkamazi.site\\\/archives\\\/1015073#breadcrumb\",\"itemListElement\":[{\"@type\":\"ListItem\",\"position\":1,\"name\":\"Home\",\"item\":\"https:\\\/\\\/darkamazi.site\\\/\"},{\"@type\":\"ListItem\",\"position\":2,\"name\":\"Ferhan Sindi Independent T\u00fcrk\u00e7e i\u00e7in yazd\u0131: Erbil b\u00fcy\u00fck bedellerin sonucudur, alt\u0131n tepside sunulmam\u0131\u015ft\u0131r\"}]},{\"@type\":\"WebSite\",\"@id\":\"https:\\\/\\\/darkamazi.site\\\/#website\",\"url\":\"https:\\\/\\\/darkamazi.site\\\/\",\"name\":\"Darka Mazi\",\"description\":\"Ana Sayfa\",\"publisher\":{\"@id\":\"https:\\\/\\\/darkamazi.site\\\/#organization\"},\"potentialAction\":[{\"@type\":\"SearchAction\",\"target\":{\"@type\":\"EntryPoint\",\"urlTemplate\":\"https:\\\/\\\/darkamazi.site\\\/?s={search_term_string}\"},\"query-input\":{\"@type\":\"PropertyValueSpecification\",\"valueRequired\":true,\"valueName\":\"search_term_string\"}}],\"inLanguage\":\"en-US\"},{\"@type\":\"Organization\",\"@id\":\"https:\\\/\\\/darkamazi.site\\\/#organization\",\"name\":\"Darka Mazi T\u00fcrk\u00e7e\",\"alternateName\":\"Darka Mazi\",\"url\":\"https:\\\/\\\/darkamazi.site\\\/\",\"logo\":{\"@type\":\"ImageObject\",\"inLanguage\":\"en-US\",\"@id\":\"https:\\\/\\\/darkamazi.site\\\/#\\\/schema\\\/logo\\\/image\\\/\",\"url\":\"https:\\\/\\\/darkamazi.site\\\/darka-content\\\/uploads\\\/2017\\\/12\\\/darka-mazi-logo.png\",\"contentUrl\":\"https:\\\/\\\/darkamazi.site\\\/darka-content\\\/uploads\\\/2017\\\/12\\\/darka-mazi-logo.png\",\"width\":151,\"height\":75,\"caption\":\"Darka Mazi T\u00fcrk\u00e7e\"},\"image\":{\"@id\":\"https:\\\/\\\/darkamazi.site\\\/#\\\/schema\\\/logo\\\/image\\\/\"},\"sameAs\":[\"https:\\\/\\\/www.facebook.com\\\/DarkaMaziturkce\",\"https:\\\/\\\/x.com\\\/DarkaMaziTurkce\"]},{\"@type\":\"Person\",\"@id\":\"https:\\\/\\\/darkamazi.site\\\/#\\\/schema\\\/person\\\/67986a95ac546c16760365877ef4a9d3\",\"name\":\"darka mazi\",\"sameAs\":[\"https:\\\/\\\/darkamazi.site\"],\"url\":\"https:\\\/\\\/darkamazi.site\\\/archives\\\/author\\\/turkish\"}]}<\/script>\n<!-- \/ Yoast SEO plugin. -->","seo_head_json":{"title":"Ferhan Sindi Independent T\u00fcrk\u00e7e i\u00e7in yazd\u0131: Erbil b\u00fcy\u00fck bedellerin sonucudur, alt\u0131n tepside sunulmam\u0131\u015ft\u0131r - Darka Mazi","robots":{"index":"index","follow":"follow","max-snippet":"max-snippet:-1","max-image-preview":"max-image-preview:large","max-video-preview":"max-video-preview:-1"},"canonical":"https:\/\/darkamazi.site\/archives\/1015073","og_locale":"en_US","og_type":"article","og_title":"Ferhan Sindi Independent T\u00fcrk\u00e7e i\u00e7in yazd\u0131: Erbil b\u00fcy\u00fck bedellerin sonucudur, alt\u0131n tepside sunulmam\u0131\u015ft\u0131r - Darka Mazi","og_description":"Tan\u0131nm\u0131\u015f K\u00fcrt yazar Serbest Ferhan\u00a0 Sindi Independent T\u00fcrk\u00e7e\u2019de bir makalesi yay\u0131nlad\u0131.\u00a0 Ferhat Sindi makalesinde K\u00fcrdistan B\u00f6lgesel Y\u00f6netiminin kurulmas\u0131na yol a\u00e7an temel etkileri yorumlad\u0131. Sindi makalesinde PKK\u2019nin K\u00fcrdistan B\u00f6lgesel Y\u00f6netimine olan sald\u0131r\u0131lar\u0131n\u0131 da yorumlad\u0131.\u00a0 Makalede genel hatlar\u0131 ile \u015fu \u015fekilde: \u201cFederal Irak Anayasas\u0131&#8217;nda ad\u0131 &#8220;Irak K\u00fcrdistan B\u00f6lgesi&#8221; olan Erbil y\u00f6netimi, 1914 y\u0131l\u0131nda Musul&#8217;da idam edilen \u015eeyh [&hellip;]","og_url":"https:\/\/darkamazi.site\/archives\/1015073","og_site_name":"Darka Mazi","article_publisher":"https:\/\/www.facebook.com\/DarkaMaziturkce","article_published_time":"2021-06-17T10:48:27+00:00","article_modified_time":"2021-06-17T10:54:59+00:00","og_image":[{"width":1200,"height":628,"url":"https:\/\/darkamazi.site\/file\/2021\/06\/Serbeset-Ferhat-Sindi.jpg","type":"image\/jpeg"}],"author":"darka mazi","twitter_card":"summary_large_image","twitter_creator":"@DarkaMaziTurkce","twitter_site":"@DarkaMaziTurkce","twitter_misc":{"Written by":"darka mazi","Est. reading time":"5 minutes"},"schema":{"@context":"https:\/\/schema.org","@graph":[{"@type":"NewsArticle","@id":"https:\/\/darkamazi.site\/archives\/1015073#article","isPartOf":{"@id":"https:\/\/darkamazi.site\/archives\/1015073"},"author":{"name":"darka mazi","@id":"https:\/\/darkamazi.site\/#\/schema\/person\/67986a95ac546c16760365877ef4a9d3"},"headline":"Ferhan Sindi Independent T\u00fcrk\u00e7e i\u00e7in yazd\u0131: Erbil b\u00fcy\u00fck bedellerin sonucudur, alt\u0131n tepside sunulmam\u0131\u015ft\u0131r","datePublished":"2021-06-17T10:48:27+00:00","dateModified":"2021-06-17T10:54:59+00:00","mainEntityOfPage":{"@id":"https:\/\/darkamazi.site\/archives\/1015073"},"wordCount":1661,"publisher":{"@id":"https:\/\/darkamazi.site\/#organization"},"image":{"@id":"https:\/\/darkamazi.site\/archives\/1015073#primaryimage"},"thumbnailUrl":"https:\/\/darkamazi.site\/file\/2021\/06\/Serbeset-Ferhat-Sindi.jpg","keywords":["\u00f6nemli"],"articleSection":["Edit\u00f6rden"],"inLanguage":"en-US"},{"@type":"WebPage","@id":"https:\/\/darkamazi.site\/archives\/1015073","url":"https:\/\/darkamazi.site\/archives\/1015073","name":"Ferhan Sindi Independent T\u00fcrk\u00e7e i\u00e7in yazd\u0131: Erbil b\u00fcy\u00fck bedellerin sonucudur, alt\u0131n tepside sunulmam\u0131\u015ft\u0131r - Darka Mazi","isPartOf":{"@id":"https:\/\/darkamazi.site\/#website"},"primaryImageOfPage":{"@id":"https:\/\/darkamazi.site\/archives\/1015073#primaryimage"},"image":{"@id":"https:\/\/darkamazi.site\/archives\/1015073#primaryimage"},"thumbnailUrl":"https:\/\/darkamazi.site\/file\/2021\/06\/Serbeset-Ferhat-Sindi.jpg","datePublished":"2021-06-17T10:48:27+00:00","dateModified":"2021-06-17T10:54:59+00:00","breadcrumb":{"@id":"https:\/\/darkamazi.site\/archives\/1015073#breadcrumb"},"inLanguage":"en-US","potentialAction":[{"@type":"ReadAction","target":["https:\/\/darkamazi.site\/archives\/1015073"]}]},{"@type":"ImageObject","inLanguage":"en-US","@id":"https:\/\/darkamazi.site\/archives\/1015073#primaryimage","url":"https:\/\/darkamazi.site\/file\/2021\/06\/Serbeset-Ferhat-Sindi.jpg","contentUrl":"https:\/\/darkamazi.site\/file\/2021\/06\/Serbeset-Ferhat-Sindi.jpg","width":1200,"height":628,"caption":"Ferhan Sindi Independent T\u00fcrk\u00e7e i\u00e7in yazd\u0131: Erbil b\u00fcy\u00fck bedellerin sonucudur, alt\u0131n tepside sunulmam\u0131\u015ft\u0131r Mahabad, KDP,, PKK , ABD;"},{"@type":"BreadcrumbList","@id":"https:\/\/darkamazi.site\/archives\/1015073#breadcrumb","itemListElement":[{"@type":"ListItem","position":1,"name":"Home","item":"https:\/\/darkamazi.site\/"},{"@type":"ListItem","position":2,"name":"Ferhan Sindi Independent T\u00fcrk\u00e7e i\u00e7in yazd\u0131: Erbil b\u00fcy\u00fck bedellerin sonucudur, alt\u0131n tepside sunulmam\u0131\u015ft\u0131r"}]},{"@type":"WebSite","@id":"https:\/\/darkamazi.site\/#website","url":"https:\/\/darkamazi.site\/","name":"Darka Mazi","description":"Ana Sayfa","publisher":{"@id":"https:\/\/darkamazi.site\/#organization"},"potentialAction":[{"@type":"SearchAction","target":{"@type":"EntryPoint","urlTemplate":"https:\/\/darkamazi.site\/?s={search_term_string}"},"query-input":{"@type":"PropertyValueSpecification","valueRequired":true,"valueName":"search_term_string"}}],"inLanguage":"en-US"},{"@type":"Organization","@id":"https:\/\/darkamazi.site\/#organization","name":"Darka Mazi T\u00fcrk\u00e7e","alternateName":"Darka Mazi","url":"https:\/\/darkamazi.site\/","logo":{"@type":"ImageObject","inLanguage":"en-US","@id":"https:\/\/darkamazi.site\/#\/schema\/logo\/image\/","url":"https:\/\/darkamazi.site\/file\/2017\/12\/darka-mazi-logo.png","contentUrl":"https:\/\/darkamazi.site\/file\/2017\/12\/darka-mazi-logo.png","width":151,"height":75,"caption":"Darka Mazi T\u00fcrk\u00e7e"},"image":{"@id":"https:\/\/darkamazi.site\/#\/schema\/logo\/image\/"},"sameAs":["https:\/\/www.facebook.com\/DarkaMaziturkce","https:\/\/x.com\/DarkaMaziTurkce"]},{"@type":"Person","@id":"https:\/\/darkamazi.site\/#\/schema\/person\/67986a95ac546c16760365877ef4a9d3","name":"darka mazi","sameAs":["https:\/\/darkamazi.site"],"url":"https:\/\/darkamazi.site\/archives\/author\/turkish"}]}},"_links":{"self":[{"href":"https:\/\/darkamazi.site\/funavuv\/wp\/v2\/posts\/1015073","targetHints":{"allow":["GET"]}}],"collection":[{"href":"https:\/\/darkamazi.site\/funavuv\/wp\/v2\/posts"}],"about":[{"href":"https:\/\/darkamazi.site\/funavuv\/wp\/v2\/types\/post"}],"author":[{"embeddable":true,"href":"https:\/\/darkamazi.site\/funavuv\/wp\/v2\/users\/2"}],"replies":[{"embeddable":true,"href":"https:\/\/darkamazi.site\/funavuv\/wp\/v2\/comments?post=1015073"}],"version-history":[{"count":0,"href":"https:\/\/darkamazi.site\/funavuv\/wp\/v2\/posts\/1015073\/revisions"}],"wp:featuredmedia":[{"embeddable":true,"href":"https:\/\/darkamazi.site\/funavuv\/wp\/v2\/media\/1015077"}],"wp:attachment":[{"href":"https:\/\/darkamazi.site\/funavuv\/wp\/v2\/media?parent=1015073"}],"wp:term":[{"taxonomy":"category","embeddable":true,"href":"https:\/\/darkamazi.site\/funavuv\/wp\/v2\/categories?post=1015073"},{"taxonomy":"post_tag","embeddable":true,"href":"https:\/\/darkamazi.site\/funavuv\/wp\/v2\/tags?post=1015073"}],"curies":[{"name":"wp","href":"https:\/\/api.w.org\/{rel}","templated":true}]}}