{"id":1015253,"date":"2021-06-26T19:51:06","date_gmt":"2021-06-26T16:51:06","guid":{"rendered":"https:\/\/darkamazi.site\/?p=1015253"},"modified":"2021-06-26T19:52:05","modified_gmt":"2021-06-26T16:52:05","slug":"hesen-zirekin-49-yil-once-bu-gun-ardinda-1500e-yakin-eser-birakarak-aramizdan-ayrildi","status":"publish","type":"post","link":"https:\/\/darkamazi.site\/archives\/1015253","title":{"rendered":"Hesen Zirek\u2019in 49 y\u0131l \u00f6nce bu g\u00fcn ard\u0131nda 1500&#8217;e yak\u0131n eser b\u0131rakarak aram\u0131zdan ayr\u0131ld\u0131"},"content":{"rendered":"<article>\n<div>\n<p style=\"text-align: justify\">\u00a0K\u00fcrdistan\u2019\u0131n tatn\u0131nm\u0131\u015f sanat\u00e7\u0131s\u0131 \u00a0Hesen Zirek\u2019in vefat\u0131n\u0131n \u00fczerinden 47 y\u0131l ge\u00e7ti. Hayat b\u00fcy\u00fck zorluklar i\u00e7erisinde ge\u00e7en Hesen Zirek, y\u0131llarca K\u00fcrt halk\u0131n\u0131n ac\u0131lar\u0131n\u0131 \u015fark\u0131lar\u0131yla dile getirdi.<\/p>\n<p style=\"text-align: justify\">\u00dcnl\u00fc Sanat\u00e7\u0131 Hesen Zirek 29 Kas\u0131m 1921\u2019de d\u00fcnyaya geldi. Baz\u0131 kaynaklar Zirek\u2019in Rojhilat\u2019\u0131n Seqiz ve Bokan kentleri aras\u0131ndaki Herm\u00eale k\u00f6y\u00fcnde do\u011fdu\u011funu belirtirken, baz\u0131lar\u0131 ise Rojhilat\u2019in Mukriyana kentinde do\u011fdu\u011funu belirtiyor.<\/p>\n<p style=\"text-align: justify\">Herm\u00eale k\u00f6y\u00fcnde a\u011fan\u0131n yan\u0131nda \u00e7al\u0131\u015fan Hesen Zirek\u2019in babas\u0131 Ebdullah, \u00e7al\u0131\u015fkanl\u0131\u011f\u0131yla bilindi\u011fi i\u00e7in ona \u00e7al\u0131\u015fkan anlam\u0131na gelen \u201cZirek\u201d ismi veriliyor.<\/p>\n<p style=\"text-align: justify\">Hen\u00fcz 11 ya\u015f\u0131ndayken babas\u0131n\u0131 kaybeden Hesen Zirek, annesiyle birlikte Seqiz\u2019e ge\u00e7iyor. Annesinin evlenmesinden olumsuz etkilenen Zirek, 12 ya\u015f\u0131ndayken k\u00f6y\u00fcne d\u00f6nerek, k\u00f6yde a\u011fan\u0131n yan\u0131nda \u00e7al\u0131\u015fmaya ba\u015fl\u0131yor.<\/p>\n<p style=\"text-align: justify\">\u015eark\u0131 s\u00f6yleyerek i\u015fini yapan Zirek, etraf\u0131ndakilerinin dikkatini \u00e7ekmeyi ba\u015far\u0131yor. Sesinin g\u00fczelli\u011fi a\u011fan\u0131n kula\u011f\u0131na kadar gidiyor. A\u011fa, Zirek\u2019i divan\u0131na davet ederek ondan k\u00f6ydeki \u015fenliklerde \u015fark\u0131 s\u00f6ylemesini istiyor.<\/p>\n<p style=\"text-align: justify\">K\u00f6yden ayr\u0131l\u0131p \u015fehre giden Zirek, uzun bir s\u00fcre restoranlarda \u00e7al\u0131\u015f\u0131yor. Zirek, daha sonra Seqiz\u2019de Mina Xani Erdelan\u2019\u0131n \u015fof\u00f6rl\u00fc\u011f\u00fcn\u00fc yapmaya ba\u015fl\u0131yor. Qureder\u00ea k\u00f6y\u00fcnde ara\u00e7la ge\u00e7ti\u011fi s\u0131rada bir \u00e7ocu\u011fa \u00e7arp\u0131p, \u00e7o\u011fun ya\u015fam\u0131na yitirmesine neden olan Zirek, cezaevine girmemek i\u00e7in Irak\u2019\u0131n ba\u015fkenti Ba\u011fdat\u2019a gidiyor.<\/p>\n<p style=\"text-align: justify\">1953\u2019te ilk \u015fark\u0131s\u0131n\u0131 Ba\u011fdat radyosunda seslendiren Zirek, daha sonra sesi \u00e7ok be\u011fenilir. Ba\u011fdat\u2019ta 70\u2019e yak\u0131n \u015fark\u0131 kaydeden Zirek\u2019in \u015fark\u0131lar\u0131 K\u00fcrdistan\u2019\u0131n d\u00f6rt par\u00e7as\u0131na yay\u0131l\u0131yor.<\/p>\n<p style=\"text-align: justify\">1958\u2019den sonra bir kez daha \u0130ran\u2019a d\u00f6nen Zirek, Tahran Radyo\u2019sunun K\u00fcrt\u00e7e biriminde \u00e7al\u0131\u015fmaya ba\u015fl\u0131yor. Daha sonra Kirma\u015fan Radyo\u2019su ile ileti\u015fime ge\u00e7en Zirek, Kirma\u015fan Radyo\u2019sunda 83 \u015fark\u0131 kaydediyor. Zirek, en iyi \u015fark\u0131lar\u0131n\u0131 Kirma\u015fan\u2019da ge\u00e7irdi\u011fi iki y\u0131l i\u00e7erisinde Kirma\u015fan orkestras\u0131 arac\u0131l\u0131\u011f\u0131yla ve Mucteba Mirzade\u2019nin deste\u011fiyle kaydediyor.<\/p>\n<p style=\"text-align: justify\">K\u00fcrdistan\u2019\u0131 bir\u00e7ok kentini, il\u00e7esini k\u00f6y\u00fcn\u00fc dola\u015fan Zirek, K\u00fcrt halk\u0131n\u0131n ya\u015fad\u0131\u011f\u0131 ac\u0131lara tan\u0131kl\u0131k ediyor. K\u00fcrdistan\u2019\u0131n do\u011fas\u0131n\u0131 ve halk\u0131n\u0131n ac\u0131lar\u0131n\u0131 \u015fark\u0131lar\u0131yla dile getiren Zirek, K\u00fcrdistan\u2019\u0131n d\u00f6rt par\u00e7as\u0131ndaki K\u00fcrtler taraf\u0131ndan dinleniliyor.<\/p>\n<p style=\"text-align: justify\">Her ne kadar okuma yazmas\u0131 olmasa da Zirek, seslendirdikleri ve \u015fiirlerini ezberinde tutuyor.<\/p>\n<p style=\"text-align: justify\"><strong>Bin 500 \u015fark\u0131 kaydetti<\/strong><\/p>\n<p style=\"text-align: justify\">Hesen Zirek, ya\u015fam\u0131 boyunca bin 500 \u015fark\u0131 seslendirdi. Ayn\u0131 zamanda Nali, Wefayi, Seyid Kamil, \u0130mami, Kurdi, Pir\u00eamerd, H\u00eamin, Tahir Beg Caf gibi bir\u00e7ok \u015fairin \u015fiirlerini besteledi.<\/p>\n<p style=\"text-align: justify\">Zirek\u2019in \u015fark\u0131lar\u0131, Ba\u011fdat, Tahran, Kirma\u015fan, Tewr\u00eaz, Kerk\u00fck, Musul, Mahabad radyolar\u0131nda yay\u0131nland\u0131. \u015eark\u0131lar\u0131 Bokan, Bane, Mahabad, Sileymaniye, Erbil, Musul, Ba\u011fdat, Kerk\u00fck ve K\u00fcrdistan\u2019\u0131n onlarca k\u00f6y ve il\u00e7esinde dinlenildi.<\/p>\n<p style=\"text-align: justify\">S\u00f6zleri Pirem\u00eard\u2019e ait olan Newroz Mar\u015f\u0131, Zirek\u2019in en tan\u0131nan eserleri aras\u0131nda yer al\u0131yor.<\/p>\n<p style=\"text-align: justify\">1971\u2019de kanser hastal\u0131\u011f\u0131na yakalanan Zirek, bir y\u0131l ya\u015fam m\u00fccadelesi verdikten sonra 26 Haziran 1972\u2019de hayat\u0131n\u0131 kaybetti.<\/p>\n<p style=\"text-align: justify\">Zirek\u2019in cenazesi vasiyeti \u00fczerine Urmiye\u2019nin Bokan kentinde topra\u011fa verildi.<\/p>\n<p style=\"text-align: justify\">Zirek&#8217;in Mahabad K\u00fcrt Cumhuriyeti i\u00e7in 1946 besteledi\u011fi &#8216;Ey Ni\u015ftiman&#8217; mar\u015f\u0131 Ankara&#8217;n\u0131n ta\u015f\u0131na bak \u015feklinde de\u011fi\u015ftirilirken\u00a0 Jwane Jwane eseri (Bir dalda iki kiraz), Yallah \u015eufer(Yallah \u015eof\u00f6r) Chawt Cwane Leyla (\u00e7avu\u015f k\u0131z\u0131 leyla) Nesr\u00een Emrim Bihare, (A\u011flama Yar A\u011flama) gibi bir\u00e7ok eseri\u00a0kaynak g\u00f6sterilmeden T\u00fcrk\u00e7e&#8217;ye \u00e7evrilmi\u015ftir.<\/p>\n<p style=\"text-align: justify\">Hasan Z\u00eerek\u2019in K\u00fcrdistan i\u00e7in yazd\u0131\u011f\u0131 eserler aras\u0131nda Ey Ni\u015ftiman par\u00e7as\u0131 \u00f6ne \u00e7\u0131kar.\u00a0 \u0130ran K\u00fcrdistan\u0131\u2019nda Mehabad K\u00fcrt Cumhuriyet\u2019inin y\u0131k\u0131lmas\u0131ndan sonra 1946 y\u0131l\u0131nda s\u00f6zlerini yaz\u0131p besteledi\u011fi \u201cEy Ni\u015ftiman\u201d mar\u015f \/ \u015fark\u0131s\u0131d\u0131r. \u201cEy g\u00fczel K\u00fcrdistan vatan\u0131, Aryen topra\u011f\u0131 \u00f6zg\u00fcrl\u00fc\u011f\u00fcn i\u00e7in bedenim, ruhumla direniyorum\u2026\u201d diye devamedegelen K\u00fcrdi yurtseverlik damar\u0131 hayli y\u00fcksek bir mar\u015f tarz\u0131nda \u015fark\u0131d\u0131r Zirek\u2019in Ey Ni\u015ftiman\u2019\u0131\u2026<\/p>\n<\/div>\n<\/article>\n","protected":false},"excerpt":{"rendered":"<p>\u00a0K\u00fcrdistan\u2019\u0131n tatn\u0131nm\u0131\u015f sanat\u00e7\u0131s\u0131 \u00a0Hesen Zirek\u2019in vefat\u0131n\u0131n \u00fczerinden 47 y\u0131l ge\u00e7ti. Hayat b\u00fcy\u00fck zorluklar i\u00e7erisinde ge\u00e7en Hesen Zirek, y\u0131llarca K\u00fcrt halk\u0131n\u0131n ac\u0131lar\u0131n\u0131 \u015fark\u0131lar\u0131yla dile getirdi. \u00dcnl\u00fc Sanat\u00e7\u0131 Hesen Zirek 29 Kas\u0131m 1921\u2019de d\u00fcnyaya geldi. Baz\u0131 kaynaklar Zirek\u2019in Rojhilat\u2019\u0131n Seqiz ve Bokan kentleri aras\u0131ndaki Herm\u00eale k\u00f6y\u00fcnde do\u011fdu\u011funu belirtirken, baz\u0131lar\u0131 ise Rojhilat\u2019in Mukriyana kentinde do\u011fdu\u011funu belirtiyor. Herm\u00eale k\u00f6y\u00fcnde [&hellip;]<\/p>\n","protected":false},"author":2,"featured_media":1015254,"comment_status":"closed","ping_status":"closed","sticky":false,"template":"","format":"standard","meta":{"footnotes":""},"categories":[33],"tags":[31],"class_list":["post-1015253","post","type-post","status-publish","format-standard","has-post-thumbnail","hentry","category-sanat","tag-onemli"],"blocksy_meta":[],"seo_head":"<!-- This site is optimized with the Yoast SEO plugin v27.5 - https:\/\/yoast.com\/product\/yoast-seo-wordpress\/ -->\n<title>Hesen Zirek\u2019in 49 y\u0131l \u00f6nce bu g\u00fcn ard\u0131nda 1500&#039;e yak\u0131n eser b\u0131rakarak aram\u0131zdan ayr\u0131ld\u0131 - Darka Mazi<\/title>\n<meta name=\"robots\" content=\"index, follow, max-snippet:-1, max-image-preview:large, max-video-preview:-1\" \/>\n<link rel=\"canonical\" href=\"https:\/\/darkamazi.site\/archives\/1015253\" \/>\n<meta property=\"og:locale\" content=\"en_US\" \/>\n<meta property=\"og:type\" content=\"article\" \/>\n<meta property=\"og:title\" content=\"Hesen Zirek\u2019in 49 y\u0131l \u00f6nce bu g\u00fcn ard\u0131nda 1500&#039;e yak\u0131n eser b\u0131rakarak aram\u0131zdan ayr\u0131ld\u0131 - Darka Mazi\" \/>\n<meta property=\"og:description\" content=\"\u00a0K\u00fcrdistan\u2019\u0131n tatn\u0131nm\u0131\u015f sanat\u00e7\u0131s\u0131 \u00a0Hesen Zirek\u2019in vefat\u0131n\u0131n \u00fczerinden 47 y\u0131l ge\u00e7ti. Hayat b\u00fcy\u00fck zorluklar i\u00e7erisinde ge\u00e7en Hesen Zirek, y\u0131llarca K\u00fcrt halk\u0131n\u0131n ac\u0131lar\u0131n\u0131 \u015fark\u0131lar\u0131yla dile getirdi. \u00dcnl\u00fc Sanat\u00e7\u0131 Hesen Zirek 29 Kas\u0131m 1921\u2019de d\u00fcnyaya geldi. Baz\u0131 kaynaklar Zirek\u2019in Rojhilat\u2019\u0131n Seqiz ve Bokan kentleri aras\u0131ndaki Herm\u00eale k\u00f6y\u00fcnde do\u011fdu\u011funu belirtirken, baz\u0131lar\u0131 ise Rojhilat\u2019in Mukriyana kentinde do\u011fdu\u011funu belirtiyor. Herm\u00eale k\u00f6y\u00fcnde [&hellip;]\" \/>\n<meta property=\"og:url\" content=\"https:\/\/darkamazi.site\/archives\/1015253\" \/>\n<meta property=\"og:site_name\" content=\"Darka Mazi\" \/>\n<meta property=\"article:publisher\" content=\"https:\/\/www.facebook.com\/DarkaMaziturkce\" \/>\n<meta property=\"article:published_time\" content=\"2021-06-26T16:51:06+00:00\" \/>\n<meta property=\"article:modified_time\" content=\"2021-06-26T16:52:05+00:00\" \/>\n<meta property=\"og:image\" content=\"https:\/\/darkamazi.site\/file\/2021\/06\/Hasan-Zirek.jpg\" \/>\n\t<meta property=\"og:image:width\" content=\"880\" \/>\n\t<meta property=\"og:image:height\" content=\"440\" \/>\n\t<meta property=\"og:image:type\" content=\"image\/jpeg\" \/>\n<meta name=\"author\" content=\"darka mazi\" \/>\n<meta name=\"twitter:card\" content=\"summary_large_image\" \/>\n<meta name=\"twitter:creator\" content=\"@DarkaMaziTurkce\" \/>\n<meta name=\"twitter:site\" content=\"@DarkaMaziTurkce\" \/>\n<meta name=\"twitter:label1\" content=\"Written by\" \/>\n\t<meta name=\"twitter:data1\" content=\"darka mazi\" \/>\n\t<meta name=\"twitter:label2\" content=\"Est. reading time\" \/>\n\t<meta name=\"twitter:data2\" content=\"3 minutes\" \/>\n<script type=\"application\/ld+json\" class=\"seo-schema-graph\">{\"@context\":\"https:\\\/\\\/schema.org\",\"@graph\":[{\"@type\":\"NewsArticle\",\"@id\":\"https:\\\/\\\/darkamazi.site\\\/archives\\\/1015253#article\",\"isPartOf\":{\"@id\":\"https:\\\/\\\/darkamazi.site\\\/archives\\\/1015253\"},\"author\":{\"name\":\"darka mazi\",\"@id\":\"https:\\\/\\\/darkamazi.site\\\/#\\\/schema\\\/person\\\/67986a95ac546c16760365877ef4a9d3\"},\"headline\":\"Hesen Zirek\u2019in 49 y\u0131l \u00f6nce bu g\u00fcn ard\u0131nda 1500&#8217;e yak\u0131n eser b\u0131rakarak aram\u0131zdan ayr\u0131ld\u0131\",\"datePublished\":\"2021-06-26T16:51:06+00:00\",\"dateModified\":\"2021-06-26T16:52:05+00:00\",\"mainEntityOfPage\":{\"@id\":\"https:\\\/\\\/darkamazi.site\\\/archives\\\/1015253\"},\"wordCount\":746,\"publisher\":{\"@id\":\"https:\\\/\\\/darkamazi.site\\\/#organization\"},\"image\":{\"@id\":\"https:\\\/\\\/darkamazi.site\\\/archives\\\/1015253#primaryimage\"},\"thumbnailUrl\":\"https:\\\/\\\/darkamazi.site\\\/darka-content\\\/uploads\\\/2021\\\/06\\\/Hasan-Zirek.jpg\",\"keywords\":[\"\u00f6nemli\"],\"articleSection\":[\"Sanat\"],\"inLanguage\":\"en-US\"},{\"@type\":\"WebPage\",\"@id\":\"https:\\\/\\\/darkamazi.site\\\/archives\\\/1015253\",\"url\":\"https:\\\/\\\/darkamazi.site\\\/archives\\\/1015253\",\"name\":\"Hesen Zirek\u2019in 49 y\u0131l \u00f6nce bu g\u00fcn ard\u0131nda 1500'e yak\u0131n eser b\u0131rakarak aram\u0131zdan ayr\u0131ld\u0131 - Darka Mazi\",\"isPartOf\":{\"@id\":\"https:\\\/\\\/darkamazi.site\\\/#website\"},\"primaryImageOfPage\":{\"@id\":\"https:\\\/\\\/darkamazi.site\\\/archives\\\/1015253#primaryimage\"},\"image\":{\"@id\":\"https:\\\/\\\/darkamazi.site\\\/archives\\\/1015253#primaryimage\"},\"thumbnailUrl\":\"https:\\\/\\\/darkamazi.site\\\/darka-content\\\/uploads\\\/2021\\\/06\\\/Hasan-Zirek.jpg\",\"datePublished\":\"2021-06-26T16:51:06+00:00\",\"dateModified\":\"2021-06-26T16:52:05+00:00\",\"breadcrumb\":{\"@id\":\"https:\\\/\\\/darkamazi.site\\\/archives\\\/1015253#breadcrumb\"},\"inLanguage\":\"en-US\",\"potentialAction\":[{\"@type\":\"ReadAction\",\"target\":[\"https:\\\/\\\/darkamazi.site\\\/archives\\\/1015253\"]}]},{\"@type\":\"ImageObject\",\"inLanguage\":\"en-US\",\"@id\":\"https:\\\/\\\/darkamazi.site\\\/archives\\\/1015253#primaryimage\",\"url\":\"https:\\\/\\\/darkamazi.site\\\/darka-content\\\/uploads\\\/2021\\\/06\\\/Hasan-Zirek.jpg\",\"contentUrl\":\"https:\\\/\\\/darkamazi.site\\\/darka-content\\\/uploads\\\/2021\\\/06\\\/Hasan-Zirek.jpg\",\"width\":880,\"height\":440,\"caption\":\"Hesen Zirek\u2019in 49 y\u0131l \u00f6nce bu g\u00fcn ard\u0131nda 1500'e yak\u0131n eser b\u0131rakarak aram\u0131zdan ayr\u0131ld\u0131 Pire Merd, Bokan, Mahabat, K\u00fcrdistan, Ey Ni\u015ftiman, Newroz, yalla \u015eOf\u00f6r\"},{\"@type\":\"BreadcrumbList\",\"@id\":\"https:\\\/\\\/darkamazi.site\\\/archives\\\/1015253#breadcrumb\",\"itemListElement\":[{\"@type\":\"ListItem\",\"position\":1,\"name\":\"Home\",\"item\":\"https:\\\/\\\/darkamazi.site\\\/\"},{\"@type\":\"ListItem\",\"position\":2,\"name\":\"Hesen Zirek\u2019in 49 y\u0131l \u00f6nce bu g\u00fcn ard\u0131nda 1500&#8217;e yak\u0131n eser b\u0131rakarak aram\u0131zdan ayr\u0131ld\u0131\"}]},{\"@type\":\"WebSite\",\"@id\":\"https:\\\/\\\/darkamazi.site\\\/#website\",\"url\":\"https:\\\/\\\/darkamazi.site\\\/\",\"name\":\"Darka Mazi\",\"description\":\"Ana Sayfa\",\"publisher\":{\"@id\":\"https:\\\/\\\/darkamazi.site\\\/#organization\"},\"potentialAction\":[{\"@type\":\"SearchAction\",\"target\":{\"@type\":\"EntryPoint\",\"urlTemplate\":\"https:\\\/\\\/darkamazi.site\\\/?s={search_term_string}\"},\"query-input\":{\"@type\":\"PropertyValueSpecification\",\"valueRequired\":true,\"valueName\":\"search_term_string\"}}],\"inLanguage\":\"en-US\"},{\"@type\":\"Organization\",\"@id\":\"https:\\\/\\\/darkamazi.site\\\/#organization\",\"name\":\"Darka Mazi T\u00fcrk\u00e7e\",\"alternateName\":\"Darka Mazi\",\"url\":\"https:\\\/\\\/darkamazi.site\\\/\",\"logo\":{\"@type\":\"ImageObject\",\"inLanguage\":\"en-US\",\"@id\":\"https:\\\/\\\/darkamazi.site\\\/#\\\/schema\\\/logo\\\/image\\\/\",\"url\":\"https:\\\/\\\/darkamazi.site\\\/darka-content\\\/uploads\\\/2017\\\/12\\\/darka-mazi-logo.png\",\"contentUrl\":\"https:\\\/\\\/darkamazi.site\\\/darka-content\\\/uploads\\\/2017\\\/12\\\/darka-mazi-logo.png\",\"width\":151,\"height\":75,\"caption\":\"Darka Mazi T\u00fcrk\u00e7e\"},\"image\":{\"@id\":\"https:\\\/\\\/darkamazi.site\\\/#\\\/schema\\\/logo\\\/image\\\/\"},\"sameAs\":[\"https:\\\/\\\/www.facebook.com\\\/DarkaMaziturkce\",\"https:\\\/\\\/x.com\\\/DarkaMaziTurkce\"]},{\"@type\":\"Person\",\"@id\":\"https:\\\/\\\/darkamazi.site\\\/#\\\/schema\\\/person\\\/67986a95ac546c16760365877ef4a9d3\",\"name\":\"darka mazi\",\"sameAs\":[\"https:\\\/\\\/darkamazi.site\"],\"url\":\"https:\\\/\\\/darkamazi.site\\\/archives\\\/author\\\/turkish\"}]}<\/script>\n<!-- \/ Yoast SEO plugin. -->","seo_head_json":{"title":"Hesen Zirek\u2019in 49 y\u0131l \u00f6nce bu g\u00fcn ard\u0131nda 1500'e yak\u0131n eser b\u0131rakarak aram\u0131zdan ayr\u0131ld\u0131 - Darka Mazi","robots":{"index":"index","follow":"follow","max-snippet":"max-snippet:-1","max-image-preview":"max-image-preview:large","max-video-preview":"max-video-preview:-1"},"canonical":"https:\/\/darkamazi.site\/archives\/1015253","og_locale":"en_US","og_type":"article","og_title":"Hesen Zirek\u2019in 49 y\u0131l \u00f6nce bu g\u00fcn ard\u0131nda 1500'e yak\u0131n eser b\u0131rakarak aram\u0131zdan ayr\u0131ld\u0131 - Darka Mazi","og_description":"\u00a0K\u00fcrdistan\u2019\u0131n tatn\u0131nm\u0131\u015f sanat\u00e7\u0131s\u0131 \u00a0Hesen Zirek\u2019in vefat\u0131n\u0131n \u00fczerinden 47 y\u0131l ge\u00e7ti. Hayat b\u00fcy\u00fck zorluklar i\u00e7erisinde ge\u00e7en Hesen Zirek, y\u0131llarca K\u00fcrt halk\u0131n\u0131n ac\u0131lar\u0131n\u0131 \u015fark\u0131lar\u0131yla dile getirdi. \u00dcnl\u00fc Sanat\u00e7\u0131 Hesen Zirek 29 Kas\u0131m 1921\u2019de d\u00fcnyaya geldi. Baz\u0131 kaynaklar Zirek\u2019in Rojhilat\u2019\u0131n Seqiz ve Bokan kentleri aras\u0131ndaki Herm\u00eale k\u00f6y\u00fcnde do\u011fdu\u011funu belirtirken, baz\u0131lar\u0131 ise Rojhilat\u2019in Mukriyana kentinde do\u011fdu\u011funu belirtiyor. Herm\u00eale k\u00f6y\u00fcnde [&hellip;]","og_url":"https:\/\/darkamazi.site\/archives\/1015253","og_site_name":"Darka Mazi","article_publisher":"https:\/\/www.facebook.com\/DarkaMaziturkce","article_published_time":"2021-06-26T16:51:06+00:00","article_modified_time":"2021-06-26T16:52:05+00:00","og_image":[{"width":880,"height":440,"url":"https:\/\/darkamazi.site\/file\/2021\/06\/Hasan-Zirek.jpg","type":"image\/jpeg"}],"author":"darka mazi","twitter_card":"summary_large_image","twitter_creator":"@DarkaMaziTurkce","twitter_site":"@DarkaMaziTurkce","twitter_misc":{"Written by":"darka mazi","Est. reading time":"3 minutes"},"schema":{"@context":"https:\/\/schema.org","@graph":[{"@type":"NewsArticle","@id":"https:\/\/darkamazi.site\/archives\/1015253#article","isPartOf":{"@id":"https:\/\/darkamazi.site\/archives\/1015253"},"author":{"name":"darka mazi","@id":"https:\/\/darkamazi.site\/#\/schema\/person\/67986a95ac546c16760365877ef4a9d3"},"headline":"Hesen Zirek\u2019in 49 y\u0131l \u00f6nce bu g\u00fcn ard\u0131nda 1500&#8217;e yak\u0131n eser b\u0131rakarak aram\u0131zdan ayr\u0131ld\u0131","datePublished":"2021-06-26T16:51:06+00:00","dateModified":"2021-06-26T16:52:05+00:00","mainEntityOfPage":{"@id":"https:\/\/darkamazi.site\/archives\/1015253"},"wordCount":746,"publisher":{"@id":"https:\/\/darkamazi.site\/#organization"},"image":{"@id":"https:\/\/darkamazi.site\/archives\/1015253#primaryimage"},"thumbnailUrl":"https:\/\/darkamazi.site\/file\/2021\/06\/Hasan-Zirek.jpg","keywords":["\u00f6nemli"],"articleSection":["Sanat"],"inLanguage":"en-US"},{"@type":"WebPage","@id":"https:\/\/darkamazi.site\/archives\/1015253","url":"https:\/\/darkamazi.site\/archives\/1015253","name":"Hesen Zirek\u2019in 49 y\u0131l \u00f6nce bu g\u00fcn ard\u0131nda 1500'e yak\u0131n eser b\u0131rakarak aram\u0131zdan ayr\u0131ld\u0131 - Darka Mazi","isPartOf":{"@id":"https:\/\/darkamazi.site\/#website"},"primaryImageOfPage":{"@id":"https:\/\/darkamazi.site\/archives\/1015253#primaryimage"},"image":{"@id":"https:\/\/darkamazi.site\/archives\/1015253#primaryimage"},"thumbnailUrl":"https:\/\/darkamazi.site\/file\/2021\/06\/Hasan-Zirek.jpg","datePublished":"2021-06-26T16:51:06+00:00","dateModified":"2021-06-26T16:52:05+00:00","breadcrumb":{"@id":"https:\/\/darkamazi.site\/archives\/1015253#breadcrumb"},"inLanguage":"en-US","potentialAction":[{"@type":"ReadAction","target":["https:\/\/darkamazi.site\/archives\/1015253"]}]},{"@type":"ImageObject","inLanguage":"en-US","@id":"https:\/\/darkamazi.site\/archives\/1015253#primaryimage","url":"https:\/\/darkamazi.site\/file\/2021\/06\/Hasan-Zirek.jpg","contentUrl":"https:\/\/darkamazi.site\/file\/2021\/06\/Hasan-Zirek.jpg","width":880,"height":440,"caption":"Hesen Zirek\u2019in 49 y\u0131l \u00f6nce bu g\u00fcn ard\u0131nda 1500'e yak\u0131n eser b\u0131rakarak aram\u0131zdan ayr\u0131ld\u0131 Pire Merd, Bokan, Mahabat, K\u00fcrdistan, Ey Ni\u015ftiman, Newroz, yalla \u015eOf\u00f6r"},{"@type":"BreadcrumbList","@id":"https:\/\/darkamazi.site\/archives\/1015253#breadcrumb","itemListElement":[{"@type":"ListItem","position":1,"name":"Home","item":"https:\/\/darkamazi.site\/"},{"@type":"ListItem","position":2,"name":"Hesen Zirek\u2019in 49 y\u0131l \u00f6nce bu g\u00fcn ard\u0131nda 1500&#8217;e yak\u0131n eser b\u0131rakarak aram\u0131zdan ayr\u0131ld\u0131"}]},{"@type":"WebSite","@id":"https:\/\/darkamazi.site\/#website","url":"https:\/\/darkamazi.site\/","name":"Darka Mazi","description":"Ana Sayfa","publisher":{"@id":"https:\/\/darkamazi.site\/#organization"},"potentialAction":[{"@type":"SearchAction","target":{"@type":"EntryPoint","urlTemplate":"https:\/\/darkamazi.site\/?s={search_term_string}"},"query-input":{"@type":"PropertyValueSpecification","valueRequired":true,"valueName":"search_term_string"}}],"inLanguage":"en-US"},{"@type":"Organization","@id":"https:\/\/darkamazi.site\/#organization","name":"Darka Mazi T\u00fcrk\u00e7e","alternateName":"Darka Mazi","url":"https:\/\/darkamazi.site\/","logo":{"@type":"ImageObject","inLanguage":"en-US","@id":"https:\/\/darkamazi.site\/#\/schema\/logo\/image\/","url":"https:\/\/darkamazi.site\/file\/2017\/12\/darka-mazi-logo.png","contentUrl":"https:\/\/darkamazi.site\/file\/2017\/12\/darka-mazi-logo.png","width":151,"height":75,"caption":"Darka Mazi T\u00fcrk\u00e7e"},"image":{"@id":"https:\/\/darkamazi.site\/#\/schema\/logo\/image\/"},"sameAs":["https:\/\/www.facebook.com\/DarkaMaziturkce","https:\/\/x.com\/DarkaMaziTurkce"]},{"@type":"Person","@id":"https:\/\/darkamazi.site\/#\/schema\/person\/67986a95ac546c16760365877ef4a9d3","name":"darka mazi","sameAs":["https:\/\/darkamazi.site"],"url":"https:\/\/darkamazi.site\/archives\/author\/turkish"}]}},"_links":{"self":[{"href":"https:\/\/darkamazi.site\/funavuv\/wp\/v2\/posts\/1015253","targetHints":{"allow":["GET"]}}],"collection":[{"href":"https:\/\/darkamazi.site\/funavuv\/wp\/v2\/posts"}],"about":[{"href":"https:\/\/darkamazi.site\/funavuv\/wp\/v2\/types\/post"}],"author":[{"embeddable":true,"href":"https:\/\/darkamazi.site\/funavuv\/wp\/v2\/users\/2"}],"replies":[{"embeddable":true,"href":"https:\/\/darkamazi.site\/funavuv\/wp\/v2\/comments?post=1015253"}],"version-history":[{"count":0,"href":"https:\/\/darkamazi.site\/funavuv\/wp\/v2\/posts\/1015253\/revisions"}],"wp:featuredmedia":[{"embeddable":true,"href":"https:\/\/darkamazi.site\/funavuv\/wp\/v2\/media\/1015254"}],"wp:attachment":[{"href":"https:\/\/darkamazi.site\/funavuv\/wp\/v2\/media?parent=1015253"}],"wp:term":[{"taxonomy":"category","embeddable":true,"href":"https:\/\/darkamazi.site\/funavuv\/wp\/v2\/categories?post=1015253"},{"taxonomy":"post_tag","embeddable":true,"href":"https:\/\/darkamazi.site\/funavuv\/wp\/v2\/tags?post=1015253"}],"curies":[{"name":"wp","href":"https:\/\/api.w.org\/{rel}","templated":true}]}}