{"id":1015264,"date":"2021-06-27T14:50:31","date_gmt":"2021-06-27T11:50:31","guid":{"rendered":"https:\/\/darkamazi.site\/?p=1015264"},"modified":"2026-03-31T16:43:28","modified_gmt":"2026-03-31T13:43:28","slug":"erbil-bm-binasi-onunde-pkk-protesto-edildi","status":"publish","type":"post","link":"https:\/\/darkamazi.site\/archives\/1015264","title":{"rendered":"Erbil BM binas\u0131 \u00f6n\u00fcnde PKK protesto edildi"},"content":{"rendered":"<p><span style=\"font-family: 'arial black', sans-serif\">Erbil\u2019de Birle\u015fmi\u015f Milletler(BM) binas\u0131 \u00f6n\u00fcnde toplanan bir grup vatanda\u015f ve sivil toplum \u00f6rg\u00fct\u00fc PKK\u2019nin K\u00fcrdistan B\u00f6lgesi\u2019ndeki varl\u0131\u011f\u0131n\u0131 protesto ederek, PKK\u2019nin K\u00fcrdistan B\u00f6lgesi s\u0131n\u0131rlar\u0131ndan \u00e7\u0131kar\u0131lmas\u0131 i\u00e7in toplanan imzalar\u0131 BM temsilcilerine teslim etti.<\/span><\/p>\n<p>Bug\u00fcn BM\u2019nin Erbil temsilcili\u011fi \u00f6n\u00fcnde Rojaval\u0131 sivil toplum \u00f6rg\u00fctleri \u00f6nc\u00fcl\u00fc\u011f\u00fcnde toplanan bir grup K\u00fcrdistanl\u0131 PKK\u2019nin K\u00fcrdistan B\u00f6lgesi\u2019ndeki varl\u0131\u011f\u0131n\u0131 protesto etti.<\/p>\n<p>Ellerinde PKK\u2019nin K\u00fcrdistan B\u00f6lgesi\u2019nde T\u00fcrkiye ordusunun i\u015fgaline ve y\u00fczlerce k\u00f6y\u00fcn bo\u015falt\u0131lmas\u0131na neden oldu\u011funa d\u00f6n\u00fck d\u00f6vizler ta\u015f\u0131yan protestocular, BM\u2019den PKK\u2019nin K\u00fcrdistan B\u00f6lgesi\u2019nden \u00e7\u0131kar\u0131lmas\u0131 i\u00e7in harekete ge\u00e7mesini istedi.<\/p>\n<p>Protestocu grup PKK\u2019nin K\u00fcrdistan B\u00f6lgesi\u2019nden \u00e7\u0131kar\u0131lmas\u0131 ve T\u00fcrk ordusunun i\u015fgaline yol a\u00e7an eylemlerinin son bulmas\u0131 amac\u0131yla toplanan imzalar\u0131 BM temsilcili\u011fine teslim edecek.<\/p>\n<p>\u201cBar\u0131\u015f\u201d sivil inisiyatifi ad\u0131yla toplanan grup \u00fcyelerinin BasNews\u2019e protestolar\u0131n\u0131n amac\u0131n\u0131n \u00a0PKK\u2019nin K\u00fcrdistan B\u00f6lgesi\u2019nin binlerce kilometrelik s\u0131n\u0131r\u0131n\u0131 siyasi ama\u00e7lar\u0131 i\u00e7in kulland\u0131\u011f\u0131 ve K\u00fcrdistan\u2019da karga\u015fa \u00e7\u0131karmak istedi\u011fi ger\u00e7e\u011finin ters y\u00fcz edildi\u011fini ve ger\u00e7eklerin ortaya \u00e7\u0131kmas\u0131 oldu\u011funu belirtiyorlar.<\/p>\n<p>Yap\u0131lan a\u00e7\u0131klamada ayr\u0131ca BM\u2019den PKK\u2019nin K\u00fcrdistan B\u00f6lgesi\u2019nden \u00e7\u0131kar\u0131lmas\u0131 i\u00e7in rol sahibi olmas\u0131 isteniyor.<\/p>\n<p>Erbil BM binas\u0131 \u00f6n\u00fcnde yap\u0131lan g\u00f6steride PKK aleyhine sloganlar at\u0131ld\u0131.<\/p>\n","protected":false},"excerpt":{"rendered":"<p>Erbil\u2019de Birle\u015fmi\u015f Milletler(BM) binas\u0131 \u00f6n\u00fcnde toplanan bir grup vatanda\u015f ve sivil toplum \u00f6rg\u00fct\u00fc PKK\u2019nin K\u00fcrdistan B\u00f6lgesi\u2019ndeki varl\u0131\u011f\u0131n\u0131 protesto ederek, PKK\u2019nin K\u00fcrdistan B\u00f6lgesi s\u0131n\u0131rlar\u0131ndan \u00e7\u0131kar\u0131lmas\u0131 i\u00e7in toplanan imzalar\u0131 BM temsilcilerine teslim etti. Bug\u00fcn BM\u2019nin Erbil temsilcili\u011fi \u00f6n\u00fcnde Rojaval\u0131 sivil toplum \u00f6rg\u00fctleri \u00f6nc\u00fcl\u00fc\u011f\u00fcnde toplanan bir grup K\u00fcrdistanl\u0131 PKK\u2019nin K\u00fcrdistan B\u00f6lgesi\u2019ndeki varl\u0131\u011f\u0131n\u0131 protesto etti. Ellerinde PKK\u2019nin K\u00fcrdistan B\u00f6lgesi\u2019nde [&hellip;]<\/p>\n","protected":false},"author":2,"featured_media":1015265,"comment_status":"closed","ping_status":"closed","sticky":false,"template":"","format":"standard","meta":{"footnotes":""},"categories":[3],"tags":[],"class_list":["post-1015264","post","type-post","status-publish","format-standard","has-post-thumbnail","hentry","category-kurdistan"],"blocksy_meta":[],"seo_head":"<!-- This site is optimized with the Yoast SEO plugin v27.5 - https:\/\/yoast.com\/product\/yoast-seo-wordpress\/ -->\n<title>Erbil BM binas\u0131 \u00f6n\u00fcnde PKK protesto edildi - Darka Mazi<\/title>\n<meta name=\"robots\" content=\"index, follow, max-snippet:-1, max-image-preview:large, max-video-preview:-1\" \/>\n<link rel=\"canonical\" href=\"https:\/\/darkamazi.site\/archives\/1015264\" \/>\n<meta property=\"og:locale\" content=\"en_US\" \/>\n<meta property=\"og:type\" content=\"article\" \/>\n<meta property=\"og:title\" content=\"Erbil BM binas\u0131 \u00f6n\u00fcnde PKK protesto edildi - Darka Mazi\" \/>\n<meta property=\"og:description\" content=\"Erbil\u2019de Birle\u015fmi\u015f Milletler(BM) binas\u0131 \u00f6n\u00fcnde toplanan bir grup vatanda\u015f ve sivil toplum \u00f6rg\u00fct\u00fc PKK\u2019nin K\u00fcrdistan B\u00f6lgesi\u2019ndeki varl\u0131\u011f\u0131n\u0131 protesto ederek, PKK\u2019nin K\u00fcrdistan B\u00f6lgesi s\u0131n\u0131rlar\u0131ndan \u00e7\u0131kar\u0131lmas\u0131 i\u00e7in toplanan imzalar\u0131 BM temsilcilerine teslim etti. Bug\u00fcn BM\u2019nin Erbil temsilcili\u011fi \u00f6n\u00fcnde Rojaval\u0131 sivil toplum \u00f6rg\u00fctleri \u00f6nc\u00fcl\u00fc\u011f\u00fcnde toplanan bir grup K\u00fcrdistanl\u0131 PKK\u2019nin K\u00fcrdistan B\u00f6lgesi\u2019ndeki varl\u0131\u011f\u0131n\u0131 protesto etti. Ellerinde PKK\u2019nin K\u00fcrdistan B\u00f6lgesi\u2019nde [&hellip;]\" \/>\n<meta property=\"og:url\" content=\"https:\/\/darkamazi.site\/archives\/1015264\" \/>\n<meta property=\"og:site_name\" content=\"Darka Mazi\" \/>\n<meta property=\"article:publisher\" content=\"https:\/\/www.facebook.com\/DarkaMaziturkce\" \/>\n<meta property=\"article:published_time\" content=\"2021-06-27T11:50:31+00:00\" \/>\n<meta property=\"article:modified_time\" content=\"2026-03-31T13:43:28+00:00\" \/>\n<meta property=\"og:image\" content=\"https:\/\/darkamazi.site\/file\/2021\/06\/206205041_5687623434643394_1930667340956981228_n.jpg\" \/>\n\t<meta property=\"og:image:width\" content=\"1600\" \/>\n\t<meta property=\"og:image:height\" content=\"1200\" \/>\n\t<meta property=\"og:image:type\" content=\"image\/jpeg\" \/>\n<meta name=\"author\" content=\"darka mazi\" \/>\n<meta name=\"twitter:card\" content=\"summary_large_image\" \/>\n<meta name=\"twitter:creator\" content=\"@DarkaMaziTurkce\" \/>\n<meta name=\"twitter:site\" content=\"@DarkaMaziTurkce\" \/>\n<meta name=\"twitter:label1\" content=\"Written by\" \/>\n\t<meta name=\"twitter:data1\" content=\"darka mazi\" \/>\n\t<meta name=\"twitter:label2\" content=\"Est. reading time\" \/>\n\t<meta name=\"twitter:data2\" content=\"1 minute\" \/>\n<script type=\"application\/ld+json\" class=\"seo-schema-graph\">{\"@context\":\"https:\\\/\\\/schema.org\",\"@graph\":[{\"@type\":\"NewsArticle\",\"@id\":\"https:\\\/\\\/darkamazi.site\\\/archives\\\/1015264#article\",\"isPartOf\":{\"@id\":\"https:\\\/\\\/darkamazi.site\\\/archives\\\/1015264\"},\"author\":{\"name\":\"darka mazi\",\"@id\":\"https:\\\/\\\/darkamazi.site\\\/#\\\/schema\\\/person\\\/67986a95ac546c16760365877ef4a9d3\"},\"headline\":\"Erbil BM binas\u0131 \u00f6n\u00fcnde PKK protesto edildi\",\"datePublished\":\"2021-06-27T11:50:31+00:00\",\"dateModified\":\"2026-03-31T13:43:28+00:00\",\"mainEntityOfPage\":{\"@id\":\"https:\\\/\\\/darkamazi.site\\\/archives\\\/1015264\"},\"wordCount\":270,\"publisher\":{\"@id\":\"https:\\\/\\\/darkamazi.site\\\/#organization\"},\"image\":{\"@id\":\"https:\\\/\\\/darkamazi.site\\\/archives\\\/1015264#primaryimage\"},\"thumbnailUrl\":\"https:\\\/\\\/darkamazi.site\\\/darka-content\\\/uploads\\\/2021\\\/06\\\/206205041_5687623434643394_1930667340956981228_n.jpg\",\"articleSection\":[\"Kurdistan\"],\"inLanguage\":\"en-US\"},{\"@type\":\"WebPage\",\"@id\":\"https:\\\/\\\/darkamazi.site\\\/archives\\\/1015264\",\"url\":\"https:\\\/\\\/darkamazi.site\\\/archives\\\/1015264\",\"name\":\"Erbil BM binas\u0131 \u00f6n\u00fcnde PKK protesto edildi - Darka Mazi\",\"isPartOf\":{\"@id\":\"https:\\\/\\\/darkamazi.site\\\/#website\"},\"primaryImageOfPage\":{\"@id\":\"https:\\\/\\\/darkamazi.site\\\/archives\\\/1015264#primaryimage\"},\"image\":{\"@id\":\"https:\\\/\\\/darkamazi.site\\\/archives\\\/1015264#primaryimage\"},\"thumbnailUrl\":\"https:\\\/\\\/darkamazi.site\\\/darka-content\\\/uploads\\\/2021\\\/06\\\/206205041_5687623434643394_1930667340956981228_n.jpg\",\"datePublished\":\"2021-06-27T11:50:31+00:00\",\"dateModified\":\"2026-03-31T13:43:28+00:00\",\"breadcrumb\":{\"@id\":\"https:\\\/\\\/darkamazi.site\\\/archives\\\/1015264#breadcrumb\"},\"inLanguage\":\"en-US\",\"potentialAction\":[{\"@type\":\"ReadAction\",\"target\":[\"https:\\\/\\\/darkamazi.site\\\/archives\\\/1015264\"]}]},{\"@type\":\"ImageObject\",\"inLanguage\":\"en-US\",\"@id\":\"https:\\\/\\\/darkamazi.site\\\/archives\\\/1015264#primaryimage\",\"url\":\"https:\\\/\\\/darkamazi.site\\\/darka-content\\\/uploads\\\/2021\\\/06\\\/206205041_5687623434643394_1930667340956981228_n.jpg\",\"contentUrl\":\"https:\\\/\\\/darkamazi.site\\\/darka-content\\\/uploads\\\/2021\\\/06\\\/206205041_5687623434643394_1930667340956981228_n.jpg\",\"width\":1600,\"height\":1200,\"caption\":\"Erbil BM binas\u0131 \u00f6n\u00fcnde PKK protesto edildi\"},{\"@type\":\"BreadcrumbList\",\"@id\":\"https:\\\/\\\/darkamazi.site\\\/archives\\\/1015264#breadcrumb\",\"itemListElement\":[{\"@type\":\"ListItem\",\"position\":1,\"name\":\"Home\",\"item\":\"https:\\\/\\\/darkamazi.site\\\/\"},{\"@type\":\"ListItem\",\"position\":2,\"name\":\"Erbil BM binas\u0131 \u00f6n\u00fcnde PKK protesto edildi\"}]},{\"@type\":\"WebSite\",\"@id\":\"https:\\\/\\\/darkamazi.site\\\/#website\",\"url\":\"https:\\\/\\\/darkamazi.site\\\/\",\"name\":\"Darka Mazi\",\"description\":\"Ana Sayfa\",\"publisher\":{\"@id\":\"https:\\\/\\\/darkamazi.site\\\/#organization\"},\"potentialAction\":[{\"@type\":\"SearchAction\",\"target\":{\"@type\":\"EntryPoint\",\"urlTemplate\":\"https:\\\/\\\/darkamazi.site\\\/?s={search_term_string}\"},\"query-input\":{\"@type\":\"PropertyValueSpecification\",\"valueRequired\":true,\"valueName\":\"search_term_string\"}}],\"inLanguage\":\"en-US\"},{\"@type\":\"Organization\",\"@id\":\"https:\\\/\\\/darkamazi.site\\\/#organization\",\"name\":\"Darka Mazi T\u00fcrk\u00e7e\",\"alternateName\":\"Darka Mazi\",\"url\":\"https:\\\/\\\/darkamazi.site\\\/\",\"logo\":{\"@type\":\"ImageObject\",\"inLanguage\":\"en-US\",\"@id\":\"https:\\\/\\\/darkamazi.site\\\/#\\\/schema\\\/logo\\\/image\\\/\",\"url\":\"https:\\\/\\\/darkamazi.site\\\/darka-content\\\/uploads\\\/2017\\\/12\\\/darka-mazi-logo.png\",\"contentUrl\":\"https:\\\/\\\/darkamazi.site\\\/darka-content\\\/uploads\\\/2017\\\/12\\\/darka-mazi-logo.png\",\"width\":151,\"height\":75,\"caption\":\"Darka Mazi T\u00fcrk\u00e7e\"},\"image\":{\"@id\":\"https:\\\/\\\/darkamazi.site\\\/#\\\/schema\\\/logo\\\/image\\\/\"},\"sameAs\":[\"https:\\\/\\\/www.facebook.com\\\/DarkaMaziturkce\",\"https:\\\/\\\/x.com\\\/DarkaMaziTurkce\"]},{\"@type\":\"Person\",\"@id\":\"https:\\\/\\\/darkamazi.site\\\/#\\\/schema\\\/person\\\/67986a95ac546c16760365877ef4a9d3\",\"name\":\"darka mazi\",\"sameAs\":[\"https:\\\/\\\/darkamazi.site\"],\"url\":\"https:\\\/\\\/darkamazi.site\\\/archives\\\/author\\\/turkish\"}]}<\/script>\n<!-- \/ Yoast SEO plugin. -->","seo_head_json":{"title":"Erbil BM binas\u0131 \u00f6n\u00fcnde PKK protesto edildi - Darka Mazi","robots":{"index":"index","follow":"follow","max-snippet":"max-snippet:-1","max-image-preview":"max-image-preview:large","max-video-preview":"max-video-preview:-1"},"canonical":"https:\/\/darkamazi.site\/archives\/1015264","og_locale":"en_US","og_type":"article","og_title":"Erbil BM binas\u0131 \u00f6n\u00fcnde PKK protesto edildi - Darka Mazi","og_description":"Erbil\u2019de Birle\u015fmi\u015f Milletler(BM) binas\u0131 \u00f6n\u00fcnde toplanan bir grup vatanda\u015f ve sivil toplum \u00f6rg\u00fct\u00fc PKK\u2019nin K\u00fcrdistan B\u00f6lgesi\u2019ndeki varl\u0131\u011f\u0131n\u0131 protesto ederek, PKK\u2019nin K\u00fcrdistan B\u00f6lgesi s\u0131n\u0131rlar\u0131ndan \u00e7\u0131kar\u0131lmas\u0131 i\u00e7in toplanan imzalar\u0131 BM temsilcilerine teslim etti. Bug\u00fcn BM\u2019nin Erbil temsilcili\u011fi \u00f6n\u00fcnde Rojaval\u0131 sivil toplum \u00f6rg\u00fctleri \u00f6nc\u00fcl\u00fc\u011f\u00fcnde toplanan bir grup K\u00fcrdistanl\u0131 PKK\u2019nin K\u00fcrdistan B\u00f6lgesi\u2019ndeki varl\u0131\u011f\u0131n\u0131 protesto etti. Ellerinde PKK\u2019nin K\u00fcrdistan B\u00f6lgesi\u2019nde [&hellip;]","og_url":"https:\/\/darkamazi.site\/archives\/1015264","og_site_name":"Darka Mazi","article_publisher":"https:\/\/www.facebook.com\/DarkaMaziturkce","article_published_time":"2021-06-27T11:50:31+00:00","article_modified_time":"2026-03-31T13:43:28+00:00","og_image":[{"width":1600,"height":1200,"url":"https:\/\/darkamazi.site\/file\/2021\/06\/206205041_5687623434643394_1930667340956981228_n.jpg","type":"image\/jpeg"}],"author":"darka mazi","twitter_card":"summary_large_image","twitter_creator":"@DarkaMaziTurkce","twitter_site":"@DarkaMaziTurkce","twitter_misc":{"Written by":"darka mazi","Est. reading time":"1 minute"},"schema":{"@context":"https:\/\/schema.org","@graph":[{"@type":"NewsArticle","@id":"https:\/\/darkamazi.site\/archives\/1015264#article","isPartOf":{"@id":"https:\/\/darkamazi.site\/archives\/1015264"},"author":{"name":"darka mazi","@id":"https:\/\/darkamazi.site\/#\/schema\/person\/67986a95ac546c16760365877ef4a9d3"},"headline":"Erbil BM binas\u0131 \u00f6n\u00fcnde PKK protesto edildi","datePublished":"2021-06-27T11:50:31+00:00","dateModified":"2026-03-31T13:43:28+00:00","mainEntityOfPage":{"@id":"https:\/\/darkamazi.site\/archives\/1015264"},"wordCount":270,"publisher":{"@id":"https:\/\/darkamazi.site\/#organization"},"image":{"@id":"https:\/\/darkamazi.site\/archives\/1015264#primaryimage"},"thumbnailUrl":"https:\/\/darkamazi.site\/file\/2021\/06\/206205041_5687623434643394_1930667340956981228_n.jpg","articleSection":["Kurdistan"],"inLanguage":"en-US"},{"@type":"WebPage","@id":"https:\/\/darkamazi.site\/archives\/1015264","url":"https:\/\/darkamazi.site\/archives\/1015264","name":"Erbil BM binas\u0131 \u00f6n\u00fcnde PKK protesto edildi - Darka Mazi","isPartOf":{"@id":"https:\/\/darkamazi.site\/#website"},"primaryImageOfPage":{"@id":"https:\/\/darkamazi.site\/archives\/1015264#primaryimage"},"image":{"@id":"https:\/\/darkamazi.site\/archives\/1015264#primaryimage"},"thumbnailUrl":"https:\/\/darkamazi.site\/file\/2021\/06\/206205041_5687623434643394_1930667340956981228_n.jpg","datePublished":"2021-06-27T11:50:31+00:00","dateModified":"2026-03-31T13:43:28+00:00","breadcrumb":{"@id":"https:\/\/darkamazi.site\/archives\/1015264#breadcrumb"},"inLanguage":"en-US","potentialAction":[{"@type":"ReadAction","target":["https:\/\/darkamazi.site\/archives\/1015264"]}]},{"@type":"ImageObject","inLanguage":"en-US","@id":"https:\/\/darkamazi.site\/archives\/1015264#primaryimage","url":"https:\/\/darkamazi.site\/file\/2021\/06\/206205041_5687623434643394_1930667340956981228_n.jpg","contentUrl":"https:\/\/darkamazi.site\/file\/2021\/06\/206205041_5687623434643394_1930667340956981228_n.jpg","width":1600,"height":1200,"caption":"Erbil BM binas\u0131 \u00f6n\u00fcnde PKK protesto edildi"},{"@type":"BreadcrumbList","@id":"https:\/\/darkamazi.site\/archives\/1015264#breadcrumb","itemListElement":[{"@type":"ListItem","position":1,"name":"Home","item":"https:\/\/darkamazi.site\/"},{"@type":"ListItem","position":2,"name":"Erbil BM binas\u0131 \u00f6n\u00fcnde PKK protesto edildi"}]},{"@type":"WebSite","@id":"https:\/\/darkamazi.site\/#website","url":"https:\/\/darkamazi.site\/","name":"Darka Mazi","description":"Ana Sayfa","publisher":{"@id":"https:\/\/darkamazi.site\/#organization"},"potentialAction":[{"@type":"SearchAction","target":{"@type":"EntryPoint","urlTemplate":"https:\/\/darkamazi.site\/?s={search_term_string}"},"query-input":{"@type":"PropertyValueSpecification","valueRequired":true,"valueName":"search_term_string"}}],"inLanguage":"en-US"},{"@type":"Organization","@id":"https:\/\/darkamazi.site\/#organization","name":"Darka Mazi T\u00fcrk\u00e7e","alternateName":"Darka Mazi","url":"https:\/\/darkamazi.site\/","logo":{"@type":"ImageObject","inLanguage":"en-US","@id":"https:\/\/darkamazi.site\/#\/schema\/logo\/image\/","url":"https:\/\/darkamazi.site\/file\/2017\/12\/darka-mazi-logo.png","contentUrl":"https:\/\/darkamazi.site\/file\/2017\/12\/darka-mazi-logo.png","width":151,"height":75,"caption":"Darka Mazi T\u00fcrk\u00e7e"},"image":{"@id":"https:\/\/darkamazi.site\/#\/schema\/logo\/image\/"},"sameAs":["https:\/\/www.facebook.com\/DarkaMaziturkce","https:\/\/x.com\/DarkaMaziTurkce"]},{"@type":"Person","@id":"https:\/\/darkamazi.site\/#\/schema\/person\/67986a95ac546c16760365877ef4a9d3","name":"darka mazi","sameAs":["https:\/\/darkamazi.site"],"url":"https:\/\/darkamazi.site\/archives\/author\/turkish"}]}},"_links":{"self":[{"href":"https:\/\/darkamazi.site\/funavuv\/wp\/v2\/posts\/1015264","targetHints":{"allow":["GET"]}}],"collection":[{"href":"https:\/\/darkamazi.site\/funavuv\/wp\/v2\/posts"}],"about":[{"href":"https:\/\/darkamazi.site\/funavuv\/wp\/v2\/types\/post"}],"author":[{"embeddable":true,"href":"https:\/\/darkamazi.site\/funavuv\/wp\/v2\/users\/2"}],"replies":[{"embeddable":true,"href":"https:\/\/darkamazi.site\/funavuv\/wp\/v2\/comments?post=1015264"}],"version-history":[{"count":0,"href":"https:\/\/darkamazi.site\/funavuv\/wp\/v2\/posts\/1015264\/revisions"}],"wp:featuredmedia":[{"embeddable":true,"href":"https:\/\/darkamazi.site\/funavuv\/wp\/v2\/media\/1015265"}],"wp:attachment":[{"href":"https:\/\/darkamazi.site\/funavuv\/wp\/v2\/media?parent=1015264"}],"wp:term":[{"taxonomy":"category","embeddable":true,"href":"https:\/\/darkamazi.site\/funavuv\/wp\/v2\/categories?post=1015264"},{"taxonomy":"post_tag","embeddable":true,"href":"https:\/\/darkamazi.site\/funavuv\/wp\/v2\/tags?post=1015264"}],"curies":[{"name":"wp","href":"https:\/\/api.w.org\/{rel}","templated":true}]}}