{"id":1015355,"date":"2021-07-06T12:41:32","date_gmt":"2021-07-06T09:41:32","guid":{"rendered":"https:\/\/darkamazi.site\/?p=1015355"},"modified":"2021-07-06T12:42:41","modified_gmt":"2021-07-06T09:42:41","slug":"ynk-anti-teror-timleri-tarafindan-tehdit-edildikten-sonra-katledilen-sanatci-baleban-icin-kurdistan-parlamentosu-harekete-gecti","status":"publish","type":"post","link":"https:\/\/darkamazi.site\/archives\/1015355","title":{"rendered":"YNK Anti-ter\u00f6r timleri taraf\u0131ndan tehdit edildikten sonra katledilen sanat\u00e7\u0131 Baleban i\u00e7in K\u00fcrdistan Parlamentosu harekete ge\u00e7ti"},"content":{"rendered":"<p style=\"text-align: justify\">K\u00fcrdistan Parlamentosu sanat\u00e7\u0131 Ciwanro Baleban cinayeti i\u00e7in \u00f6zel bir komisyon kurulmas\u0131n\u0131 kararla\u015ft\u0131r\u0131ld\u0131.<\/p>\n<p style=\"text-align: justify\">\u00a0K\u00fcrdistan Parlamentosu Gen\u00e7lik, Spor, K\u00fclt\u00fcr ve Sivil Toplum Komisyonu, 22 Haziran 2021 tarihinde Kesnezan-D\u00eagele yolu \u00fczerinde bo\u011fularak \u00f6ld\u00fcr\u00fclm\u00fc\u015f olarak bulunan Ciwanro Baleban cinayetinin ara\u015ft\u0131r\u0131lmas\u0131 i\u00e7in komisyon olu\u015fturuldu.<\/p>\n<p style=\"text-align: justify\">Komisyon PDK, YNK ve Goran Hareketi parlamenterleri P\u00ea\u015fewa Hewreman\u00ee, Goran Omer ve Feysel Ebas\u2019tan olu\u015fuyor.<\/p>\n<p style=\"text-align: justify\">BasNews muhabiri komisyonun cinayeti ara\u015ft\u0131rmas\u0131 \u00e7al\u0131\u015fmas\u0131na ba\u015flamak i\u00e7in K\u00fcrdistan Parlamentosu Ba\u015fkanl\u0131k Divan\u0131\u2019n\u0131n onay\u0131n\u0131 bekledi\u011fini bildirdi.<\/p>\n<p style=\"text-align: justify\">Sanat\u00e7\u0131 Ciwanro Baleban \u00f6ld\u00fcr\u00fclmeden k\u0131sa bir s\u00fcre \u00f6nce YNK Anti-ter\u00f6r birimlerince \u00f6l\u00fcmle tehdit edilmi\u015fti.<\/p>\n","protected":false},"excerpt":{"rendered":"<p>K\u00fcrdistan Parlamentosu sanat\u00e7\u0131 Ciwanro Baleban cinayeti i\u00e7in \u00f6zel bir komisyon kurulmas\u0131n\u0131 kararla\u015ft\u0131r\u0131ld\u0131. \u00a0K\u00fcrdistan Parlamentosu Gen\u00e7lik, Spor, K\u00fclt\u00fcr ve Sivil Toplum Komisyonu, 22 Haziran 2021 tarihinde Kesnezan-D\u00eagele yolu \u00fczerinde bo\u011fularak \u00f6ld\u00fcr\u00fclm\u00fc\u015f olarak bulunan Ciwanro Baleban cinayetinin ara\u015ft\u0131r\u0131lmas\u0131 i\u00e7in komisyon olu\u015fturuldu. Komisyon PDK, YNK ve Goran Hareketi parlamenterleri P\u00ea\u015fewa Hewreman\u00ee, Goran Omer ve Feysel Ebas\u2019tan olu\u015fuyor. BasNews [&hellip;]<\/p>\n","protected":false},"author":2,"featured_media":1015356,"comment_status":"closed","ping_status":"closed","sticky":false,"template":"","format":"standard","meta":{"footnotes":""},"categories":[33],"tags":[31],"class_list":["post-1015355","post","type-post","status-publish","format-standard","has-post-thumbnail","hentry","category-sanat","tag-onemli"],"blocksy_meta":[],"seo_head":"<!-- This site is optimized with the Yoast SEO plugin v27.5 - https:\/\/yoast.com\/product\/yoast-seo-wordpress\/ -->\n<title>YNK Anti-ter\u00f6r timleri taraf\u0131ndan tehdit edildikten sonra katledilen sanat\u00e7\u0131 Baleban i\u00e7in K\u00fcrdistan Parlamentosu harekete ge\u00e7ti - Darka Mazi<\/title>\n<meta name=\"robots\" content=\"index, follow, max-snippet:-1, max-image-preview:large, max-video-preview:-1\" \/>\n<link rel=\"canonical\" href=\"https:\/\/darkamazi.site\/archives\/1015355\" \/>\n<meta property=\"og:locale\" content=\"en_US\" \/>\n<meta property=\"og:type\" content=\"article\" \/>\n<meta property=\"og:title\" content=\"YNK Anti-ter\u00f6r timleri taraf\u0131ndan tehdit edildikten sonra katledilen sanat\u00e7\u0131 Baleban i\u00e7in K\u00fcrdistan Parlamentosu harekete ge\u00e7ti - Darka Mazi\" \/>\n<meta property=\"og:description\" content=\"K\u00fcrdistan Parlamentosu sanat\u00e7\u0131 Ciwanro Baleban cinayeti i\u00e7in \u00f6zel bir komisyon kurulmas\u0131n\u0131 kararla\u015ft\u0131r\u0131ld\u0131. \u00a0K\u00fcrdistan Parlamentosu Gen\u00e7lik, Spor, K\u00fclt\u00fcr ve Sivil Toplum Komisyonu, 22 Haziran 2021 tarihinde Kesnezan-D\u00eagele yolu \u00fczerinde bo\u011fularak \u00f6ld\u00fcr\u00fclm\u00fc\u015f olarak bulunan Ciwanro Baleban cinayetinin ara\u015ft\u0131r\u0131lmas\u0131 i\u00e7in komisyon olu\u015fturuldu. Komisyon PDK, YNK ve Goran Hareketi parlamenterleri P\u00ea\u015fewa Hewreman\u00ee, Goran Omer ve Feysel Ebas\u2019tan olu\u015fuyor. BasNews [&hellip;]\" \/>\n<meta property=\"og:url\" content=\"https:\/\/darkamazi.site\/archives\/1015355\" \/>\n<meta property=\"og:site_name\" content=\"Darka Mazi\" \/>\n<meta property=\"article:publisher\" content=\"https:\/\/www.facebook.com\/DarkaMaziturkce\" \/>\n<meta property=\"article:published_time\" content=\"2021-07-06T09:41:32+00:00\" \/>\n<meta property=\"article:modified_time\" content=\"2021-07-06T09:42:41+00:00\" \/>\n<meta property=\"og:image\" content=\"https:\/\/darkamazi.site\/file\/2021\/07\/Baleban.jpg\" \/>\n\t<meta property=\"og:image:width\" content=\"750\" \/>\n\t<meta property=\"og:image:height\" content=\"375\" \/>\n\t<meta property=\"og:image:type\" content=\"image\/jpeg\" \/>\n<meta name=\"author\" content=\"darka mazi\" \/>\n<meta name=\"twitter:card\" content=\"summary_large_image\" \/>\n<meta name=\"twitter:creator\" content=\"@DarkaMaziTurkce\" \/>\n<meta name=\"twitter:site\" content=\"@DarkaMaziTurkce\" \/>\n<meta name=\"twitter:label1\" content=\"Written by\" \/>\n\t<meta name=\"twitter:data1\" content=\"darka mazi\" \/>\n\t<meta name=\"twitter:label2\" content=\"Est. reading time\" \/>\n\t<meta name=\"twitter:data2\" content=\"1 minute\" \/>\n<script type=\"application\/ld+json\" class=\"seo-schema-graph\">{\"@context\":\"https:\\\/\\\/schema.org\",\"@graph\":[{\"@type\":\"NewsArticle\",\"@id\":\"https:\\\/\\\/darkamazi.site\\\/archives\\\/1015355#article\",\"isPartOf\":{\"@id\":\"https:\\\/\\\/darkamazi.site\\\/archives\\\/1015355\"},\"author\":{\"name\":\"darka mazi\",\"@id\":\"https:\\\/\\\/darkamazi.site\\\/#\\\/schema\\\/person\\\/67986a95ac546c16760365877ef4a9d3\"},\"headline\":\"YNK Anti-ter\u00f6r timleri taraf\u0131ndan tehdit edildikten sonra katledilen sanat\u00e7\u0131 Baleban i\u00e7in K\u00fcrdistan Parlamentosu harekete ge\u00e7ti\",\"datePublished\":\"2021-07-06T09:41:32+00:00\",\"dateModified\":\"2021-07-06T09:42:41+00:00\",\"mainEntityOfPage\":{\"@id\":\"https:\\\/\\\/darkamazi.site\\\/archives\\\/1015355\"},\"wordCount\":143,\"publisher\":{\"@id\":\"https:\\\/\\\/darkamazi.site\\\/#organization\"},\"image\":{\"@id\":\"https:\\\/\\\/darkamazi.site\\\/archives\\\/1015355#primaryimage\"},\"thumbnailUrl\":\"https:\\\/\\\/darkamazi.site\\\/darka-content\\\/uploads\\\/2021\\\/07\\\/Baleban.jpg\",\"keywords\":[\"\u00f6nemli\"],\"articleSection\":[\"Sanat\"],\"inLanguage\":\"en-US\"},{\"@type\":\"WebPage\",\"@id\":\"https:\\\/\\\/darkamazi.site\\\/archives\\\/1015355\",\"url\":\"https:\\\/\\\/darkamazi.site\\\/archives\\\/1015355\",\"name\":\"YNK Anti-ter\u00f6r timleri taraf\u0131ndan tehdit edildikten sonra katledilen sanat\u00e7\u0131 Baleban i\u00e7in K\u00fcrdistan Parlamentosu harekete ge\u00e7ti - Darka Mazi\",\"isPartOf\":{\"@id\":\"https:\\\/\\\/darkamazi.site\\\/#website\"},\"primaryImageOfPage\":{\"@id\":\"https:\\\/\\\/darkamazi.site\\\/archives\\\/1015355#primaryimage\"},\"image\":{\"@id\":\"https:\\\/\\\/darkamazi.site\\\/archives\\\/1015355#primaryimage\"},\"thumbnailUrl\":\"https:\\\/\\\/darkamazi.site\\\/darka-content\\\/uploads\\\/2021\\\/07\\\/Baleban.jpg\",\"datePublished\":\"2021-07-06T09:41:32+00:00\",\"dateModified\":\"2021-07-06T09:42:41+00:00\",\"breadcrumb\":{\"@id\":\"https:\\\/\\\/darkamazi.site\\\/archives\\\/1015355#breadcrumb\"},\"inLanguage\":\"en-US\",\"potentialAction\":[{\"@type\":\"ReadAction\",\"target\":[\"https:\\\/\\\/darkamazi.site\\\/archives\\\/1015355\"]}]},{\"@type\":\"ImageObject\",\"inLanguage\":\"en-US\",\"@id\":\"https:\\\/\\\/darkamazi.site\\\/archives\\\/1015355#primaryimage\",\"url\":\"https:\\\/\\\/darkamazi.site\\\/darka-content\\\/uploads\\\/2021\\\/07\\\/Baleban.jpg\",\"contentUrl\":\"https:\\\/\\\/darkamazi.site\\\/darka-content\\\/uploads\\\/2021\\\/07\\\/Baleban.jpg\",\"width\":750,\"height\":375,\"caption\":\"YNK Anti-ter\u00f6r timleri taraf\u0131ndan tehdit edildikten sonra katledilen sanat\u00e7\u0131 Baleban i\u00e7in K\u00fcrdistan Parlamentosu harekete ge\u00e7ti\"},{\"@type\":\"BreadcrumbList\",\"@id\":\"https:\\\/\\\/darkamazi.site\\\/archives\\\/1015355#breadcrumb\",\"itemListElement\":[{\"@type\":\"ListItem\",\"position\":1,\"name\":\"Home\",\"item\":\"https:\\\/\\\/darkamazi.site\\\/\"},{\"@type\":\"ListItem\",\"position\":2,\"name\":\"YNK Anti-ter\u00f6r timleri taraf\u0131ndan tehdit edildikten sonra katledilen sanat\u00e7\u0131 Baleban i\u00e7in K\u00fcrdistan Parlamentosu harekete ge\u00e7ti\"}]},{\"@type\":\"WebSite\",\"@id\":\"https:\\\/\\\/darkamazi.site\\\/#website\",\"url\":\"https:\\\/\\\/darkamazi.site\\\/\",\"name\":\"Darka Mazi\",\"description\":\"Ana Sayfa\",\"publisher\":{\"@id\":\"https:\\\/\\\/darkamazi.site\\\/#organization\"},\"potentialAction\":[{\"@type\":\"SearchAction\",\"target\":{\"@type\":\"EntryPoint\",\"urlTemplate\":\"https:\\\/\\\/darkamazi.site\\\/?s={search_term_string}\"},\"query-input\":{\"@type\":\"PropertyValueSpecification\",\"valueRequired\":true,\"valueName\":\"search_term_string\"}}],\"inLanguage\":\"en-US\"},{\"@type\":\"Organization\",\"@id\":\"https:\\\/\\\/darkamazi.site\\\/#organization\",\"name\":\"Darka Mazi T\u00fcrk\u00e7e\",\"alternateName\":\"Darka Mazi\",\"url\":\"https:\\\/\\\/darkamazi.site\\\/\",\"logo\":{\"@type\":\"ImageObject\",\"inLanguage\":\"en-US\",\"@id\":\"https:\\\/\\\/darkamazi.site\\\/#\\\/schema\\\/logo\\\/image\\\/\",\"url\":\"https:\\\/\\\/darkamazi.site\\\/darka-content\\\/uploads\\\/2017\\\/12\\\/darka-mazi-logo.png\",\"contentUrl\":\"https:\\\/\\\/darkamazi.site\\\/darka-content\\\/uploads\\\/2017\\\/12\\\/darka-mazi-logo.png\",\"width\":151,\"height\":75,\"caption\":\"Darka Mazi T\u00fcrk\u00e7e\"},\"image\":{\"@id\":\"https:\\\/\\\/darkamazi.site\\\/#\\\/schema\\\/logo\\\/image\\\/\"},\"sameAs\":[\"https:\\\/\\\/www.facebook.com\\\/DarkaMaziturkce\",\"https:\\\/\\\/x.com\\\/DarkaMaziTurkce\"]},{\"@type\":\"Person\",\"@id\":\"https:\\\/\\\/darkamazi.site\\\/#\\\/schema\\\/person\\\/67986a95ac546c16760365877ef4a9d3\",\"name\":\"darka mazi\",\"sameAs\":[\"https:\\\/\\\/darkamazi.site\"],\"url\":\"https:\\\/\\\/darkamazi.site\\\/archives\\\/author\\\/turkish\"}]}<\/script>\n<!-- \/ Yoast SEO plugin. -->","seo_head_json":{"title":"YNK Anti-ter\u00f6r timleri taraf\u0131ndan tehdit edildikten sonra katledilen sanat\u00e7\u0131 Baleban i\u00e7in K\u00fcrdistan Parlamentosu harekete ge\u00e7ti - Darka Mazi","robots":{"index":"index","follow":"follow","max-snippet":"max-snippet:-1","max-image-preview":"max-image-preview:large","max-video-preview":"max-video-preview:-1"},"canonical":"https:\/\/darkamazi.site\/archives\/1015355","og_locale":"en_US","og_type":"article","og_title":"YNK Anti-ter\u00f6r timleri taraf\u0131ndan tehdit edildikten sonra katledilen sanat\u00e7\u0131 Baleban i\u00e7in K\u00fcrdistan Parlamentosu harekete ge\u00e7ti - Darka Mazi","og_description":"K\u00fcrdistan Parlamentosu sanat\u00e7\u0131 Ciwanro Baleban cinayeti i\u00e7in \u00f6zel bir komisyon kurulmas\u0131n\u0131 kararla\u015ft\u0131r\u0131ld\u0131. \u00a0K\u00fcrdistan Parlamentosu Gen\u00e7lik, Spor, K\u00fclt\u00fcr ve Sivil Toplum Komisyonu, 22 Haziran 2021 tarihinde Kesnezan-D\u00eagele yolu \u00fczerinde bo\u011fularak \u00f6ld\u00fcr\u00fclm\u00fc\u015f olarak bulunan Ciwanro Baleban cinayetinin ara\u015ft\u0131r\u0131lmas\u0131 i\u00e7in komisyon olu\u015fturuldu. Komisyon PDK, YNK ve Goran Hareketi parlamenterleri P\u00ea\u015fewa Hewreman\u00ee, Goran Omer ve Feysel Ebas\u2019tan olu\u015fuyor. BasNews [&hellip;]","og_url":"https:\/\/darkamazi.site\/archives\/1015355","og_site_name":"Darka Mazi","article_publisher":"https:\/\/www.facebook.com\/DarkaMaziturkce","article_published_time":"2021-07-06T09:41:32+00:00","article_modified_time":"2021-07-06T09:42:41+00:00","og_image":[{"width":750,"height":375,"url":"https:\/\/darkamazi.site\/file\/2021\/07\/Baleban.jpg","type":"image\/jpeg"}],"author":"darka mazi","twitter_card":"summary_large_image","twitter_creator":"@DarkaMaziTurkce","twitter_site":"@DarkaMaziTurkce","twitter_misc":{"Written by":"darka mazi","Est. reading time":"1 minute"},"schema":{"@context":"https:\/\/schema.org","@graph":[{"@type":"NewsArticle","@id":"https:\/\/darkamazi.site\/archives\/1015355#article","isPartOf":{"@id":"https:\/\/darkamazi.site\/archives\/1015355"},"author":{"name":"darka mazi","@id":"https:\/\/darkamazi.site\/#\/schema\/person\/67986a95ac546c16760365877ef4a9d3"},"headline":"YNK Anti-ter\u00f6r timleri taraf\u0131ndan tehdit edildikten sonra katledilen sanat\u00e7\u0131 Baleban i\u00e7in K\u00fcrdistan Parlamentosu harekete ge\u00e7ti","datePublished":"2021-07-06T09:41:32+00:00","dateModified":"2021-07-06T09:42:41+00:00","mainEntityOfPage":{"@id":"https:\/\/darkamazi.site\/archives\/1015355"},"wordCount":143,"publisher":{"@id":"https:\/\/darkamazi.site\/#organization"},"image":{"@id":"https:\/\/darkamazi.site\/archives\/1015355#primaryimage"},"thumbnailUrl":"https:\/\/darkamazi.site\/file\/2021\/07\/Baleban.jpg","keywords":["\u00f6nemli"],"articleSection":["Sanat"],"inLanguage":"en-US"},{"@type":"WebPage","@id":"https:\/\/darkamazi.site\/archives\/1015355","url":"https:\/\/darkamazi.site\/archives\/1015355","name":"YNK Anti-ter\u00f6r timleri taraf\u0131ndan tehdit edildikten sonra katledilen sanat\u00e7\u0131 Baleban i\u00e7in K\u00fcrdistan Parlamentosu harekete ge\u00e7ti - Darka Mazi","isPartOf":{"@id":"https:\/\/darkamazi.site\/#website"},"primaryImageOfPage":{"@id":"https:\/\/darkamazi.site\/archives\/1015355#primaryimage"},"image":{"@id":"https:\/\/darkamazi.site\/archives\/1015355#primaryimage"},"thumbnailUrl":"https:\/\/darkamazi.site\/file\/2021\/07\/Baleban.jpg","datePublished":"2021-07-06T09:41:32+00:00","dateModified":"2021-07-06T09:42:41+00:00","breadcrumb":{"@id":"https:\/\/darkamazi.site\/archives\/1015355#breadcrumb"},"inLanguage":"en-US","potentialAction":[{"@type":"ReadAction","target":["https:\/\/darkamazi.site\/archives\/1015355"]}]},{"@type":"ImageObject","inLanguage":"en-US","@id":"https:\/\/darkamazi.site\/archives\/1015355#primaryimage","url":"https:\/\/darkamazi.site\/file\/2021\/07\/Baleban.jpg","contentUrl":"https:\/\/darkamazi.site\/file\/2021\/07\/Baleban.jpg","width":750,"height":375,"caption":"YNK Anti-ter\u00f6r timleri taraf\u0131ndan tehdit edildikten sonra katledilen sanat\u00e7\u0131 Baleban i\u00e7in K\u00fcrdistan Parlamentosu harekete ge\u00e7ti"},{"@type":"BreadcrumbList","@id":"https:\/\/darkamazi.site\/archives\/1015355#breadcrumb","itemListElement":[{"@type":"ListItem","position":1,"name":"Home","item":"https:\/\/darkamazi.site\/"},{"@type":"ListItem","position":2,"name":"YNK Anti-ter\u00f6r timleri taraf\u0131ndan tehdit edildikten sonra katledilen sanat\u00e7\u0131 Baleban i\u00e7in K\u00fcrdistan Parlamentosu harekete ge\u00e7ti"}]},{"@type":"WebSite","@id":"https:\/\/darkamazi.site\/#website","url":"https:\/\/darkamazi.site\/","name":"Darka Mazi","description":"Ana Sayfa","publisher":{"@id":"https:\/\/darkamazi.site\/#organization"},"potentialAction":[{"@type":"SearchAction","target":{"@type":"EntryPoint","urlTemplate":"https:\/\/darkamazi.site\/?s={search_term_string}"},"query-input":{"@type":"PropertyValueSpecification","valueRequired":true,"valueName":"search_term_string"}}],"inLanguage":"en-US"},{"@type":"Organization","@id":"https:\/\/darkamazi.site\/#organization","name":"Darka Mazi T\u00fcrk\u00e7e","alternateName":"Darka Mazi","url":"https:\/\/darkamazi.site\/","logo":{"@type":"ImageObject","inLanguage":"en-US","@id":"https:\/\/darkamazi.site\/#\/schema\/logo\/image\/","url":"https:\/\/darkamazi.site\/file\/2017\/12\/darka-mazi-logo.png","contentUrl":"https:\/\/darkamazi.site\/file\/2017\/12\/darka-mazi-logo.png","width":151,"height":75,"caption":"Darka Mazi T\u00fcrk\u00e7e"},"image":{"@id":"https:\/\/darkamazi.site\/#\/schema\/logo\/image\/"},"sameAs":["https:\/\/www.facebook.com\/DarkaMaziturkce","https:\/\/x.com\/DarkaMaziTurkce"]},{"@type":"Person","@id":"https:\/\/darkamazi.site\/#\/schema\/person\/67986a95ac546c16760365877ef4a9d3","name":"darka mazi","sameAs":["https:\/\/darkamazi.site"],"url":"https:\/\/darkamazi.site\/archives\/author\/turkish"}]}},"_links":{"self":[{"href":"https:\/\/darkamazi.site\/funavuv\/wp\/v2\/posts\/1015355","targetHints":{"allow":["GET"]}}],"collection":[{"href":"https:\/\/darkamazi.site\/funavuv\/wp\/v2\/posts"}],"about":[{"href":"https:\/\/darkamazi.site\/funavuv\/wp\/v2\/types\/post"}],"author":[{"embeddable":true,"href":"https:\/\/darkamazi.site\/funavuv\/wp\/v2\/users\/2"}],"replies":[{"embeddable":true,"href":"https:\/\/darkamazi.site\/funavuv\/wp\/v2\/comments?post=1015355"}],"version-history":[{"count":0,"href":"https:\/\/darkamazi.site\/funavuv\/wp\/v2\/posts\/1015355\/revisions"}],"wp:featuredmedia":[{"embeddable":true,"href":"https:\/\/darkamazi.site\/funavuv\/wp\/v2\/media\/1015356"}],"wp:attachment":[{"href":"https:\/\/darkamazi.site\/funavuv\/wp\/v2\/media?parent=1015355"}],"wp:term":[{"taxonomy":"category","embeddable":true,"href":"https:\/\/darkamazi.site\/funavuv\/wp\/v2\/categories?post=1015355"},{"taxonomy":"post_tag","embeddable":true,"href":"https:\/\/darkamazi.site\/funavuv\/wp\/v2\/tags?post=1015355"}],"curies":[{"name":"wp","href":"https:\/\/api.w.org\/{rel}","templated":true}]}}