{"id":1015358,"date":"2021-07-06T15:28:27","date_gmt":"2021-07-06T12:28:27","guid":{"rendered":"https:\/\/darkamazi.site\/?p=1015358"},"modified":"2021-07-06T15:28:27","modified_gmt":"2021-07-06T12:28:27","slug":"iran-konsolosu-erbile-saldirilarda-parmagimiz-oldugu-iddialarini-red-ediyoruz","status":"publish","type":"post","link":"https:\/\/darkamazi.site\/archives\/1015358","title":{"rendered":"\u0130ran Konsolosu: Erbil&#8217;e sald\u0131r\u0131larda parma\u011f\u0131m\u0131z oldu\u011fu iddialar\u0131n\u0131 red ediyoruz"},"content":{"rendered":"<p style=\"text-align: justify\">\u0130ran\u2019\u0131n S\u00fcleymaniye Konsolosu, Erbil\u2019e y\u00f6nelik roketli sald\u0131r\u0131larda \u00fclkesinin parma\u011f\u0131 olmad\u0131\u011f\u0131n\u0131, K\u00fcrdistan B\u00f6lgesi\u2019nin g\u00fcvenli\u011finin kendileri i\u00e7in \u00f6nemli oldu\u011funu s\u00f6yledi.<\/p>\n<p style=\"text-align: justify\">Bas\u0131n toplant\u0131s\u0131 d\u00fczenleyen\u00a0\u0130ran\u2019\u0131n S\u00fcleymaniye Konsolosu\u00a0Mehdi \u015eu\u015fteri, Erbil\u2019e y\u00f6nelik roketli sald\u0131r\u0131larda \u00fclkesinin parma\u011f\u0131 oldu\u011funa y\u00f6nelik iddialar\u0131 reddettiklerini belirterek, \u201cK\u00fcrdistan B\u00f6lgesi ve Irak\u2019\u0131n g\u00fcvenli\u011fi, bizim de g\u00fcvenli\u011fimizin bir par\u00e7as\u0131d\u0131r. G\u00fcvenli\u011fimizin birbiriyle ili\u015fkisi var. Irak\u2019ta ya\u015fanan her istikrars\u0131zl\u0131k\u00a0\u0130ran\u2019da da istikrars\u0131zl\u0131\u011fa yol a\u00e7ar, buna mukabil \u0130ran\u2019da ya\u015fanan her istikrars\u0131zl\u0131k\u00a0Irak\u00a0ve K\u00fcrdistan B\u00f6lgesi\u2019nde de istikrars\u0131zl\u0131\u011fa yol a\u00e7ar\u201d ifadelerini kulland\u0131.<\/p>\n<p style=\"text-align: justify\">\u015eu\u015fteri, \u201cUmar\u0131z iki kar\u015f\u0131l\u0131kl\u0131 duyarl\u0131l\u0131k ve sorumlulukla \u00f6zellikle \u0130ran &#8211;\u00a0K\u00fcrdistan B\u00f6lgesi\u00a0s\u0131n\u0131rlar\u0131nda istikrar\u0131 sa\u011flar\u0131z\u201d dedi.<\/p>\n<p style=\"text-align: justify\">\u201cMaalesef hem kendi s\u0131n\u0131rlar\u0131m\u0131zda hem de K\u00fcrdistan B\u00f6lgesi s\u0131n\u0131rlar\u0131nda baz\u0131 ter\u00f6r faaliyetleri g\u00f6r\u00fcyoruz\u201d diyen \u015eu\u015fteri, \u201cBunlar, K\u00fcrdistan B\u00f6lgesi\u2019nde yerle\u015fik olan g\u00fc\u00e7lerce yap\u0131l\u0131yor. B\u00f6lge yetkililerinin karar\u0131yla, iki \u00fclkenin\u00a0s\u0131n\u0131r\u00a0ve topraklar\u0131nda g\u00fcvenli\u011fe ayk\u0131r\u0131 bir durum g\u00f6rmemeyi umut ediyoruz. Elbette K\u00fcrdistan B\u00f6lgesi\u2019nin g\u00fcvenli\u011fi bizim i\u00e7in \u00e7ok \u00f6nemli\u201d \u015feklinde konu\u015ftu.<\/p>\n","protected":false},"excerpt":{"rendered":"<p>\u0130ran\u2019\u0131n S\u00fcleymaniye Konsolosu, Erbil\u2019e y\u00f6nelik roketli sald\u0131r\u0131larda \u00fclkesinin parma\u011f\u0131 olmad\u0131\u011f\u0131n\u0131, K\u00fcrdistan B\u00f6lgesi\u2019nin g\u00fcvenli\u011finin kendileri i\u00e7in \u00f6nemli oldu\u011funu s\u00f6yledi. Bas\u0131n toplant\u0131s\u0131 d\u00fczenleyen\u00a0\u0130ran\u2019\u0131n S\u00fcleymaniye Konsolosu\u00a0Mehdi \u015eu\u015fteri, Erbil\u2019e y\u00f6nelik roketli sald\u0131r\u0131larda \u00fclkesinin parma\u011f\u0131 oldu\u011funa y\u00f6nelik iddialar\u0131 reddettiklerini belirterek, \u201cK\u00fcrdistan B\u00f6lgesi ve Irak\u2019\u0131n g\u00fcvenli\u011fi, bizim de g\u00fcvenli\u011fimizin bir par\u00e7as\u0131d\u0131r. G\u00fcvenli\u011fimizin birbiriyle ili\u015fkisi var. Irak\u2019ta ya\u015fanan her istikrars\u0131zl\u0131k\u00a0\u0130ran\u2019da da istikrars\u0131zl\u0131\u011fa [&hellip;]<\/p>\n","protected":false},"author":2,"featured_media":1015359,"comment_status":"closed","ping_status":"closed","sticky":false,"template":"","format":"standard","meta":{"footnotes":""},"categories":[29],"tags":[31],"class_list":["post-1015358","post","type-post","status-publish","format-standard","has-post-thumbnail","hentry","category-ortadogu","tag-onemli"],"blocksy_meta":[],"seo_head":"<!-- This site is optimized with the Yoast SEO plugin v27.5 - https:\/\/yoast.com\/product\/yoast-seo-wordpress\/ -->\n<title>\u0130ran Konsolosu: Erbil&#039;e sald\u0131r\u0131larda parma\u011f\u0131m\u0131z oldu\u011fu iddialar\u0131n\u0131 red ediyoruz - Darka Mazi<\/title>\n<meta name=\"robots\" content=\"index, follow, max-snippet:-1, max-image-preview:large, max-video-preview:-1\" \/>\n<link rel=\"canonical\" href=\"https:\/\/darkamazi.site\/archives\/1015358\" \/>\n<meta property=\"og:locale\" content=\"en_US\" \/>\n<meta property=\"og:type\" content=\"article\" \/>\n<meta property=\"og:title\" content=\"\u0130ran Konsolosu: Erbil&#039;e sald\u0131r\u0131larda parma\u011f\u0131m\u0131z oldu\u011fu iddialar\u0131n\u0131 red ediyoruz - Darka Mazi\" \/>\n<meta property=\"og:description\" content=\"\u0130ran\u2019\u0131n S\u00fcleymaniye Konsolosu, Erbil\u2019e y\u00f6nelik roketli sald\u0131r\u0131larda \u00fclkesinin parma\u011f\u0131 olmad\u0131\u011f\u0131n\u0131, K\u00fcrdistan B\u00f6lgesi\u2019nin g\u00fcvenli\u011finin kendileri i\u00e7in \u00f6nemli oldu\u011funu s\u00f6yledi. Bas\u0131n toplant\u0131s\u0131 d\u00fczenleyen\u00a0\u0130ran\u2019\u0131n S\u00fcleymaniye Konsolosu\u00a0Mehdi \u015eu\u015fteri, Erbil\u2019e y\u00f6nelik roketli sald\u0131r\u0131larda \u00fclkesinin parma\u011f\u0131 oldu\u011funa y\u00f6nelik iddialar\u0131 reddettiklerini belirterek, \u201cK\u00fcrdistan B\u00f6lgesi ve Irak\u2019\u0131n g\u00fcvenli\u011fi, bizim de g\u00fcvenli\u011fimizin bir par\u00e7as\u0131d\u0131r. G\u00fcvenli\u011fimizin birbiriyle ili\u015fkisi var. Irak\u2019ta ya\u015fanan her istikrars\u0131zl\u0131k\u00a0\u0130ran\u2019da da istikrars\u0131zl\u0131\u011fa [&hellip;]\" \/>\n<meta property=\"og:url\" content=\"https:\/\/darkamazi.site\/archives\/1015358\" \/>\n<meta property=\"og:site_name\" content=\"Darka Mazi\" \/>\n<meta property=\"article:publisher\" content=\"https:\/\/www.facebook.com\/DarkaMaziturkce\" \/>\n<meta property=\"article:published_time\" content=\"2021-07-06T12:28:27+00:00\" \/>\n<meta property=\"og:image\" content=\"https:\/\/darkamazi.site\/file\/2021\/07\/Iran-Konsolosu.jpg\" \/>\n\t<meta property=\"og:image:width\" content=\"710\" \/>\n\t<meta property=\"og:image:height\" content=\"399\" \/>\n\t<meta property=\"og:image:type\" content=\"image\/jpeg\" \/>\n<meta name=\"author\" content=\"darka mazi\" \/>\n<meta name=\"twitter:card\" content=\"summary_large_image\" \/>\n<meta name=\"twitter:creator\" content=\"@DarkaMaziTurkce\" \/>\n<meta name=\"twitter:site\" content=\"@DarkaMaziTurkce\" \/>\n<meta name=\"twitter:label1\" content=\"Written by\" \/>\n\t<meta name=\"twitter:data1\" content=\"darka mazi\" \/>\n\t<meta name=\"twitter:label2\" content=\"Est. reading time\" \/>\n\t<meta name=\"twitter:data2\" content=\"1 minute\" \/>\n<script type=\"application\/ld+json\" class=\"seo-schema-graph\">{\"@context\":\"https:\\\/\\\/schema.org\",\"@graph\":[{\"@type\":\"NewsArticle\",\"@id\":\"https:\\\/\\\/darkamazi.site\\\/archives\\\/1015358#article\",\"isPartOf\":{\"@id\":\"https:\\\/\\\/darkamazi.site\\\/archives\\\/1015358\"},\"author\":{\"name\":\"darka mazi\",\"@id\":\"https:\\\/\\\/darkamazi.site\\\/#\\\/schema\\\/person\\\/67986a95ac546c16760365877ef4a9d3\"},\"headline\":\"\u0130ran Konsolosu: Erbil&#8217;e sald\u0131r\u0131larda parma\u011f\u0131m\u0131z oldu\u011fu iddialar\u0131n\u0131 red ediyoruz\",\"datePublished\":\"2021-07-06T12:28:27+00:00\",\"mainEntityOfPage\":{\"@id\":\"https:\\\/\\\/darkamazi.site\\\/archives\\\/1015358\"},\"wordCount\":262,\"publisher\":{\"@id\":\"https:\\\/\\\/darkamazi.site\\\/#organization\"},\"image\":{\"@id\":\"https:\\\/\\\/darkamazi.site\\\/archives\\\/1015358#primaryimage\"},\"thumbnailUrl\":\"https:\\\/\\\/darkamazi.site\\\/darka-content\\\/uploads\\\/2021\\\/07\\\/Iran-Konsolosu.jpg\",\"keywords\":[\"\u00f6nemli\"],\"articleSection\":[\"Ortado\u011fu\"],\"inLanguage\":\"en-US\"},{\"@type\":\"WebPage\",\"@id\":\"https:\\\/\\\/darkamazi.site\\\/archives\\\/1015358\",\"url\":\"https:\\\/\\\/darkamazi.site\\\/archives\\\/1015358\",\"name\":\"\u0130ran Konsolosu: Erbil'e sald\u0131r\u0131larda parma\u011f\u0131m\u0131z oldu\u011fu iddialar\u0131n\u0131 red ediyoruz - Darka Mazi\",\"isPartOf\":{\"@id\":\"https:\\\/\\\/darkamazi.site\\\/#website\"},\"primaryImageOfPage\":{\"@id\":\"https:\\\/\\\/darkamazi.site\\\/archives\\\/1015358#primaryimage\"},\"image\":{\"@id\":\"https:\\\/\\\/darkamazi.site\\\/archives\\\/1015358#primaryimage\"},\"thumbnailUrl\":\"https:\\\/\\\/darkamazi.site\\\/darka-content\\\/uploads\\\/2021\\\/07\\\/Iran-Konsolosu.jpg\",\"datePublished\":\"2021-07-06T12:28:27+00:00\",\"breadcrumb\":{\"@id\":\"https:\\\/\\\/darkamazi.site\\\/archives\\\/1015358#breadcrumb\"},\"inLanguage\":\"en-US\",\"potentialAction\":[{\"@type\":\"ReadAction\",\"target\":[\"https:\\\/\\\/darkamazi.site\\\/archives\\\/1015358\"]}]},{\"@type\":\"ImageObject\",\"inLanguage\":\"en-US\",\"@id\":\"https:\\\/\\\/darkamazi.site\\\/archives\\\/1015358#primaryimage\",\"url\":\"https:\\\/\\\/darkamazi.site\\\/darka-content\\\/uploads\\\/2021\\\/07\\\/Iran-Konsolosu.jpg\",\"contentUrl\":\"https:\\\/\\\/darkamazi.site\\\/darka-content\\\/uploads\\\/2021\\\/07\\\/Iran-Konsolosu.jpg\",\"width\":710,\"height\":399,\"caption\":\"\u0130ran Konsolosu: Erbil'e sald\u0131r\u0131larda parma\u011f\u0131m\u0131z oldu\u011fu iddialar\u0131n\u0131 red ediyoruz\"},{\"@type\":\"BreadcrumbList\",\"@id\":\"https:\\\/\\\/darkamazi.site\\\/archives\\\/1015358#breadcrumb\",\"itemListElement\":[{\"@type\":\"ListItem\",\"position\":1,\"name\":\"Home\",\"item\":\"https:\\\/\\\/darkamazi.site\\\/\"},{\"@type\":\"ListItem\",\"position\":2,\"name\":\"\u0130ran Konsolosu: Erbil&#8217;e sald\u0131r\u0131larda parma\u011f\u0131m\u0131z oldu\u011fu iddialar\u0131n\u0131 red ediyoruz\"}]},{\"@type\":\"WebSite\",\"@id\":\"https:\\\/\\\/darkamazi.site\\\/#website\",\"url\":\"https:\\\/\\\/darkamazi.site\\\/\",\"name\":\"Darka Mazi\",\"description\":\"Ana Sayfa\",\"publisher\":{\"@id\":\"https:\\\/\\\/darkamazi.site\\\/#organization\"},\"potentialAction\":[{\"@type\":\"SearchAction\",\"target\":{\"@type\":\"EntryPoint\",\"urlTemplate\":\"https:\\\/\\\/darkamazi.site\\\/?s={search_term_string}\"},\"query-input\":{\"@type\":\"PropertyValueSpecification\",\"valueRequired\":true,\"valueName\":\"search_term_string\"}}],\"inLanguage\":\"en-US\"},{\"@type\":\"Organization\",\"@id\":\"https:\\\/\\\/darkamazi.site\\\/#organization\",\"name\":\"Darka Mazi T\u00fcrk\u00e7e\",\"alternateName\":\"Darka Mazi\",\"url\":\"https:\\\/\\\/darkamazi.site\\\/\",\"logo\":{\"@type\":\"ImageObject\",\"inLanguage\":\"en-US\",\"@id\":\"https:\\\/\\\/darkamazi.site\\\/#\\\/schema\\\/logo\\\/image\\\/\",\"url\":\"https:\\\/\\\/darkamazi.site\\\/darka-content\\\/uploads\\\/2017\\\/12\\\/darka-mazi-logo.png\",\"contentUrl\":\"https:\\\/\\\/darkamazi.site\\\/darka-content\\\/uploads\\\/2017\\\/12\\\/darka-mazi-logo.png\",\"width\":151,\"height\":75,\"caption\":\"Darka Mazi T\u00fcrk\u00e7e\"},\"image\":{\"@id\":\"https:\\\/\\\/darkamazi.site\\\/#\\\/schema\\\/logo\\\/image\\\/\"},\"sameAs\":[\"https:\\\/\\\/www.facebook.com\\\/DarkaMaziturkce\",\"https:\\\/\\\/x.com\\\/DarkaMaziTurkce\"]},{\"@type\":\"Person\",\"@id\":\"https:\\\/\\\/darkamazi.site\\\/#\\\/schema\\\/person\\\/67986a95ac546c16760365877ef4a9d3\",\"name\":\"darka mazi\",\"sameAs\":[\"https:\\\/\\\/darkamazi.site\"],\"url\":\"https:\\\/\\\/darkamazi.site\\\/archives\\\/author\\\/turkish\"}]}<\/script>\n<!-- \/ Yoast SEO plugin. -->","seo_head_json":{"title":"\u0130ran Konsolosu: Erbil'e sald\u0131r\u0131larda parma\u011f\u0131m\u0131z oldu\u011fu iddialar\u0131n\u0131 red ediyoruz - Darka Mazi","robots":{"index":"index","follow":"follow","max-snippet":"max-snippet:-1","max-image-preview":"max-image-preview:large","max-video-preview":"max-video-preview:-1"},"canonical":"https:\/\/darkamazi.site\/archives\/1015358","og_locale":"en_US","og_type":"article","og_title":"\u0130ran Konsolosu: Erbil'e sald\u0131r\u0131larda parma\u011f\u0131m\u0131z oldu\u011fu iddialar\u0131n\u0131 red ediyoruz - Darka Mazi","og_description":"\u0130ran\u2019\u0131n S\u00fcleymaniye Konsolosu, Erbil\u2019e y\u00f6nelik roketli sald\u0131r\u0131larda \u00fclkesinin parma\u011f\u0131 olmad\u0131\u011f\u0131n\u0131, K\u00fcrdistan B\u00f6lgesi\u2019nin g\u00fcvenli\u011finin kendileri i\u00e7in \u00f6nemli oldu\u011funu s\u00f6yledi. Bas\u0131n toplant\u0131s\u0131 d\u00fczenleyen\u00a0\u0130ran\u2019\u0131n S\u00fcleymaniye Konsolosu\u00a0Mehdi \u015eu\u015fteri, Erbil\u2019e y\u00f6nelik roketli sald\u0131r\u0131larda \u00fclkesinin parma\u011f\u0131 oldu\u011funa y\u00f6nelik iddialar\u0131 reddettiklerini belirterek, \u201cK\u00fcrdistan B\u00f6lgesi ve Irak\u2019\u0131n g\u00fcvenli\u011fi, bizim de g\u00fcvenli\u011fimizin bir par\u00e7as\u0131d\u0131r. G\u00fcvenli\u011fimizin birbiriyle ili\u015fkisi var. Irak\u2019ta ya\u015fanan her istikrars\u0131zl\u0131k\u00a0\u0130ran\u2019da da istikrars\u0131zl\u0131\u011fa [&hellip;]","og_url":"https:\/\/darkamazi.site\/archives\/1015358","og_site_name":"Darka Mazi","article_publisher":"https:\/\/www.facebook.com\/DarkaMaziturkce","article_published_time":"2021-07-06T12:28:27+00:00","og_image":[{"width":710,"height":399,"url":"https:\/\/darkamazi.site\/file\/2021\/07\/Iran-Konsolosu.jpg","type":"image\/jpeg"}],"author":"darka mazi","twitter_card":"summary_large_image","twitter_creator":"@DarkaMaziTurkce","twitter_site":"@DarkaMaziTurkce","twitter_misc":{"Written by":"darka mazi","Est. reading time":"1 minute"},"schema":{"@context":"https:\/\/schema.org","@graph":[{"@type":"NewsArticle","@id":"https:\/\/darkamazi.site\/archives\/1015358#article","isPartOf":{"@id":"https:\/\/darkamazi.site\/archives\/1015358"},"author":{"name":"darka mazi","@id":"https:\/\/darkamazi.site\/#\/schema\/person\/67986a95ac546c16760365877ef4a9d3"},"headline":"\u0130ran Konsolosu: Erbil&#8217;e sald\u0131r\u0131larda parma\u011f\u0131m\u0131z oldu\u011fu iddialar\u0131n\u0131 red ediyoruz","datePublished":"2021-07-06T12:28:27+00:00","mainEntityOfPage":{"@id":"https:\/\/darkamazi.site\/archives\/1015358"},"wordCount":262,"publisher":{"@id":"https:\/\/darkamazi.site\/#organization"},"image":{"@id":"https:\/\/darkamazi.site\/archives\/1015358#primaryimage"},"thumbnailUrl":"https:\/\/darkamazi.site\/file\/2021\/07\/Iran-Konsolosu.jpg","keywords":["\u00f6nemli"],"articleSection":["Ortado\u011fu"],"inLanguage":"en-US"},{"@type":"WebPage","@id":"https:\/\/darkamazi.site\/archives\/1015358","url":"https:\/\/darkamazi.site\/archives\/1015358","name":"\u0130ran Konsolosu: Erbil'e sald\u0131r\u0131larda parma\u011f\u0131m\u0131z oldu\u011fu iddialar\u0131n\u0131 red ediyoruz - Darka Mazi","isPartOf":{"@id":"https:\/\/darkamazi.site\/#website"},"primaryImageOfPage":{"@id":"https:\/\/darkamazi.site\/archives\/1015358#primaryimage"},"image":{"@id":"https:\/\/darkamazi.site\/archives\/1015358#primaryimage"},"thumbnailUrl":"https:\/\/darkamazi.site\/file\/2021\/07\/Iran-Konsolosu.jpg","datePublished":"2021-07-06T12:28:27+00:00","breadcrumb":{"@id":"https:\/\/darkamazi.site\/archives\/1015358#breadcrumb"},"inLanguage":"en-US","potentialAction":[{"@type":"ReadAction","target":["https:\/\/darkamazi.site\/archives\/1015358"]}]},{"@type":"ImageObject","inLanguage":"en-US","@id":"https:\/\/darkamazi.site\/archives\/1015358#primaryimage","url":"https:\/\/darkamazi.site\/file\/2021\/07\/Iran-Konsolosu.jpg","contentUrl":"https:\/\/darkamazi.site\/file\/2021\/07\/Iran-Konsolosu.jpg","width":710,"height":399,"caption":"\u0130ran Konsolosu: Erbil'e sald\u0131r\u0131larda parma\u011f\u0131m\u0131z oldu\u011fu iddialar\u0131n\u0131 red ediyoruz"},{"@type":"BreadcrumbList","@id":"https:\/\/darkamazi.site\/archives\/1015358#breadcrumb","itemListElement":[{"@type":"ListItem","position":1,"name":"Home","item":"https:\/\/darkamazi.site\/"},{"@type":"ListItem","position":2,"name":"\u0130ran Konsolosu: Erbil&#8217;e sald\u0131r\u0131larda parma\u011f\u0131m\u0131z oldu\u011fu iddialar\u0131n\u0131 red ediyoruz"}]},{"@type":"WebSite","@id":"https:\/\/darkamazi.site\/#website","url":"https:\/\/darkamazi.site\/","name":"Darka Mazi","description":"Ana Sayfa","publisher":{"@id":"https:\/\/darkamazi.site\/#organization"},"potentialAction":[{"@type":"SearchAction","target":{"@type":"EntryPoint","urlTemplate":"https:\/\/darkamazi.site\/?s={search_term_string}"},"query-input":{"@type":"PropertyValueSpecification","valueRequired":true,"valueName":"search_term_string"}}],"inLanguage":"en-US"},{"@type":"Organization","@id":"https:\/\/darkamazi.site\/#organization","name":"Darka Mazi T\u00fcrk\u00e7e","alternateName":"Darka Mazi","url":"https:\/\/darkamazi.site\/","logo":{"@type":"ImageObject","inLanguage":"en-US","@id":"https:\/\/darkamazi.site\/#\/schema\/logo\/image\/","url":"https:\/\/darkamazi.site\/file\/2017\/12\/darka-mazi-logo.png","contentUrl":"https:\/\/darkamazi.site\/file\/2017\/12\/darka-mazi-logo.png","width":151,"height":75,"caption":"Darka Mazi T\u00fcrk\u00e7e"},"image":{"@id":"https:\/\/darkamazi.site\/#\/schema\/logo\/image\/"},"sameAs":["https:\/\/www.facebook.com\/DarkaMaziturkce","https:\/\/x.com\/DarkaMaziTurkce"]},{"@type":"Person","@id":"https:\/\/darkamazi.site\/#\/schema\/person\/67986a95ac546c16760365877ef4a9d3","name":"darka mazi","sameAs":["https:\/\/darkamazi.site"],"url":"https:\/\/darkamazi.site\/archives\/author\/turkish"}]}},"_links":{"self":[{"href":"https:\/\/darkamazi.site\/funavuv\/wp\/v2\/posts\/1015358","targetHints":{"allow":["GET"]}}],"collection":[{"href":"https:\/\/darkamazi.site\/funavuv\/wp\/v2\/posts"}],"about":[{"href":"https:\/\/darkamazi.site\/funavuv\/wp\/v2\/types\/post"}],"author":[{"embeddable":true,"href":"https:\/\/darkamazi.site\/funavuv\/wp\/v2\/users\/2"}],"replies":[{"embeddable":true,"href":"https:\/\/darkamazi.site\/funavuv\/wp\/v2\/comments?post=1015358"}],"version-history":[{"count":0,"href":"https:\/\/darkamazi.site\/funavuv\/wp\/v2\/posts\/1015358\/revisions"}],"wp:featuredmedia":[{"embeddable":true,"href":"https:\/\/darkamazi.site\/funavuv\/wp\/v2\/media\/1015359"}],"wp:attachment":[{"href":"https:\/\/darkamazi.site\/funavuv\/wp\/v2\/media?parent=1015358"}],"wp:term":[{"taxonomy":"category","embeddable":true,"href":"https:\/\/darkamazi.site\/funavuv\/wp\/v2\/categories?post=1015358"},{"taxonomy":"post_tag","embeddable":true,"href":"https:\/\/darkamazi.site\/funavuv\/wp\/v2\/tags?post=1015358"}],"curies":[{"name":"wp","href":"https:\/\/api.w.org\/{rel}","templated":true}]}}