{"id":1015581,"date":"2021-07-24T13:55:03","date_gmt":"2021-07-24T10:55:03","guid":{"rendered":"https:\/\/darkamazi.site\/?p=1015581"},"modified":"2021-07-24T13:55:03","modified_gmt":"2021-07-24T10:55:03","slug":"pkk-gucleri-yine-pesmerge-guclerine-saldirdi","status":"publish","type":"post","link":"https:\/\/darkamazi.site\/archives\/1015581","title":{"rendered":"PKK g\u00fc\u00e7leri yine Pe\u015fmerge g\u00fc\u00e7lerine sald\u0131rd\u0131"},"content":{"rendered":"<p style=\"text-align: justify\">PKK\u00a0unsurlar\u0131n\u0131n bu sabah saat 08.30 s\u0131ralar\u0131nda Duhok\u2019un Amedi il\u00e7esi s\u0131n\u0131rlar\u0131ndaki\u00a0Metina Da\u011f\u0131\u2019nda bulunan bir Zerevani Pe\u015fmergeleri noktas\u0131na ate\u015f a\u00e7t\u0131\u011f\u0131 bildirildi.<\/p>\n<p style=\"text-align: justify\">Konuya ili\u015fkin a\u00e7\u0131klama yapan\u00a0 Pe\u015fmerge\u00a0Genelkurmay Ba\u015fkan\u0131 Cemal Eminki, PKK\u2019nin Zerevani Pe\u015fmergelerine ate\u015f a\u00e7t\u0131\u011f\u0131 sald\u0131r\u0131da herhangi bir can kayb\u0131 ya\u015fanmad\u0131\u011f\u0131n\u0131, Pe\u015fmerge\u2019nin de\u00a0a\u00e7\u0131lan ate\u015fe kar\u015f\u0131l\u0131k\u00a0verdi\u011fini s\u00f6yledi.<\/p>\n<p style=\"text-align: justify\">\u201cPKK,\u00a0Ba\u015fkan Barzani\u2019nin karde\u015f kavgas\u0131n\u0131 (birakuji) haram k\u0131lmas\u0131 mesaj\u0131n\u0131 f\u0131rsata \u00e7eviriyor\u201d diyen Genelkurmay Ba\u015fkan\u0131 Eminki, \u201c PKK,Tehditlerde bulunuyor, Pe\u015fmerge\u2019ye kar\u015f\u0131 sava\u015f\u0131 k\u0131\u015fk\u0131rt\u0131yorlar. PKK bu \u015fekilde de hareketlerine tahamm\u00fcl g\u00f6sterilmesini bekliyor\u201d ifadelerini kulland\u0131. Eminki ayr\u0131ca &#8220;Bu PKK&#8217;nin pe\u015fmergeye ilk sald\u0131r\u0131s\u0131 de\u011fildir, bir y\u0131l i\u00e7inde 9 pe\u015fmerge \u015fehit d\u00fc\u015ft\u00fc&#8221; dedi.<\/p>\n<p style=\"text-align: justify\">PKK\u2019nin Haziran ay\u0131nda Metina Da\u011f\u0131\u2019nda Pe\u015fmerge konvoyuna d\u00fczenledi\u011fi sald\u0131r\u0131da 5 Pe\u015fmerge \u015fehit d\u00fc\u015fm\u00fc\u015ft\u00fc.<\/p>\n","protected":false},"excerpt":{"rendered":"<p>PKK\u00a0unsurlar\u0131n\u0131n bu sabah saat 08.30 s\u0131ralar\u0131nda Duhok\u2019un Amedi il\u00e7esi s\u0131n\u0131rlar\u0131ndaki\u00a0Metina Da\u011f\u0131\u2019nda bulunan bir Zerevani Pe\u015fmergeleri noktas\u0131na ate\u015f a\u00e7t\u0131\u011f\u0131 bildirildi. Konuya ili\u015fkin a\u00e7\u0131klama yapan\u00a0 Pe\u015fmerge\u00a0Genelkurmay Ba\u015fkan\u0131 Cemal Eminki, PKK\u2019nin Zerevani Pe\u015fmergelerine ate\u015f a\u00e7t\u0131\u011f\u0131 sald\u0131r\u0131da herhangi bir can kayb\u0131 ya\u015fanmad\u0131\u011f\u0131n\u0131, Pe\u015fmerge\u2019nin de\u00a0a\u00e7\u0131lan ate\u015fe kar\u015f\u0131l\u0131k\u00a0verdi\u011fini s\u00f6yledi. \u201cPKK,\u00a0Ba\u015fkan Barzani\u2019nin karde\u015f kavgas\u0131n\u0131 (birakuji) haram k\u0131lmas\u0131 mesaj\u0131n\u0131 f\u0131rsata \u00e7eviriyor\u201d diyen Genelkurmay [&hellip;]<\/p>\n","protected":false},"author":2,"featured_media":1015582,"comment_status":"closed","ping_status":"closed","sticky":false,"template":"","format":"standard","meta":{"footnotes":""},"categories":[3],"tags":[31],"class_list":["post-1015581","post","type-post","status-publish","format-standard","has-post-thumbnail","hentry","category-kurdistan","tag-onemli"],"blocksy_meta":[],"seo_head":"<!-- This site is optimized with the Yoast SEO plugin v27.5 - https:\/\/yoast.com\/product\/yoast-seo-wordpress\/ -->\n<title>PKK g\u00fc\u00e7leri yine Pe\u015fmerge g\u00fc\u00e7lerine sald\u0131rd\u0131 - Darka Mazi<\/title>\n<meta name=\"robots\" content=\"index, follow, max-snippet:-1, max-image-preview:large, max-video-preview:-1\" \/>\n<link rel=\"canonical\" href=\"https:\/\/darkamazi.site\/archives\/1015581\" \/>\n<meta property=\"og:locale\" content=\"en_US\" \/>\n<meta property=\"og:type\" content=\"article\" \/>\n<meta property=\"og:title\" content=\"PKK g\u00fc\u00e7leri yine Pe\u015fmerge g\u00fc\u00e7lerine sald\u0131rd\u0131 - Darka Mazi\" \/>\n<meta property=\"og:description\" content=\"PKK\u00a0unsurlar\u0131n\u0131n bu sabah saat 08.30 s\u0131ralar\u0131nda Duhok\u2019un Amedi il\u00e7esi s\u0131n\u0131rlar\u0131ndaki\u00a0Metina Da\u011f\u0131\u2019nda bulunan bir Zerevani Pe\u015fmergeleri noktas\u0131na ate\u015f a\u00e7t\u0131\u011f\u0131 bildirildi. Konuya ili\u015fkin a\u00e7\u0131klama yapan\u00a0 Pe\u015fmerge\u00a0Genelkurmay Ba\u015fkan\u0131 Cemal Eminki, PKK\u2019nin Zerevani Pe\u015fmergelerine ate\u015f a\u00e7t\u0131\u011f\u0131 sald\u0131r\u0131da herhangi bir can kayb\u0131 ya\u015fanmad\u0131\u011f\u0131n\u0131, Pe\u015fmerge\u2019nin de\u00a0a\u00e7\u0131lan ate\u015fe kar\u015f\u0131l\u0131k\u00a0verdi\u011fini s\u00f6yledi. \u201cPKK,\u00a0Ba\u015fkan Barzani\u2019nin karde\u015f kavgas\u0131n\u0131 (birakuji) haram k\u0131lmas\u0131 mesaj\u0131n\u0131 f\u0131rsata \u00e7eviriyor\u201d diyen Genelkurmay [&hellip;]\" \/>\n<meta property=\"og:url\" content=\"https:\/\/darkamazi.site\/archives\/1015581\" \/>\n<meta property=\"og:site_name\" content=\"Darka Mazi\" \/>\n<meta property=\"article:publisher\" content=\"https:\/\/www.facebook.com\/DarkaMaziturkce\" \/>\n<meta property=\"article:published_time\" content=\"2021-07-24T10:55:03+00:00\" \/>\n<meta property=\"og:image\" content=\"https:\/\/darkamazi.site\/file\/2021\/07\/PKK-1.jpg\" \/>\n\t<meta property=\"og:image:width\" content=\"900\" \/>\n\t<meta property=\"og:image:height\" content=\"497\" \/>\n\t<meta property=\"og:image:type\" content=\"image\/jpeg\" \/>\n<meta name=\"author\" content=\"darka mazi\" \/>\n<meta name=\"twitter:card\" content=\"summary_large_image\" \/>\n<meta name=\"twitter:creator\" content=\"@DarkaMaziTurkce\" \/>\n<meta name=\"twitter:site\" content=\"@DarkaMaziTurkce\" \/>\n<meta name=\"twitter:label1\" content=\"Written by\" \/>\n\t<meta name=\"twitter:data1\" content=\"darka mazi\" \/>\n\t<meta name=\"twitter:label2\" content=\"Est. reading time\" \/>\n\t<meta name=\"twitter:data2\" content=\"1 minute\" \/>\n<script type=\"application\/ld+json\" class=\"seo-schema-graph\">{\"@context\":\"https:\\\/\\\/schema.org\",\"@graph\":[{\"@type\":\"NewsArticle\",\"@id\":\"https:\\\/\\\/darkamazi.site\\\/archives\\\/1015581#article\",\"isPartOf\":{\"@id\":\"https:\\\/\\\/darkamazi.site\\\/archives\\\/1015581\"},\"author\":{\"name\":\"darka mazi\",\"@id\":\"https:\\\/\\\/darkamazi.site\\\/#\\\/schema\\\/person\\\/67986a95ac546c16760365877ef4a9d3\"},\"headline\":\"PKK g\u00fc\u00e7leri yine Pe\u015fmerge g\u00fc\u00e7lerine sald\u0131rd\u0131\",\"datePublished\":\"2021-07-24T10:55:03+00:00\",\"mainEntityOfPage\":{\"@id\":\"https:\\\/\\\/darkamazi.site\\\/archives\\\/1015581\"},\"wordCount\":183,\"publisher\":{\"@id\":\"https:\\\/\\\/darkamazi.site\\\/#organization\"},\"image\":{\"@id\":\"https:\\\/\\\/darkamazi.site\\\/archives\\\/1015581#primaryimage\"},\"thumbnailUrl\":\"https:\\\/\\\/darkamazi.site\\\/darka-content\\\/uploads\\\/2021\\\/07\\\/PKK-1.jpg\",\"keywords\":[\"\u00f6nemli\"],\"articleSection\":[\"Kurdistan\"],\"inLanguage\":\"en-US\"},{\"@type\":\"WebPage\",\"@id\":\"https:\\\/\\\/darkamazi.site\\\/archives\\\/1015581\",\"url\":\"https:\\\/\\\/darkamazi.site\\\/archives\\\/1015581\",\"name\":\"PKK g\u00fc\u00e7leri yine Pe\u015fmerge g\u00fc\u00e7lerine sald\u0131rd\u0131 - Darka Mazi\",\"isPartOf\":{\"@id\":\"https:\\\/\\\/darkamazi.site\\\/#website\"},\"primaryImageOfPage\":{\"@id\":\"https:\\\/\\\/darkamazi.site\\\/archives\\\/1015581#primaryimage\"},\"image\":{\"@id\":\"https:\\\/\\\/darkamazi.site\\\/archives\\\/1015581#primaryimage\"},\"thumbnailUrl\":\"https:\\\/\\\/darkamazi.site\\\/darka-content\\\/uploads\\\/2021\\\/07\\\/PKK-1.jpg\",\"datePublished\":\"2021-07-24T10:55:03+00:00\",\"breadcrumb\":{\"@id\":\"https:\\\/\\\/darkamazi.site\\\/archives\\\/1015581#breadcrumb\"},\"inLanguage\":\"en-US\",\"potentialAction\":[{\"@type\":\"ReadAction\",\"target\":[\"https:\\\/\\\/darkamazi.site\\\/archives\\\/1015581\"]}]},{\"@type\":\"ImageObject\",\"inLanguage\":\"en-US\",\"@id\":\"https:\\\/\\\/darkamazi.site\\\/archives\\\/1015581#primaryimage\",\"url\":\"https:\\\/\\\/darkamazi.site\\\/darka-content\\\/uploads\\\/2021\\\/07\\\/PKK-1.jpg\",\"contentUrl\":\"https:\\\/\\\/darkamazi.site\\\/darka-content\\\/uploads\\\/2021\\\/07\\\/PKK-1.jpg\",\"width\":900,\"height\":497,\"caption\":\"PKK g\u00fc\u00e7leri yine Pe\u015fmerge g\u00fc\u00e7lerine sald\u0131rd\u0131 Amediye, Metina\"},{\"@type\":\"BreadcrumbList\",\"@id\":\"https:\\\/\\\/darkamazi.site\\\/archives\\\/1015581#breadcrumb\",\"itemListElement\":[{\"@type\":\"ListItem\",\"position\":1,\"name\":\"Home\",\"item\":\"https:\\\/\\\/darkamazi.site\\\/\"},{\"@type\":\"ListItem\",\"position\":2,\"name\":\"PKK g\u00fc\u00e7leri yine Pe\u015fmerge g\u00fc\u00e7lerine sald\u0131rd\u0131\"}]},{\"@type\":\"WebSite\",\"@id\":\"https:\\\/\\\/darkamazi.site\\\/#website\",\"url\":\"https:\\\/\\\/darkamazi.site\\\/\",\"name\":\"Darka Mazi\",\"description\":\"Ana Sayfa\",\"publisher\":{\"@id\":\"https:\\\/\\\/darkamazi.site\\\/#organization\"},\"potentialAction\":[{\"@type\":\"SearchAction\",\"target\":{\"@type\":\"EntryPoint\",\"urlTemplate\":\"https:\\\/\\\/darkamazi.site\\\/?s={search_term_string}\"},\"query-input\":{\"@type\":\"PropertyValueSpecification\",\"valueRequired\":true,\"valueName\":\"search_term_string\"}}],\"inLanguage\":\"en-US\"},{\"@type\":\"Organization\",\"@id\":\"https:\\\/\\\/darkamazi.site\\\/#organization\",\"name\":\"Darka Mazi T\u00fcrk\u00e7e\",\"alternateName\":\"Darka Mazi\",\"url\":\"https:\\\/\\\/darkamazi.site\\\/\",\"logo\":{\"@type\":\"ImageObject\",\"inLanguage\":\"en-US\",\"@id\":\"https:\\\/\\\/darkamazi.site\\\/#\\\/schema\\\/logo\\\/image\\\/\",\"url\":\"https:\\\/\\\/darkamazi.site\\\/darka-content\\\/uploads\\\/2017\\\/12\\\/darka-mazi-logo.png\",\"contentUrl\":\"https:\\\/\\\/darkamazi.site\\\/darka-content\\\/uploads\\\/2017\\\/12\\\/darka-mazi-logo.png\",\"width\":151,\"height\":75,\"caption\":\"Darka Mazi T\u00fcrk\u00e7e\"},\"image\":{\"@id\":\"https:\\\/\\\/darkamazi.site\\\/#\\\/schema\\\/logo\\\/image\\\/\"},\"sameAs\":[\"https:\\\/\\\/www.facebook.com\\\/DarkaMaziturkce\",\"https:\\\/\\\/x.com\\\/DarkaMaziTurkce\"]},{\"@type\":\"Person\",\"@id\":\"https:\\\/\\\/darkamazi.site\\\/#\\\/schema\\\/person\\\/67986a95ac546c16760365877ef4a9d3\",\"name\":\"darka mazi\",\"sameAs\":[\"https:\\\/\\\/darkamazi.site\"],\"url\":\"https:\\\/\\\/darkamazi.site\\\/archives\\\/author\\\/turkish\"}]}<\/script>\n<!-- \/ Yoast SEO plugin. -->","seo_head_json":{"title":"PKK g\u00fc\u00e7leri yine Pe\u015fmerge g\u00fc\u00e7lerine sald\u0131rd\u0131 - Darka Mazi","robots":{"index":"index","follow":"follow","max-snippet":"max-snippet:-1","max-image-preview":"max-image-preview:large","max-video-preview":"max-video-preview:-1"},"canonical":"https:\/\/darkamazi.site\/archives\/1015581","og_locale":"en_US","og_type":"article","og_title":"PKK g\u00fc\u00e7leri yine Pe\u015fmerge g\u00fc\u00e7lerine sald\u0131rd\u0131 - Darka Mazi","og_description":"PKK\u00a0unsurlar\u0131n\u0131n bu sabah saat 08.30 s\u0131ralar\u0131nda Duhok\u2019un Amedi il\u00e7esi s\u0131n\u0131rlar\u0131ndaki\u00a0Metina Da\u011f\u0131\u2019nda bulunan bir Zerevani Pe\u015fmergeleri noktas\u0131na ate\u015f a\u00e7t\u0131\u011f\u0131 bildirildi. Konuya ili\u015fkin a\u00e7\u0131klama yapan\u00a0 Pe\u015fmerge\u00a0Genelkurmay Ba\u015fkan\u0131 Cemal Eminki, PKK\u2019nin Zerevani Pe\u015fmergelerine ate\u015f a\u00e7t\u0131\u011f\u0131 sald\u0131r\u0131da herhangi bir can kayb\u0131 ya\u015fanmad\u0131\u011f\u0131n\u0131, Pe\u015fmerge\u2019nin de\u00a0a\u00e7\u0131lan ate\u015fe kar\u015f\u0131l\u0131k\u00a0verdi\u011fini s\u00f6yledi. \u201cPKK,\u00a0Ba\u015fkan Barzani\u2019nin karde\u015f kavgas\u0131n\u0131 (birakuji) haram k\u0131lmas\u0131 mesaj\u0131n\u0131 f\u0131rsata \u00e7eviriyor\u201d diyen Genelkurmay [&hellip;]","og_url":"https:\/\/darkamazi.site\/archives\/1015581","og_site_name":"Darka Mazi","article_publisher":"https:\/\/www.facebook.com\/DarkaMaziturkce","article_published_time":"2021-07-24T10:55:03+00:00","og_image":[{"width":900,"height":497,"url":"https:\/\/darkamazi.site\/file\/2021\/07\/PKK-1.jpg","type":"image\/jpeg"}],"author":"darka mazi","twitter_card":"summary_large_image","twitter_creator":"@DarkaMaziTurkce","twitter_site":"@DarkaMaziTurkce","twitter_misc":{"Written by":"darka mazi","Est. reading time":"1 minute"},"schema":{"@context":"https:\/\/schema.org","@graph":[{"@type":"NewsArticle","@id":"https:\/\/darkamazi.site\/archives\/1015581#article","isPartOf":{"@id":"https:\/\/darkamazi.site\/archives\/1015581"},"author":{"name":"darka mazi","@id":"https:\/\/darkamazi.site\/#\/schema\/person\/67986a95ac546c16760365877ef4a9d3"},"headline":"PKK g\u00fc\u00e7leri yine Pe\u015fmerge g\u00fc\u00e7lerine sald\u0131rd\u0131","datePublished":"2021-07-24T10:55:03+00:00","mainEntityOfPage":{"@id":"https:\/\/darkamazi.site\/archives\/1015581"},"wordCount":183,"publisher":{"@id":"https:\/\/darkamazi.site\/#organization"},"image":{"@id":"https:\/\/darkamazi.site\/archives\/1015581#primaryimage"},"thumbnailUrl":"https:\/\/darkamazi.site\/file\/2021\/07\/PKK-1.jpg","keywords":["\u00f6nemli"],"articleSection":["Kurdistan"],"inLanguage":"en-US"},{"@type":"WebPage","@id":"https:\/\/darkamazi.site\/archives\/1015581","url":"https:\/\/darkamazi.site\/archives\/1015581","name":"PKK g\u00fc\u00e7leri yine Pe\u015fmerge g\u00fc\u00e7lerine sald\u0131rd\u0131 - Darka Mazi","isPartOf":{"@id":"https:\/\/darkamazi.site\/#website"},"primaryImageOfPage":{"@id":"https:\/\/darkamazi.site\/archives\/1015581#primaryimage"},"image":{"@id":"https:\/\/darkamazi.site\/archives\/1015581#primaryimage"},"thumbnailUrl":"https:\/\/darkamazi.site\/file\/2021\/07\/PKK-1.jpg","datePublished":"2021-07-24T10:55:03+00:00","breadcrumb":{"@id":"https:\/\/darkamazi.site\/archives\/1015581#breadcrumb"},"inLanguage":"en-US","potentialAction":[{"@type":"ReadAction","target":["https:\/\/darkamazi.site\/archives\/1015581"]}]},{"@type":"ImageObject","inLanguage":"en-US","@id":"https:\/\/darkamazi.site\/archives\/1015581#primaryimage","url":"https:\/\/darkamazi.site\/file\/2021\/07\/PKK-1.jpg","contentUrl":"https:\/\/darkamazi.site\/file\/2021\/07\/PKK-1.jpg","width":900,"height":497,"caption":"PKK g\u00fc\u00e7leri yine Pe\u015fmerge g\u00fc\u00e7lerine sald\u0131rd\u0131 Amediye, Metina"},{"@type":"BreadcrumbList","@id":"https:\/\/darkamazi.site\/archives\/1015581#breadcrumb","itemListElement":[{"@type":"ListItem","position":1,"name":"Home","item":"https:\/\/darkamazi.site\/"},{"@type":"ListItem","position":2,"name":"PKK g\u00fc\u00e7leri yine Pe\u015fmerge g\u00fc\u00e7lerine sald\u0131rd\u0131"}]},{"@type":"WebSite","@id":"https:\/\/darkamazi.site\/#website","url":"https:\/\/darkamazi.site\/","name":"Darka Mazi","description":"Ana Sayfa","publisher":{"@id":"https:\/\/darkamazi.site\/#organization"},"potentialAction":[{"@type":"SearchAction","target":{"@type":"EntryPoint","urlTemplate":"https:\/\/darkamazi.site\/?s={search_term_string}"},"query-input":{"@type":"PropertyValueSpecification","valueRequired":true,"valueName":"search_term_string"}}],"inLanguage":"en-US"},{"@type":"Organization","@id":"https:\/\/darkamazi.site\/#organization","name":"Darka Mazi T\u00fcrk\u00e7e","alternateName":"Darka Mazi","url":"https:\/\/darkamazi.site\/","logo":{"@type":"ImageObject","inLanguage":"en-US","@id":"https:\/\/darkamazi.site\/#\/schema\/logo\/image\/","url":"https:\/\/darkamazi.site\/file\/2017\/12\/darka-mazi-logo.png","contentUrl":"https:\/\/darkamazi.site\/file\/2017\/12\/darka-mazi-logo.png","width":151,"height":75,"caption":"Darka Mazi T\u00fcrk\u00e7e"},"image":{"@id":"https:\/\/darkamazi.site\/#\/schema\/logo\/image\/"},"sameAs":["https:\/\/www.facebook.com\/DarkaMaziturkce","https:\/\/x.com\/DarkaMaziTurkce"]},{"@type":"Person","@id":"https:\/\/darkamazi.site\/#\/schema\/person\/67986a95ac546c16760365877ef4a9d3","name":"darka mazi","sameAs":["https:\/\/darkamazi.site"],"url":"https:\/\/darkamazi.site\/archives\/author\/turkish"}]}},"_links":{"self":[{"href":"https:\/\/darkamazi.site\/funavuv\/wp\/v2\/posts\/1015581","targetHints":{"allow":["GET"]}}],"collection":[{"href":"https:\/\/darkamazi.site\/funavuv\/wp\/v2\/posts"}],"about":[{"href":"https:\/\/darkamazi.site\/funavuv\/wp\/v2\/types\/post"}],"author":[{"embeddable":true,"href":"https:\/\/darkamazi.site\/funavuv\/wp\/v2\/users\/2"}],"replies":[{"embeddable":true,"href":"https:\/\/darkamazi.site\/funavuv\/wp\/v2\/comments?post=1015581"}],"version-history":[{"count":0,"href":"https:\/\/darkamazi.site\/funavuv\/wp\/v2\/posts\/1015581\/revisions"}],"wp:featuredmedia":[{"embeddable":true,"href":"https:\/\/darkamazi.site\/funavuv\/wp\/v2\/media\/1015582"}],"wp:attachment":[{"href":"https:\/\/darkamazi.site\/funavuv\/wp\/v2\/media?parent=1015581"}],"wp:term":[{"taxonomy":"category","embeddable":true,"href":"https:\/\/darkamazi.site\/funavuv\/wp\/v2\/categories?post=1015581"},{"taxonomy":"post_tag","embeddable":true,"href":"https:\/\/darkamazi.site\/funavuv\/wp\/v2\/tags?post=1015581"}],"curies":[{"name":"wp","href":"https:\/\/api.w.org\/{rel}","templated":true}]}}