{"id":1015710,"date":"2021-08-01T15:34:35","date_gmt":"2021-08-01T12:34:35","guid":{"rendered":"https:\/\/darkamazi.site\/?p=1015710"},"modified":"2021-08-01T15:44:42","modified_gmt":"2021-08-01T12:44:42","slug":"mesut-barzani-abdnin-bagdat-buyuelcisi-ile-suriye-meselesini-gorustu","status":"publish","type":"post","link":"https:\/\/darkamazi.site\/archives\/1015710","title":{"rendered":"Mesut Barzani, Avrupa Birli\u011fi&#8217;nin Ba\u011fdat B\u00fcy\u00fcel\u00e7isi ile Suriye meselesini g\u00f6r\u00fc\u015ft\u00fc"},"content":{"rendered":"<p style=\"text-align: justify\">Ba\u015fkan Mesud Barzani, AB Ba\u011fdat B\u00fcy\u00fckel\u00e7isi Martin Huth ile Suriye\u2019de K\u00fcrtlerin gelece\u011fini g\u00f6r\u00fc\u015ft\u00fc.<\/p>\n<p style=\"text-align: justify\">Ba\u015fkan Mesud Barzani, AB Ba\u011fdat B\u00fcy\u00fckel\u00e7isi Martin Huth ile Suriye\u2019de K\u00fcrtlerin gelece\u011fini g\u00f6r\u00fc\u015ft\u00fc.<\/p>\n<p style=\"text-align: justify\">Ba\u015fkan Mesud Barzani, g\u00f6rev s\u00fcresi dolmas\u0131 sebebiyle Erbil\u2019e veda ziyaretinde bulunan Avrupa Birli\u011fi (AB) Ba\u011fdat B\u00fcy\u00fckel\u00e7isi Martin Huth\u2019u kabul etti.<\/p>\n<p style=\"text-align: justify\">Selahaddin\u2019deki g\u00f6r\u00fc\u015fmede AB Ba\u011fdat B\u00fcy\u00fckel\u00e7isi Martin Huth, K\u00fcrdistan B\u00f6lgesi\u2019nin istikrar\u0131na \u00f6vg\u00fcde bulunarak, K\u00fcrdistan B\u00f6lgesi\u2019nin ekonomik, idari ve istikrar alan\u0131ndaki ba\u015far\u0131 ve kazan\u0131mlar\u0131n\u0131n \u00f6nemine de\u011findi.<\/p>\n<p style=\"text-align: justify\">Huth, Avrupa Birli\u011fi\u2019nin \u00f6n\u00fcm\u00fczdeki s\u00fcre\u00e7te de K\u00fcrdistan B\u00f6lgesi\u2019nin destekleyece\u011fini dile getirdi.<\/p>\n<p style=\"text-align: justify\">Irak\u2019taki siyasi s\u00fcrecin konu\u015fuldu\u011fu g\u00f6r\u00fc\u015fmede, Irak siyaseti ve se\u00e7imlerine y\u00f6nelik tehditler ele al\u0131nd\u0131.<\/p>\n<p style=\"text-align: justify\">G\u00f6r\u00fc\u015fmede, Erbil-Ba\u011fdat ili\u015fkilerinin iyi olmas\u0131n\u0131n Irak\u2019\u0131n daha \u00e7ok istikrarl\u0131 olmas\u0131na katk\u0131 sundu\u011funa vurgu yap\u0131ld\u0131.<\/p>\n<p style=\"text-align: justify\">Ayr\u0131ca g\u00f6r\u00fc\u015fmede, Suriye\u2019deki siyasi s\u00fcre\u00e7 ve K\u00fcrtlerin Suriye\u2019deki gelece\u011fi de masaya yat\u0131r\u0131ld\u0131.<\/p>\n","protected":false},"excerpt":{"rendered":"<p>Ba\u015fkan Mesud Barzani, AB Ba\u011fdat B\u00fcy\u00fckel\u00e7isi Martin Huth ile Suriye\u2019de K\u00fcrtlerin gelece\u011fini g\u00f6r\u00fc\u015ft\u00fc. Ba\u015fkan Mesud Barzani, AB Ba\u011fdat B\u00fcy\u00fckel\u00e7isi Martin Huth ile Suriye\u2019de K\u00fcrtlerin gelece\u011fini g\u00f6r\u00fc\u015ft\u00fc. Ba\u015fkan Mesud Barzani, g\u00f6rev s\u00fcresi dolmas\u0131 sebebiyle Erbil\u2019e veda ziyaretinde bulunan Avrupa Birli\u011fi (AB) Ba\u011fdat B\u00fcy\u00fckel\u00e7isi Martin Huth\u2019u kabul etti. Selahaddin\u2019deki g\u00f6r\u00fc\u015fmede AB Ba\u011fdat B\u00fcy\u00fckel\u00e7isi Martin Huth, K\u00fcrdistan B\u00f6lgesi\u2019nin [&hellip;]<\/p>\n","protected":false},"author":2,"featured_media":1015711,"comment_status":"closed","ping_status":"closed","sticky":false,"template":"","format":"standard","meta":{"footnotes":""},"categories":[3],"tags":[31],"class_list":["post-1015710","post","type-post","status-publish","format-standard","has-post-thumbnail","hentry","category-kurdistan","tag-onemli"],"blocksy_meta":[],"seo_head":"<!-- This site is optimized with the Yoast SEO plugin v27.5 - https:\/\/yoast.com\/product\/yoast-seo-wordpress\/ -->\n<title>Mesut Barzani, Avrupa Birli\u011fi&#039;nin Ba\u011fdat B\u00fcy\u00fcel\u00e7isi ile Suriye meselesini g\u00f6r\u00fc\u015ft\u00fc - Darka Mazi<\/title>\n<meta name=\"robots\" content=\"index, follow, max-snippet:-1, max-image-preview:large, max-video-preview:-1\" \/>\n<link rel=\"canonical\" href=\"https:\/\/darkamazi.site\/archives\/1015710\" \/>\n<meta property=\"og:locale\" content=\"en_US\" \/>\n<meta property=\"og:type\" content=\"article\" \/>\n<meta property=\"og:title\" content=\"Mesut Barzani, Avrupa Birli\u011fi&#039;nin Ba\u011fdat B\u00fcy\u00fcel\u00e7isi ile Suriye meselesini g\u00f6r\u00fc\u015ft\u00fc - Darka Mazi\" \/>\n<meta property=\"og:description\" content=\"Ba\u015fkan Mesud Barzani, AB Ba\u011fdat B\u00fcy\u00fckel\u00e7isi Martin Huth ile Suriye\u2019de K\u00fcrtlerin gelece\u011fini g\u00f6r\u00fc\u015ft\u00fc. Ba\u015fkan Mesud Barzani, AB Ba\u011fdat B\u00fcy\u00fckel\u00e7isi Martin Huth ile Suriye\u2019de K\u00fcrtlerin gelece\u011fini g\u00f6r\u00fc\u015ft\u00fc. Ba\u015fkan Mesud Barzani, g\u00f6rev s\u00fcresi dolmas\u0131 sebebiyle Erbil\u2019e veda ziyaretinde bulunan Avrupa Birli\u011fi (AB) Ba\u011fdat B\u00fcy\u00fckel\u00e7isi Martin Huth\u2019u kabul etti. Selahaddin\u2019deki g\u00f6r\u00fc\u015fmede AB Ba\u011fdat B\u00fcy\u00fckel\u00e7isi Martin Huth, K\u00fcrdistan B\u00f6lgesi\u2019nin [&hellip;]\" \/>\n<meta property=\"og:url\" content=\"https:\/\/darkamazi.site\/archives\/1015710\" \/>\n<meta property=\"og:site_name\" content=\"Darka Mazi\" \/>\n<meta property=\"article:publisher\" content=\"https:\/\/www.facebook.com\/DarkaMaziturkce\" \/>\n<meta property=\"article:published_time\" content=\"2021-08-01T12:34:35+00:00\" \/>\n<meta property=\"article:modified_time\" content=\"2021-08-01T12:44:42+00:00\" \/>\n<meta property=\"og:image\" content=\"https:\/\/darkamazi.site\/file\/2021\/08\/Barzani-Suriye-elcisi.jpg\" \/>\n\t<meta property=\"og:image:width\" content=\"710\" \/>\n\t<meta property=\"og:image:height\" content=\"399\" \/>\n\t<meta property=\"og:image:type\" content=\"image\/jpeg\" \/>\n<meta name=\"author\" content=\"darka mazi\" \/>\n<meta name=\"twitter:card\" content=\"summary_large_image\" \/>\n<meta name=\"twitter:creator\" content=\"@DarkaMaziTurkce\" \/>\n<meta name=\"twitter:site\" content=\"@DarkaMaziTurkce\" \/>\n<meta name=\"twitter:label1\" content=\"Written by\" \/>\n\t<meta name=\"twitter:data1\" content=\"darka mazi\" \/>\n\t<meta name=\"twitter:label2\" content=\"Est. reading time\" \/>\n\t<meta name=\"twitter:data2\" content=\"1 minute\" \/>\n<script type=\"application\/ld+json\" class=\"seo-schema-graph\">{\"@context\":\"https:\\\/\\\/schema.org\",\"@graph\":[{\"@type\":\"NewsArticle\",\"@id\":\"https:\\\/\\\/darkamazi.site\\\/archives\\\/1015710#article\",\"isPartOf\":{\"@id\":\"https:\\\/\\\/darkamazi.site\\\/archives\\\/1015710\"},\"author\":{\"name\":\"darka mazi\",\"@id\":\"https:\\\/\\\/darkamazi.site\\\/#\\\/schema\\\/person\\\/67986a95ac546c16760365877ef4a9d3\"},\"headline\":\"Mesut Barzani, Avrupa Birli\u011fi&#8217;nin Ba\u011fdat B\u00fcy\u00fcel\u00e7isi ile Suriye meselesini g\u00f6r\u00fc\u015ft\u00fc\",\"datePublished\":\"2021-08-01T12:34:35+00:00\",\"dateModified\":\"2021-08-01T12:44:42+00:00\",\"mainEntityOfPage\":{\"@id\":\"https:\\\/\\\/darkamazi.site\\\/archives\\\/1015710\"},\"wordCount\":228,\"publisher\":{\"@id\":\"https:\\\/\\\/darkamazi.site\\\/#organization\"},\"image\":{\"@id\":\"https:\\\/\\\/darkamazi.site\\\/archives\\\/1015710#primaryimage\"},\"thumbnailUrl\":\"https:\\\/\\\/darkamazi.site\\\/darka-content\\\/uploads\\\/2021\\\/08\\\/Barzani-Suriye-elcisi.jpg\",\"keywords\":[\"\u00f6nemli\"],\"articleSection\":[\"Kurdistan\"],\"inLanguage\":\"en-US\"},{\"@type\":\"WebPage\",\"@id\":\"https:\\\/\\\/darkamazi.site\\\/archives\\\/1015710\",\"url\":\"https:\\\/\\\/darkamazi.site\\\/archives\\\/1015710\",\"name\":\"Mesut Barzani, Avrupa Birli\u011fi'nin Ba\u011fdat B\u00fcy\u00fcel\u00e7isi ile Suriye meselesini g\u00f6r\u00fc\u015ft\u00fc - Darka Mazi\",\"isPartOf\":{\"@id\":\"https:\\\/\\\/darkamazi.site\\\/#website\"},\"primaryImageOfPage\":{\"@id\":\"https:\\\/\\\/darkamazi.site\\\/archives\\\/1015710#primaryimage\"},\"image\":{\"@id\":\"https:\\\/\\\/darkamazi.site\\\/archives\\\/1015710#primaryimage\"},\"thumbnailUrl\":\"https:\\\/\\\/darkamazi.site\\\/darka-content\\\/uploads\\\/2021\\\/08\\\/Barzani-Suriye-elcisi.jpg\",\"datePublished\":\"2021-08-01T12:34:35+00:00\",\"dateModified\":\"2021-08-01T12:44:42+00:00\",\"breadcrumb\":{\"@id\":\"https:\\\/\\\/darkamazi.site\\\/archives\\\/1015710#breadcrumb\"},\"inLanguage\":\"en-US\",\"potentialAction\":[{\"@type\":\"ReadAction\",\"target\":[\"https:\\\/\\\/darkamazi.site\\\/archives\\\/1015710\"]}]},{\"@type\":\"ImageObject\",\"inLanguage\":\"en-US\",\"@id\":\"https:\\\/\\\/darkamazi.site\\\/archives\\\/1015710#primaryimage\",\"url\":\"https:\\\/\\\/darkamazi.site\\\/darka-content\\\/uploads\\\/2021\\\/08\\\/Barzani-Suriye-elcisi.jpg\",\"contentUrl\":\"https:\\\/\\\/darkamazi.site\\\/darka-content\\\/uploads\\\/2021\\\/08\\\/Barzani-Suriye-elcisi.jpg\",\"width\":710,\"height\":399,\"caption\":\"Mesut Barzani, Avrupa Birli\u011fi'nin Ba\u011fdat B\u00fcy\u00fcel\u00e7isi ile Suriye meselesini g\u00f6r\u00fc\u015ft\u00fc\"},{\"@type\":\"BreadcrumbList\",\"@id\":\"https:\\\/\\\/darkamazi.site\\\/archives\\\/1015710#breadcrumb\",\"itemListElement\":[{\"@type\":\"ListItem\",\"position\":1,\"name\":\"Home\",\"item\":\"https:\\\/\\\/darkamazi.site\\\/\"},{\"@type\":\"ListItem\",\"position\":2,\"name\":\"Mesut Barzani, Avrupa Birli\u011fi&#8217;nin Ba\u011fdat B\u00fcy\u00fcel\u00e7isi ile Suriye meselesini g\u00f6r\u00fc\u015ft\u00fc\"}]},{\"@type\":\"WebSite\",\"@id\":\"https:\\\/\\\/darkamazi.site\\\/#website\",\"url\":\"https:\\\/\\\/darkamazi.site\\\/\",\"name\":\"Darka Mazi\",\"description\":\"Ana Sayfa\",\"publisher\":{\"@id\":\"https:\\\/\\\/darkamazi.site\\\/#organization\"},\"potentialAction\":[{\"@type\":\"SearchAction\",\"target\":{\"@type\":\"EntryPoint\",\"urlTemplate\":\"https:\\\/\\\/darkamazi.site\\\/?s={search_term_string}\"},\"query-input\":{\"@type\":\"PropertyValueSpecification\",\"valueRequired\":true,\"valueName\":\"search_term_string\"}}],\"inLanguage\":\"en-US\"},{\"@type\":\"Organization\",\"@id\":\"https:\\\/\\\/darkamazi.site\\\/#organization\",\"name\":\"Darka Mazi T\u00fcrk\u00e7e\",\"alternateName\":\"Darka Mazi\",\"url\":\"https:\\\/\\\/darkamazi.site\\\/\",\"logo\":{\"@type\":\"ImageObject\",\"inLanguage\":\"en-US\",\"@id\":\"https:\\\/\\\/darkamazi.site\\\/#\\\/schema\\\/logo\\\/image\\\/\",\"url\":\"https:\\\/\\\/darkamazi.site\\\/darka-content\\\/uploads\\\/2017\\\/12\\\/darka-mazi-logo.png\",\"contentUrl\":\"https:\\\/\\\/darkamazi.site\\\/darka-content\\\/uploads\\\/2017\\\/12\\\/darka-mazi-logo.png\",\"width\":151,\"height\":75,\"caption\":\"Darka Mazi T\u00fcrk\u00e7e\"},\"image\":{\"@id\":\"https:\\\/\\\/darkamazi.site\\\/#\\\/schema\\\/logo\\\/image\\\/\"},\"sameAs\":[\"https:\\\/\\\/www.facebook.com\\\/DarkaMaziturkce\",\"https:\\\/\\\/x.com\\\/DarkaMaziTurkce\"]},{\"@type\":\"Person\",\"@id\":\"https:\\\/\\\/darkamazi.site\\\/#\\\/schema\\\/person\\\/67986a95ac546c16760365877ef4a9d3\",\"name\":\"darka mazi\",\"sameAs\":[\"https:\\\/\\\/darkamazi.site\"],\"url\":\"https:\\\/\\\/darkamazi.site\\\/archives\\\/author\\\/turkish\"}]}<\/script>\n<!-- \/ Yoast SEO plugin. -->","seo_head_json":{"title":"Mesut Barzani, Avrupa Birli\u011fi'nin Ba\u011fdat B\u00fcy\u00fcel\u00e7isi ile Suriye meselesini g\u00f6r\u00fc\u015ft\u00fc - Darka Mazi","robots":{"index":"index","follow":"follow","max-snippet":"max-snippet:-1","max-image-preview":"max-image-preview:large","max-video-preview":"max-video-preview:-1"},"canonical":"https:\/\/darkamazi.site\/archives\/1015710","og_locale":"en_US","og_type":"article","og_title":"Mesut Barzani, Avrupa Birli\u011fi'nin Ba\u011fdat B\u00fcy\u00fcel\u00e7isi ile Suriye meselesini g\u00f6r\u00fc\u015ft\u00fc - Darka Mazi","og_description":"Ba\u015fkan Mesud Barzani, AB Ba\u011fdat B\u00fcy\u00fckel\u00e7isi Martin Huth ile Suriye\u2019de K\u00fcrtlerin gelece\u011fini g\u00f6r\u00fc\u015ft\u00fc. Ba\u015fkan Mesud Barzani, AB Ba\u011fdat B\u00fcy\u00fckel\u00e7isi Martin Huth ile Suriye\u2019de K\u00fcrtlerin gelece\u011fini g\u00f6r\u00fc\u015ft\u00fc. Ba\u015fkan Mesud Barzani, g\u00f6rev s\u00fcresi dolmas\u0131 sebebiyle Erbil\u2019e veda ziyaretinde bulunan Avrupa Birli\u011fi (AB) Ba\u011fdat B\u00fcy\u00fckel\u00e7isi Martin Huth\u2019u kabul etti. Selahaddin\u2019deki g\u00f6r\u00fc\u015fmede AB Ba\u011fdat B\u00fcy\u00fckel\u00e7isi Martin Huth, K\u00fcrdistan B\u00f6lgesi\u2019nin [&hellip;]","og_url":"https:\/\/darkamazi.site\/archives\/1015710","og_site_name":"Darka Mazi","article_publisher":"https:\/\/www.facebook.com\/DarkaMaziturkce","article_published_time":"2021-08-01T12:34:35+00:00","article_modified_time":"2021-08-01T12:44:42+00:00","og_image":[{"width":710,"height":399,"url":"https:\/\/darkamazi.site\/file\/2021\/08\/Barzani-Suriye-elcisi.jpg","type":"image\/jpeg"}],"author":"darka mazi","twitter_card":"summary_large_image","twitter_creator":"@DarkaMaziTurkce","twitter_site":"@DarkaMaziTurkce","twitter_misc":{"Written by":"darka mazi","Est. reading time":"1 minute"},"schema":{"@context":"https:\/\/schema.org","@graph":[{"@type":"NewsArticle","@id":"https:\/\/darkamazi.site\/archives\/1015710#article","isPartOf":{"@id":"https:\/\/darkamazi.site\/archives\/1015710"},"author":{"name":"darka mazi","@id":"https:\/\/darkamazi.site\/#\/schema\/person\/67986a95ac546c16760365877ef4a9d3"},"headline":"Mesut Barzani, Avrupa Birli\u011fi&#8217;nin Ba\u011fdat B\u00fcy\u00fcel\u00e7isi ile Suriye meselesini g\u00f6r\u00fc\u015ft\u00fc","datePublished":"2021-08-01T12:34:35+00:00","dateModified":"2021-08-01T12:44:42+00:00","mainEntityOfPage":{"@id":"https:\/\/darkamazi.site\/archives\/1015710"},"wordCount":228,"publisher":{"@id":"https:\/\/darkamazi.site\/#organization"},"image":{"@id":"https:\/\/darkamazi.site\/archives\/1015710#primaryimage"},"thumbnailUrl":"https:\/\/darkamazi.site\/file\/2021\/08\/Barzani-Suriye-elcisi.jpg","keywords":["\u00f6nemli"],"articleSection":["Kurdistan"],"inLanguage":"en-US"},{"@type":"WebPage","@id":"https:\/\/darkamazi.site\/archives\/1015710","url":"https:\/\/darkamazi.site\/archives\/1015710","name":"Mesut Barzani, Avrupa Birli\u011fi'nin Ba\u011fdat B\u00fcy\u00fcel\u00e7isi ile Suriye meselesini g\u00f6r\u00fc\u015ft\u00fc - Darka Mazi","isPartOf":{"@id":"https:\/\/darkamazi.site\/#website"},"primaryImageOfPage":{"@id":"https:\/\/darkamazi.site\/archives\/1015710#primaryimage"},"image":{"@id":"https:\/\/darkamazi.site\/archives\/1015710#primaryimage"},"thumbnailUrl":"https:\/\/darkamazi.site\/file\/2021\/08\/Barzani-Suriye-elcisi.jpg","datePublished":"2021-08-01T12:34:35+00:00","dateModified":"2021-08-01T12:44:42+00:00","breadcrumb":{"@id":"https:\/\/darkamazi.site\/archives\/1015710#breadcrumb"},"inLanguage":"en-US","potentialAction":[{"@type":"ReadAction","target":["https:\/\/darkamazi.site\/archives\/1015710"]}]},{"@type":"ImageObject","inLanguage":"en-US","@id":"https:\/\/darkamazi.site\/archives\/1015710#primaryimage","url":"https:\/\/darkamazi.site\/file\/2021\/08\/Barzani-Suriye-elcisi.jpg","contentUrl":"https:\/\/darkamazi.site\/file\/2021\/08\/Barzani-Suriye-elcisi.jpg","width":710,"height":399,"caption":"Mesut Barzani, Avrupa Birli\u011fi'nin Ba\u011fdat B\u00fcy\u00fcel\u00e7isi ile Suriye meselesini g\u00f6r\u00fc\u015ft\u00fc"},{"@type":"BreadcrumbList","@id":"https:\/\/darkamazi.site\/archives\/1015710#breadcrumb","itemListElement":[{"@type":"ListItem","position":1,"name":"Home","item":"https:\/\/darkamazi.site\/"},{"@type":"ListItem","position":2,"name":"Mesut Barzani, Avrupa Birli\u011fi&#8217;nin Ba\u011fdat B\u00fcy\u00fcel\u00e7isi ile Suriye meselesini g\u00f6r\u00fc\u015ft\u00fc"}]},{"@type":"WebSite","@id":"https:\/\/darkamazi.site\/#website","url":"https:\/\/darkamazi.site\/","name":"Darka Mazi","description":"Ana Sayfa","publisher":{"@id":"https:\/\/darkamazi.site\/#organization"},"potentialAction":[{"@type":"SearchAction","target":{"@type":"EntryPoint","urlTemplate":"https:\/\/darkamazi.site\/?s={search_term_string}"},"query-input":{"@type":"PropertyValueSpecification","valueRequired":true,"valueName":"search_term_string"}}],"inLanguage":"en-US"},{"@type":"Organization","@id":"https:\/\/darkamazi.site\/#organization","name":"Darka Mazi T\u00fcrk\u00e7e","alternateName":"Darka Mazi","url":"https:\/\/darkamazi.site\/","logo":{"@type":"ImageObject","inLanguage":"en-US","@id":"https:\/\/darkamazi.site\/#\/schema\/logo\/image\/","url":"https:\/\/darkamazi.site\/file\/2017\/12\/darka-mazi-logo.png","contentUrl":"https:\/\/darkamazi.site\/file\/2017\/12\/darka-mazi-logo.png","width":151,"height":75,"caption":"Darka Mazi T\u00fcrk\u00e7e"},"image":{"@id":"https:\/\/darkamazi.site\/#\/schema\/logo\/image\/"},"sameAs":["https:\/\/www.facebook.com\/DarkaMaziturkce","https:\/\/x.com\/DarkaMaziTurkce"]},{"@type":"Person","@id":"https:\/\/darkamazi.site\/#\/schema\/person\/67986a95ac546c16760365877ef4a9d3","name":"darka mazi","sameAs":["https:\/\/darkamazi.site"],"url":"https:\/\/darkamazi.site\/archives\/author\/turkish"}]}},"_links":{"self":[{"href":"https:\/\/darkamazi.site\/funavuv\/wp\/v2\/posts\/1015710","targetHints":{"allow":["GET"]}}],"collection":[{"href":"https:\/\/darkamazi.site\/funavuv\/wp\/v2\/posts"}],"about":[{"href":"https:\/\/darkamazi.site\/funavuv\/wp\/v2\/types\/post"}],"author":[{"embeddable":true,"href":"https:\/\/darkamazi.site\/funavuv\/wp\/v2\/users\/2"}],"replies":[{"embeddable":true,"href":"https:\/\/darkamazi.site\/funavuv\/wp\/v2\/comments?post=1015710"}],"version-history":[{"count":0,"href":"https:\/\/darkamazi.site\/funavuv\/wp\/v2\/posts\/1015710\/revisions"}],"wp:featuredmedia":[{"embeddable":true,"href":"https:\/\/darkamazi.site\/funavuv\/wp\/v2\/media\/1015711"}],"wp:attachment":[{"href":"https:\/\/darkamazi.site\/funavuv\/wp\/v2\/media?parent=1015710"}],"wp:term":[{"taxonomy":"category","embeddable":true,"href":"https:\/\/darkamazi.site\/funavuv\/wp\/v2\/categories?post=1015710"},{"taxonomy":"post_tag","embeddable":true,"href":"https:\/\/darkamazi.site\/funavuv\/wp\/v2\/tags?post=1015710"}],"curies":[{"name":"wp","href":"https:\/\/api.w.org\/{rel}","templated":true}]}}