{"id":1015714,"date":"2021-08-01T16:38:03","date_gmt":"2021-08-01T13:38:03","guid":{"rendered":"https:\/\/darkamazi.site\/?p=1015714"},"modified":"2021-08-01T16:38:03","modified_gmt":"2021-08-01T13:38:03","slug":"tsk-ve-pkk-catismasinin-son-iki-ay-icinde-dogada-yarattigi-tahribatin-bilancosu-aciklandi","status":"publish","type":"post","link":"https:\/\/darkamazi.site\/archives\/1015714","title":{"rendered":"TSK ve PKK \u00e7at\u0131\u015fmas\u0131n\u0131n son iki ay i\u00e7inde do\u011fada yaratt\u0131\u011f\u0131 tahribat\u0131n bilan\u00e7osu a\u00e7\u0131kland\u0131"},"content":{"rendered":"<p style=\"text-align: justify\">PKK ve T\u00fcrkiye \u00e7at\u0131\u015fmalar\u0131 sonucu Duhok s\u0131n\u0131rlar\u0131 i\u00e7inde 3 bin d\u00f6n\u00fcm arazi yand\u0131<\/p>\n<p style=\"text-align: justify\">T\u00fcrkiye\u2019deki orman yang\u0131n\u0131 herkesin g\u00fcndemini i\u015fgal etmi\u015f durumda. Fakat K\u00fcrdistan B\u00f6lgesi s\u0131n\u0131rlar\u0131 i\u00e7inde de PKK ve TSK \u00e7at\u0131\u015fmas\u0131 nedeni ile a\u011fa\u00e7lar, ba\u011flar ve bah\u00e7eler yan\u0131yor.<\/p>\n<p style=\"text-align: justify\">Duhok ili s\u0131n\u0131rlar\u0131 i\u00e7inde ki PKK ve TSK \u00e7at\u0131\u015fmalar\u0131 halka b\u00fcy\u00fck zararlar verdi\u011fi gibi do\u011faya ve tarihi eserlere de zarar veriyor. Her y\u0131l ya\u015fanan \u00e7at\u0131\u015fmalar sonucu y\u00fczlerce d\u00f6n\u00fck orman ve k\u00f6yl\u00fclere ait araziler yan\u0131yor.<\/p>\n<p style=\"text-align: justify\">2021 y\u0131l yaz\u0131nda yani iki ayl\u0131k bir d\u00f6nemde Amediye ve Zaxo il\u00e7eleri s\u0131n\u0131rlar\u0131 i\u00e7indeki 3 bin d\u00f6n\u00fcm arazi yand\u0131.<\/p>\n<p style=\"text-align: justify\">Duhok Vali yard\u0131mc\u0131s\u0131 Macid Seyd Salih bu g\u00fcn Rudaw\u2019daki bir programa kat\u0131larak olay hakk\u0131nda bilgi verdi. Salih konu\u015fmas\u0131nda son y\u0131llar\u0131n en b\u00fcy\u00fck zarar\u0131n\u0131n ge\u00e7ti\u011fimiz iki ay i\u00e7inde ya\u015fand\u0131\u011f\u0131n\u0131 s\u00f6yledi. Salih ayr\u0131ca k\u00f6yl\u00fclerin ve \u00e7ift\u00e7ilerin b\u00fcy\u00fck zarar g\u00f6rd\u00fc\u011f\u00fcn\u00fc, k\u00f6ylerin bo\u015falt\u0131ld\u0131\u011f\u0131n\u0131 da a\u00e7\u0131klad\u0131.<\/p>\n<p style=\"text-align: justify\">Salih konu\u015fmas\u0131nda \u201cPKK ve TSK \u00e7at\u0131\u015fmalar\u0131n\u0131n son bir ay i\u00e7inde verdi\u011fi zarar\u0131 gidermek i\u00e7in 9 milyar Irak Dinar\u0131 gerekiyor. Ayr\u0131ca da a\u011fa\u00e7lara, ormanlara ve bah\u00e7elere verilen zarar\u0131 gidermek i\u00e7in de y\u0131llar gerekiyor\u201d dedi.<\/p>\n<p style=\"text-align: justify\">Salih konu\u015fmas\u0131n\u0131n devam\u0131nda \u201c Sadece bu y\u0131l i\u00e7inde PKK ve TSK \u00e7at\u0131\u015fmas\u0131 sonucu 20 k\u00f6y bo\u015falt\u0131ld\u0131. Bu k\u00f6ylerin b\u00fcy\u00fck \u00e7o\u011funlu\u011fu ise Zaxo\u2019nun Derkare nahiyesine ba\u011fl\u0131 k\u00f6ylerdi\u201d dedi.<\/p>\n","protected":false},"excerpt":{"rendered":"<p>PKK ve T\u00fcrkiye \u00e7at\u0131\u015fmalar\u0131 sonucu Duhok s\u0131n\u0131rlar\u0131 i\u00e7inde 3 bin d\u00f6n\u00fcm arazi yand\u0131 T\u00fcrkiye\u2019deki orman yang\u0131n\u0131 herkesin g\u00fcndemini i\u015fgal etmi\u015f durumda. Fakat K\u00fcrdistan B\u00f6lgesi s\u0131n\u0131rlar\u0131 i\u00e7inde de PKK ve TSK \u00e7at\u0131\u015fmas\u0131 nedeni ile a\u011fa\u00e7lar, ba\u011flar ve bah\u00e7eler yan\u0131yor. Duhok ili s\u0131n\u0131rlar\u0131 i\u00e7inde ki PKK ve TSK \u00e7at\u0131\u015fmalar\u0131 halka b\u00fcy\u00fck zararlar verdi\u011fi gibi do\u011faya ve tarihi [&hellip;]<\/p>\n","protected":false},"author":2,"featured_media":1015715,"comment_status":"closed","ping_status":"closed","sticky":false,"template":"","format":"standard","meta":{"footnotes":""},"categories":[3],"tags":[31],"class_list":["post-1015714","post","type-post","status-publish","format-standard","has-post-thumbnail","hentry","category-kurdistan","tag-onemli"],"blocksy_meta":[],"seo_head":"<!-- This site is optimized with the Yoast SEO plugin v27.5 - https:\/\/yoast.com\/product\/yoast-seo-wordpress\/ -->\n<title>TSK ve PKK \u00e7at\u0131\u015fmas\u0131n\u0131n son iki ay i\u00e7inde do\u011fada yaratt\u0131\u011f\u0131 tahribat\u0131n bilan\u00e7osu a\u00e7\u0131kland\u0131 - Darka Mazi<\/title>\n<meta name=\"robots\" content=\"index, follow, max-snippet:-1, max-image-preview:large, max-video-preview:-1\" \/>\n<link rel=\"canonical\" href=\"https:\/\/darkamazi.site\/archives\/1015714\" \/>\n<meta property=\"og:locale\" content=\"en_US\" \/>\n<meta property=\"og:type\" content=\"article\" \/>\n<meta property=\"og:title\" content=\"TSK ve PKK \u00e7at\u0131\u015fmas\u0131n\u0131n son iki ay i\u00e7inde do\u011fada yaratt\u0131\u011f\u0131 tahribat\u0131n bilan\u00e7osu a\u00e7\u0131kland\u0131 - Darka Mazi\" \/>\n<meta property=\"og:description\" content=\"PKK ve T\u00fcrkiye \u00e7at\u0131\u015fmalar\u0131 sonucu Duhok s\u0131n\u0131rlar\u0131 i\u00e7inde 3 bin d\u00f6n\u00fcm arazi yand\u0131 T\u00fcrkiye\u2019deki orman yang\u0131n\u0131 herkesin g\u00fcndemini i\u015fgal etmi\u015f durumda. Fakat K\u00fcrdistan B\u00f6lgesi s\u0131n\u0131rlar\u0131 i\u00e7inde de PKK ve TSK \u00e7at\u0131\u015fmas\u0131 nedeni ile a\u011fa\u00e7lar, ba\u011flar ve bah\u00e7eler yan\u0131yor. Duhok ili s\u0131n\u0131rlar\u0131 i\u00e7inde ki PKK ve TSK \u00e7at\u0131\u015fmalar\u0131 halka b\u00fcy\u00fck zararlar verdi\u011fi gibi do\u011faya ve tarihi [&hellip;]\" \/>\n<meta property=\"og:url\" content=\"https:\/\/darkamazi.site\/archives\/1015714\" \/>\n<meta property=\"og:site_name\" content=\"Darka Mazi\" \/>\n<meta property=\"article:publisher\" content=\"https:\/\/www.facebook.com\/DarkaMaziturkce\" \/>\n<meta property=\"article:published_time\" content=\"2021-08-01T13:38:03+00:00\" \/>\n<meta property=\"og:image\" content=\"https:\/\/darkamazi.site\/file\/2021\/08\/TSK-PKK-catisma.jpg\" \/>\n\t<meta property=\"og:image:width\" content=\"500\" \/>\n\t<meta property=\"og:image:height\" content=\"261\" \/>\n\t<meta property=\"og:image:type\" content=\"image\/jpeg\" \/>\n<meta name=\"author\" content=\"darka mazi\" \/>\n<meta name=\"twitter:card\" content=\"summary_large_image\" \/>\n<meta name=\"twitter:creator\" content=\"@DarkaMaziTurkce\" \/>\n<meta name=\"twitter:site\" content=\"@DarkaMaziTurkce\" \/>\n<meta name=\"twitter:label1\" content=\"Written by\" \/>\n\t<meta name=\"twitter:data1\" content=\"darka mazi\" \/>\n\t<meta name=\"twitter:label2\" content=\"Est. reading time\" \/>\n\t<meta name=\"twitter:data2\" content=\"1 minute\" \/>\n<script type=\"application\/ld+json\" class=\"seo-schema-graph\">{\"@context\":\"https:\\\/\\\/schema.org\",\"@graph\":[{\"@type\":\"NewsArticle\",\"@id\":\"https:\\\/\\\/darkamazi.site\\\/archives\\\/1015714#article\",\"isPartOf\":{\"@id\":\"https:\\\/\\\/darkamazi.site\\\/archives\\\/1015714\"},\"author\":{\"name\":\"darka mazi\",\"@id\":\"https:\\\/\\\/darkamazi.site\\\/#\\\/schema\\\/person\\\/67986a95ac546c16760365877ef4a9d3\"},\"headline\":\"TSK ve PKK \u00e7at\u0131\u015fmas\u0131n\u0131n son iki ay i\u00e7inde do\u011fada yaratt\u0131\u011f\u0131 tahribat\u0131n bilan\u00e7osu a\u00e7\u0131kland\u0131\",\"datePublished\":\"2021-08-01T13:38:03+00:00\",\"mainEntityOfPage\":{\"@id\":\"https:\\\/\\\/darkamazi.site\\\/archives\\\/1015714\"},\"wordCount\":322,\"publisher\":{\"@id\":\"https:\\\/\\\/darkamazi.site\\\/#organization\"},\"image\":{\"@id\":\"https:\\\/\\\/darkamazi.site\\\/archives\\\/1015714#primaryimage\"},\"thumbnailUrl\":\"https:\\\/\\\/darkamazi.site\\\/darka-content\\\/uploads\\\/2021\\\/08\\\/TSK-PKK-catisma.jpg\",\"keywords\":[\"\u00f6nemli\"],\"articleSection\":[\"Kurdistan\"],\"inLanguage\":\"en-US\"},{\"@type\":\"WebPage\",\"@id\":\"https:\\\/\\\/darkamazi.site\\\/archives\\\/1015714\",\"url\":\"https:\\\/\\\/darkamazi.site\\\/archives\\\/1015714\",\"name\":\"TSK ve PKK \u00e7at\u0131\u015fmas\u0131n\u0131n son iki ay i\u00e7inde do\u011fada yaratt\u0131\u011f\u0131 tahribat\u0131n bilan\u00e7osu a\u00e7\u0131kland\u0131 - Darka Mazi\",\"isPartOf\":{\"@id\":\"https:\\\/\\\/darkamazi.site\\\/#website\"},\"primaryImageOfPage\":{\"@id\":\"https:\\\/\\\/darkamazi.site\\\/archives\\\/1015714#primaryimage\"},\"image\":{\"@id\":\"https:\\\/\\\/darkamazi.site\\\/archives\\\/1015714#primaryimage\"},\"thumbnailUrl\":\"https:\\\/\\\/darkamazi.site\\\/darka-content\\\/uploads\\\/2021\\\/08\\\/TSK-PKK-catisma.jpg\",\"datePublished\":\"2021-08-01T13:38:03+00:00\",\"breadcrumb\":{\"@id\":\"https:\\\/\\\/darkamazi.site\\\/archives\\\/1015714#breadcrumb\"},\"inLanguage\":\"en-US\",\"potentialAction\":[{\"@type\":\"ReadAction\",\"target\":[\"https:\\\/\\\/darkamazi.site\\\/archives\\\/1015714\"]}]},{\"@type\":\"ImageObject\",\"inLanguage\":\"en-US\",\"@id\":\"https:\\\/\\\/darkamazi.site\\\/archives\\\/1015714#primaryimage\",\"url\":\"https:\\\/\\\/darkamazi.site\\\/darka-content\\\/uploads\\\/2021\\\/08\\\/TSK-PKK-catisma.jpg\",\"contentUrl\":\"https:\\\/\\\/darkamazi.site\\\/darka-content\\\/uploads\\\/2021\\\/08\\\/TSK-PKK-catisma.jpg\",\"width\":500,\"height\":261,\"caption\":\"TSK ve PKK \u00e7at\u0131\u015fmas\u0131n\u0131n son iki ay i\u00e7inde do\u011fada yaratt\u0131\u011f\u0131 tahribat\u0131n bilan\u00e7osu a\u00e7\u0131kland\u0131 Duhok; Zaxo, Derkare; Amediye, PKK, orman k\u00f6y bo\u015faltma\"},{\"@type\":\"BreadcrumbList\",\"@id\":\"https:\\\/\\\/darkamazi.site\\\/archives\\\/1015714#breadcrumb\",\"itemListElement\":[{\"@type\":\"ListItem\",\"position\":1,\"name\":\"Home\",\"item\":\"https:\\\/\\\/darkamazi.site\\\/\"},{\"@type\":\"ListItem\",\"position\":2,\"name\":\"TSK ve PKK \u00e7at\u0131\u015fmas\u0131n\u0131n son iki ay i\u00e7inde do\u011fada yaratt\u0131\u011f\u0131 tahribat\u0131n bilan\u00e7osu a\u00e7\u0131kland\u0131\"}]},{\"@type\":\"WebSite\",\"@id\":\"https:\\\/\\\/darkamazi.site\\\/#website\",\"url\":\"https:\\\/\\\/darkamazi.site\\\/\",\"name\":\"Darka Mazi\",\"description\":\"Ana Sayfa\",\"publisher\":{\"@id\":\"https:\\\/\\\/darkamazi.site\\\/#organization\"},\"potentialAction\":[{\"@type\":\"SearchAction\",\"target\":{\"@type\":\"EntryPoint\",\"urlTemplate\":\"https:\\\/\\\/darkamazi.site\\\/?s={search_term_string}\"},\"query-input\":{\"@type\":\"PropertyValueSpecification\",\"valueRequired\":true,\"valueName\":\"search_term_string\"}}],\"inLanguage\":\"en-US\"},{\"@type\":\"Organization\",\"@id\":\"https:\\\/\\\/darkamazi.site\\\/#organization\",\"name\":\"Darka Mazi T\u00fcrk\u00e7e\",\"alternateName\":\"Darka Mazi\",\"url\":\"https:\\\/\\\/darkamazi.site\\\/\",\"logo\":{\"@type\":\"ImageObject\",\"inLanguage\":\"en-US\",\"@id\":\"https:\\\/\\\/darkamazi.site\\\/#\\\/schema\\\/logo\\\/image\\\/\",\"url\":\"https:\\\/\\\/darkamazi.site\\\/darka-content\\\/uploads\\\/2017\\\/12\\\/darka-mazi-logo.png\",\"contentUrl\":\"https:\\\/\\\/darkamazi.site\\\/darka-content\\\/uploads\\\/2017\\\/12\\\/darka-mazi-logo.png\",\"width\":151,\"height\":75,\"caption\":\"Darka Mazi T\u00fcrk\u00e7e\"},\"image\":{\"@id\":\"https:\\\/\\\/darkamazi.site\\\/#\\\/schema\\\/logo\\\/image\\\/\"},\"sameAs\":[\"https:\\\/\\\/www.facebook.com\\\/DarkaMaziturkce\",\"https:\\\/\\\/x.com\\\/DarkaMaziTurkce\"]},{\"@type\":\"Person\",\"@id\":\"https:\\\/\\\/darkamazi.site\\\/#\\\/schema\\\/person\\\/67986a95ac546c16760365877ef4a9d3\",\"name\":\"darka mazi\",\"sameAs\":[\"https:\\\/\\\/darkamazi.site\"],\"url\":\"https:\\\/\\\/darkamazi.site\\\/archives\\\/author\\\/turkish\"}]}<\/script>\n<!-- \/ Yoast SEO plugin. -->","seo_head_json":{"title":"TSK ve PKK \u00e7at\u0131\u015fmas\u0131n\u0131n son iki ay i\u00e7inde do\u011fada yaratt\u0131\u011f\u0131 tahribat\u0131n bilan\u00e7osu a\u00e7\u0131kland\u0131 - Darka Mazi","robots":{"index":"index","follow":"follow","max-snippet":"max-snippet:-1","max-image-preview":"max-image-preview:large","max-video-preview":"max-video-preview:-1"},"canonical":"https:\/\/darkamazi.site\/archives\/1015714","og_locale":"en_US","og_type":"article","og_title":"TSK ve PKK \u00e7at\u0131\u015fmas\u0131n\u0131n son iki ay i\u00e7inde do\u011fada yaratt\u0131\u011f\u0131 tahribat\u0131n bilan\u00e7osu a\u00e7\u0131kland\u0131 - Darka Mazi","og_description":"PKK ve T\u00fcrkiye \u00e7at\u0131\u015fmalar\u0131 sonucu Duhok s\u0131n\u0131rlar\u0131 i\u00e7inde 3 bin d\u00f6n\u00fcm arazi yand\u0131 T\u00fcrkiye\u2019deki orman yang\u0131n\u0131 herkesin g\u00fcndemini i\u015fgal etmi\u015f durumda. Fakat K\u00fcrdistan B\u00f6lgesi s\u0131n\u0131rlar\u0131 i\u00e7inde de PKK ve TSK \u00e7at\u0131\u015fmas\u0131 nedeni ile a\u011fa\u00e7lar, ba\u011flar ve bah\u00e7eler yan\u0131yor. Duhok ili s\u0131n\u0131rlar\u0131 i\u00e7inde ki PKK ve TSK \u00e7at\u0131\u015fmalar\u0131 halka b\u00fcy\u00fck zararlar verdi\u011fi gibi do\u011faya ve tarihi [&hellip;]","og_url":"https:\/\/darkamazi.site\/archives\/1015714","og_site_name":"Darka Mazi","article_publisher":"https:\/\/www.facebook.com\/DarkaMaziturkce","article_published_time":"2021-08-01T13:38:03+00:00","og_image":[{"width":500,"height":261,"url":"https:\/\/darkamazi.site\/file\/2021\/08\/TSK-PKK-catisma.jpg","type":"image\/jpeg"}],"author":"darka mazi","twitter_card":"summary_large_image","twitter_creator":"@DarkaMaziTurkce","twitter_site":"@DarkaMaziTurkce","twitter_misc":{"Written by":"darka mazi","Est. reading time":"1 minute"},"schema":{"@context":"https:\/\/schema.org","@graph":[{"@type":"NewsArticle","@id":"https:\/\/darkamazi.site\/archives\/1015714#article","isPartOf":{"@id":"https:\/\/darkamazi.site\/archives\/1015714"},"author":{"name":"darka mazi","@id":"https:\/\/darkamazi.site\/#\/schema\/person\/67986a95ac546c16760365877ef4a9d3"},"headline":"TSK ve PKK \u00e7at\u0131\u015fmas\u0131n\u0131n son iki ay i\u00e7inde do\u011fada yaratt\u0131\u011f\u0131 tahribat\u0131n bilan\u00e7osu a\u00e7\u0131kland\u0131","datePublished":"2021-08-01T13:38:03+00:00","mainEntityOfPage":{"@id":"https:\/\/darkamazi.site\/archives\/1015714"},"wordCount":322,"publisher":{"@id":"https:\/\/darkamazi.site\/#organization"},"image":{"@id":"https:\/\/darkamazi.site\/archives\/1015714#primaryimage"},"thumbnailUrl":"https:\/\/darkamazi.site\/file\/2021\/08\/TSK-PKK-catisma.jpg","keywords":["\u00f6nemli"],"articleSection":["Kurdistan"],"inLanguage":"en-US"},{"@type":"WebPage","@id":"https:\/\/darkamazi.site\/archives\/1015714","url":"https:\/\/darkamazi.site\/archives\/1015714","name":"TSK ve PKK \u00e7at\u0131\u015fmas\u0131n\u0131n son iki ay i\u00e7inde do\u011fada yaratt\u0131\u011f\u0131 tahribat\u0131n bilan\u00e7osu a\u00e7\u0131kland\u0131 - Darka Mazi","isPartOf":{"@id":"https:\/\/darkamazi.site\/#website"},"primaryImageOfPage":{"@id":"https:\/\/darkamazi.site\/archives\/1015714#primaryimage"},"image":{"@id":"https:\/\/darkamazi.site\/archives\/1015714#primaryimage"},"thumbnailUrl":"https:\/\/darkamazi.site\/file\/2021\/08\/TSK-PKK-catisma.jpg","datePublished":"2021-08-01T13:38:03+00:00","breadcrumb":{"@id":"https:\/\/darkamazi.site\/archives\/1015714#breadcrumb"},"inLanguage":"en-US","potentialAction":[{"@type":"ReadAction","target":["https:\/\/darkamazi.site\/archives\/1015714"]}]},{"@type":"ImageObject","inLanguage":"en-US","@id":"https:\/\/darkamazi.site\/archives\/1015714#primaryimage","url":"https:\/\/darkamazi.site\/file\/2021\/08\/TSK-PKK-catisma.jpg","contentUrl":"https:\/\/darkamazi.site\/file\/2021\/08\/TSK-PKK-catisma.jpg","width":500,"height":261,"caption":"TSK ve PKK \u00e7at\u0131\u015fmas\u0131n\u0131n son iki ay i\u00e7inde do\u011fada yaratt\u0131\u011f\u0131 tahribat\u0131n bilan\u00e7osu a\u00e7\u0131kland\u0131 Duhok; Zaxo, Derkare; Amediye, PKK, orman k\u00f6y bo\u015faltma"},{"@type":"BreadcrumbList","@id":"https:\/\/darkamazi.site\/archives\/1015714#breadcrumb","itemListElement":[{"@type":"ListItem","position":1,"name":"Home","item":"https:\/\/darkamazi.site\/"},{"@type":"ListItem","position":2,"name":"TSK ve PKK \u00e7at\u0131\u015fmas\u0131n\u0131n son iki ay i\u00e7inde do\u011fada yaratt\u0131\u011f\u0131 tahribat\u0131n bilan\u00e7osu a\u00e7\u0131kland\u0131"}]},{"@type":"WebSite","@id":"https:\/\/darkamazi.site\/#website","url":"https:\/\/darkamazi.site\/","name":"Darka Mazi","description":"Ana Sayfa","publisher":{"@id":"https:\/\/darkamazi.site\/#organization"},"potentialAction":[{"@type":"SearchAction","target":{"@type":"EntryPoint","urlTemplate":"https:\/\/darkamazi.site\/?s={search_term_string}"},"query-input":{"@type":"PropertyValueSpecification","valueRequired":true,"valueName":"search_term_string"}}],"inLanguage":"en-US"},{"@type":"Organization","@id":"https:\/\/darkamazi.site\/#organization","name":"Darka Mazi T\u00fcrk\u00e7e","alternateName":"Darka Mazi","url":"https:\/\/darkamazi.site\/","logo":{"@type":"ImageObject","inLanguage":"en-US","@id":"https:\/\/darkamazi.site\/#\/schema\/logo\/image\/","url":"https:\/\/darkamazi.site\/file\/2017\/12\/darka-mazi-logo.png","contentUrl":"https:\/\/darkamazi.site\/file\/2017\/12\/darka-mazi-logo.png","width":151,"height":75,"caption":"Darka Mazi T\u00fcrk\u00e7e"},"image":{"@id":"https:\/\/darkamazi.site\/#\/schema\/logo\/image\/"},"sameAs":["https:\/\/www.facebook.com\/DarkaMaziturkce","https:\/\/x.com\/DarkaMaziTurkce"]},{"@type":"Person","@id":"https:\/\/darkamazi.site\/#\/schema\/person\/67986a95ac546c16760365877ef4a9d3","name":"darka mazi","sameAs":["https:\/\/darkamazi.site"],"url":"https:\/\/darkamazi.site\/archives\/author\/turkish"}]}},"_links":{"self":[{"href":"https:\/\/darkamazi.site\/funavuv\/wp\/v2\/posts\/1015714","targetHints":{"allow":["GET"]}}],"collection":[{"href":"https:\/\/darkamazi.site\/funavuv\/wp\/v2\/posts"}],"about":[{"href":"https:\/\/darkamazi.site\/funavuv\/wp\/v2\/types\/post"}],"author":[{"embeddable":true,"href":"https:\/\/darkamazi.site\/funavuv\/wp\/v2\/users\/2"}],"replies":[{"embeddable":true,"href":"https:\/\/darkamazi.site\/funavuv\/wp\/v2\/comments?post=1015714"}],"version-history":[{"count":0,"href":"https:\/\/darkamazi.site\/funavuv\/wp\/v2\/posts\/1015714\/revisions"}],"wp:featuredmedia":[{"embeddable":true,"href":"https:\/\/darkamazi.site\/funavuv\/wp\/v2\/media\/1015715"}],"wp:attachment":[{"href":"https:\/\/darkamazi.site\/funavuv\/wp\/v2\/media?parent=1015714"}],"wp:term":[{"taxonomy":"category","embeddable":true,"href":"https:\/\/darkamazi.site\/funavuv\/wp\/v2\/categories?post=1015714"},{"taxonomy":"post_tag","embeddable":true,"href":"https:\/\/darkamazi.site\/funavuv\/wp\/v2\/tags?post=1015714"}],"curies":[{"name":"wp","href":"https:\/\/api.w.org\/{rel}","templated":true}]}}