{"id":1015813,"date":"2021-08-06T13:56:40","date_gmt":"2021-08-06T10:56:40","guid":{"rendered":"https:\/\/darkamazi.site\/?p=1015813"},"modified":"2021-08-06T13:56:40","modified_gmt":"2021-08-06T10:56:40","slug":"lubnan-hizbullahi-israile-fuze-saldirisi-duzenledik","status":"publish","type":"post","link":"https:\/\/darkamazi.site\/archives\/1015813","title":{"rendered":"L\u00fcbnan Hizbullah\u0131: \u0130srail&#8217;e f\u00fcze sald\u0131r\u0131s\u0131 d\u00fczenledik"},"content":{"rendered":"<p style=\"text-align: justify\"><strong>\u00a0<\/strong>L\u00fcbnan Hizbullah\u0131, \u0130srail ordusunun \u00f6nceki g\u00fcn L\u00fcbnan&#8217;a ger\u00e7ekle\u015ftirdi\u011fi sald\u0131r\u0131lara kar\u015f\u0131l\u0131k olarak \u0130srail&#8217;e f\u00fcze sald\u0131r\u0131s\u0131 d\u00fczenledi\u011fini a\u00e7\u0131klad\u0131.<\/p>\n<p style=\"text-align: justify\">Hizbullah&#8217;tan yap\u0131lan yaz\u0131l\u0131 a\u00e7\u0131klamada, \u0130srail&#8217;in \u00f6nceki gece L\u00fcbnan&#8217;\u0131n g\u00fcneyindeki El-Curmuk ve E\u015f-\u015eevakir b\u00f6lgelerine d\u00fczenledi\u011fi hava sald\u0131r\u0131lar\u0131na kar\u015f\u0131l\u0131k Hizbullah&#8217;a ba\u011fl\u0131 &#8220;\u015eehit Ali Kamil Muhsin&#8221; ve \u015eehit Kas\u0131m Tahhan&#8221; gruplar\u0131n\u0131n i\u015fgal alt\u0131ndaki \u015eeba \u00c7iftliklerine 122 milimetrelik f\u00fczelerle sald\u0131r\u0131 ger\u00e7ekle\u015ftirdi\u011fi belirtildi.<\/p>\n<p style=\"text-align: justify\">\u0130srail&#8217;in Kanal 13 televizyonu, L\u00fcbnan&#8217;dan \u0130srail taraf\u0131na en az 10 roket at\u0131ld\u0131\u011f\u0131n\u0131 ve i\u015fgal alt\u0131ndaki Golan Tepeleri&#8217;nde sirenlerin \u00e7ald\u0131\u011f\u0131n\u0131 aktarm\u0131\u015ft\u0131.<\/p>\n<p style=\"text-align: justify\"><strong>L\u00fcbnan&#8217;dan \u0130srail taraf\u0131na en az 10 roket at\u0131ld\u0131<\/strong><\/p>\n<p style=\"text-align: justify\">\u0130srail ordusundan yap\u0131lan a\u00e7\u0131klamada, i\u015fgal alt\u0131ndaki Golan Tepeleri&#8217;nde yer alan Ein Kiniyye k\u00f6y\u00fc ve yerle\u015fim b\u00f6lgesi Snir&#8217;de sirenlerin \u00e7ald\u0131\u011f\u0131 belirtildi.<\/p>\n<p style=\"text-align: justify\">A\u00e7\u0131klamada, b\u00f6lgeye ka\u00e7 roketin at\u0131ld\u0131\u011f\u0131 ve can veya mal kayb\u0131 olup olmad\u0131\u011f\u0131na ili\u015fkin ise bilgi verilmedi.<\/p>\n<p style=\"text-align: justify\">\u00d6te yandan \u0130srail&#8217;in Kanal 13 televizyonunda yer alan haberde, L\u00fcbnan&#8217;dan \u0130srail taraf\u0131na en az 10 roketin at\u0131ld\u0131\u011f\u0131 ve Golan Tepeleri&#8217;nde sirenlerin \u00e7ald\u0131\u011f\u0131 aktar\u0131ld\u0131.<\/p>\n<p style=\"text-align: justify\"><strong>\u0130srail ordusu, L\u00fcbnan taraf\u0131na top\u00e7u ate\u015fi ba\u015flatt\u0131<\/strong><\/p>\n<p style=\"text-align: justify\">\u0130srail ordusu, \u00fclkeye at\u0131lan 10 rokete kar\u015f\u0131l\u0131k olarak L\u00fcbnan&#8217;daki baz\u0131 hedefleri top\u00e7u at\u0131\u015f\u0131yla vurmaya ba\u015flad\u0131\u011f\u0131n\u0131 bildirdi.<\/p>\n<p style=\"text-align: justify\">Ordudan yap\u0131lan a\u00e7\u0131klamada, L\u00fcbnan&#8217;dan \u0130srail taraf\u0131na 10&#8217;dan fazla roket at\u0131ld\u0131\u011f\u0131, at\u0131lan roketlerin b\u00fcy\u00fck k\u0131sm\u0131n\u0131n hava savunma sistemi taraf\u0131ndan imha edildi\u011fi, di\u011ferlerinin ise a\u00e7\u0131k alanlara d\u00fc\u015ft\u00fc\u011f\u00fc belirtildi.<\/p>\n<p style=\"text-align: justify\">A\u00e7\u0131klamada ayr\u0131ca, L\u00fcbnan s\u0131n\u0131r\u0131na yak\u0131n b\u00f6lgelerde ya\u015fayan sivillerin g\u00fcnl\u00fck rutinlerine devam etti\u011fi ifade edildi.<\/p>\n<p style=\"text-align: justify\">L\u00fcbnan&#8217;da roket at\u0131\u015flar\u0131n\u0131n yap\u0131ld\u0131\u011f\u0131 b\u00f6lgelerin top\u00e7u ate\u015fiyle vuruldu\u011fu kaydedildi.<\/p>\n<p style=\"text-align: justify\"><strong>\u0130srail-L\u00fcbnan s\u0131n\u0131r\u0131ndaki gerginlik<\/strong><\/p>\n<p style=\"text-align: justify\">\u0130srail ordusu, 4 A\u011fustos&#8217;ta L\u00fcbnan&#8217;dan \u00fclkenin kuzeyine 3 roket at\u0131ld\u0131\u011f\u0131n\u0131, bunlardan ikisinin \u0130srail&#8217;de a\u00e7\u0131k alanlara, di\u011ferinin ise L\u00fcbnan topraklar\u0131na d\u00fc\u015ft\u00fc\u011f\u00fcn\u00fc a\u00e7\u0131klam\u0131\u015ft\u0131.<\/p>\n<p style=\"text-align: justify\">Buna kar\u015f\u0131l\u0131k L\u00fcbnan taraf\u0131na top at\u0131\u015flar\u0131 ger\u00e7ekle\u015ftiren \u0130srail ordusu, gece saatlerinde de L\u00fcbnan&#8217;\u0131n g\u00fcneyindeki k\u0131rsal alanlara hava sald\u0131r\u0131lar\u0131 d\u00fczenlemi\u015fti.<\/p>\n<p style=\"text-align: justify\">Birle\u015fmi\u015f Milletler L\u00fcbnan Ge\u00e7ici G\u00f6rev G\u00fcc\u00fc (UNIFIL), L\u00fcbnan&#8217;dan \u0130srail&#8217;e d\u00fczenlenen roket at\u0131\u015f\u0131 ve Tel Aviv&#8217;in buna kar\u015f\u0131l\u0131k vermesi \u00fczerine gerginli\u011fin artt\u0131\u011f\u0131 L\u00fcbnan-\u0130srail s\u0131n\u0131r\u0131nda &#8220;tansiyonun d\u00fc\u015f\u00fcr\u00fclmesi&#8221; \u00e7a\u011fr\u0131s\u0131nda bulunmu\u015ftu.<\/p>\n<p style=\"text-align: justify\">L\u00fcbnan ordusu \u00fclkenin kuzeyinden ger\u00e7ekle\u015ftirilen roket at\u0131\u015flar\u0131ndan sonra \u0130srail&#8217;in 92 top\u00e7u at\u0131\u015f\u0131yla L\u00fcbnan&#8217;\u0131n g\u00fcneyindeki 6 b\u00f6lgeyi hedef ald\u0131\u011f\u0131n\u0131 a\u00e7\u0131klam\u0131\u015f ve s\u00f6z konusu roketlerin kayna\u011f\u0131yla ilgili soru\u015fturma ba\u015flatm\u0131\u015ft\u0131.<\/p>\n<p style=\"text-align: justify\">L\u00fcbnan Ba\u015fbakan\u0131 Hassan Diyab, \u00fclkesinin g\u00fcneyine d\u00fczenledi\u011fi sald\u0131r\u0131lar nedeniyle \u0130srail&#8217;i acil olarak BM G\u00fcvenlik Konseyine \u015fikayet etme talimat\u0131 vermi\u015fti.<\/p>\n<p style=\"text-align: justify\">L\u00fcbnan Cumhurba\u015fkan\u0131 Mi\u015fel Avn da \u00fclkesinin g\u00fcneyinde 2006 y\u0131l\u0131ndan bu yana bir ilk olan \u0130srail&#8217;in bu hava sald\u0131r\u0131lar\u0131n\u0131n b\u00f6lgedeki tansiyonu y\u00fckseltme amac\u0131 ta\u015f\u0131d\u0131\u011f\u0131n\u0131 belirtmi\u015fti.<\/p>\n","protected":false},"excerpt":{"rendered":"<p>\u00a0L\u00fcbnan Hizbullah\u0131, \u0130srail ordusunun \u00f6nceki g\u00fcn L\u00fcbnan&#8217;a ger\u00e7ekle\u015ftirdi\u011fi sald\u0131r\u0131lara kar\u015f\u0131l\u0131k olarak \u0130srail&#8217;e f\u00fcze sald\u0131r\u0131s\u0131 d\u00fczenledi\u011fini a\u00e7\u0131klad\u0131. Hizbullah&#8217;tan yap\u0131lan yaz\u0131l\u0131 a\u00e7\u0131klamada, \u0130srail&#8217;in \u00f6nceki gece L\u00fcbnan&#8217;\u0131n g\u00fcneyindeki El-Curmuk ve E\u015f-\u015eevakir b\u00f6lgelerine d\u00fczenledi\u011fi hava sald\u0131r\u0131lar\u0131na kar\u015f\u0131l\u0131k Hizbullah&#8217;a ba\u011fl\u0131 &#8220;\u015eehit Ali Kamil Muhsin&#8221; ve \u015eehit Kas\u0131m Tahhan&#8221; gruplar\u0131n\u0131n i\u015fgal alt\u0131ndaki \u015eeba \u00c7iftliklerine 122 milimetrelik f\u00fczelerle sald\u0131r\u0131 ger\u00e7ekle\u015ftirdi\u011fi belirtildi. \u0130srail&#8217;in [&hellip;]<\/p>\n","protected":false},"author":2,"featured_media":1015814,"comment_status":"closed","ping_status":"closed","sticky":false,"template":"","format":"standard","meta":{"footnotes":""},"categories":[29],"tags":[31],"class_list":["post-1015813","post","type-post","status-publish","format-standard","has-post-thumbnail","hentry","category-ortadogu","tag-onemli"],"blocksy_meta":[],"seo_head":"<!-- This site is optimized with the Yoast SEO plugin v27.5 - https:\/\/yoast.com\/product\/yoast-seo-wordpress\/ -->\n<title>L\u00fcbnan Hizbullah\u0131: \u0130srail&#039;e f\u00fcze sald\u0131r\u0131s\u0131 d\u00fczenledik - Darka Mazi<\/title>\n<meta name=\"robots\" content=\"index, follow, max-snippet:-1, max-image-preview:large, max-video-preview:-1\" \/>\n<link rel=\"canonical\" href=\"https:\/\/darkamazi.site\/archives\/1015813\" \/>\n<meta property=\"og:locale\" content=\"en_US\" \/>\n<meta property=\"og:type\" content=\"article\" \/>\n<meta property=\"og:title\" content=\"L\u00fcbnan Hizbullah\u0131: \u0130srail&#039;e f\u00fcze sald\u0131r\u0131s\u0131 d\u00fczenledik - Darka Mazi\" \/>\n<meta property=\"og:description\" content=\"\u00a0L\u00fcbnan Hizbullah\u0131, \u0130srail ordusunun \u00f6nceki g\u00fcn L\u00fcbnan&#8217;a ger\u00e7ekle\u015ftirdi\u011fi sald\u0131r\u0131lara kar\u015f\u0131l\u0131k olarak \u0130srail&#8217;e f\u00fcze sald\u0131r\u0131s\u0131 d\u00fczenledi\u011fini a\u00e7\u0131klad\u0131. Hizbullah&#8217;tan yap\u0131lan yaz\u0131l\u0131 a\u00e7\u0131klamada, \u0130srail&#8217;in \u00f6nceki gece L\u00fcbnan&#8217;\u0131n g\u00fcneyindeki El-Curmuk ve E\u015f-\u015eevakir b\u00f6lgelerine d\u00fczenledi\u011fi hava sald\u0131r\u0131lar\u0131na kar\u015f\u0131l\u0131k Hizbullah&#8217;a ba\u011fl\u0131 &#8220;\u015eehit Ali Kamil Muhsin&#8221; ve \u015eehit Kas\u0131m Tahhan&#8221; gruplar\u0131n\u0131n i\u015fgal alt\u0131ndaki \u015eeba \u00c7iftliklerine 122 milimetrelik f\u00fczelerle sald\u0131r\u0131 ger\u00e7ekle\u015ftirdi\u011fi belirtildi. \u0130srail&#8217;in [&hellip;]\" \/>\n<meta property=\"og:url\" content=\"https:\/\/darkamazi.site\/archives\/1015813\" \/>\n<meta property=\"og:site_name\" content=\"Darka Mazi\" \/>\n<meta property=\"article:publisher\" content=\"https:\/\/www.facebook.com\/DarkaMaziturkce\" \/>\n<meta property=\"article:published_time\" content=\"2021-08-06T10:56:40+00:00\" \/>\n<meta property=\"og:image\" content=\"https:\/\/darkamazi.site\/file\/2021\/08\/Hizbullah-Lubnan.jpg\" \/>\n\t<meta property=\"og:image:width\" content=\"1200\" \/>\n\t<meta property=\"og:image:height\" content=\"630\" \/>\n\t<meta property=\"og:image:type\" content=\"image\/jpeg\" \/>\n<meta name=\"author\" content=\"darka mazi\" \/>\n<meta name=\"twitter:card\" content=\"summary_large_image\" \/>\n<meta name=\"twitter:creator\" content=\"@DarkaMaziTurkce\" \/>\n<meta name=\"twitter:site\" content=\"@DarkaMaziTurkce\" \/>\n<meta name=\"twitter:label1\" content=\"Written by\" \/>\n\t<meta name=\"twitter:data1\" content=\"darka mazi\" \/>\n\t<meta name=\"twitter:label2\" content=\"Est. reading time\" \/>\n\t<meta name=\"twitter:data2\" content=\"2 minutes\" \/>\n<script type=\"application\/ld+json\" class=\"seo-schema-graph\">{\"@context\":\"https:\\\/\\\/schema.org\",\"@graph\":[{\"@type\":\"NewsArticle\",\"@id\":\"https:\\\/\\\/darkamazi.site\\\/archives\\\/1015813#article\",\"isPartOf\":{\"@id\":\"https:\\\/\\\/darkamazi.site\\\/archives\\\/1015813\"},\"author\":{\"name\":\"darka mazi\",\"@id\":\"https:\\\/\\\/darkamazi.site\\\/#\\\/schema\\\/person\\\/67986a95ac546c16760365877ef4a9d3\"},\"headline\":\"L\u00fcbnan Hizbullah\u0131: \u0130srail&#8217;e f\u00fcze sald\u0131r\u0131s\u0131 d\u00fczenledik\",\"datePublished\":\"2021-08-06T10:56:40+00:00\",\"mainEntityOfPage\":{\"@id\":\"https:\\\/\\\/darkamazi.site\\\/archives\\\/1015813\"},\"wordCount\":593,\"publisher\":{\"@id\":\"https:\\\/\\\/darkamazi.site\\\/#organization\"},\"image\":{\"@id\":\"https:\\\/\\\/darkamazi.site\\\/archives\\\/1015813#primaryimage\"},\"thumbnailUrl\":\"https:\\\/\\\/darkamazi.site\\\/darka-content\\\/uploads\\\/2021\\\/08\\\/Hizbullah-Lubnan.jpg\",\"keywords\":[\"\u00f6nemli\"],\"articleSection\":[\"Ortado\u011fu\"],\"inLanguage\":\"en-US\"},{\"@type\":\"WebPage\",\"@id\":\"https:\\\/\\\/darkamazi.site\\\/archives\\\/1015813\",\"url\":\"https:\\\/\\\/darkamazi.site\\\/archives\\\/1015813\",\"name\":\"L\u00fcbnan Hizbullah\u0131: \u0130srail'e f\u00fcze sald\u0131r\u0131s\u0131 d\u00fczenledik - Darka Mazi\",\"isPartOf\":{\"@id\":\"https:\\\/\\\/darkamazi.site\\\/#website\"},\"primaryImageOfPage\":{\"@id\":\"https:\\\/\\\/darkamazi.site\\\/archives\\\/1015813#primaryimage\"},\"image\":{\"@id\":\"https:\\\/\\\/darkamazi.site\\\/archives\\\/1015813#primaryimage\"},\"thumbnailUrl\":\"https:\\\/\\\/darkamazi.site\\\/darka-content\\\/uploads\\\/2021\\\/08\\\/Hizbullah-Lubnan.jpg\",\"datePublished\":\"2021-08-06T10:56:40+00:00\",\"breadcrumb\":{\"@id\":\"https:\\\/\\\/darkamazi.site\\\/archives\\\/1015813#breadcrumb\"},\"inLanguage\":\"en-US\",\"potentialAction\":[{\"@type\":\"ReadAction\",\"target\":[\"https:\\\/\\\/darkamazi.site\\\/archives\\\/1015813\"]}]},{\"@type\":\"ImageObject\",\"inLanguage\":\"en-US\",\"@id\":\"https:\\\/\\\/darkamazi.site\\\/archives\\\/1015813#primaryimage\",\"url\":\"https:\\\/\\\/darkamazi.site\\\/darka-content\\\/uploads\\\/2021\\\/08\\\/Hizbullah-Lubnan.jpg\",\"contentUrl\":\"https:\\\/\\\/darkamazi.site\\\/darka-content\\\/uploads\\\/2021\\\/08\\\/Hizbullah-Lubnan.jpg\",\"width\":1200,\"height\":630,\"caption\":\"L\u00fcbnan Hizbullah\u0131: \u0130srail'e f\u00fcze sald\u0131r\u0131s\u0131 d\u00fczenledik\"},{\"@type\":\"BreadcrumbList\",\"@id\":\"https:\\\/\\\/darkamazi.site\\\/archives\\\/1015813#breadcrumb\",\"itemListElement\":[{\"@type\":\"ListItem\",\"position\":1,\"name\":\"Home\",\"item\":\"https:\\\/\\\/darkamazi.site\\\/\"},{\"@type\":\"ListItem\",\"position\":2,\"name\":\"L\u00fcbnan Hizbullah\u0131: \u0130srail&#8217;e f\u00fcze sald\u0131r\u0131s\u0131 d\u00fczenledik\"}]},{\"@type\":\"WebSite\",\"@id\":\"https:\\\/\\\/darkamazi.site\\\/#website\",\"url\":\"https:\\\/\\\/darkamazi.site\\\/\",\"name\":\"Darka Mazi\",\"description\":\"Ana Sayfa\",\"publisher\":{\"@id\":\"https:\\\/\\\/darkamazi.site\\\/#organization\"},\"potentialAction\":[{\"@type\":\"SearchAction\",\"target\":{\"@type\":\"EntryPoint\",\"urlTemplate\":\"https:\\\/\\\/darkamazi.site\\\/?s={search_term_string}\"},\"query-input\":{\"@type\":\"PropertyValueSpecification\",\"valueRequired\":true,\"valueName\":\"search_term_string\"}}],\"inLanguage\":\"en-US\"},{\"@type\":\"Organization\",\"@id\":\"https:\\\/\\\/darkamazi.site\\\/#organization\",\"name\":\"Darka Mazi T\u00fcrk\u00e7e\",\"alternateName\":\"Darka Mazi\",\"url\":\"https:\\\/\\\/darkamazi.site\\\/\",\"logo\":{\"@type\":\"ImageObject\",\"inLanguage\":\"en-US\",\"@id\":\"https:\\\/\\\/darkamazi.site\\\/#\\\/schema\\\/logo\\\/image\\\/\",\"url\":\"https:\\\/\\\/darkamazi.site\\\/darka-content\\\/uploads\\\/2017\\\/12\\\/darka-mazi-logo.png\",\"contentUrl\":\"https:\\\/\\\/darkamazi.site\\\/darka-content\\\/uploads\\\/2017\\\/12\\\/darka-mazi-logo.png\",\"width\":151,\"height\":75,\"caption\":\"Darka Mazi T\u00fcrk\u00e7e\"},\"image\":{\"@id\":\"https:\\\/\\\/darkamazi.site\\\/#\\\/schema\\\/logo\\\/image\\\/\"},\"sameAs\":[\"https:\\\/\\\/www.facebook.com\\\/DarkaMaziturkce\",\"https:\\\/\\\/x.com\\\/DarkaMaziTurkce\"]},{\"@type\":\"Person\",\"@id\":\"https:\\\/\\\/darkamazi.site\\\/#\\\/schema\\\/person\\\/67986a95ac546c16760365877ef4a9d3\",\"name\":\"darka mazi\",\"sameAs\":[\"https:\\\/\\\/darkamazi.site\"],\"url\":\"https:\\\/\\\/darkamazi.site\\\/archives\\\/author\\\/turkish\"}]}<\/script>\n<!-- \/ Yoast SEO plugin. -->","seo_head_json":{"title":"L\u00fcbnan Hizbullah\u0131: \u0130srail'e f\u00fcze sald\u0131r\u0131s\u0131 d\u00fczenledik - Darka Mazi","robots":{"index":"index","follow":"follow","max-snippet":"max-snippet:-1","max-image-preview":"max-image-preview:large","max-video-preview":"max-video-preview:-1"},"canonical":"https:\/\/darkamazi.site\/archives\/1015813","og_locale":"en_US","og_type":"article","og_title":"L\u00fcbnan Hizbullah\u0131: \u0130srail'e f\u00fcze sald\u0131r\u0131s\u0131 d\u00fczenledik - Darka Mazi","og_description":"\u00a0L\u00fcbnan Hizbullah\u0131, \u0130srail ordusunun \u00f6nceki g\u00fcn L\u00fcbnan&#8217;a ger\u00e7ekle\u015ftirdi\u011fi sald\u0131r\u0131lara kar\u015f\u0131l\u0131k olarak \u0130srail&#8217;e f\u00fcze sald\u0131r\u0131s\u0131 d\u00fczenledi\u011fini a\u00e7\u0131klad\u0131. Hizbullah&#8217;tan yap\u0131lan yaz\u0131l\u0131 a\u00e7\u0131klamada, \u0130srail&#8217;in \u00f6nceki gece L\u00fcbnan&#8217;\u0131n g\u00fcneyindeki El-Curmuk ve E\u015f-\u015eevakir b\u00f6lgelerine d\u00fczenledi\u011fi hava sald\u0131r\u0131lar\u0131na kar\u015f\u0131l\u0131k Hizbullah&#8217;a ba\u011fl\u0131 &#8220;\u015eehit Ali Kamil Muhsin&#8221; ve \u015eehit Kas\u0131m Tahhan&#8221; gruplar\u0131n\u0131n i\u015fgal alt\u0131ndaki \u015eeba \u00c7iftliklerine 122 milimetrelik f\u00fczelerle sald\u0131r\u0131 ger\u00e7ekle\u015ftirdi\u011fi belirtildi. \u0130srail&#8217;in [&hellip;]","og_url":"https:\/\/darkamazi.site\/archives\/1015813","og_site_name":"Darka Mazi","article_publisher":"https:\/\/www.facebook.com\/DarkaMaziturkce","article_published_time":"2021-08-06T10:56:40+00:00","og_image":[{"width":1200,"height":630,"url":"https:\/\/darkamazi.site\/file\/2021\/08\/Hizbullah-Lubnan.jpg","type":"image\/jpeg"}],"author":"darka mazi","twitter_card":"summary_large_image","twitter_creator":"@DarkaMaziTurkce","twitter_site":"@DarkaMaziTurkce","twitter_misc":{"Written by":"darka mazi","Est. reading time":"2 minutes"},"schema":{"@context":"https:\/\/schema.org","@graph":[{"@type":"NewsArticle","@id":"https:\/\/darkamazi.site\/archives\/1015813#article","isPartOf":{"@id":"https:\/\/darkamazi.site\/archives\/1015813"},"author":{"name":"darka mazi","@id":"https:\/\/darkamazi.site\/#\/schema\/person\/67986a95ac546c16760365877ef4a9d3"},"headline":"L\u00fcbnan Hizbullah\u0131: \u0130srail&#8217;e f\u00fcze sald\u0131r\u0131s\u0131 d\u00fczenledik","datePublished":"2021-08-06T10:56:40+00:00","mainEntityOfPage":{"@id":"https:\/\/darkamazi.site\/archives\/1015813"},"wordCount":593,"publisher":{"@id":"https:\/\/darkamazi.site\/#organization"},"image":{"@id":"https:\/\/darkamazi.site\/archives\/1015813#primaryimage"},"thumbnailUrl":"https:\/\/darkamazi.site\/file\/2021\/08\/Hizbullah-Lubnan.jpg","keywords":["\u00f6nemli"],"articleSection":["Ortado\u011fu"],"inLanguage":"en-US"},{"@type":"WebPage","@id":"https:\/\/darkamazi.site\/archives\/1015813","url":"https:\/\/darkamazi.site\/archives\/1015813","name":"L\u00fcbnan Hizbullah\u0131: \u0130srail'e f\u00fcze sald\u0131r\u0131s\u0131 d\u00fczenledik - Darka Mazi","isPartOf":{"@id":"https:\/\/darkamazi.site\/#website"},"primaryImageOfPage":{"@id":"https:\/\/darkamazi.site\/archives\/1015813#primaryimage"},"image":{"@id":"https:\/\/darkamazi.site\/archives\/1015813#primaryimage"},"thumbnailUrl":"https:\/\/darkamazi.site\/file\/2021\/08\/Hizbullah-Lubnan.jpg","datePublished":"2021-08-06T10:56:40+00:00","breadcrumb":{"@id":"https:\/\/darkamazi.site\/archives\/1015813#breadcrumb"},"inLanguage":"en-US","potentialAction":[{"@type":"ReadAction","target":["https:\/\/darkamazi.site\/archives\/1015813"]}]},{"@type":"ImageObject","inLanguage":"en-US","@id":"https:\/\/darkamazi.site\/archives\/1015813#primaryimage","url":"https:\/\/darkamazi.site\/file\/2021\/08\/Hizbullah-Lubnan.jpg","contentUrl":"https:\/\/darkamazi.site\/file\/2021\/08\/Hizbullah-Lubnan.jpg","width":1200,"height":630,"caption":"L\u00fcbnan Hizbullah\u0131: \u0130srail'e f\u00fcze sald\u0131r\u0131s\u0131 d\u00fczenledik"},{"@type":"BreadcrumbList","@id":"https:\/\/darkamazi.site\/archives\/1015813#breadcrumb","itemListElement":[{"@type":"ListItem","position":1,"name":"Home","item":"https:\/\/darkamazi.site\/"},{"@type":"ListItem","position":2,"name":"L\u00fcbnan Hizbullah\u0131: \u0130srail&#8217;e f\u00fcze sald\u0131r\u0131s\u0131 d\u00fczenledik"}]},{"@type":"WebSite","@id":"https:\/\/darkamazi.site\/#website","url":"https:\/\/darkamazi.site\/","name":"Darka Mazi","description":"Ana Sayfa","publisher":{"@id":"https:\/\/darkamazi.site\/#organization"},"potentialAction":[{"@type":"SearchAction","target":{"@type":"EntryPoint","urlTemplate":"https:\/\/darkamazi.site\/?s={search_term_string}"},"query-input":{"@type":"PropertyValueSpecification","valueRequired":true,"valueName":"search_term_string"}}],"inLanguage":"en-US"},{"@type":"Organization","@id":"https:\/\/darkamazi.site\/#organization","name":"Darka Mazi T\u00fcrk\u00e7e","alternateName":"Darka Mazi","url":"https:\/\/darkamazi.site\/","logo":{"@type":"ImageObject","inLanguage":"en-US","@id":"https:\/\/darkamazi.site\/#\/schema\/logo\/image\/","url":"https:\/\/darkamazi.site\/file\/2017\/12\/darka-mazi-logo.png","contentUrl":"https:\/\/darkamazi.site\/file\/2017\/12\/darka-mazi-logo.png","width":151,"height":75,"caption":"Darka Mazi T\u00fcrk\u00e7e"},"image":{"@id":"https:\/\/darkamazi.site\/#\/schema\/logo\/image\/"},"sameAs":["https:\/\/www.facebook.com\/DarkaMaziturkce","https:\/\/x.com\/DarkaMaziTurkce"]},{"@type":"Person","@id":"https:\/\/darkamazi.site\/#\/schema\/person\/67986a95ac546c16760365877ef4a9d3","name":"darka mazi","sameAs":["https:\/\/darkamazi.site"],"url":"https:\/\/darkamazi.site\/archives\/author\/turkish"}]}},"_links":{"self":[{"href":"https:\/\/darkamazi.site\/funavuv\/wp\/v2\/posts\/1015813","targetHints":{"allow":["GET"]}}],"collection":[{"href":"https:\/\/darkamazi.site\/funavuv\/wp\/v2\/posts"}],"about":[{"href":"https:\/\/darkamazi.site\/funavuv\/wp\/v2\/types\/post"}],"author":[{"embeddable":true,"href":"https:\/\/darkamazi.site\/funavuv\/wp\/v2\/users\/2"}],"replies":[{"embeddable":true,"href":"https:\/\/darkamazi.site\/funavuv\/wp\/v2\/comments?post=1015813"}],"version-history":[{"count":0,"href":"https:\/\/darkamazi.site\/funavuv\/wp\/v2\/posts\/1015813\/revisions"}],"wp:featuredmedia":[{"embeddable":true,"href":"https:\/\/darkamazi.site\/funavuv\/wp\/v2\/media\/1015814"}],"wp:attachment":[{"href":"https:\/\/darkamazi.site\/funavuv\/wp\/v2\/media?parent=1015813"}],"wp:term":[{"taxonomy":"category","embeddable":true,"href":"https:\/\/darkamazi.site\/funavuv\/wp\/v2\/categories?post=1015813"},{"taxonomy":"post_tag","embeddable":true,"href":"https:\/\/darkamazi.site\/funavuv\/wp\/v2\/tags?post=1015813"}],"curies":[{"name":"wp","href":"https:\/\/api.w.org\/{rel}","templated":true}]}}