{"id":1015882,"date":"2021-08-11T21:31:25","date_gmt":"2021-08-11T18:31:25","guid":{"rendered":"https:\/\/darkamazi.site\/?p=1015882"},"modified":"2021-08-11T21:31:25","modified_gmt":"2021-08-11T18:31:25","slug":"iside-karsi-savasta-yaralanan-pesmergelerin-fotograflarinin-yer-aldigi-acik-yaralar-albumune-altin-madalya","status":"publish","type":"post","link":"https:\/\/darkamazi.site\/archives\/1015882","title":{"rendered":"I\u015e\u0130D&#8217;e kar\u015f\u0131 sava\u015fta yaralanan pe\u015fmergelerin foto\u011fraflar\u0131n\u0131n yer ald\u0131\u011f\u0131 &#8220;A\u00e7\u0131k Yaralar&#8221; alb\u00fcm\u00fcne Alt\u0131n Madalya"},"content":{"rendered":"<p style=\"text-align: justify\">K\u00fcrt foto\u011fraf sanat\u00e7\u0131s\u0131 Yunus Muhammed\u2019in I\u015e\u0130D\u2019e kar\u015f\u0131 sava\u015fta foto\u011fraflar\u0131n\u0131 \u00e7ekti\u011fi yaral\u0131 Pe\u015fmegeleri anlatan \u201cA\u00e7\u0131k Yaralar\u201d alb\u00fcm\u00fc Moskova\u2019da d\u00fczenlenen uluslararas\u0131 foto\u011fraf yar\u0131\u015fmas\u0131nda Alt\u0131n Madalya kazand\u0131.<\/p>\n<p style=\"text-align: justify\">Rusya\u2019n\u0131n ba\u015fkenti Moskova\u2019da d\u00fczenlenen Moskova Uluslararas\u0131 Foto\u011fraf Yar\u0131\u015fmas\u0131\u2019nda (Moscow Interinational Photo Awards) K\u00fcrt foto\u011fraf\u00e7\u0131 Yunus Muhammed\u2019in \u00e7ekti\u011fi alb\u00fcm Editoreal\/Conflict Categori\u2019de birinci oldu.<\/p>\n<p style=\"text-align: justify\">R\u00fbdaw\u2019a konu\u015fan Muhammed, yar\u0131\u015fmaya, I\u015e\u0130D sava\u015f\u0131nda yaralanarak \u00e7e\u015fitli uzuvlar\u0131n\u0131 kaybeden Pe\u015fmergeleri anlatan 7 foto\u011frafl\u0131k \u201cA\u00e7\u0131k Yaralar\u201d alb\u00fcm\u00fc ile kat\u0131ld\u0131\u011f\u0131n\u0131 s\u00f6yledi.<\/p>\n<p style=\"text-align: justify\">Ayn\u0131 zamanda gazeteci de olan Yunus Muhammed, \u201cBu foto\u011fraflar, Pe\u015fmerge&#8217;nin I\u015e\u0130D&#8217;e kar\u015f\u0131 m\u00fccadelesinde g\u00f6sterdi\u011fi fedakarl\u0131klar\u0131 belgeleyen bir projenin par\u00e7as\u0131\u201d dedi.<\/p>\n<p style=\"text-align: justify\">\u00c7al\u0131\u015fma boyunca muazzam kahramanl\u0131k hikayelerle kar\u015f\u0131la\u015ft\u0131\u011f\u0131n\u0131 ifade eden Muhammed,\u00a0\u201cSilaha sar\u0131lan Pe\u015fmergeler, mecbur olduklar\u0131 i\u00e7in de\u011fil, do\u011fru oldu\u011fu ve yap\u0131lmas\u0131 gereken bu oldu\u011fu i\u00e7in bu sava\u015fa kat\u0131ld\u0131. Trajik bir \u015fekilde, eve d\u00f6nd\u00fckten sonra da ac\u0131lar\u0131 bitmedi. ABz\u0131lar\u0131 protez uzuvlar almak zorunda. Bir de s\u00fcrekli bak\u0131m gerekiyor\u201d dedi.<\/p>\n<p style=\"text-align: justify\">Muhammed, \u00e7ekti\u011fi foto\u011fraflarla bu y\u0131l ABD, Avustralya, G\u00fcney Kore, H\u0131rvatistan, \u0130talya, \u0130svi\u00e7re, Potekiz, Yunanistan, \u0130spanya ve G\u00fcrcistan\u2019da d\u00fczenlenen yar\u0131\u015fmalara da kat\u0131ld\u0131\u011f\u0131n\u0131 belirtti.<\/p>\n<p style=\"text-align: justify\">Yunus Muhammed, bu y\u0131l i\u00e7erisinde ba\u015fka organizasyonlara kat\u0131laca\u011f\u0131n\u0131 ve fotor\u011faflar\u0131n\u0131n daha \u00e7ok \u00f6d\u00fcl almas\u0131n\u0131 bekledi\u011fini s\u00f6yledi.<\/p>\n<p style=\"text-align: justify\">1968 y\u0131l\u0131nda Duhok\u2019ta do\u011fan Yunus Muhammed, 2012\u2019den bu yana foto\u011fraf \u00e7ekiyor. Muhammed\u2019in \u00e7ekti\u011fi foto\u011fraflar \u015fu ana kadar fark\u0131 yar\u0131\u015fma ve kategorilerde 20 \u00f6d\u00fcl ald\u0131. Yunus Muhammed\u2019in foto\u011fraflar\u0131 ayr\u0131cabir \u00e7ok uluslararas\u0131 sergide sergilendi.<\/p>\n<p style=\"text-align: justify\">Hala Erbil\u2019de ikamet eden sanat\u00e7\u0131 serbest gazeteci olarak \u00e7al\u0131\u015f\u0131yor.<\/p>\n<p>Kaynak: Rudaw<\/p>\n","protected":false},"excerpt":{"rendered":"<p>K\u00fcrt foto\u011fraf sanat\u00e7\u0131s\u0131 Yunus Muhammed\u2019in I\u015e\u0130D\u2019e kar\u015f\u0131 sava\u015fta foto\u011fraflar\u0131n\u0131 \u00e7ekti\u011fi yaral\u0131 Pe\u015fmegeleri anlatan \u201cA\u00e7\u0131k Yaralar\u201d alb\u00fcm\u00fc Moskova\u2019da d\u00fczenlenen uluslararas\u0131 foto\u011fraf yar\u0131\u015fmas\u0131nda Alt\u0131n Madalya kazand\u0131. Rusya\u2019n\u0131n ba\u015fkenti Moskova\u2019da d\u00fczenlenen Moskova Uluslararas\u0131 Foto\u011fraf Yar\u0131\u015fmas\u0131\u2019nda (Moscow Interinational Photo Awards) K\u00fcrt foto\u011fraf\u00e7\u0131 Yunus Muhammed\u2019in \u00e7ekti\u011fi alb\u00fcm Editoreal\/Conflict Categori\u2019de birinci oldu. R\u00fbdaw\u2019a konu\u015fan Muhammed, yar\u0131\u015fmaya, I\u015e\u0130D sava\u015f\u0131nda yaralanarak \u00e7e\u015fitli uzuvlar\u0131n\u0131 [&hellip;]<\/p>\n","protected":false},"author":2,"featured_media":1015883,"comment_status":"closed","ping_status":"closed","sticky":false,"template":"","format":"standard","meta":{"footnotes":""},"categories":[33],"tags":[31],"class_list":["post-1015882","post","type-post","status-publish","format-standard","has-post-thumbnail","hentry","category-sanat","tag-onemli"],"blocksy_meta":[],"seo_head":"<!-- This site is optimized with the Yoast SEO plugin v27.5 - https:\/\/yoast.com\/product\/yoast-seo-wordpress\/ -->\n<title>I\u015e\u0130D&#039;e kar\u015f\u0131 sava\u015fta yaralanan pe\u015fmergelerin foto\u011fraflar\u0131n\u0131n yer ald\u0131\u011f\u0131 &quot;A\u00e7\u0131k Yaralar&quot; alb\u00fcm\u00fcne Alt\u0131n Madalya - Darka Mazi<\/title>\n<meta name=\"robots\" content=\"index, follow, max-snippet:-1, max-image-preview:large, max-video-preview:-1\" \/>\n<link rel=\"canonical\" href=\"https:\/\/darkamazi.site\/archives\/1015882\" \/>\n<meta property=\"og:locale\" content=\"en_US\" \/>\n<meta property=\"og:type\" content=\"article\" \/>\n<meta property=\"og:title\" content=\"I\u015e\u0130D&#039;e kar\u015f\u0131 sava\u015fta yaralanan pe\u015fmergelerin foto\u011fraflar\u0131n\u0131n yer ald\u0131\u011f\u0131 &quot;A\u00e7\u0131k Yaralar&quot; alb\u00fcm\u00fcne Alt\u0131n Madalya - Darka Mazi\" \/>\n<meta property=\"og:description\" content=\"K\u00fcrt foto\u011fraf sanat\u00e7\u0131s\u0131 Yunus Muhammed\u2019in I\u015e\u0130D\u2019e kar\u015f\u0131 sava\u015fta foto\u011fraflar\u0131n\u0131 \u00e7ekti\u011fi yaral\u0131 Pe\u015fmegeleri anlatan \u201cA\u00e7\u0131k Yaralar\u201d alb\u00fcm\u00fc Moskova\u2019da d\u00fczenlenen uluslararas\u0131 foto\u011fraf yar\u0131\u015fmas\u0131nda Alt\u0131n Madalya kazand\u0131. Rusya\u2019n\u0131n ba\u015fkenti Moskova\u2019da d\u00fczenlenen Moskova Uluslararas\u0131 Foto\u011fraf Yar\u0131\u015fmas\u0131\u2019nda (Moscow Interinational Photo Awards) K\u00fcrt foto\u011fraf\u00e7\u0131 Yunus Muhammed\u2019in \u00e7ekti\u011fi alb\u00fcm Editoreal\/Conflict Categori\u2019de birinci oldu. R\u00fbdaw\u2019a konu\u015fan Muhammed, yar\u0131\u015fmaya, I\u015e\u0130D sava\u015f\u0131nda yaralanarak \u00e7e\u015fitli uzuvlar\u0131n\u0131 [&hellip;]\" \/>\n<meta property=\"og:url\" content=\"https:\/\/darkamazi.site\/archives\/1015882\" \/>\n<meta property=\"og:site_name\" content=\"Darka Mazi\" \/>\n<meta property=\"article:publisher\" content=\"https:\/\/www.facebook.com\/DarkaMaziturkce\" \/>\n<meta property=\"article:published_time\" content=\"2021-08-11T18:31:25+00:00\" \/>\n<meta property=\"og:image\" content=\"https:\/\/darkamazi.site\/file\/2021\/08\/Acik-yaralar.jpg\" \/>\n\t<meta property=\"og:image:width\" content=\"1600\" \/>\n\t<meta property=\"og:image:height\" content=\"1066\" \/>\n\t<meta property=\"og:image:type\" content=\"image\/jpeg\" \/>\n<meta name=\"author\" content=\"darka mazi\" \/>\n<meta name=\"twitter:card\" content=\"summary_large_image\" \/>\n<meta name=\"twitter:creator\" content=\"@DarkaMaziTurkce\" \/>\n<meta name=\"twitter:site\" content=\"@DarkaMaziTurkce\" \/>\n<meta name=\"twitter:label1\" content=\"Written by\" \/>\n\t<meta name=\"twitter:data1\" content=\"darka mazi\" \/>\n\t<meta name=\"twitter:label2\" content=\"Est. reading time\" \/>\n\t<meta name=\"twitter:data2\" content=\"1 minute\" \/>\n<script type=\"application\/ld+json\" class=\"seo-schema-graph\">{\"@context\":\"https:\\\/\\\/schema.org\",\"@graph\":[{\"@type\":\"NewsArticle\",\"@id\":\"https:\\\/\\\/darkamazi.site\\\/archives\\\/1015882#article\",\"isPartOf\":{\"@id\":\"https:\\\/\\\/darkamazi.site\\\/archives\\\/1015882\"},\"author\":{\"name\":\"darka mazi\",\"@id\":\"https:\\\/\\\/darkamazi.site\\\/#\\\/schema\\\/person\\\/67986a95ac546c16760365877ef4a9d3\"},\"headline\":\"I\u015e\u0130D&#8217;e kar\u015f\u0131 sava\u015fta yaralanan pe\u015fmergelerin foto\u011fraflar\u0131n\u0131n yer ald\u0131\u011f\u0131 &#8220;A\u00e7\u0131k Yaralar&#8221; alb\u00fcm\u00fcne Alt\u0131n Madalya\",\"datePublished\":\"2021-08-11T18:31:25+00:00\",\"mainEntityOfPage\":{\"@id\":\"https:\\\/\\\/darkamazi.site\\\/archives\\\/1015882\"},\"wordCount\":356,\"publisher\":{\"@id\":\"https:\\\/\\\/darkamazi.site\\\/#organization\"},\"image\":{\"@id\":\"https:\\\/\\\/darkamazi.site\\\/archives\\\/1015882#primaryimage\"},\"thumbnailUrl\":\"https:\\\/\\\/darkamazi.site\\\/darka-content\\\/uploads\\\/2021\\\/08\\\/Acik-yaralar.jpg\",\"keywords\":[\"\u00f6nemli\"],\"articleSection\":[\"Sanat\"],\"inLanguage\":\"en-US\"},{\"@type\":\"WebPage\",\"@id\":\"https:\\\/\\\/darkamazi.site\\\/archives\\\/1015882\",\"url\":\"https:\\\/\\\/darkamazi.site\\\/archives\\\/1015882\",\"name\":\"I\u015e\u0130D'e kar\u015f\u0131 sava\u015fta yaralanan pe\u015fmergelerin foto\u011fraflar\u0131n\u0131n yer ald\u0131\u011f\u0131 \\\"A\u00e7\u0131k Yaralar\\\" alb\u00fcm\u00fcne Alt\u0131n Madalya - Darka Mazi\",\"isPartOf\":{\"@id\":\"https:\\\/\\\/darkamazi.site\\\/#website\"},\"primaryImageOfPage\":{\"@id\":\"https:\\\/\\\/darkamazi.site\\\/archives\\\/1015882#primaryimage\"},\"image\":{\"@id\":\"https:\\\/\\\/darkamazi.site\\\/archives\\\/1015882#primaryimage\"},\"thumbnailUrl\":\"https:\\\/\\\/darkamazi.site\\\/darka-content\\\/uploads\\\/2021\\\/08\\\/Acik-yaralar.jpg\",\"datePublished\":\"2021-08-11T18:31:25+00:00\",\"breadcrumb\":{\"@id\":\"https:\\\/\\\/darkamazi.site\\\/archives\\\/1015882#breadcrumb\"},\"inLanguage\":\"en-US\",\"potentialAction\":[{\"@type\":\"ReadAction\",\"target\":[\"https:\\\/\\\/darkamazi.site\\\/archives\\\/1015882\"]}]},{\"@type\":\"ImageObject\",\"inLanguage\":\"en-US\",\"@id\":\"https:\\\/\\\/darkamazi.site\\\/archives\\\/1015882#primaryimage\",\"url\":\"https:\\\/\\\/darkamazi.site\\\/darka-content\\\/uploads\\\/2021\\\/08\\\/Acik-yaralar.jpg\",\"contentUrl\":\"https:\\\/\\\/darkamazi.site\\\/darka-content\\\/uploads\\\/2021\\\/08\\\/Acik-yaralar.jpg\",\"width\":1600,\"height\":1066,\"caption\":\"I\u015e\u0130D'e kar\u015f\u0131 sava\u015f pe\u015fmergelerin foto\u011fraflar\u0131n\u0131n yer ald\u0131\u011f\u0131 \\\"A\u00e7\u0131k Yaralar\\\" alb\u00fcm\u00fcne Alt\u0131n Madalya\"},{\"@type\":\"BreadcrumbList\",\"@id\":\"https:\\\/\\\/darkamazi.site\\\/archives\\\/1015882#breadcrumb\",\"itemListElement\":[{\"@type\":\"ListItem\",\"position\":1,\"name\":\"Home\",\"item\":\"https:\\\/\\\/darkamazi.site\\\/\"},{\"@type\":\"ListItem\",\"position\":2,\"name\":\"I\u015e\u0130D&#8217;e kar\u015f\u0131 sava\u015fta yaralanan pe\u015fmergelerin foto\u011fraflar\u0131n\u0131n yer ald\u0131\u011f\u0131 &#8220;A\u00e7\u0131k Yaralar&#8221; alb\u00fcm\u00fcne Alt\u0131n Madalya\"}]},{\"@type\":\"WebSite\",\"@id\":\"https:\\\/\\\/darkamazi.site\\\/#website\",\"url\":\"https:\\\/\\\/darkamazi.site\\\/\",\"name\":\"Darka Mazi\",\"description\":\"Ana Sayfa\",\"publisher\":{\"@id\":\"https:\\\/\\\/darkamazi.site\\\/#organization\"},\"potentialAction\":[{\"@type\":\"SearchAction\",\"target\":{\"@type\":\"EntryPoint\",\"urlTemplate\":\"https:\\\/\\\/darkamazi.site\\\/?s={search_term_string}\"},\"query-input\":{\"@type\":\"PropertyValueSpecification\",\"valueRequired\":true,\"valueName\":\"search_term_string\"}}],\"inLanguage\":\"en-US\"},{\"@type\":\"Organization\",\"@id\":\"https:\\\/\\\/darkamazi.site\\\/#organization\",\"name\":\"Darka Mazi T\u00fcrk\u00e7e\",\"alternateName\":\"Darka Mazi\",\"url\":\"https:\\\/\\\/darkamazi.site\\\/\",\"logo\":{\"@type\":\"ImageObject\",\"inLanguage\":\"en-US\",\"@id\":\"https:\\\/\\\/darkamazi.site\\\/#\\\/schema\\\/logo\\\/image\\\/\",\"url\":\"https:\\\/\\\/darkamazi.site\\\/darka-content\\\/uploads\\\/2017\\\/12\\\/darka-mazi-logo.png\",\"contentUrl\":\"https:\\\/\\\/darkamazi.site\\\/darka-content\\\/uploads\\\/2017\\\/12\\\/darka-mazi-logo.png\",\"width\":151,\"height\":75,\"caption\":\"Darka Mazi T\u00fcrk\u00e7e\"},\"image\":{\"@id\":\"https:\\\/\\\/darkamazi.site\\\/#\\\/schema\\\/logo\\\/image\\\/\"},\"sameAs\":[\"https:\\\/\\\/www.facebook.com\\\/DarkaMaziturkce\",\"https:\\\/\\\/x.com\\\/DarkaMaziTurkce\"]},{\"@type\":\"Person\",\"@id\":\"https:\\\/\\\/darkamazi.site\\\/#\\\/schema\\\/person\\\/67986a95ac546c16760365877ef4a9d3\",\"name\":\"darka mazi\",\"sameAs\":[\"https:\\\/\\\/darkamazi.site\"],\"url\":\"https:\\\/\\\/darkamazi.site\\\/archives\\\/author\\\/turkish\"}]}<\/script>\n<!-- \/ Yoast SEO plugin. -->","seo_head_json":{"title":"I\u015e\u0130D'e kar\u015f\u0131 sava\u015fta yaralanan pe\u015fmergelerin foto\u011fraflar\u0131n\u0131n yer ald\u0131\u011f\u0131 \"A\u00e7\u0131k Yaralar\" alb\u00fcm\u00fcne Alt\u0131n Madalya - Darka Mazi","robots":{"index":"index","follow":"follow","max-snippet":"max-snippet:-1","max-image-preview":"max-image-preview:large","max-video-preview":"max-video-preview:-1"},"canonical":"https:\/\/darkamazi.site\/archives\/1015882","og_locale":"en_US","og_type":"article","og_title":"I\u015e\u0130D'e kar\u015f\u0131 sava\u015fta yaralanan pe\u015fmergelerin foto\u011fraflar\u0131n\u0131n yer ald\u0131\u011f\u0131 \"A\u00e7\u0131k Yaralar\" alb\u00fcm\u00fcne Alt\u0131n Madalya - Darka Mazi","og_description":"K\u00fcrt foto\u011fraf sanat\u00e7\u0131s\u0131 Yunus Muhammed\u2019in I\u015e\u0130D\u2019e kar\u015f\u0131 sava\u015fta foto\u011fraflar\u0131n\u0131 \u00e7ekti\u011fi yaral\u0131 Pe\u015fmegeleri anlatan \u201cA\u00e7\u0131k Yaralar\u201d alb\u00fcm\u00fc Moskova\u2019da d\u00fczenlenen uluslararas\u0131 foto\u011fraf yar\u0131\u015fmas\u0131nda Alt\u0131n Madalya kazand\u0131. Rusya\u2019n\u0131n ba\u015fkenti Moskova\u2019da d\u00fczenlenen Moskova Uluslararas\u0131 Foto\u011fraf Yar\u0131\u015fmas\u0131\u2019nda (Moscow Interinational Photo Awards) K\u00fcrt foto\u011fraf\u00e7\u0131 Yunus Muhammed\u2019in \u00e7ekti\u011fi alb\u00fcm Editoreal\/Conflict Categori\u2019de birinci oldu. R\u00fbdaw\u2019a konu\u015fan Muhammed, yar\u0131\u015fmaya, I\u015e\u0130D sava\u015f\u0131nda yaralanarak \u00e7e\u015fitli uzuvlar\u0131n\u0131 [&hellip;]","og_url":"https:\/\/darkamazi.site\/archives\/1015882","og_site_name":"Darka Mazi","article_publisher":"https:\/\/www.facebook.com\/DarkaMaziturkce","article_published_time":"2021-08-11T18:31:25+00:00","og_image":[{"width":1600,"height":1066,"url":"https:\/\/darkamazi.site\/file\/2021\/08\/Acik-yaralar.jpg","type":"image\/jpeg"}],"author":"darka mazi","twitter_card":"summary_large_image","twitter_creator":"@DarkaMaziTurkce","twitter_site":"@DarkaMaziTurkce","twitter_misc":{"Written by":"darka mazi","Est. reading time":"1 minute"},"schema":{"@context":"https:\/\/schema.org","@graph":[{"@type":"NewsArticle","@id":"https:\/\/darkamazi.site\/archives\/1015882#article","isPartOf":{"@id":"https:\/\/darkamazi.site\/archives\/1015882"},"author":{"name":"darka mazi","@id":"https:\/\/darkamazi.site\/#\/schema\/person\/67986a95ac546c16760365877ef4a9d3"},"headline":"I\u015e\u0130D&#8217;e kar\u015f\u0131 sava\u015fta yaralanan pe\u015fmergelerin foto\u011fraflar\u0131n\u0131n yer ald\u0131\u011f\u0131 &#8220;A\u00e7\u0131k Yaralar&#8221; alb\u00fcm\u00fcne Alt\u0131n Madalya","datePublished":"2021-08-11T18:31:25+00:00","mainEntityOfPage":{"@id":"https:\/\/darkamazi.site\/archives\/1015882"},"wordCount":356,"publisher":{"@id":"https:\/\/darkamazi.site\/#organization"},"image":{"@id":"https:\/\/darkamazi.site\/archives\/1015882#primaryimage"},"thumbnailUrl":"https:\/\/darkamazi.site\/file\/2021\/08\/Acik-yaralar.jpg","keywords":["\u00f6nemli"],"articleSection":["Sanat"],"inLanguage":"en-US"},{"@type":"WebPage","@id":"https:\/\/darkamazi.site\/archives\/1015882","url":"https:\/\/darkamazi.site\/archives\/1015882","name":"I\u015e\u0130D'e kar\u015f\u0131 sava\u015fta yaralanan pe\u015fmergelerin foto\u011fraflar\u0131n\u0131n yer ald\u0131\u011f\u0131 \"A\u00e7\u0131k Yaralar\" alb\u00fcm\u00fcne Alt\u0131n Madalya - Darka Mazi","isPartOf":{"@id":"https:\/\/darkamazi.site\/#website"},"primaryImageOfPage":{"@id":"https:\/\/darkamazi.site\/archives\/1015882#primaryimage"},"image":{"@id":"https:\/\/darkamazi.site\/archives\/1015882#primaryimage"},"thumbnailUrl":"https:\/\/darkamazi.site\/file\/2021\/08\/Acik-yaralar.jpg","datePublished":"2021-08-11T18:31:25+00:00","breadcrumb":{"@id":"https:\/\/darkamazi.site\/archives\/1015882#breadcrumb"},"inLanguage":"en-US","potentialAction":[{"@type":"ReadAction","target":["https:\/\/darkamazi.site\/archives\/1015882"]}]},{"@type":"ImageObject","inLanguage":"en-US","@id":"https:\/\/darkamazi.site\/archives\/1015882#primaryimage","url":"https:\/\/darkamazi.site\/file\/2021\/08\/Acik-yaralar.jpg","contentUrl":"https:\/\/darkamazi.site\/file\/2021\/08\/Acik-yaralar.jpg","width":1600,"height":1066,"caption":"I\u015e\u0130D'e kar\u015f\u0131 sava\u015f pe\u015fmergelerin foto\u011fraflar\u0131n\u0131n yer ald\u0131\u011f\u0131 \"A\u00e7\u0131k Yaralar\" alb\u00fcm\u00fcne Alt\u0131n Madalya"},{"@type":"BreadcrumbList","@id":"https:\/\/darkamazi.site\/archives\/1015882#breadcrumb","itemListElement":[{"@type":"ListItem","position":1,"name":"Home","item":"https:\/\/darkamazi.site\/"},{"@type":"ListItem","position":2,"name":"I\u015e\u0130D&#8217;e kar\u015f\u0131 sava\u015fta yaralanan pe\u015fmergelerin foto\u011fraflar\u0131n\u0131n yer ald\u0131\u011f\u0131 &#8220;A\u00e7\u0131k Yaralar&#8221; alb\u00fcm\u00fcne Alt\u0131n Madalya"}]},{"@type":"WebSite","@id":"https:\/\/darkamazi.site\/#website","url":"https:\/\/darkamazi.site\/","name":"Darka Mazi","description":"Ana Sayfa","publisher":{"@id":"https:\/\/darkamazi.site\/#organization"},"potentialAction":[{"@type":"SearchAction","target":{"@type":"EntryPoint","urlTemplate":"https:\/\/darkamazi.site\/?s={search_term_string}"},"query-input":{"@type":"PropertyValueSpecification","valueRequired":true,"valueName":"search_term_string"}}],"inLanguage":"en-US"},{"@type":"Organization","@id":"https:\/\/darkamazi.site\/#organization","name":"Darka Mazi T\u00fcrk\u00e7e","alternateName":"Darka Mazi","url":"https:\/\/darkamazi.site\/","logo":{"@type":"ImageObject","inLanguage":"en-US","@id":"https:\/\/darkamazi.site\/#\/schema\/logo\/image\/","url":"https:\/\/darkamazi.site\/file\/2017\/12\/darka-mazi-logo.png","contentUrl":"https:\/\/darkamazi.site\/file\/2017\/12\/darka-mazi-logo.png","width":151,"height":75,"caption":"Darka Mazi T\u00fcrk\u00e7e"},"image":{"@id":"https:\/\/darkamazi.site\/#\/schema\/logo\/image\/"},"sameAs":["https:\/\/www.facebook.com\/DarkaMaziturkce","https:\/\/x.com\/DarkaMaziTurkce"]},{"@type":"Person","@id":"https:\/\/darkamazi.site\/#\/schema\/person\/67986a95ac546c16760365877ef4a9d3","name":"darka mazi","sameAs":["https:\/\/darkamazi.site"],"url":"https:\/\/darkamazi.site\/archives\/author\/turkish"}]}},"_links":{"self":[{"href":"https:\/\/darkamazi.site\/funavuv\/wp\/v2\/posts\/1015882","targetHints":{"allow":["GET"]}}],"collection":[{"href":"https:\/\/darkamazi.site\/funavuv\/wp\/v2\/posts"}],"about":[{"href":"https:\/\/darkamazi.site\/funavuv\/wp\/v2\/types\/post"}],"author":[{"embeddable":true,"href":"https:\/\/darkamazi.site\/funavuv\/wp\/v2\/users\/2"}],"replies":[{"embeddable":true,"href":"https:\/\/darkamazi.site\/funavuv\/wp\/v2\/comments?post=1015882"}],"version-history":[{"count":0,"href":"https:\/\/darkamazi.site\/funavuv\/wp\/v2\/posts\/1015882\/revisions"}],"wp:featuredmedia":[{"embeddable":true,"href":"https:\/\/darkamazi.site\/funavuv\/wp\/v2\/media\/1015883"}],"wp:attachment":[{"href":"https:\/\/darkamazi.site\/funavuv\/wp\/v2\/media?parent=1015882"}],"wp:term":[{"taxonomy":"category","embeddable":true,"href":"https:\/\/darkamazi.site\/funavuv\/wp\/v2\/categories?post=1015882"},{"taxonomy":"post_tag","embeddable":true,"href":"https:\/\/darkamazi.site\/funavuv\/wp\/v2\/tags?post=1015882"}],"curies":[{"name":"wp","href":"https:\/\/api.w.org\/{rel}","templated":true}]}}