{"id":1015916,"date":"2021-08-14T13:03:05","date_gmt":"2021-08-14T10:03:05","guid":{"rendered":"https:\/\/darkamazi.site\/?p=1015916"},"modified":"2021-08-14T13:03:05","modified_gmt":"2021-08-14T10:03:05","slug":"qamislo-katilamini-anlatan-belgesel-izleyici-ile-bulusmaya-hazir","status":"publish","type":"post","link":"https:\/\/darkamazi.site\/archives\/1015916","title":{"rendered":"Qami\u015flo katilam\u0131n\u0131 anlatan belgesel izleyici ile bulu\u015fmaya haz\u0131r"},"content":{"rendered":"<p style=\"text-align: justify\">\n<p style=\"text-align: justify\">T\u00fcrkiye\u2019de darbe ile iktidara gelen askeri y\u00f6netimin 12 Aral\u0131k 1980\u2019de \u00a0Rojava\u2019n\u0131n Kam\u0131\u015flo kentinde d\u00fczenledi\u011fi sald\u0131r\u0131da 9\u2019u ayn\u0131 aileden, 7 ki\u015fi de Kawa Hareketi\u2019nin \u00fcst d\u00fczey kadrolar\u0131ndan olmak \u00fczere 16 K\u00fcrt katledilmi\u015fti. Bu olay tarihte\u00a0Kam\u0131\u015flo Katliam\u0131\u00a0ile birlikte &#8220;s\u0131n\u0131r \u00f6tesi operasyon&#8221; olarak da biliniyor.<\/p>\n<p style=\"text-align: justify\">55 dakikal\u0131k\u00a0belgeselde katliamda hayat\u0131n\u0131 kaybedenlerin aileleri ve yak\u0131nlar\u0131 ile 20\u2019den fazla r\u00f6portaj bulunuyor.<\/p>\n<p style=\"text-align: justify\">\u015eeva Re\u015f (Kara Gece)\u00a0belgeselinin \u00e7ekimlerini tamamlayan K\u00fcrt y\u00f6netmen\u00a0Kerem Teko\u011flu (Keremo),\u00a0 9-16 Eyl\u00fcl tarihleri aras\u0131nda d\u00fczenlenecek olan Duhok Uluslararas\u0131 Film Festivali\u2019ne kat\u0131lmak ve ilk pr\u00f6miyerini de Duhok\u2019ta yapmak istedi\u011fini s\u00f6yledi.<\/p>\n<p style=\"text-align: justify\">Belgesel ile ilgili K24\u2019e konu\u015fan K\u00fcrt y\u00f6netmen, \u00e7ekimlerin Almaya, \u0130sve\u00e7, T\u00fcrkiye ve\u00a0K\u00fcrdistan\u2019da yap\u0131ld\u0131\u011f\u0131n\u0131 s\u00f6yledi.<\/p>\n<p style=\"text-align: justify\">Teko\u011flu, Kam\u0131\u015flo Katliam\u0131 unutulmas\u0131n diye belgeselini \u00e7ekti\u011fini ifade ederek \u015f\u00f6yle s\u00f6yledi:<\/p>\n<p style=\"text-align: justify\">\u201cKam\u0131\u015flo Katliam\u0131 \u00fczerine \u00f6zellikle \u00e7al\u0131\u015fmam\u0131n bir nedeni var ki, \u00e7ok bilinmeyen ve bilenlerinin de nerdeyse unuttu\u011fu bir katliam oldu\u011fu i\u00e7indir. \u0130nsanlar\u0131n Kam\u0131\u015flo\u2019da\u00a0K\u00fcrtlere\u00a0y\u00f6nelik bir katliam\u0131n yap\u0131ld\u0131\u011f\u0131n\u0131 bilmesini istedi\u011fim i\u00e7in b\u00f6yle bir \u00e7al\u0131\u015fma gere\u011fi duydum. K\u00fcrdistan tarihi katliamlarla doludur. K\u00fcrdistan\u2019da, hangi ta\u015f\u0131, hangi kaya par\u00e7as\u0131n\u0131 kald\u0131rsan, hangi a\u011fac\u0131n, hangi \u00e7i\u00e7e\u011fin g\u00f6lgesine baksan, bir ac\u0131n\u0131n bir\u00a0katliam\u0131n tan\u0131kl\u0131\u011f\u0131 vard\u0131r. K\u00fcrdistan, tarih boyunca ve \u00f6zellikle son y\u00fczy\u0131lda katliamlar \u00fclkesi olmu\u015ftur. 12 Aral\u0131k 1980\u2019de Kam\u0131\u015flo\u2019da yap\u0131lan bu katliam da y\u00fczlercesinden sadece biridir. Geliy\u00ea Z\u00eelan (Zilan Katliam\u0131),\u00a0Dersim,\u00a0Halep\u00e7e\u00a0ve\u00a0Enfal\u2019i de \u00e7al\u0131\u015ft\u0131m. Bir\u00e7ok kez a\u011flad\u0131m. R\u00f6portaj yapt\u0131\u011f\u0131m ki\u015fiyi etkilememek i\u00e7in dilimi duda\u011f\u0131m\u0131 \u0131s\u0131rd\u0131m a\u011flamamak i\u00e7in. Bu katliamda yedi ayl\u0131k hamile bir K\u00fcrt kad\u0131n\u0131 katlediliyor. E\u015fi kendini onun \u00fczerine at\u0131yor ve t\u00fcm kur\u015funlar ona isabet ediyor. Ac\u0131s\u0131 tarifsiz bir s\u0131z\u0131 bu.\u201d<\/p>\n<p style=\"text-align: justify\">3 YILDA TAMAMLANDI<\/p>\n<p style=\"text-align: justify\">Belgeseli 1 bu\u00e7uk y\u0131lda bitirmeyi planlad\u0131klar\u0131n\u0131 ancak\u00a0coronavir\u00fcs\u00a0salg\u0131n\u0131 nedeniyle ya\u015fanan aksamalarla s\u00fcrenin uzad\u0131\u011f\u0131n\u0131 belirten Keremo, \u201cBelgeselin r\u00f6portajlar\u0131,\u00a0Almaya,\u00a0\u0130sve\u00e7, T\u00fcrkiye ve K\u00fcrdistan\u2019da yap\u0131ld\u0131. Nusaybin,\u00a0Mardin,\u00a0 Ankara, K\u0131r\u015fehir ve Haymana\u2019da da kurmacalar\u0131 \u00e7ekildi.\u00a0 Ara\u015ft\u0131rma ba\u015flang\u0131c\u0131 ve biti\u015f tarihi i\u00e7in bir bu\u00e7uk y\u0131ll\u0131k bir s\u00fcre d\u00fc\u015f\u00fcnm\u00fc\u015ft\u00fcm. Ancak pandeminden dolay\u0131 s\u00fcre\u00e7 uzad\u0131 ve 3 y\u0131l\u0131 buldu\u201d dedi.<\/p>\n<p style=\"text-align: justify\">Belgeselin senaryosunun kendisine ait oldu\u011funu, \u00e7ekimlerde \u00e7ok say\u0131da ki\u015finin yer ald\u0131\u011f\u0131n\u0131 vurgulayan Keremo, \u201cBelgeselin senaryo ve y\u00f6netmenli\u011fi bana ait. Bu projede iki g\u00f6r\u00fcnt\u00fc y\u00f6netmeni ile \u00e7al\u0131\u015ft\u0131m.\u00a0Seyda Goyan\u00a0ve\u00a0Mamo\u2019nun kamera g\u00f6zlerine \u00e7ok g\u00fcveniyorum. Emekleri beklentimin \u00fczerineydi. Kurgusunu ve afi\u015fini yine sevgili dostum Mamo yapt\u0131. M\u00fczi\u011fi Nudem Hezex\u2019e ait. \u00d6zelde Seyfettin H\u00fcseyin olmak \u00fczere, Wahide Memki Hesi Mihe (Vahit Duran) ve bir\u00e7ok ki\u015finin eme\u011fi ge\u00e7ti. Katledilenlerin aileleri, arkada\u015flar\u0131 ve yak\u0131nlar\u0131yla 20\u2019den fazla r\u00f6portaj yapt\u0131k. Sizin arac\u0131l\u0131\u011f\u0131n\u0131z ile eme\u011fi ge\u00e7en herkese te\u015fekk\u00fcr ediyorum\u201d \u015feklinde konu\u015ftu.<\/p>\n<p>Kaynak: K\u00fcrdistan 24<\/p>\n","protected":false},"excerpt":{"rendered":"<p>T\u00fcrkiye\u2019de darbe ile iktidara gelen askeri y\u00f6netimin 12 Aral\u0131k 1980\u2019de \u00a0Rojava\u2019n\u0131n Kam\u0131\u015flo kentinde d\u00fczenledi\u011fi sald\u0131r\u0131da 9\u2019u ayn\u0131 aileden, 7 ki\u015fi de Kawa Hareketi\u2019nin \u00fcst d\u00fczey kadrolar\u0131ndan olmak \u00fczere 16 K\u00fcrt katledilmi\u015fti. Bu olay tarihte\u00a0Kam\u0131\u015flo Katliam\u0131\u00a0ile birlikte &#8220;s\u0131n\u0131r \u00f6tesi operasyon&#8221; olarak da biliniyor. 55 dakikal\u0131k\u00a0belgeselde katliamda hayat\u0131n\u0131 kaybedenlerin aileleri ve yak\u0131nlar\u0131 ile 20\u2019den fazla r\u00f6portaj bulunuyor. [&hellip;]<\/p>\n","protected":false},"author":2,"featured_media":1015917,"comment_status":"closed","ping_status":"closed","sticky":false,"template":"","format":"standard","meta":{"footnotes":""},"categories":[33],"tags":[31],"class_list":["post-1015916","post","type-post","status-publish","format-standard","has-post-thumbnail","hentry","category-sanat","tag-onemli"],"blocksy_meta":[],"seo_head":"<!-- This site is optimized with the Yoast SEO plugin v27.5 - https:\/\/yoast.com\/product\/yoast-seo-wordpress\/ -->\n<title>Qami\u015flo katilam\u0131n\u0131 anlatan belgesel izleyici ile bulu\u015fmaya haz\u0131r - Darka Mazi<\/title>\n<meta name=\"robots\" content=\"index, follow, max-snippet:-1, max-image-preview:large, max-video-preview:-1\" \/>\n<link rel=\"canonical\" href=\"https:\/\/darkamazi.site\/archives\/1015916\" \/>\n<meta property=\"og:locale\" content=\"en_US\" \/>\n<meta property=\"og:type\" content=\"article\" \/>\n<meta property=\"og:title\" content=\"Qami\u015flo katilam\u0131n\u0131 anlatan belgesel izleyici ile bulu\u015fmaya haz\u0131r - Darka Mazi\" \/>\n<meta property=\"og:description\" content=\"T\u00fcrkiye\u2019de darbe ile iktidara gelen askeri y\u00f6netimin 12 Aral\u0131k 1980\u2019de \u00a0Rojava\u2019n\u0131n Kam\u0131\u015flo kentinde d\u00fczenledi\u011fi sald\u0131r\u0131da 9\u2019u ayn\u0131 aileden, 7 ki\u015fi de Kawa Hareketi\u2019nin \u00fcst d\u00fczey kadrolar\u0131ndan olmak \u00fczere 16 K\u00fcrt katledilmi\u015fti. Bu olay tarihte\u00a0Kam\u0131\u015flo Katliam\u0131\u00a0ile birlikte &#8220;s\u0131n\u0131r \u00f6tesi operasyon&#8221; olarak da biliniyor. 55 dakikal\u0131k\u00a0belgeselde katliamda hayat\u0131n\u0131 kaybedenlerin aileleri ve yak\u0131nlar\u0131 ile 20\u2019den fazla r\u00f6portaj bulunuyor. [&hellip;]\" \/>\n<meta property=\"og:url\" content=\"https:\/\/darkamazi.site\/archives\/1015916\" \/>\n<meta property=\"og:site_name\" content=\"Darka Mazi\" \/>\n<meta property=\"article:publisher\" content=\"https:\/\/www.facebook.com\/DarkaMaziturkce\" \/>\n<meta property=\"article:published_time\" content=\"2021-08-14T10:03:05+00:00\" \/>\n<meta property=\"og:image\" content=\"https:\/\/darkamazi.site\/file\/2021\/08\/Seva-Res.jpg\" \/>\n\t<meta property=\"og:image:width\" content=\"781\" \/>\n\t<meta property=\"og:image:height\" content=\"439\" \/>\n\t<meta property=\"og:image:type\" content=\"image\/jpeg\" \/>\n<meta name=\"author\" content=\"darka mazi\" \/>\n<meta name=\"twitter:card\" content=\"summary_large_image\" \/>\n<meta name=\"twitter:creator\" content=\"@DarkaMaziTurkce\" \/>\n<meta name=\"twitter:site\" content=\"@DarkaMaziTurkce\" \/>\n<meta name=\"twitter:label1\" content=\"Written by\" \/>\n\t<meta name=\"twitter:data1\" content=\"darka mazi\" \/>\n\t<meta name=\"twitter:label2\" content=\"Est. reading time\" \/>\n\t<meta name=\"twitter:data2\" content=\"2 minutes\" \/>\n<script type=\"application\/ld+json\" class=\"seo-schema-graph\">{\"@context\":\"https:\\\/\\\/schema.org\",\"@graph\":[{\"@type\":\"NewsArticle\",\"@id\":\"https:\\\/\\\/darkamazi.site\\\/archives\\\/1015916#article\",\"isPartOf\":{\"@id\":\"https:\\\/\\\/darkamazi.site\\\/archives\\\/1015916\"},\"author\":{\"name\":\"darka mazi\",\"@id\":\"https:\\\/\\\/darkamazi.site\\\/#\\\/schema\\\/person\\\/67986a95ac546c16760365877ef4a9d3\"},\"headline\":\"Qami\u015flo katilam\u0131n\u0131 anlatan belgesel izleyici ile bulu\u015fmaya haz\u0131r\",\"datePublished\":\"2021-08-14T10:03:05+00:00\",\"mainEntityOfPage\":{\"@id\":\"https:\\\/\\\/darkamazi.site\\\/archives\\\/1015916\"},\"wordCount\":579,\"publisher\":{\"@id\":\"https:\\\/\\\/darkamazi.site\\\/#organization\"},\"image\":{\"@id\":\"https:\\\/\\\/darkamazi.site\\\/archives\\\/1015916#primaryimage\"},\"thumbnailUrl\":\"https:\\\/\\\/darkamazi.site\\\/darka-content\\\/uploads\\\/2021\\\/08\\\/Seva-Res.jpg\",\"keywords\":[\"\u00f6nemli\"],\"articleSection\":[\"Sanat\"],\"inLanguage\":\"en-US\"},{\"@type\":\"WebPage\",\"@id\":\"https:\\\/\\\/darkamazi.site\\\/archives\\\/1015916\",\"url\":\"https:\\\/\\\/darkamazi.site\\\/archives\\\/1015916\",\"name\":\"Qami\u015flo katilam\u0131n\u0131 anlatan belgesel izleyici ile bulu\u015fmaya haz\u0131r - Darka Mazi\",\"isPartOf\":{\"@id\":\"https:\\\/\\\/darkamazi.site\\\/#website\"},\"primaryImageOfPage\":{\"@id\":\"https:\\\/\\\/darkamazi.site\\\/archives\\\/1015916#primaryimage\"},\"image\":{\"@id\":\"https:\\\/\\\/darkamazi.site\\\/archives\\\/1015916#primaryimage\"},\"thumbnailUrl\":\"https:\\\/\\\/darkamazi.site\\\/darka-content\\\/uploads\\\/2021\\\/08\\\/Seva-Res.jpg\",\"datePublished\":\"2021-08-14T10:03:05+00:00\",\"breadcrumb\":{\"@id\":\"https:\\\/\\\/darkamazi.site\\\/archives\\\/1015916#breadcrumb\"},\"inLanguage\":\"en-US\",\"potentialAction\":[{\"@type\":\"ReadAction\",\"target\":[\"https:\\\/\\\/darkamazi.site\\\/archives\\\/1015916\"]}]},{\"@type\":\"ImageObject\",\"inLanguage\":\"en-US\",\"@id\":\"https:\\\/\\\/darkamazi.site\\\/archives\\\/1015916#primaryimage\",\"url\":\"https:\\\/\\\/darkamazi.site\\\/darka-content\\\/uploads\\\/2021\\\/08\\\/Seva-Res.jpg\",\"contentUrl\":\"https:\\\/\\\/darkamazi.site\\\/darka-content\\\/uploads\\\/2021\\\/08\\\/Seva-Res.jpg\",\"width\":781,\"height\":439,\"caption\":\"Qami\u015flo katilam\u0131n\u0131 anlatan belgesel izleyici ile bulu\u015fmaya haz\u0131r\"},{\"@type\":\"BreadcrumbList\",\"@id\":\"https:\\\/\\\/darkamazi.site\\\/archives\\\/1015916#breadcrumb\",\"itemListElement\":[{\"@type\":\"ListItem\",\"position\":1,\"name\":\"Home\",\"item\":\"https:\\\/\\\/darkamazi.site\\\/\"},{\"@type\":\"ListItem\",\"position\":2,\"name\":\"Qami\u015flo katilam\u0131n\u0131 anlatan belgesel izleyici ile bulu\u015fmaya haz\u0131r\"}]},{\"@type\":\"WebSite\",\"@id\":\"https:\\\/\\\/darkamazi.site\\\/#website\",\"url\":\"https:\\\/\\\/darkamazi.site\\\/\",\"name\":\"Darka Mazi\",\"description\":\"Ana Sayfa\",\"publisher\":{\"@id\":\"https:\\\/\\\/darkamazi.site\\\/#organization\"},\"potentialAction\":[{\"@type\":\"SearchAction\",\"target\":{\"@type\":\"EntryPoint\",\"urlTemplate\":\"https:\\\/\\\/darkamazi.site\\\/?s={search_term_string}\"},\"query-input\":{\"@type\":\"PropertyValueSpecification\",\"valueRequired\":true,\"valueName\":\"search_term_string\"}}],\"inLanguage\":\"en-US\"},{\"@type\":\"Organization\",\"@id\":\"https:\\\/\\\/darkamazi.site\\\/#organization\",\"name\":\"Darka Mazi T\u00fcrk\u00e7e\",\"alternateName\":\"Darka Mazi\",\"url\":\"https:\\\/\\\/darkamazi.site\\\/\",\"logo\":{\"@type\":\"ImageObject\",\"inLanguage\":\"en-US\",\"@id\":\"https:\\\/\\\/darkamazi.site\\\/#\\\/schema\\\/logo\\\/image\\\/\",\"url\":\"https:\\\/\\\/darkamazi.site\\\/darka-content\\\/uploads\\\/2017\\\/12\\\/darka-mazi-logo.png\",\"contentUrl\":\"https:\\\/\\\/darkamazi.site\\\/darka-content\\\/uploads\\\/2017\\\/12\\\/darka-mazi-logo.png\",\"width\":151,\"height\":75,\"caption\":\"Darka Mazi T\u00fcrk\u00e7e\"},\"image\":{\"@id\":\"https:\\\/\\\/darkamazi.site\\\/#\\\/schema\\\/logo\\\/image\\\/\"},\"sameAs\":[\"https:\\\/\\\/www.facebook.com\\\/DarkaMaziturkce\",\"https:\\\/\\\/x.com\\\/DarkaMaziTurkce\"]},{\"@type\":\"Person\",\"@id\":\"https:\\\/\\\/darkamazi.site\\\/#\\\/schema\\\/person\\\/67986a95ac546c16760365877ef4a9d3\",\"name\":\"darka mazi\",\"sameAs\":[\"https:\\\/\\\/darkamazi.site\"],\"url\":\"https:\\\/\\\/darkamazi.site\\\/archives\\\/author\\\/turkish\"}]}<\/script>\n<!-- \/ Yoast SEO plugin. -->","seo_head_json":{"title":"Qami\u015flo katilam\u0131n\u0131 anlatan belgesel izleyici ile bulu\u015fmaya haz\u0131r - Darka Mazi","robots":{"index":"index","follow":"follow","max-snippet":"max-snippet:-1","max-image-preview":"max-image-preview:large","max-video-preview":"max-video-preview:-1"},"canonical":"https:\/\/darkamazi.site\/archives\/1015916","og_locale":"en_US","og_type":"article","og_title":"Qami\u015flo katilam\u0131n\u0131 anlatan belgesel izleyici ile bulu\u015fmaya haz\u0131r - Darka Mazi","og_description":"T\u00fcrkiye\u2019de darbe ile iktidara gelen askeri y\u00f6netimin 12 Aral\u0131k 1980\u2019de \u00a0Rojava\u2019n\u0131n Kam\u0131\u015flo kentinde d\u00fczenledi\u011fi sald\u0131r\u0131da 9\u2019u ayn\u0131 aileden, 7 ki\u015fi de Kawa Hareketi\u2019nin \u00fcst d\u00fczey kadrolar\u0131ndan olmak \u00fczere 16 K\u00fcrt katledilmi\u015fti. Bu olay tarihte\u00a0Kam\u0131\u015flo Katliam\u0131\u00a0ile birlikte &#8220;s\u0131n\u0131r \u00f6tesi operasyon&#8221; olarak da biliniyor. 55 dakikal\u0131k\u00a0belgeselde katliamda hayat\u0131n\u0131 kaybedenlerin aileleri ve yak\u0131nlar\u0131 ile 20\u2019den fazla r\u00f6portaj bulunuyor. [&hellip;]","og_url":"https:\/\/darkamazi.site\/archives\/1015916","og_site_name":"Darka Mazi","article_publisher":"https:\/\/www.facebook.com\/DarkaMaziturkce","article_published_time":"2021-08-14T10:03:05+00:00","og_image":[{"width":781,"height":439,"url":"https:\/\/darkamazi.site\/file\/2021\/08\/Seva-Res.jpg","type":"image\/jpeg"}],"author":"darka mazi","twitter_card":"summary_large_image","twitter_creator":"@DarkaMaziTurkce","twitter_site":"@DarkaMaziTurkce","twitter_misc":{"Written by":"darka mazi","Est. reading time":"2 minutes"},"schema":{"@context":"https:\/\/schema.org","@graph":[{"@type":"NewsArticle","@id":"https:\/\/darkamazi.site\/archives\/1015916#article","isPartOf":{"@id":"https:\/\/darkamazi.site\/archives\/1015916"},"author":{"name":"darka mazi","@id":"https:\/\/darkamazi.site\/#\/schema\/person\/67986a95ac546c16760365877ef4a9d3"},"headline":"Qami\u015flo katilam\u0131n\u0131 anlatan belgesel izleyici ile bulu\u015fmaya haz\u0131r","datePublished":"2021-08-14T10:03:05+00:00","mainEntityOfPage":{"@id":"https:\/\/darkamazi.site\/archives\/1015916"},"wordCount":579,"publisher":{"@id":"https:\/\/darkamazi.site\/#organization"},"image":{"@id":"https:\/\/darkamazi.site\/archives\/1015916#primaryimage"},"thumbnailUrl":"https:\/\/darkamazi.site\/file\/2021\/08\/Seva-Res.jpg","keywords":["\u00f6nemli"],"articleSection":["Sanat"],"inLanguage":"en-US"},{"@type":"WebPage","@id":"https:\/\/darkamazi.site\/archives\/1015916","url":"https:\/\/darkamazi.site\/archives\/1015916","name":"Qami\u015flo katilam\u0131n\u0131 anlatan belgesel izleyici ile bulu\u015fmaya haz\u0131r - Darka Mazi","isPartOf":{"@id":"https:\/\/darkamazi.site\/#website"},"primaryImageOfPage":{"@id":"https:\/\/darkamazi.site\/archives\/1015916#primaryimage"},"image":{"@id":"https:\/\/darkamazi.site\/archives\/1015916#primaryimage"},"thumbnailUrl":"https:\/\/darkamazi.site\/file\/2021\/08\/Seva-Res.jpg","datePublished":"2021-08-14T10:03:05+00:00","breadcrumb":{"@id":"https:\/\/darkamazi.site\/archives\/1015916#breadcrumb"},"inLanguage":"en-US","potentialAction":[{"@type":"ReadAction","target":["https:\/\/darkamazi.site\/archives\/1015916"]}]},{"@type":"ImageObject","inLanguage":"en-US","@id":"https:\/\/darkamazi.site\/archives\/1015916#primaryimage","url":"https:\/\/darkamazi.site\/file\/2021\/08\/Seva-Res.jpg","contentUrl":"https:\/\/darkamazi.site\/file\/2021\/08\/Seva-Res.jpg","width":781,"height":439,"caption":"Qami\u015flo katilam\u0131n\u0131 anlatan belgesel izleyici ile bulu\u015fmaya haz\u0131r"},{"@type":"BreadcrumbList","@id":"https:\/\/darkamazi.site\/archives\/1015916#breadcrumb","itemListElement":[{"@type":"ListItem","position":1,"name":"Home","item":"https:\/\/darkamazi.site\/"},{"@type":"ListItem","position":2,"name":"Qami\u015flo katilam\u0131n\u0131 anlatan belgesel izleyici ile bulu\u015fmaya haz\u0131r"}]},{"@type":"WebSite","@id":"https:\/\/darkamazi.site\/#website","url":"https:\/\/darkamazi.site\/","name":"Darka Mazi","description":"Ana Sayfa","publisher":{"@id":"https:\/\/darkamazi.site\/#organization"},"potentialAction":[{"@type":"SearchAction","target":{"@type":"EntryPoint","urlTemplate":"https:\/\/darkamazi.site\/?s={search_term_string}"},"query-input":{"@type":"PropertyValueSpecification","valueRequired":true,"valueName":"search_term_string"}}],"inLanguage":"en-US"},{"@type":"Organization","@id":"https:\/\/darkamazi.site\/#organization","name":"Darka Mazi T\u00fcrk\u00e7e","alternateName":"Darka Mazi","url":"https:\/\/darkamazi.site\/","logo":{"@type":"ImageObject","inLanguage":"en-US","@id":"https:\/\/darkamazi.site\/#\/schema\/logo\/image\/","url":"https:\/\/darkamazi.site\/file\/2017\/12\/darka-mazi-logo.png","contentUrl":"https:\/\/darkamazi.site\/file\/2017\/12\/darka-mazi-logo.png","width":151,"height":75,"caption":"Darka Mazi T\u00fcrk\u00e7e"},"image":{"@id":"https:\/\/darkamazi.site\/#\/schema\/logo\/image\/"},"sameAs":["https:\/\/www.facebook.com\/DarkaMaziturkce","https:\/\/x.com\/DarkaMaziTurkce"]},{"@type":"Person","@id":"https:\/\/darkamazi.site\/#\/schema\/person\/67986a95ac546c16760365877ef4a9d3","name":"darka mazi","sameAs":["https:\/\/darkamazi.site"],"url":"https:\/\/darkamazi.site\/archives\/author\/turkish"}]}},"_links":{"self":[{"href":"https:\/\/darkamazi.site\/funavuv\/wp\/v2\/posts\/1015916","targetHints":{"allow":["GET"]}}],"collection":[{"href":"https:\/\/darkamazi.site\/funavuv\/wp\/v2\/posts"}],"about":[{"href":"https:\/\/darkamazi.site\/funavuv\/wp\/v2\/types\/post"}],"author":[{"embeddable":true,"href":"https:\/\/darkamazi.site\/funavuv\/wp\/v2\/users\/2"}],"replies":[{"embeddable":true,"href":"https:\/\/darkamazi.site\/funavuv\/wp\/v2\/comments?post=1015916"}],"version-history":[{"count":0,"href":"https:\/\/darkamazi.site\/funavuv\/wp\/v2\/posts\/1015916\/revisions"}],"wp:featuredmedia":[{"embeddable":true,"href":"https:\/\/darkamazi.site\/funavuv\/wp\/v2\/media\/1015917"}],"wp:attachment":[{"href":"https:\/\/darkamazi.site\/funavuv\/wp\/v2\/media?parent=1015916"}],"wp:term":[{"taxonomy":"category","embeddable":true,"href":"https:\/\/darkamazi.site\/funavuv\/wp\/v2\/categories?post=1015916"},{"taxonomy":"post_tag","embeddable":true,"href":"https:\/\/darkamazi.site\/funavuv\/wp\/v2\/tags?post=1015916"}],"curies":[{"name":"wp","href":"https:\/\/api.w.org\/{rel}","templated":true}]}}