{"id":1015937,"date":"2021-08-17T10:06:20","date_gmt":"2021-08-17T07:06:20","guid":{"rendered":"https:\/\/darkamazi.site\/?p=1015937"},"modified":"2021-08-17T10:06:20","modified_gmt":"2021-08-17T07:06:20","slug":"konyadaki-irkci-katliamin-kamera-dokum-kayitlari-ortaya-cikti","status":"publish","type":"post","link":"https:\/\/darkamazi.site\/archives\/1015937","title":{"rendered":"Konya&#8217;daki \u0131rk\u00e7\u0131 katliam\u0131n kamera d\u00f6k\u00fcm kay\u0131tlar\u0131 ortaya \u00e7\u0131kt\u0131"},"content":{"rendered":"<p style=\"text-align: justify\">Konya\u2019da Dedeo\u011fullar\u0131 Ailesi&#8217;nin \u0131rk\u00e7\u0131 sald\u0131r\u0131da nas\u0131l katledildi\u011fine ili\u015fkin g\u00fcvenlik kameras\u0131 kay\u0131tlar\u0131n\u0131n d\u00f6k\u00fcmleri ortaya \u00e7\u0131kt\u0131. Katilin \u00f6nce arabas\u0131yla gelip gitmesi, bah\u00e7eye silahla girmesi, aile bireylerinin \u00fczerine y\u00fcr\u00fcmesi ve tek tek ate\u015f etti\u011fi anlar dosyada ayr\u0131nt\u0131lar\u0131yla yer ald\u0131.<\/p>\n<p style=\"text-align: justify\">Halk TV&#8217;den \u0130smail Saymaz\u2019\u0131n haberine g\u00f6re, kamera kay\u0131tlar\u0131 dava dosyas\u0131na girdi. D\u00f6k\u00fcme g\u00f6re katil Mehmet Altun, saat 18.20\u2019de eve giriyor. Altun, aile bireylerini ilk \u00f6nce silahla yaral\u0131yor.<\/p>\n<p style=\"text-align: justify\">Ard\u0131ndan yerde ac\u0131yla k\u0131vranan Metin ve Bar\u0131\u015f Dedeo\u011fullar\u0131 karde\u015fleri tek tek ba\u015flar\u0131na ate\u015f ederek \u00f6ld\u00fcr\u00fcyor.<\/p>\n<p style=\"text-align: justify\">Altun, vurulmamak i\u00e7in ka\u00e7an Sibel Dedeo\u011fullar\u0131\u2019n\u0131n pe\u015finden ko\u015fuyor. En son g\u00fcvenlik kameras\u0131nda evden dumanlar\u0131n y\u00fckseldi\u011fi ve Altun\u2019un ara\u00e7la uzakla\u015ft\u0131\u011f\u0131 g\u00f6r\u00fcl\u00fcyor.<\/p>\n<p style=\"text-align: justify\">Konya\u2019da 30 Temmuz\u2019da meydana gelen bu cinayette baba Ya\u015far ve anne \u0130pek Dedeo\u011fullar\u0131 ile \u00e7ocuklar\u0131 Serpil, Serap, Sibel, Metin ve Bar\u0131\u015f Dedeo\u011fullar\u0131 \u00f6ld\u00fcr\u00fcld\u00fc.<\/p>\n<p style=\"text-align: justify\">Olaydan sonra cinayet an\u0131na ili\u015fkin s\u0131n\u0131rl\u0131 bir g\u00f6r\u00fcnt\u00fc servis edildi. Bu g\u00f6r\u00fcnt\u00fcde, bah\u00e7ede kovalanan Altun\u2019un sanki sald\u0131r\u0131ya u\u011fram\u0131\u015f\u00e7as\u0131na arkas\u0131ndan ko\u015fan aile bireylerine ate\u015f ederken g\u00f6r\u00fcl\u00fcyordu. Ancak g\u00f6r\u00fcnt\u00fcn\u00fcn tamam\u0131 soru\u015fturma dosyas\u0131na girdi ve ger\u00e7e\u011fin b\u00fct\u00fcn\u00fc a\u00e7\u0131\u011fa \u00e7\u0131kt\u0131.<\/p>\n<p style=\"text-align: justify\">Kamera kayd\u0131na g\u00f6re olay \u015f\u00f6yle ya\u015fand\u0131:<\/p>\n<p style=\"text-align: justify\">17.56: Elinde po\u015fet ve i\u00e7inde k\u00e2\u011f\u0131tlar bulunan bir dosya ile ara\u00e7tan indi, evin bah\u00e7e duvar\u0131 yan\u0131nda Sibel Dedeo\u011fullar\u0131 ile konu\u015fmaya ba\u015flad\u0131. \u0130fadesine g\u00f6re kendisini belediye g\u00f6revlisi olarak tan\u0131tt\u0131. Y\u00fcz\u00fcnde maske oldu\u011fu i\u00e7in Dedeo\u011fullar\u0131 kendisini tan\u0131yamad\u0131.<\/p>\n<p style=\"text-align: justify\">17.57: Altun ve Dedeo\u011fullar\u0131 konu\u015furken, Serpil Dedeo\u011fullar\u0131 konu\u015fmaya d\u00e2hil oldu. Altun, iki kad\u0131ndan uzakla\u015farak dosyadaki ka\u011f\u0131tlar\u0131 g\u00f6sterdi.<\/p>\n<p style=\"text-align: justify\">17.58: Altun arac\u0131na y\u00f6nelerek, sa\u011f \u00f6n yolcu k\u0131sm\u0131ndan i\u00e7eriye uzan\u0131p bir \u015feyler almaya \u00e7al\u0131\u015ft\u0131. Kamera g\u00f6r\u00fcnt\u00fcs\u00fcne Metin Dedeo\u011fullar\u0131 girdi.<\/p>\n<p style=\"text-align: justify\">17.59: Altun, dosyay\u0131 g\u00f6stererek aile ile konu\u015ftu. Serap Dedeo\u011fullar\u0131 ko\u015far ad\u0131m kalabal\u0131\u011f\u0131n yan\u0131na gitti.<\/p>\n<p style=\"text-align: justify\">Bu tart\u0131\u015fmadan sonra evin \u00f6n\u00fcnden ayr\u0131lan Altun, saat 18.19\u2019da ayn\u0131 adrese geldi ve arac\u0131 Embiya Sokak\u2019a bakacak \u015fekilde park etti.<\/p>\n<p style=\"text-align: justify\">18.20: Metin ve Bar\u0131\u015f Dedeo\u011fullar\u0131\u2019n\u0131n bah\u00e7e kap\u0131s\u0131n\u0131 a\u00e7mas\u0131yla Altun i\u00e7eriye girdi.<\/p>\n<p style=\"text-align: justify\">18.21: Altun, bah\u00e7ede elindeki evraklara bakarak, Dedeo\u011fullar\u0131 ile konu\u015ftu.<\/p>\n<p style=\"text-align: justify\">18.22: Po\u015fetten tabanca \u00e7\u0131kar\u0131p baba Ya\u015far Dedeo\u011fullar\u0131\u2019na do\u011frulttu.<\/p>\n<p style=\"text-align: justify\">18.23: Tabancayla aileyi bir araya toplayarak, bah\u00e7e kap\u0131s\u0131n\u0131 kapatt\u0131.<\/p>\n<p style=\"text-align: justify\">18.24: Sandalyeye oturup aile ile konu\u015ftu.<\/p>\n<p style=\"text-align: justify\">18.27: Serpil Dedeo\u011fullar\u0131 yerden bir \u015feyler al\u0131p Altun\u2019a att\u0131. Aile hep birlikte Altun\u2019un \u00fczerine do\u011fru h\u0131zl\u0131 ad\u0131mlarla y\u00fcr\u00fcd\u00fc. Bah\u00e7ede kovalanan Altun, arkas\u0131ndan ko\u015fan Metin Dedeo\u011fullar\u0131 ve aile bireylerine ate\u015f etti. Ard\u0131ndan Bar\u0131\u015f Dedeo\u011fullar\u0131\u2019na kur\u015fun s\u0131kt\u0131. Serap panikle yere tak\u0131larak ve a\u011fabeyi Metin ate\u015fle yaralanarak d\u00fc\u015ft\u00fc. Metin Dedeo\u011fullar\u0131 vurulurken aile katilin \u00fczerine y\u00fcr\u00fcd\u00fc.<\/p>\n<p style=\"text-align: justify\">18.28: Altun, yerde yatan Bar\u0131\u015f ve Metin Dedeo\u011fullar\u0131\u2019na d\u00f6n\u00fcp ba\u015f\u0131ndan vurdu. Ard\u0131ndan tabancas\u0131na mermi doldurdu. O s\u0131rada Sibel Dedeo\u011fullar\u0131 ka\u00e7\u0131yordu. Altun, kad\u0131n\u0131n pe\u015finden ko\u015ftu ve onu da \u00f6ld\u00fcrd\u00fc.<\/p>\n<p style=\"text-align: justify\">18.29: Altun, bah\u00e7e kap\u0131s\u0131ndan \u00e7\u0131k\u0131p arac\u0131na y\u00f6neldi. Arac\u0131yla ailenin evinin \u00f6n\u00fcnde geri manevra yapt\u0131.<\/p>\n<p style=\"text-align: justify\">18.31: \u015eeffaf renkli pet bidondaki benzinle eve girdi. Eve ka\u00e7an kad\u0131n\u0131 vurarak \u00f6ld\u00fcrd\u00fc ve i\u00e7eriyi ate\u015fe verdi.<\/p>\n<p style=\"text-align: justify\">18.33: Evden dumanlar y\u00fckselirken, Altun ko\u015farak bah\u00e7e kap\u0131s\u0131ndan \u00e7\u0131kt\u0131. Altun\u2019un arac\u0131 sokaktan h\u0131zla ayr\u0131ld\u0131.<\/p>\n","protected":false},"excerpt":{"rendered":"<p>Konya\u2019da Dedeo\u011fullar\u0131 Ailesi&#8217;nin \u0131rk\u00e7\u0131 sald\u0131r\u0131da nas\u0131l katledildi\u011fine ili\u015fkin g\u00fcvenlik kameras\u0131 kay\u0131tlar\u0131n\u0131n d\u00f6k\u00fcmleri ortaya \u00e7\u0131kt\u0131. Katilin \u00f6nce arabas\u0131yla gelip gitmesi, bah\u00e7eye silahla girmesi, aile bireylerinin \u00fczerine y\u00fcr\u00fcmesi ve tek tek ate\u015f etti\u011fi anlar dosyada ayr\u0131nt\u0131lar\u0131yla yer ald\u0131. Halk TV&#8217;den \u0130smail Saymaz\u2019\u0131n haberine g\u00f6re, kamera kay\u0131tlar\u0131 dava dosyas\u0131na girdi. D\u00f6k\u00fcme g\u00f6re katil Mehmet Altun, saat 18.20\u2019de eve [&hellip;]<\/p>\n","protected":false},"author":2,"featured_media":1015938,"comment_status":"closed","ping_status":"closed","sticky":false,"template":"","format":"standard","meta":{"footnotes":""},"categories":[3],"tags":[31],"class_list":["post-1015937","post","type-post","status-publish","format-standard","has-post-thumbnail","hentry","category-kurdistan","tag-onemli"],"blocksy_meta":[],"seo_head":"<!-- This site is optimized with the Yoast SEO plugin v27.5 - https:\/\/yoast.com\/product\/yoast-seo-wordpress\/ -->\n<title>Konya&#039;daki \u0131rk\u00e7\u0131 katliam\u0131n kamera d\u00f6k\u00fcm kay\u0131tlar\u0131 ortaya \u00e7\u0131kt\u0131 - Darka Mazi<\/title>\n<meta name=\"robots\" content=\"index, follow, max-snippet:-1, max-image-preview:large, max-video-preview:-1\" \/>\n<link rel=\"canonical\" href=\"https:\/\/darkamazi.site\/archives\/1015937\" \/>\n<meta property=\"og:locale\" content=\"en_US\" \/>\n<meta property=\"og:type\" content=\"article\" \/>\n<meta property=\"og:title\" content=\"Konya&#039;daki \u0131rk\u00e7\u0131 katliam\u0131n kamera d\u00f6k\u00fcm kay\u0131tlar\u0131 ortaya \u00e7\u0131kt\u0131 - Darka Mazi\" \/>\n<meta property=\"og:description\" content=\"Konya\u2019da Dedeo\u011fullar\u0131 Ailesi&#8217;nin \u0131rk\u00e7\u0131 sald\u0131r\u0131da nas\u0131l katledildi\u011fine ili\u015fkin g\u00fcvenlik kameras\u0131 kay\u0131tlar\u0131n\u0131n d\u00f6k\u00fcmleri ortaya \u00e7\u0131kt\u0131. Katilin \u00f6nce arabas\u0131yla gelip gitmesi, bah\u00e7eye silahla girmesi, aile bireylerinin \u00fczerine y\u00fcr\u00fcmesi ve tek tek ate\u015f etti\u011fi anlar dosyada ayr\u0131nt\u0131lar\u0131yla yer ald\u0131. Halk TV&#8217;den \u0130smail Saymaz\u2019\u0131n haberine g\u00f6re, kamera kay\u0131tlar\u0131 dava dosyas\u0131na girdi. D\u00f6k\u00fcme g\u00f6re katil Mehmet Altun, saat 18.20\u2019de eve [&hellip;]\" \/>\n<meta property=\"og:url\" content=\"https:\/\/darkamazi.site\/archives\/1015937\" \/>\n<meta property=\"og:site_name\" content=\"Darka Mazi\" \/>\n<meta property=\"article:publisher\" content=\"https:\/\/www.facebook.com\/DarkaMaziturkce\" \/>\n<meta property=\"article:published_time\" content=\"2021-08-17T07:06:20+00:00\" \/>\n<meta property=\"og:image\" content=\"https:\/\/darkamazi.site\/file\/2021\/08\/Konya-Yeni-foto.jpg\" \/>\n\t<meta property=\"og:image:width\" content=\"900\" \/>\n\t<meta property=\"og:image:height\" content=\"497\" \/>\n\t<meta property=\"og:image:type\" content=\"image\/jpeg\" \/>\n<meta name=\"author\" content=\"darka mazi\" \/>\n<meta name=\"twitter:card\" content=\"summary_large_image\" \/>\n<meta name=\"twitter:creator\" content=\"@DarkaMaziTurkce\" \/>\n<meta name=\"twitter:site\" content=\"@DarkaMaziTurkce\" \/>\n<meta name=\"twitter:label1\" content=\"Written by\" \/>\n\t<meta name=\"twitter:data1\" content=\"darka mazi\" \/>\n\t<meta name=\"twitter:label2\" content=\"Est. reading time\" \/>\n\t<meta name=\"twitter:data2\" content=\"2 minutes\" \/>\n<script type=\"application\/ld+json\" class=\"seo-schema-graph\">{\"@context\":\"https:\\\/\\\/schema.org\",\"@graph\":[{\"@type\":\"NewsArticle\",\"@id\":\"https:\\\/\\\/darkamazi.site\\\/archives\\\/1015937#article\",\"isPartOf\":{\"@id\":\"https:\\\/\\\/darkamazi.site\\\/archives\\\/1015937\"},\"author\":{\"name\":\"darka mazi\",\"@id\":\"https:\\\/\\\/darkamazi.site\\\/#\\\/schema\\\/person\\\/67986a95ac546c16760365877ef4a9d3\"},\"headline\":\"Konya&#8217;daki \u0131rk\u00e7\u0131 katliam\u0131n kamera d\u00f6k\u00fcm kay\u0131tlar\u0131 ortaya \u00e7\u0131kt\u0131\",\"datePublished\":\"2021-08-17T07:06:20+00:00\",\"mainEntityOfPage\":{\"@id\":\"https:\\\/\\\/darkamazi.site\\\/archives\\\/1015937\"},\"wordCount\":667,\"publisher\":{\"@id\":\"https:\\\/\\\/darkamazi.site\\\/#organization\"},\"image\":{\"@id\":\"https:\\\/\\\/darkamazi.site\\\/archives\\\/1015937#primaryimage\"},\"thumbnailUrl\":\"https:\\\/\\\/darkamazi.site\\\/darka-content\\\/uploads\\\/2021\\\/08\\\/Konya-Yeni-foto.jpg\",\"keywords\":[\"\u00f6nemli\"],\"articleSection\":[\"Kurdistan\"],\"inLanguage\":\"en-US\"},{\"@type\":\"WebPage\",\"@id\":\"https:\\\/\\\/darkamazi.site\\\/archives\\\/1015937\",\"url\":\"https:\\\/\\\/darkamazi.site\\\/archives\\\/1015937\",\"name\":\"Konya'daki \u0131rk\u00e7\u0131 katliam\u0131n kamera d\u00f6k\u00fcm kay\u0131tlar\u0131 ortaya \u00e7\u0131kt\u0131 - Darka Mazi\",\"isPartOf\":{\"@id\":\"https:\\\/\\\/darkamazi.site\\\/#website\"},\"primaryImageOfPage\":{\"@id\":\"https:\\\/\\\/darkamazi.site\\\/archives\\\/1015937#primaryimage\"},\"image\":{\"@id\":\"https:\\\/\\\/darkamazi.site\\\/archives\\\/1015937#primaryimage\"},\"thumbnailUrl\":\"https:\\\/\\\/darkamazi.site\\\/darka-content\\\/uploads\\\/2021\\\/08\\\/Konya-Yeni-foto.jpg\",\"datePublished\":\"2021-08-17T07:06:20+00:00\",\"breadcrumb\":{\"@id\":\"https:\\\/\\\/darkamazi.site\\\/archives\\\/1015937#breadcrumb\"},\"inLanguage\":\"en-US\",\"potentialAction\":[{\"@type\":\"ReadAction\",\"target\":[\"https:\\\/\\\/darkamazi.site\\\/archives\\\/1015937\"]}]},{\"@type\":\"ImageObject\",\"inLanguage\":\"en-US\",\"@id\":\"https:\\\/\\\/darkamazi.site\\\/archives\\\/1015937#primaryimage\",\"url\":\"https:\\\/\\\/darkamazi.site\\\/darka-content\\\/uploads\\\/2021\\\/08\\\/Konya-Yeni-foto.jpg\",\"contentUrl\":\"https:\\\/\\\/darkamazi.site\\\/darka-content\\\/uploads\\\/2021\\\/08\\\/Konya-Yeni-foto.jpg\",\"width\":900,\"height\":497,\"caption\":\"Konya'daki \u0131rk\u00e7\u0131 katliam\u0131n kamera d\u00f6k\u00fcm kay\u0131tlar\u0131 ortaya \u00e7\u0131kt\u0131\"},{\"@type\":\"BreadcrumbList\",\"@id\":\"https:\\\/\\\/darkamazi.site\\\/archives\\\/1015937#breadcrumb\",\"itemListElement\":[{\"@type\":\"ListItem\",\"position\":1,\"name\":\"Home\",\"item\":\"https:\\\/\\\/darkamazi.site\\\/\"},{\"@type\":\"ListItem\",\"position\":2,\"name\":\"Konya&#8217;daki \u0131rk\u00e7\u0131 katliam\u0131n kamera d\u00f6k\u00fcm kay\u0131tlar\u0131 ortaya \u00e7\u0131kt\u0131\"}]},{\"@type\":\"WebSite\",\"@id\":\"https:\\\/\\\/darkamazi.site\\\/#website\",\"url\":\"https:\\\/\\\/darkamazi.site\\\/\",\"name\":\"Darka Mazi\",\"description\":\"Ana Sayfa\",\"publisher\":{\"@id\":\"https:\\\/\\\/darkamazi.site\\\/#organization\"},\"potentialAction\":[{\"@type\":\"SearchAction\",\"target\":{\"@type\":\"EntryPoint\",\"urlTemplate\":\"https:\\\/\\\/darkamazi.site\\\/?s={search_term_string}\"},\"query-input\":{\"@type\":\"PropertyValueSpecification\",\"valueRequired\":true,\"valueName\":\"search_term_string\"}}],\"inLanguage\":\"en-US\"},{\"@type\":\"Organization\",\"@id\":\"https:\\\/\\\/darkamazi.site\\\/#organization\",\"name\":\"Darka Mazi T\u00fcrk\u00e7e\",\"alternateName\":\"Darka Mazi\",\"url\":\"https:\\\/\\\/darkamazi.site\\\/\",\"logo\":{\"@type\":\"ImageObject\",\"inLanguage\":\"en-US\",\"@id\":\"https:\\\/\\\/darkamazi.site\\\/#\\\/schema\\\/logo\\\/image\\\/\",\"url\":\"https:\\\/\\\/darkamazi.site\\\/darka-content\\\/uploads\\\/2017\\\/12\\\/darka-mazi-logo.png\",\"contentUrl\":\"https:\\\/\\\/darkamazi.site\\\/darka-content\\\/uploads\\\/2017\\\/12\\\/darka-mazi-logo.png\",\"width\":151,\"height\":75,\"caption\":\"Darka Mazi T\u00fcrk\u00e7e\"},\"image\":{\"@id\":\"https:\\\/\\\/darkamazi.site\\\/#\\\/schema\\\/logo\\\/image\\\/\"},\"sameAs\":[\"https:\\\/\\\/www.facebook.com\\\/DarkaMaziturkce\",\"https:\\\/\\\/x.com\\\/DarkaMaziTurkce\"]},{\"@type\":\"Person\",\"@id\":\"https:\\\/\\\/darkamazi.site\\\/#\\\/schema\\\/person\\\/67986a95ac546c16760365877ef4a9d3\",\"name\":\"darka mazi\",\"sameAs\":[\"https:\\\/\\\/darkamazi.site\"],\"url\":\"https:\\\/\\\/darkamazi.site\\\/archives\\\/author\\\/turkish\"}]}<\/script>\n<!-- \/ Yoast SEO plugin. -->","seo_head_json":{"title":"Konya'daki \u0131rk\u00e7\u0131 katliam\u0131n kamera d\u00f6k\u00fcm kay\u0131tlar\u0131 ortaya \u00e7\u0131kt\u0131 - Darka Mazi","robots":{"index":"index","follow":"follow","max-snippet":"max-snippet:-1","max-image-preview":"max-image-preview:large","max-video-preview":"max-video-preview:-1"},"canonical":"https:\/\/darkamazi.site\/archives\/1015937","og_locale":"en_US","og_type":"article","og_title":"Konya'daki \u0131rk\u00e7\u0131 katliam\u0131n kamera d\u00f6k\u00fcm kay\u0131tlar\u0131 ortaya \u00e7\u0131kt\u0131 - Darka Mazi","og_description":"Konya\u2019da Dedeo\u011fullar\u0131 Ailesi&#8217;nin \u0131rk\u00e7\u0131 sald\u0131r\u0131da nas\u0131l katledildi\u011fine ili\u015fkin g\u00fcvenlik kameras\u0131 kay\u0131tlar\u0131n\u0131n d\u00f6k\u00fcmleri ortaya \u00e7\u0131kt\u0131. Katilin \u00f6nce arabas\u0131yla gelip gitmesi, bah\u00e7eye silahla girmesi, aile bireylerinin \u00fczerine y\u00fcr\u00fcmesi ve tek tek ate\u015f etti\u011fi anlar dosyada ayr\u0131nt\u0131lar\u0131yla yer ald\u0131. Halk TV&#8217;den \u0130smail Saymaz\u2019\u0131n haberine g\u00f6re, kamera kay\u0131tlar\u0131 dava dosyas\u0131na girdi. D\u00f6k\u00fcme g\u00f6re katil Mehmet Altun, saat 18.20\u2019de eve [&hellip;]","og_url":"https:\/\/darkamazi.site\/archives\/1015937","og_site_name":"Darka Mazi","article_publisher":"https:\/\/www.facebook.com\/DarkaMaziturkce","article_published_time":"2021-08-17T07:06:20+00:00","og_image":[{"width":900,"height":497,"url":"https:\/\/darkamazi.site\/file\/2021\/08\/Konya-Yeni-foto.jpg","type":"image\/jpeg"}],"author":"darka mazi","twitter_card":"summary_large_image","twitter_creator":"@DarkaMaziTurkce","twitter_site":"@DarkaMaziTurkce","twitter_misc":{"Written by":"darka mazi","Est. reading time":"2 minutes"},"schema":{"@context":"https:\/\/schema.org","@graph":[{"@type":"NewsArticle","@id":"https:\/\/darkamazi.site\/archives\/1015937#article","isPartOf":{"@id":"https:\/\/darkamazi.site\/archives\/1015937"},"author":{"name":"darka mazi","@id":"https:\/\/darkamazi.site\/#\/schema\/person\/67986a95ac546c16760365877ef4a9d3"},"headline":"Konya&#8217;daki \u0131rk\u00e7\u0131 katliam\u0131n kamera d\u00f6k\u00fcm kay\u0131tlar\u0131 ortaya \u00e7\u0131kt\u0131","datePublished":"2021-08-17T07:06:20+00:00","mainEntityOfPage":{"@id":"https:\/\/darkamazi.site\/archives\/1015937"},"wordCount":667,"publisher":{"@id":"https:\/\/darkamazi.site\/#organization"},"image":{"@id":"https:\/\/darkamazi.site\/archives\/1015937#primaryimage"},"thumbnailUrl":"https:\/\/darkamazi.site\/file\/2021\/08\/Konya-Yeni-foto.jpg","keywords":["\u00f6nemli"],"articleSection":["Kurdistan"],"inLanguage":"en-US"},{"@type":"WebPage","@id":"https:\/\/darkamazi.site\/archives\/1015937","url":"https:\/\/darkamazi.site\/archives\/1015937","name":"Konya'daki \u0131rk\u00e7\u0131 katliam\u0131n kamera d\u00f6k\u00fcm kay\u0131tlar\u0131 ortaya \u00e7\u0131kt\u0131 - Darka Mazi","isPartOf":{"@id":"https:\/\/darkamazi.site\/#website"},"primaryImageOfPage":{"@id":"https:\/\/darkamazi.site\/archives\/1015937#primaryimage"},"image":{"@id":"https:\/\/darkamazi.site\/archives\/1015937#primaryimage"},"thumbnailUrl":"https:\/\/darkamazi.site\/file\/2021\/08\/Konya-Yeni-foto.jpg","datePublished":"2021-08-17T07:06:20+00:00","breadcrumb":{"@id":"https:\/\/darkamazi.site\/archives\/1015937#breadcrumb"},"inLanguage":"en-US","potentialAction":[{"@type":"ReadAction","target":["https:\/\/darkamazi.site\/archives\/1015937"]}]},{"@type":"ImageObject","inLanguage":"en-US","@id":"https:\/\/darkamazi.site\/archives\/1015937#primaryimage","url":"https:\/\/darkamazi.site\/file\/2021\/08\/Konya-Yeni-foto.jpg","contentUrl":"https:\/\/darkamazi.site\/file\/2021\/08\/Konya-Yeni-foto.jpg","width":900,"height":497,"caption":"Konya'daki \u0131rk\u00e7\u0131 katliam\u0131n kamera d\u00f6k\u00fcm kay\u0131tlar\u0131 ortaya \u00e7\u0131kt\u0131"},{"@type":"BreadcrumbList","@id":"https:\/\/darkamazi.site\/archives\/1015937#breadcrumb","itemListElement":[{"@type":"ListItem","position":1,"name":"Home","item":"https:\/\/darkamazi.site\/"},{"@type":"ListItem","position":2,"name":"Konya&#8217;daki \u0131rk\u00e7\u0131 katliam\u0131n kamera d\u00f6k\u00fcm kay\u0131tlar\u0131 ortaya \u00e7\u0131kt\u0131"}]},{"@type":"WebSite","@id":"https:\/\/darkamazi.site\/#website","url":"https:\/\/darkamazi.site\/","name":"Darka Mazi","description":"Ana Sayfa","publisher":{"@id":"https:\/\/darkamazi.site\/#organization"},"potentialAction":[{"@type":"SearchAction","target":{"@type":"EntryPoint","urlTemplate":"https:\/\/darkamazi.site\/?s={search_term_string}"},"query-input":{"@type":"PropertyValueSpecification","valueRequired":true,"valueName":"search_term_string"}}],"inLanguage":"en-US"},{"@type":"Organization","@id":"https:\/\/darkamazi.site\/#organization","name":"Darka Mazi T\u00fcrk\u00e7e","alternateName":"Darka Mazi","url":"https:\/\/darkamazi.site\/","logo":{"@type":"ImageObject","inLanguage":"en-US","@id":"https:\/\/darkamazi.site\/#\/schema\/logo\/image\/","url":"https:\/\/darkamazi.site\/file\/2017\/12\/darka-mazi-logo.png","contentUrl":"https:\/\/darkamazi.site\/file\/2017\/12\/darka-mazi-logo.png","width":151,"height":75,"caption":"Darka Mazi T\u00fcrk\u00e7e"},"image":{"@id":"https:\/\/darkamazi.site\/#\/schema\/logo\/image\/"},"sameAs":["https:\/\/www.facebook.com\/DarkaMaziturkce","https:\/\/x.com\/DarkaMaziTurkce"]},{"@type":"Person","@id":"https:\/\/darkamazi.site\/#\/schema\/person\/67986a95ac546c16760365877ef4a9d3","name":"darka mazi","sameAs":["https:\/\/darkamazi.site"],"url":"https:\/\/darkamazi.site\/archives\/author\/turkish"}]}},"_links":{"self":[{"href":"https:\/\/darkamazi.site\/funavuv\/wp\/v2\/posts\/1015937","targetHints":{"allow":["GET"]}}],"collection":[{"href":"https:\/\/darkamazi.site\/funavuv\/wp\/v2\/posts"}],"about":[{"href":"https:\/\/darkamazi.site\/funavuv\/wp\/v2\/types\/post"}],"author":[{"embeddable":true,"href":"https:\/\/darkamazi.site\/funavuv\/wp\/v2\/users\/2"}],"replies":[{"embeddable":true,"href":"https:\/\/darkamazi.site\/funavuv\/wp\/v2\/comments?post=1015937"}],"version-history":[{"count":0,"href":"https:\/\/darkamazi.site\/funavuv\/wp\/v2\/posts\/1015937\/revisions"}],"wp:featuredmedia":[{"embeddable":true,"href":"https:\/\/darkamazi.site\/funavuv\/wp\/v2\/media\/1015938"}],"wp:attachment":[{"href":"https:\/\/darkamazi.site\/funavuv\/wp\/v2\/media?parent=1015937"}],"wp:term":[{"taxonomy":"category","embeddable":true,"href":"https:\/\/darkamazi.site\/funavuv\/wp\/v2\/categories?post=1015937"},{"taxonomy":"post_tag","embeddable":true,"href":"https:\/\/darkamazi.site\/funavuv\/wp\/v2\/tags?post=1015937"}],"curies":[{"name":"wp","href":"https:\/\/api.w.org\/{rel}","templated":true}]}}