{"id":1015943,"date":"2021-08-17T10:57:42","date_gmt":"2021-08-17T07:57:42","guid":{"rendered":"https:\/\/darkamazi.site\/?p=1015943"},"modified":"2021-08-17T11:01:06","modified_gmt":"2021-08-17T08:01:06","slug":"vedat-aydinin-genc-oglu-sevder-aydin-koronadan-dolayi-hayatini-kaybetti","status":"publish","type":"post","link":"https:\/\/darkamazi.site\/archives\/1015943","title":{"rendered":"Vedat Ayd\u0131n\u2019\u0131n gen\u00e7 o\u011flu \u015eevder Ayd\u0131n Koronadan dolay\u0131 hayat\u0131n\u0131 kaybetti"},"content":{"rendered":"<p style=\"text-align: justify\">Diyarbak\u0131r Halk\u0131n Emek Partisi (HEP) \u0130l Ba\u015fkan\u0131 Vedat Ayd\u0131n\u2019\u0131n in\u015faat m\u00fchendisi gen\u00e7 o\u011flu \u015eevder Ayd\u0131n yakaland\u0131\u011f\u0131 koronav\u00fcr\u00fcs hastala\u011f\u0131ndan dolay\u0131 hayat\u0131n\u0131 kaybetti.<\/p>\n<p style=\"text-align: justify\">Vedat Ayd\u0131n\u2019\u0131n in\u015faat m\u00fchendisi gen\u00e7 o\u011flu \u015eevder Ayd\u0131n tedavi g\u00f6rd\u00fc\u011f\u00fc Ankara \u015eehir Hastanesi\u2019nde \u00e7oklu organ yetmezli\u011finden dolay\u0131 d\u00fcn ak\u015fam saatlerinde hayat\u0131n\u0131 kaybetti.<\/p>\n<p style=\"text-align: justify\">\u015eevder Ayd\u0131n K\u00fcrdistan B\u00f6lgesi Ba\u015fkenti Erbil\u2019de in\u015faat m\u00fchendisi olarak \u00e7al\u0131\u015f\u0131rken koronaya yakaland\u0131. Erbil Arjin Hastanesi\u2019nde ent\u00fcbe olarak yo\u011fun bak\u0131m servisinde tedavi alt\u0131na al\u0131nd\u0131. Durumunun a\u011f\u0131rla\u015fmas\u0131 \u00fczerine Ambulans u\u00e7akla T\u00fcrkiye\u2019ye g\u00f6t\u00fcr\u00fclerek Ankara \u015eehir Hastanesi\u2019nde tedavi alt\u0131na al\u0131nd\u0131. D\u00fcn ak\u015fam \u00e7oklu organ yetmezli\u011finden dolay\u0131 Ankara \u015eehir Hastanesi\u2019nde hayat\u0131n\u0131 kaybetti.<\/p>\n<p style=\"text-align: justify\">Diyarbak\u0131r HEP \u0130l Ba\u015fkan\u0131 Vedat Ayd\u0131n jitem taraf\u0131ndan ka\u00e7\u0131r\u0131l\u0131p katledildi\u011finde en k\u00fc\u00e7\u00fck o\u011flu \u015eevder Ayd\u0131n 4 ya\u015f\u0131ndayd\u0131.<\/p>\n<p style=\"text-align: justify\">\u015eevder Ayd\u0131n bug\u00fcn \u00f6\u011flenden sonra Bismil\u2019in Haciya Kurmaca (K\u00fcrt Hac\u0131) k\u00f6y\u00fcnde son yolculu\u011funa u\u011furlanacak.<\/p>\n<p style=\"text-align: justify\"><strong>\u015eevder Ayd\u0131n Kimdir?<\/strong><\/p>\n<p style=\"text-align: justify\">\u015eevder Ayd\u0131n 1987 y\u0131l\u0131nda d\u00fcnyaya geldi. Diyarbak\u0131r Ortado\u011fu Koleji\u2019nde Lise e\u011fitimini tamamlad\u0131. 9 Eyl\u00fcl \u00dcniversitesi \u0130n\u015faat M\u00fchendisli\u011fi B\u00f6l\u00fcm\u00fc\u2019nden mezun oldu. \u00c7e\u015fitli \u0130n\u015faat projelerinde in\u015faat m\u00fchendisi olarak \u00e7al\u0131\u015ft\u0131.<\/p>\n<p style=\"text-align: justify\">\u00a0Erbil\u2019de \u00f6zel bir \u015firkette m\u00fchendis olarak \u00e7al\u0131\u015f\u0131rken korona vir\u00fcs pandemisine yakaland\u0131. Erbil Arjin Hastanesi\u2019nde ent\u00fcbe olarak yo\u011fun bak\u0131m servisinde tedavi alt\u0131na al\u0131nd\u0131. Ankara\u2019ya 11 A\u011fustos\u2019ta Ambulans u\u00e7akla g\u00f6t\u00fcr\u00fcld\u00fc. Ankara\u2019da bir g\u00fcn tedavi g\u00f6rd\u00fc. \u00c7oklu organ yetmezli\u011finden dolay\u0131 d\u00fcn ak\u015fam hayat\u0131n\u0131 kaybetti.<\/p>\n<p style=\"text-align: justify\">Haciya Kurmaca (K\u00fcrt Hac\u0131) k\u00f6y\u00fcnde son yolculu\u011funa bug\u00fcn u\u011furlanacak.<\/p>\n","protected":false},"excerpt":{"rendered":"<p>Diyarbak\u0131r Halk\u0131n Emek Partisi (HEP) \u0130l Ba\u015fkan\u0131 Vedat Ayd\u0131n\u2019\u0131n in\u015faat m\u00fchendisi gen\u00e7 o\u011flu \u015eevder Ayd\u0131n yakaland\u0131\u011f\u0131 koronav\u00fcr\u00fcs hastala\u011f\u0131ndan dolay\u0131 hayat\u0131n\u0131 kaybetti. Vedat Ayd\u0131n\u2019\u0131n in\u015faat m\u00fchendisi gen\u00e7 o\u011flu \u015eevder Ayd\u0131n tedavi g\u00f6rd\u00fc\u011f\u00fc Ankara \u015eehir Hastanesi\u2019nde \u00e7oklu organ yetmezli\u011finden dolay\u0131 d\u00fcn ak\u015fam saatlerinde hayat\u0131n\u0131 kaybetti. \u015eevder Ayd\u0131n K\u00fcrdistan B\u00f6lgesi Ba\u015fkenti Erbil\u2019de in\u015faat m\u00fchendisi olarak \u00e7al\u0131\u015f\u0131rken koronaya yakaland\u0131. [&hellip;]<\/p>\n","protected":false},"author":2,"featured_media":1015945,"comment_status":"closed","ping_status":"closed","sticky":false,"template":"","format":"standard","meta":{"footnotes":""},"categories":[3],"tags":[],"class_list":["post-1015943","post","type-post","status-publish","format-standard","has-post-thumbnail","hentry","category-kurdistan"],"blocksy_meta":[],"seo_head":"<!-- This site is optimized with the Yoast SEO plugin v27.5 - https:\/\/yoast.com\/product\/yoast-seo-wordpress\/ -->\n<title>Vedat Ayd\u0131n\u2019\u0131n gen\u00e7 o\u011flu \u015eevder Ayd\u0131n Koronadan dolay\u0131 hayat\u0131n\u0131 kaybetti - Darka Mazi<\/title>\n<meta name=\"robots\" content=\"index, follow, max-snippet:-1, max-image-preview:large, max-video-preview:-1\" \/>\n<link rel=\"canonical\" href=\"https:\/\/darkamazi.site\/archives\/1015943\" \/>\n<meta property=\"og:locale\" content=\"en_US\" \/>\n<meta property=\"og:type\" content=\"article\" \/>\n<meta property=\"og:title\" content=\"Vedat Ayd\u0131n\u2019\u0131n gen\u00e7 o\u011flu \u015eevder Ayd\u0131n Koronadan dolay\u0131 hayat\u0131n\u0131 kaybetti - Darka Mazi\" \/>\n<meta property=\"og:description\" content=\"Diyarbak\u0131r Halk\u0131n Emek Partisi (HEP) \u0130l Ba\u015fkan\u0131 Vedat Ayd\u0131n\u2019\u0131n in\u015faat m\u00fchendisi gen\u00e7 o\u011flu \u015eevder Ayd\u0131n yakaland\u0131\u011f\u0131 koronav\u00fcr\u00fcs hastala\u011f\u0131ndan dolay\u0131 hayat\u0131n\u0131 kaybetti. Vedat Ayd\u0131n\u2019\u0131n in\u015faat m\u00fchendisi gen\u00e7 o\u011flu \u015eevder Ayd\u0131n tedavi g\u00f6rd\u00fc\u011f\u00fc Ankara \u015eehir Hastanesi\u2019nde \u00e7oklu organ yetmezli\u011finden dolay\u0131 d\u00fcn ak\u015fam saatlerinde hayat\u0131n\u0131 kaybetti. \u015eevder Ayd\u0131n K\u00fcrdistan B\u00f6lgesi Ba\u015fkenti Erbil\u2019de in\u015faat m\u00fchendisi olarak \u00e7al\u0131\u015f\u0131rken koronaya yakaland\u0131. [&hellip;]\" \/>\n<meta property=\"og:url\" content=\"https:\/\/darkamazi.site\/archives\/1015943\" \/>\n<meta property=\"og:site_name\" content=\"Darka Mazi\" \/>\n<meta property=\"article:publisher\" content=\"https:\/\/www.facebook.com\/DarkaMaziturkce\" \/>\n<meta property=\"article:published_time\" content=\"2021-08-17T07:57:42+00:00\" \/>\n<meta property=\"article:modified_time\" content=\"2021-08-17T08:01:06+00:00\" \/>\n<meta property=\"og:image\" content=\"https:\/\/darkamazi.site\/file\/2021\/08\/vedat-aydin.jpg\" \/>\n\t<meta property=\"og:image:width\" content=\"710\" \/>\n\t<meta property=\"og:image:height\" content=\"524\" \/>\n\t<meta property=\"og:image:type\" content=\"image\/jpeg\" \/>\n<meta name=\"author\" content=\"darka mazi\" \/>\n<meta name=\"twitter:card\" content=\"summary_large_image\" \/>\n<meta name=\"twitter:creator\" content=\"@DarkaMaziTurkce\" \/>\n<meta name=\"twitter:site\" content=\"@DarkaMaziTurkce\" \/>\n<meta name=\"twitter:label1\" content=\"Written by\" \/>\n\t<meta name=\"twitter:data1\" content=\"darka mazi\" \/>\n\t<meta name=\"twitter:label2\" content=\"Est. reading time\" \/>\n\t<meta name=\"twitter:data2\" content=\"1 minute\" \/>\n<script type=\"application\/ld+json\" class=\"seo-schema-graph\">{\"@context\":\"https:\\\/\\\/schema.org\",\"@graph\":[{\"@type\":\"NewsArticle\",\"@id\":\"https:\\\/\\\/darkamazi.site\\\/archives\\\/1015943#article\",\"isPartOf\":{\"@id\":\"https:\\\/\\\/darkamazi.site\\\/archives\\\/1015943\"},\"author\":{\"name\":\"darka mazi\",\"@id\":\"https:\\\/\\\/darkamazi.site\\\/#\\\/schema\\\/person\\\/67986a95ac546c16760365877ef4a9d3\"},\"headline\":\"Vedat Ayd\u0131n\u2019\u0131n gen\u00e7 o\u011flu \u015eevder Ayd\u0131n Koronadan dolay\u0131 hayat\u0131n\u0131 kaybetti\",\"datePublished\":\"2021-08-17T07:57:42+00:00\",\"dateModified\":\"2021-08-17T08:01:06+00:00\",\"mainEntityOfPage\":{\"@id\":\"https:\\\/\\\/darkamazi.site\\\/archives\\\/1015943\"},\"wordCount\":338,\"publisher\":{\"@id\":\"https:\\\/\\\/darkamazi.site\\\/#organization\"},\"image\":{\"@id\":\"https:\\\/\\\/darkamazi.site\\\/archives\\\/1015943#primaryimage\"},\"thumbnailUrl\":\"https:\\\/\\\/darkamazi.site\\\/darka-content\\\/uploads\\\/2021\\\/08\\\/vedat-aydin.jpg\",\"articleSection\":[\"Kurdistan\"],\"inLanguage\":\"en-US\"},{\"@type\":\"WebPage\",\"@id\":\"https:\\\/\\\/darkamazi.site\\\/archives\\\/1015943\",\"url\":\"https:\\\/\\\/darkamazi.site\\\/archives\\\/1015943\",\"name\":\"Vedat Ayd\u0131n\u2019\u0131n gen\u00e7 o\u011flu \u015eevder Ayd\u0131n Koronadan dolay\u0131 hayat\u0131n\u0131 kaybetti - Darka Mazi\",\"isPartOf\":{\"@id\":\"https:\\\/\\\/darkamazi.site\\\/#website\"},\"primaryImageOfPage\":{\"@id\":\"https:\\\/\\\/darkamazi.site\\\/archives\\\/1015943#primaryimage\"},\"image\":{\"@id\":\"https:\\\/\\\/darkamazi.site\\\/archives\\\/1015943#primaryimage\"},\"thumbnailUrl\":\"https:\\\/\\\/darkamazi.site\\\/darka-content\\\/uploads\\\/2021\\\/08\\\/vedat-aydin.jpg\",\"datePublished\":\"2021-08-17T07:57:42+00:00\",\"dateModified\":\"2021-08-17T08:01:06+00:00\",\"breadcrumb\":{\"@id\":\"https:\\\/\\\/darkamazi.site\\\/archives\\\/1015943#breadcrumb\"},\"inLanguage\":\"en-US\",\"potentialAction\":[{\"@type\":\"ReadAction\",\"target\":[\"https:\\\/\\\/darkamazi.site\\\/archives\\\/1015943\"]}]},{\"@type\":\"ImageObject\",\"inLanguage\":\"en-US\",\"@id\":\"https:\\\/\\\/darkamazi.site\\\/archives\\\/1015943#primaryimage\",\"url\":\"https:\\\/\\\/darkamazi.site\\\/darka-content\\\/uploads\\\/2021\\\/08\\\/vedat-aydin.jpg\",\"contentUrl\":\"https:\\\/\\\/darkamazi.site\\\/darka-content\\\/uploads\\\/2021\\\/08\\\/vedat-aydin.jpg\",\"width\":710,\"height\":524,\"caption\":\"Vedat Ayd\u0131n\u2019\u0131n gen\u00e7 o\u011flu \u015eevder Ayd\u0131n Koronadan dolay\u0131 hayat\u0131n\u0131 kaybetti\"},{\"@type\":\"BreadcrumbList\",\"@id\":\"https:\\\/\\\/darkamazi.site\\\/archives\\\/1015943#breadcrumb\",\"itemListElement\":[{\"@type\":\"ListItem\",\"position\":1,\"name\":\"Home\",\"item\":\"https:\\\/\\\/darkamazi.site\\\/\"},{\"@type\":\"ListItem\",\"position\":2,\"name\":\"Vedat Ayd\u0131n\u2019\u0131n gen\u00e7 o\u011flu \u015eevder Ayd\u0131n Koronadan dolay\u0131 hayat\u0131n\u0131 kaybetti\"}]},{\"@type\":\"WebSite\",\"@id\":\"https:\\\/\\\/darkamazi.site\\\/#website\",\"url\":\"https:\\\/\\\/darkamazi.site\\\/\",\"name\":\"Darka Mazi\",\"description\":\"Ana Sayfa\",\"publisher\":{\"@id\":\"https:\\\/\\\/darkamazi.site\\\/#organization\"},\"potentialAction\":[{\"@type\":\"SearchAction\",\"target\":{\"@type\":\"EntryPoint\",\"urlTemplate\":\"https:\\\/\\\/darkamazi.site\\\/?s={search_term_string}\"},\"query-input\":{\"@type\":\"PropertyValueSpecification\",\"valueRequired\":true,\"valueName\":\"search_term_string\"}}],\"inLanguage\":\"en-US\"},{\"@type\":\"Organization\",\"@id\":\"https:\\\/\\\/darkamazi.site\\\/#organization\",\"name\":\"Darka Mazi T\u00fcrk\u00e7e\",\"alternateName\":\"Darka Mazi\",\"url\":\"https:\\\/\\\/darkamazi.site\\\/\",\"logo\":{\"@type\":\"ImageObject\",\"inLanguage\":\"en-US\",\"@id\":\"https:\\\/\\\/darkamazi.site\\\/#\\\/schema\\\/logo\\\/image\\\/\",\"url\":\"https:\\\/\\\/darkamazi.site\\\/darka-content\\\/uploads\\\/2017\\\/12\\\/darka-mazi-logo.png\",\"contentUrl\":\"https:\\\/\\\/darkamazi.site\\\/darka-content\\\/uploads\\\/2017\\\/12\\\/darka-mazi-logo.png\",\"width\":151,\"height\":75,\"caption\":\"Darka Mazi T\u00fcrk\u00e7e\"},\"image\":{\"@id\":\"https:\\\/\\\/darkamazi.site\\\/#\\\/schema\\\/logo\\\/image\\\/\"},\"sameAs\":[\"https:\\\/\\\/www.facebook.com\\\/DarkaMaziturkce\",\"https:\\\/\\\/x.com\\\/DarkaMaziTurkce\"]},{\"@type\":\"Person\",\"@id\":\"https:\\\/\\\/darkamazi.site\\\/#\\\/schema\\\/person\\\/67986a95ac546c16760365877ef4a9d3\",\"name\":\"darka mazi\",\"sameAs\":[\"https:\\\/\\\/darkamazi.site\"],\"url\":\"https:\\\/\\\/darkamazi.site\\\/archives\\\/author\\\/turkish\"}]}<\/script>\n<!-- \/ Yoast SEO plugin. -->","seo_head_json":{"title":"Vedat Ayd\u0131n\u2019\u0131n gen\u00e7 o\u011flu \u015eevder Ayd\u0131n Koronadan dolay\u0131 hayat\u0131n\u0131 kaybetti - Darka Mazi","robots":{"index":"index","follow":"follow","max-snippet":"max-snippet:-1","max-image-preview":"max-image-preview:large","max-video-preview":"max-video-preview:-1"},"canonical":"https:\/\/darkamazi.site\/archives\/1015943","og_locale":"en_US","og_type":"article","og_title":"Vedat Ayd\u0131n\u2019\u0131n gen\u00e7 o\u011flu \u015eevder Ayd\u0131n Koronadan dolay\u0131 hayat\u0131n\u0131 kaybetti - Darka Mazi","og_description":"Diyarbak\u0131r Halk\u0131n Emek Partisi (HEP) \u0130l Ba\u015fkan\u0131 Vedat Ayd\u0131n\u2019\u0131n in\u015faat m\u00fchendisi gen\u00e7 o\u011flu \u015eevder Ayd\u0131n yakaland\u0131\u011f\u0131 koronav\u00fcr\u00fcs hastala\u011f\u0131ndan dolay\u0131 hayat\u0131n\u0131 kaybetti. Vedat Ayd\u0131n\u2019\u0131n in\u015faat m\u00fchendisi gen\u00e7 o\u011flu \u015eevder Ayd\u0131n tedavi g\u00f6rd\u00fc\u011f\u00fc Ankara \u015eehir Hastanesi\u2019nde \u00e7oklu organ yetmezli\u011finden dolay\u0131 d\u00fcn ak\u015fam saatlerinde hayat\u0131n\u0131 kaybetti. \u015eevder Ayd\u0131n K\u00fcrdistan B\u00f6lgesi Ba\u015fkenti Erbil\u2019de in\u015faat m\u00fchendisi olarak \u00e7al\u0131\u015f\u0131rken koronaya yakaland\u0131. [&hellip;]","og_url":"https:\/\/darkamazi.site\/archives\/1015943","og_site_name":"Darka Mazi","article_publisher":"https:\/\/www.facebook.com\/DarkaMaziturkce","article_published_time":"2021-08-17T07:57:42+00:00","article_modified_time":"2021-08-17T08:01:06+00:00","og_image":[{"width":710,"height":524,"url":"https:\/\/darkamazi.site\/file\/2021\/08\/vedat-aydin.jpg","type":"image\/jpeg"}],"author":"darka mazi","twitter_card":"summary_large_image","twitter_creator":"@DarkaMaziTurkce","twitter_site":"@DarkaMaziTurkce","twitter_misc":{"Written by":"darka mazi","Est. reading time":"1 minute"},"schema":{"@context":"https:\/\/schema.org","@graph":[{"@type":"NewsArticle","@id":"https:\/\/darkamazi.site\/archives\/1015943#article","isPartOf":{"@id":"https:\/\/darkamazi.site\/archives\/1015943"},"author":{"name":"darka mazi","@id":"https:\/\/darkamazi.site\/#\/schema\/person\/67986a95ac546c16760365877ef4a9d3"},"headline":"Vedat Ayd\u0131n\u2019\u0131n gen\u00e7 o\u011flu \u015eevder Ayd\u0131n Koronadan dolay\u0131 hayat\u0131n\u0131 kaybetti","datePublished":"2021-08-17T07:57:42+00:00","dateModified":"2021-08-17T08:01:06+00:00","mainEntityOfPage":{"@id":"https:\/\/darkamazi.site\/archives\/1015943"},"wordCount":338,"publisher":{"@id":"https:\/\/darkamazi.site\/#organization"},"image":{"@id":"https:\/\/darkamazi.site\/archives\/1015943#primaryimage"},"thumbnailUrl":"https:\/\/darkamazi.site\/file\/2021\/08\/vedat-aydin.jpg","articleSection":["Kurdistan"],"inLanguage":"en-US"},{"@type":"WebPage","@id":"https:\/\/darkamazi.site\/archives\/1015943","url":"https:\/\/darkamazi.site\/archives\/1015943","name":"Vedat Ayd\u0131n\u2019\u0131n gen\u00e7 o\u011flu \u015eevder Ayd\u0131n Koronadan dolay\u0131 hayat\u0131n\u0131 kaybetti - Darka Mazi","isPartOf":{"@id":"https:\/\/darkamazi.site\/#website"},"primaryImageOfPage":{"@id":"https:\/\/darkamazi.site\/archives\/1015943#primaryimage"},"image":{"@id":"https:\/\/darkamazi.site\/archives\/1015943#primaryimage"},"thumbnailUrl":"https:\/\/darkamazi.site\/file\/2021\/08\/vedat-aydin.jpg","datePublished":"2021-08-17T07:57:42+00:00","dateModified":"2021-08-17T08:01:06+00:00","breadcrumb":{"@id":"https:\/\/darkamazi.site\/archives\/1015943#breadcrumb"},"inLanguage":"en-US","potentialAction":[{"@type":"ReadAction","target":["https:\/\/darkamazi.site\/archives\/1015943"]}]},{"@type":"ImageObject","inLanguage":"en-US","@id":"https:\/\/darkamazi.site\/archives\/1015943#primaryimage","url":"https:\/\/darkamazi.site\/file\/2021\/08\/vedat-aydin.jpg","contentUrl":"https:\/\/darkamazi.site\/file\/2021\/08\/vedat-aydin.jpg","width":710,"height":524,"caption":"Vedat Ayd\u0131n\u2019\u0131n gen\u00e7 o\u011flu \u015eevder Ayd\u0131n Koronadan dolay\u0131 hayat\u0131n\u0131 kaybetti"},{"@type":"BreadcrumbList","@id":"https:\/\/darkamazi.site\/archives\/1015943#breadcrumb","itemListElement":[{"@type":"ListItem","position":1,"name":"Home","item":"https:\/\/darkamazi.site\/"},{"@type":"ListItem","position":2,"name":"Vedat Ayd\u0131n\u2019\u0131n gen\u00e7 o\u011flu \u015eevder Ayd\u0131n Koronadan dolay\u0131 hayat\u0131n\u0131 kaybetti"}]},{"@type":"WebSite","@id":"https:\/\/darkamazi.site\/#website","url":"https:\/\/darkamazi.site\/","name":"Darka Mazi","description":"Ana Sayfa","publisher":{"@id":"https:\/\/darkamazi.site\/#organization"},"potentialAction":[{"@type":"SearchAction","target":{"@type":"EntryPoint","urlTemplate":"https:\/\/darkamazi.site\/?s={search_term_string}"},"query-input":{"@type":"PropertyValueSpecification","valueRequired":true,"valueName":"search_term_string"}}],"inLanguage":"en-US"},{"@type":"Organization","@id":"https:\/\/darkamazi.site\/#organization","name":"Darka Mazi T\u00fcrk\u00e7e","alternateName":"Darka Mazi","url":"https:\/\/darkamazi.site\/","logo":{"@type":"ImageObject","inLanguage":"en-US","@id":"https:\/\/darkamazi.site\/#\/schema\/logo\/image\/","url":"https:\/\/darkamazi.site\/file\/2017\/12\/darka-mazi-logo.png","contentUrl":"https:\/\/darkamazi.site\/file\/2017\/12\/darka-mazi-logo.png","width":151,"height":75,"caption":"Darka Mazi T\u00fcrk\u00e7e"},"image":{"@id":"https:\/\/darkamazi.site\/#\/schema\/logo\/image\/"},"sameAs":["https:\/\/www.facebook.com\/DarkaMaziturkce","https:\/\/x.com\/DarkaMaziTurkce"]},{"@type":"Person","@id":"https:\/\/darkamazi.site\/#\/schema\/person\/67986a95ac546c16760365877ef4a9d3","name":"darka mazi","sameAs":["https:\/\/darkamazi.site"],"url":"https:\/\/darkamazi.site\/archives\/author\/turkish"}]}},"_links":{"self":[{"href":"https:\/\/darkamazi.site\/funavuv\/wp\/v2\/posts\/1015943","targetHints":{"allow":["GET"]}}],"collection":[{"href":"https:\/\/darkamazi.site\/funavuv\/wp\/v2\/posts"}],"about":[{"href":"https:\/\/darkamazi.site\/funavuv\/wp\/v2\/types\/post"}],"author":[{"embeddable":true,"href":"https:\/\/darkamazi.site\/funavuv\/wp\/v2\/users\/2"}],"replies":[{"embeddable":true,"href":"https:\/\/darkamazi.site\/funavuv\/wp\/v2\/comments?post=1015943"}],"version-history":[{"count":0,"href":"https:\/\/darkamazi.site\/funavuv\/wp\/v2\/posts\/1015943\/revisions"}],"wp:featuredmedia":[{"embeddable":true,"href":"https:\/\/darkamazi.site\/funavuv\/wp\/v2\/media\/1015945"}],"wp:attachment":[{"href":"https:\/\/darkamazi.site\/funavuv\/wp\/v2\/media?parent=1015943"}],"wp:term":[{"taxonomy":"category","embeddable":true,"href":"https:\/\/darkamazi.site\/funavuv\/wp\/v2\/categories?post=1015943"},{"taxonomy":"post_tag","embeddable":true,"href":"https:\/\/darkamazi.site\/funavuv\/wp\/v2\/tags?post=1015943"}],"curies":[{"name":"wp","href":"https:\/\/api.w.org\/{rel}","templated":true}]}}