{"id":1015987,"date":"2021-08-21T11:08:25","date_gmt":"2021-08-21T08:08:25","guid":{"rendered":"https:\/\/darkamazi.site\/?p=1015987"},"modified":"2021-08-21T11:08:25","modified_gmt":"2021-08-21T08:08:25","slug":"pkknin-ciwanen-soresger-orgutu-bu-kez-de-15-yasindaki-kiz-cocugunu-kacirdi","status":"publish","type":"post","link":"https:\/\/darkamazi.site\/archives\/1015987","title":{"rendered":"PKK&#8217;nin Ciwan\u00ean \u015eore\u015fger \u00f6rg\u00fct\u00fc bu kez de 15 ya\u015f\u0131ndaki k\u0131z \u00e7ocu\u011funu ka\u00e7\u0131rd\u0131"},"content":{"rendered":"<p style=\"text-align: justify\">\u00a0PKK\u2019nin Rojava\u2019daki gen\u00e7lik yap\u0131lanmas\u0131 \u201cR\u00eaxistina Ciwan\u00ean \u015eore\u015fger\u2019\u2019in ka\u00e7\u0131rd\u0131\u011f\u0131 \u00a0K\u00fcrt \u00e7ocuklar\u0131na bir yenisi eklendi. Helep\u2019in \u015eehba il\u00e7esinde bir baba PKK taraf\u0131ndan ka\u00e7\u0131r\u0131lan 15 ya\u015f\u0131ndaki k\u0131z\u0131n\u0131n geri getirilmesini istiyor.<\/p>\n<p style=\"text-align: justify\">PKK\u2019ye ba\u011fl\u0131 R\u00eaxistina Ciwan\u00ean \u015eore\u015fger (Devrimci Gen\u00e7lik \u00d6rg\u00fct\u00fc) isimli yap\u0131lanman\u0131n Rojava ve PYD\u2019nin kontrol\u00fcndeki \u00e7ocuklar\u0131 ka\u00e7\u0131rarak silah alt\u0131na almas\u0131 devam ediyor.<\/p>\n<p style=\"text-align: justify\">Halep\u2019in \u015eehba il\u00e7esinde Fat\u00eeme Nesane isimli 15 ya\u015f\u0131ndaki k\u0131z \u00e7ocu\u011funun R\u00eaxistina Ciwan\u00ean \u015eore\u015fger \u00fcyeleri taraf\u0131ndan ka\u00e7\u0131r\u0131ld\u0131\u011f\u0131 bildiriliyor.<\/p>\n<p style=\"text-align: justify\">Sosyal medyada bir video g\u00f6nderen ka\u00e7\u0131r\u0131lan 15 ya\u015f\u0131ndaki k\u0131z \u00e7ocu\u011funun babas\u0131 \u0130dris Naasan, kendisinin hasta oldu\u011fu i\u00e7in \u00e7al\u0131\u015famad\u0131\u011f\u0131n\u0131, k\u0131z\u0131n\u0131n evin ge\u00e7imine katk\u0131 sundu\u011funu belirterek \u201c\u015eu ana kadar k\u0131z\u0131n Fat\u00eeme\u2019den hi\u00e7 haber alamad\u0131klar\u0131n\u0131\u201d s\u00f6yl\u00fcyor ve PKK\u2019den k\u0131z\u0131n\u0131 geri getirmelerini talep ediyor.<\/p>\n<p style=\"text-align: justify\">\u0130nsan Haklar\u0131 \u00d6rg\u00fctleri, PKK\u2019nin 18 ya\u015f\u0131ndan k\u00fc\u00e7\u00fck \u00e7ocuklar\u0131 silah alt\u0131na ald\u0131\u011f\u0131 ve sava\u015ft\u0131rd\u0131\u011f\u0131 i\u00e7in bir \u00e7ok kez ele\u015ftirmi\u015fti. HSD\u2019ye (Demokratik Suriye G\u00fc\u00e7leri) de bu konuda\u00a0<a href=\"https:\/\/www.basnews.com\/tr\/babat\/706665\">ele\u015ftiriler\u00a0<\/a>s\u00fcr\u00fcyor.<\/p>\n<p style=\"text-align: justify\">Yerel kaynaklar PKK\u2019nin \u2019Ciwan\u00ean \u015eore\u015fger gen\u00e7lik yap\u0131lanmas\u0131n\u0131n Rojava ve Kuzey Suriye\u2019de bir \u00e7ok yerde \u015fubeler a\u00e7arak evlerden \u00e7ocuklar\u0131 ailelerinden izinsiz silah alt\u0131na ald\u0131\u011f\u0131 y\u00f6n\u00fcnde bilgiler veriyor.<\/p>\n","protected":false},"excerpt":{"rendered":"<p>\u00a0PKK\u2019nin Rojava\u2019daki gen\u00e7lik yap\u0131lanmas\u0131 \u201cR\u00eaxistina Ciwan\u00ean \u015eore\u015fger\u2019\u2019in ka\u00e7\u0131rd\u0131\u011f\u0131 \u00a0K\u00fcrt \u00e7ocuklar\u0131na bir yenisi eklendi. Helep\u2019in \u015eehba il\u00e7esinde bir baba PKK taraf\u0131ndan ka\u00e7\u0131r\u0131lan 15 ya\u015f\u0131ndaki k\u0131z\u0131n\u0131n geri getirilmesini istiyor. PKK\u2019ye ba\u011fl\u0131 R\u00eaxistina Ciwan\u00ean \u015eore\u015fger (Devrimci Gen\u00e7lik \u00d6rg\u00fct\u00fc) isimli yap\u0131lanman\u0131n Rojava ve PYD\u2019nin kontrol\u00fcndeki \u00e7ocuklar\u0131 ka\u00e7\u0131rarak silah alt\u0131na almas\u0131 devam ediyor. Halep\u2019in \u015eehba il\u00e7esinde Fat\u00eeme Nesane isimli 15 [&hellip;]<\/p>\n","protected":false},"author":2,"featured_media":1015988,"comment_status":"closed","ping_status":"closed","sticky":false,"template":"","format":"standard","meta":{"footnotes":""},"categories":[3],"tags":[31],"class_list":["post-1015987","post","type-post","status-publish","format-standard","has-post-thumbnail","hentry","category-kurdistan","tag-onemli"],"blocksy_meta":[],"seo_head":"<!-- This site is optimized with the Yoast SEO plugin v27.5 - https:\/\/yoast.com\/product\/yoast-seo-wordpress\/ -->\n<title>PKK&#039;nin Ciwan\u00ean \u015eore\u015fger \u00f6rg\u00fct\u00fc bu kez de 15 ya\u015f\u0131ndaki k\u0131z \u00e7ocu\u011funu ka\u00e7\u0131rd\u0131 - Darka Mazi<\/title>\n<meta name=\"robots\" content=\"index, follow, max-snippet:-1, max-image-preview:large, max-video-preview:-1\" \/>\n<link rel=\"canonical\" href=\"https:\/\/darkamazi.site\/archives\/1015987\" \/>\n<meta property=\"og:locale\" content=\"en_US\" \/>\n<meta property=\"og:type\" content=\"article\" \/>\n<meta property=\"og:title\" content=\"PKK&#039;nin Ciwan\u00ean \u015eore\u015fger \u00f6rg\u00fct\u00fc bu kez de 15 ya\u015f\u0131ndaki k\u0131z \u00e7ocu\u011funu ka\u00e7\u0131rd\u0131 - Darka Mazi\" \/>\n<meta property=\"og:description\" content=\"\u00a0PKK\u2019nin Rojava\u2019daki gen\u00e7lik yap\u0131lanmas\u0131 \u201cR\u00eaxistina Ciwan\u00ean \u015eore\u015fger\u2019\u2019in ka\u00e7\u0131rd\u0131\u011f\u0131 \u00a0K\u00fcrt \u00e7ocuklar\u0131na bir yenisi eklendi. Helep\u2019in \u015eehba il\u00e7esinde bir baba PKK taraf\u0131ndan ka\u00e7\u0131r\u0131lan 15 ya\u015f\u0131ndaki k\u0131z\u0131n\u0131n geri getirilmesini istiyor. PKK\u2019ye ba\u011fl\u0131 R\u00eaxistina Ciwan\u00ean \u015eore\u015fger (Devrimci Gen\u00e7lik \u00d6rg\u00fct\u00fc) isimli yap\u0131lanman\u0131n Rojava ve PYD\u2019nin kontrol\u00fcndeki \u00e7ocuklar\u0131 ka\u00e7\u0131rarak silah alt\u0131na almas\u0131 devam ediyor. Halep\u2019in \u015eehba il\u00e7esinde Fat\u00eeme Nesane isimli 15 [&hellip;]\" \/>\n<meta property=\"og:url\" content=\"https:\/\/darkamazi.site\/archives\/1015987\" \/>\n<meta property=\"og:site_name\" content=\"Darka Mazi\" \/>\n<meta property=\"article:publisher\" content=\"https:\/\/www.facebook.com\/DarkaMaziturkce\" \/>\n<meta property=\"article:published_time\" content=\"2021-08-21T08:08:25+00:00\" \/>\n<meta property=\"og:image\" content=\"https:\/\/darkamazi.site\/file\/2021\/08\/E9TFToCXIAMu_aR.jpg\" \/>\n\t<meta property=\"og:image:width\" content=\"900\" \/>\n\t<meta property=\"og:image:height\" content=\"497\" \/>\n\t<meta property=\"og:image:type\" content=\"image\/jpeg\" \/>\n<meta name=\"author\" content=\"darka mazi\" \/>\n<meta name=\"twitter:card\" content=\"summary_large_image\" \/>\n<meta name=\"twitter:creator\" content=\"@DarkaMaziTurkce\" \/>\n<meta name=\"twitter:site\" content=\"@DarkaMaziTurkce\" \/>\n<meta name=\"twitter:label1\" content=\"Written by\" \/>\n\t<meta name=\"twitter:data1\" content=\"darka mazi\" \/>\n\t<meta name=\"twitter:label2\" content=\"Est. reading time\" \/>\n\t<meta name=\"twitter:data2\" content=\"1 minute\" \/>\n<script type=\"application\/ld+json\" class=\"seo-schema-graph\">{\"@context\":\"https:\\\/\\\/schema.org\",\"@graph\":[{\"@type\":\"NewsArticle\",\"@id\":\"https:\\\/\\\/darkamazi.site\\\/archives\\\/1015987#article\",\"isPartOf\":{\"@id\":\"https:\\\/\\\/darkamazi.site\\\/archives\\\/1015987\"},\"author\":{\"name\":\"darka mazi\",\"@id\":\"https:\\\/\\\/darkamazi.site\\\/#\\\/schema\\\/person\\\/67986a95ac546c16760365877ef4a9d3\"},\"headline\":\"PKK&#8217;nin Ciwan\u00ean \u015eore\u015fger \u00f6rg\u00fct\u00fc bu kez de 15 ya\u015f\u0131ndaki k\u0131z \u00e7ocu\u011funu ka\u00e7\u0131rd\u0131\",\"datePublished\":\"2021-08-21T08:08:25+00:00\",\"mainEntityOfPage\":{\"@id\":\"https:\\\/\\\/darkamazi.site\\\/archives\\\/1015987\"},\"wordCount\":271,\"publisher\":{\"@id\":\"https:\\\/\\\/darkamazi.site\\\/#organization\"},\"image\":{\"@id\":\"https:\\\/\\\/darkamazi.site\\\/archives\\\/1015987#primaryimage\"},\"thumbnailUrl\":\"https:\\\/\\\/darkamazi.site\\\/darka-content\\\/uploads\\\/2021\\\/08\\\/E9TFToCXIAMu_aR.jpg\",\"keywords\":[\"\u00f6nemli\"],\"articleSection\":[\"Kurdistan\"],\"inLanguage\":\"en-US\"},{\"@type\":\"WebPage\",\"@id\":\"https:\\\/\\\/darkamazi.site\\\/archives\\\/1015987\",\"url\":\"https:\\\/\\\/darkamazi.site\\\/archives\\\/1015987\",\"name\":\"PKK'nin Ciwan\u00ean \u015eore\u015fger \u00f6rg\u00fct\u00fc bu kez de 15 ya\u015f\u0131ndaki k\u0131z \u00e7ocu\u011funu ka\u00e7\u0131rd\u0131 - Darka Mazi\",\"isPartOf\":{\"@id\":\"https:\\\/\\\/darkamazi.site\\\/#website\"},\"primaryImageOfPage\":{\"@id\":\"https:\\\/\\\/darkamazi.site\\\/archives\\\/1015987#primaryimage\"},\"image\":{\"@id\":\"https:\\\/\\\/darkamazi.site\\\/archives\\\/1015987#primaryimage\"},\"thumbnailUrl\":\"https:\\\/\\\/darkamazi.site\\\/darka-content\\\/uploads\\\/2021\\\/08\\\/E9TFToCXIAMu_aR.jpg\",\"datePublished\":\"2021-08-21T08:08:25+00:00\",\"breadcrumb\":{\"@id\":\"https:\\\/\\\/darkamazi.site\\\/archives\\\/1015987#breadcrumb\"},\"inLanguage\":\"en-US\",\"potentialAction\":[{\"@type\":\"ReadAction\",\"target\":[\"https:\\\/\\\/darkamazi.site\\\/archives\\\/1015987\"]}]},{\"@type\":\"ImageObject\",\"inLanguage\":\"en-US\",\"@id\":\"https:\\\/\\\/darkamazi.site\\\/archives\\\/1015987#primaryimage\",\"url\":\"https:\\\/\\\/darkamazi.site\\\/darka-content\\\/uploads\\\/2021\\\/08\\\/E9TFToCXIAMu_aR.jpg\",\"contentUrl\":\"https:\\\/\\\/darkamazi.site\\\/darka-content\\\/uploads\\\/2021\\\/08\\\/E9TFToCXIAMu_aR.jpg\",\"width\":900,\"height\":497,\"caption\":\"PKK'nin Ciwan\u00ean \u015eore\u015fger \u00f6rg\u00fct\u00fc bu kez de 15 ya\u015f\u0131ndaki k\u0131z \u00e7ocu\u011funu ka\u00e7\u0131rd\u0131\"},{\"@type\":\"BreadcrumbList\",\"@id\":\"https:\\\/\\\/darkamazi.site\\\/archives\\\/1015987#breadcrumb\",\"itemListElement\":[{\"@type\":\"ListItem\",\"position\":1,\"name\":\"Home\",\"item\":\"https:\\\/\\\/darkamazi.site\\\/\"},{\"@type\":\"ListItem\",\"position\":2,\"name\":\"PKK&#8217;nin Ciwan\u00ean \u015eore\u015fger \u00f6rg\u00fct\u00fc bu kez de 15 ya\u015f\u0131ndaki k\u0131z \u00e7ocu\u011funu ka\u00e7\u0131rd\u0131\"}]},{\"@type\":\"WebSite\",\"@id\":\"https:\\\/\\\/darkamazi.site\\\/#website\",\"url\":\"https:\\\/\\\/darkamazi.site\\\/\",\"name\":\"Darka Mazi\",\"description\":\"Ana Sayfa\",\"publisher\":{\"@id\":\"https:\\\/\\\/darkamazi.site\\\/#organization\"},\"potentialAction\":[{\"@type\":\"SearchAction\",\"target\":{\"@type\":\"EntryPoint\",\"urlTemplate\":\"https:\\\/\\\/darkamazi.site\\\/?s={search_term_string}\"},\"query-input\":{\"@type\":\"PropertyValueSpecification\",\"valueRequired\":true,\"valueName\":\"search_term_string\"}}],\"inLanguage\":\"en-US\"},{\"@type\":\"Organization\",\"@id\":\"https:\\\/\\\/darkamazi.site\\\/#organization\",\"name\":\"Darka Mazi T\u00fcrk\u00e7e\",\"alternateName\":\"Darka Mazi\",\"url\":\"https:\\\/\\\/darkamazi.site\\\/\",\"logo\":{\"@type\":\"ImageObject\",\"inLanguage\":\"en-US\",\"@id\":\"https:\\\/\\\/darkamazi.site\\\/#\\\/schema\\\/logo\\\/image\\\/\",\"url\":\"https:\\\/\\\/darkamazi.site\\\/darka-content\\\/uploads\\\/2017\\\/12\\\/darka-mazi-logo.png\",\"contentUrl\":\"https:\\\/\\\/darkamazi.site\\\/darka-content\\\/uploads\\\/2017\\\/12\\\/darka-mazi-logo.png\",\"width\":151,\"height\":75,\"caption\":\"Darka Mazi T\u00fcrk\u00e7e\"},\"image\":{\"@id\":\"https:\\\/\\\/darkamazi.site\\\/#\\\/schema\\\/logo\\\/image\\\/\"},\"sameAs\":[\"https:\\\/\\\/www.facebook.com\\\/DarkaMaziturkce\",\"https:\\\/\\\/x.com\\\/DarkaMaziTurkce\"]},{\"@type\":\"Person\",\"@id\":\"https:\\\/\\\/darkamazi.site\\\/#\\\/schema\\\/person\\\/67986a95ac546c16760365877ef4a9d3\",\"name\":\"darka mazi\",\"sameAs\":[\"https:\\\/\\\/darkamazi.site\"],\"url\":\"https:\\\/\\\/darkamazi.site\\\/archives\\\/author\\\/turkish\"}]}<\/script>\n<!-- \/ Yoast SEO plugin. -->","seo_head_json":{"title":"PKK'nin Ciwan\u00ean \u015eore\u015fger \u00f6rg\u00fct\u00fc bu kez de 15 ya\u015f\u0131ndaki k\u0131z \u00e7ocu\u011funu ka\u00e7\u0131rd\u0131 - Darka Mazi","robots":{"index":"index","follow":"follow","max-snippet":"max-snippet:-1","max-image-preview":"max-image-preview:large","max-video-preview":"max-video-preview:-1"},"canonical":"https:\/\/darkamazi.site\/archives\/1015987","og_locale":"en_US","og_type":"article","og_title":"PKK'nin Ciwan\u00ean \u015eore\u015fger \u00f6rg\u00fct\u00fc bu kez de 15 ya\u015f\u0131ndaki k\u0131z \u00e7ocu\u011funu ka\u00e7\u0131rd\u0131 - Darka Mazi","og_description":"\u00a0PKK\u2019nin Rojava\u2019daki gen\u00e7lik yap\u0131lanmas\u0131 \u201cR\u00eaxistina Ciwan\u00ean \u015eore\u015fger\u2019\u2019in ka\u00e7\u0131rd\u0131\u011f\u0131 \u00a0K\u00fcrt \u00e7ocuklar\u0131na bir yenisi eklendi. Helep\u2019in \u015eehba il\u00e7esinde bir baba PKK taraf\u0131ndan ka\u00e7\u0131r\u0131lan 15 ya\u015f\u0131ndaki k\u0131z\u0131n\u0131n geri getirilmesini istiyor. PKK\u2019ye ba\u011fl\u0131 R\u00eaxistina Ciwan\u00ean \u015eore\u015fger (Devrimci Gen\u00e7lik \u00d6rg\u00fct\u00fc) isimli yap\u0131lanman\u0131n Rojava ve PYD\u2019nin kontrol\u00fcndeki \u00e7ocuklar\u0131 ka\u00e7\u0131rarak silah alt\u0131na almas\u0131 devam ediyor. Halep\u2019in \u015eehba il\u00e7esinde Fat\u00eeme Nesane isimli 15 [&hellip;]","og_url":"https:\/\/darkamazi.site\/archives\/1015987","og_site_name":"Darka Mazi","article_publisher":"https:\/\/www.facebook.com\/DarkaMaziturkce","article_published_time":"2021-08-21T08:08:25+00:00","og_image":[{"width":900,"height":497,"url":"https:\/\/darkamazi.site\/file\/2021\/08\/E9TFToCXIAMu_aR.jpg","type":"image\/jpeg"}],"author":"darka mazi","twitter_card":"summary_large_image","twitter_creator":"@DarkaMaziTurkce","twitter_site":"@DarkaMaziTurkce","twitter_misc":{"Written by":"darka mazi","Est. reading time":"1 minute"},"schema":{"@context":"https:\/\/schema.org","@graph":[{"@type":"NewsArticle","@id":"https:\/\/darkamazi.site\/archives\/1015987#article","isPartOf":{"@id":"https:\/\/darkamazi.site\/archives\/1015987"},"author":{"name":"darka mazi","@id":"https:\/\/darkamazi.site\/#\/schema\/person\/67986a95ac546c16760365877ef4a9d3"},"headline":"PKK&#8217;nin Ciwan\u00ean \u015eore\u015fger \u00f6rg\u00fct\u00fc bu kez de 15 ya\u015f\u0131ndaki k\u0131z \u00e7ocu\u011funu ka\u00e7\u0131rd\u0131","datePublished":"2021-08-21T08:08:25+00:00","mainEntityOfPage":{"@id":"https:\/\/darkamazi.site\/archives\/1015987"},"wordCount":271,"publisher":{"@id":"https:\/\/darkamazi.site\/#organization"},"image":{"@id":"https:\/\/darkamazi.site\/archives\/1015987#primaryimage"},"thumbnailUrl":"https:\/\/darkamazi.site\/file\/2021\/08\/E9TFToCXIAMu_aR.jpg","keywords":["\u00f6nemli"],"articleSection":["Kurdistan"],"inLanguage":"en-US"},{"@type":"WebPage","@id":"https:\/\/darkamazi.site\/archives\/1015987","url":"https:\/\/darkamazi.site\/archives\/1015987","name":"PKK'nin Ciwan\u00ean \u015eore\u015fger \u00f6rg\u00fct\u00fc bu kez de 15 ya\u015f\u0131ndaki k\u0131z \u00e7ocu\u011funu ka\u00e7\u0131rd\u0131 - Darka Mazi","isPartOf":{"@id":"https:\/\/darkamazi.site\/#website"},"primaryImageOfPage":{"@id":"https:\/\/darkamazi.site\/archives\/1015987#primaryimage"},"image":{"@id":"https:\/\/darkamazi.site\/archives\/1015987#primaryimage"},"thumbnailUrl":"https:\/\/darkamazi.site\/file\/2021\/08\/E9TFToCXIAMu_aR.jpg","datePublished":"2021-08-21T08:08:25+00:00","breadcrumb":{"@id":"https:\/\/darkamazi.site\/archives\/1015987#breadcrumb"},"inLanguage":"en-US","potentialAction":[{"@type":"ReadAction","target":["https:\/\/darkamazi.site\/archives\/1015987"]}]},{"@type":"ImageObject","inLanguage":"en-US","@id":"https:\/\/darkamazi.site\/archives\/1015987#primaryimage","url":"https:\/\/darkamazi.site\/file\/2021\/08\/E9TFToCXIAMu_aR.jpg","contentUrl":"https:\/\/darkamazi.site\/file\/2021\/08\/E9TFToCXIAMu_aR.jpg","width":900,"height":497,"caption":"PKK'nin Ciwan\u00ean \u015eore\u015fger \u00f6rg\u00fct\u00fc bu kez de 15 ya\u015f\u0131ndaki k\u0131z \u00e7ocu\u011funu ka\u00e7\u0131rd\u0131"},{"@type":"BreadcrumbList","@id":"https:\/\/darkamazi.site\/archives\/1015987#breadcrumb","itemListElement":[{"@type":"ListItem","position":1,"name":"Home","item":"https:\/\/darkamazi.site\/"},{"@type":"ListItem","position":2,"name":"PKK&#8217;nin Ciwan\u00ean \u015eore\u015fger \u00f6rg\u00fct\u00fc bu kez de 15 ya\u015f\u0131ndaki k\u0131z \u00e7ocu\u011funu ka\u00e7\u0131rd\u0131"}]},{"@type":"WebSite","@id":"https:\/\/darkamazi.site\/#website","url":"https:\/\/darkamazi.site\/","name":"Darka Mazi","description":"Ana Sayfa","publisher":{"@id":"https:\/\/darkamazi.site\/#organization"},"potentialAction":[{"@type":"SearchAction","target":{"@type":"EntryPoint","urlTemplate":"https:\/\/darkamazi.site\/?s={search_term_string}"},"query-input":{"@type":"PropertyValueSpecification","valueRequired":true,"valueName":"search_term_string"}}],"inLanguage":"en-US"},{"@type":"Organization","@id":"https:\/\/darkamazi.site\/#organization","name":"Darka Mazi T\u00fcrk\u00e7e","alternateName":"Darka Mazi","url":"https:\/\/darkamazi.site\/","logo":{"@type":"ImageObject","inLanguage":"en-US","@id":"https:\/\/darkamazi.site\/#\/schema\/logo\/image\/","url":"https:\/\/darkamazi.site\/file\/2017\/12\/darka-mazi-logo.png","contentUrl":"https:\/\/darkamazi.site\/file\/2017\/12\/darka-mazi-logo.png","width":151,"height":75,"caption":"Darka Mazi T\u00fcrk\u00e7e"},"image":{"@id":"https:\/\/darkamazi.site\/#\/schema\/logo\/image\/"},"sameAs":["https:\/\/www.facebook.com\/DarkaMaziturkce","https:\/\/x.com\/DarkaMaziTurkce"]},{"@type":"Person","@id":"https:\/\/darkamazi.site\/#\/schema\/person\/67986a95ac546c16760365877ef4a9d3","name":"darka mazi","sameAs":["https:\/\/darkamazi.site"],"url":"https:\/\/darkamazi.site\/archives\/author\/turkish"}]}},"_links":{"self":[{"href":"https:\/\/darkamazi.site\/funavuv\/wp\/v2\/posts\/1015987","targetHints":{"allow":["GET"]}}],"collection":[{"href":"https:\/\/darkamazi.site\/funavuv\/wp\/v2\/posts"}],"about":[{"href":"https:\/\/darkamazi.site\/funavuv\/wp\/v2\/types\/post"}],"author":[{"embeddable":true,"href":"https:\/\/darkamazi.site\/funavuv\/wp\/v2\/users\/2"}],"replies":[{"embeddable":true,"href":"https:\/\/darkamazi.site\/funavuv\/wp\/v2\/comments?post=1015987"}],"version-history":[{"count":0,"href":"https:\/\/darkamazi.site\/funavuv\/wp\/v2\/posts\/1015987\/revisions"}],"wp:featuredmedia":[{"embeddable":true,"href":"https:\/\/darkamazi.site\/funavuv\/wp\/v2\/media\/1015988"}],"wp:attachment":[{"href":"https:\/\/darkamazi.site\/funavuv\/wp\/v2\/media?parent=1015987"}],"wp:term":[{"taxonomy":"category","embeddable":true,"href":"https:\/\/darkamazi.site\/funavuv\/wp\/v2\/categories?post=1015987"},{"taxonomy":"post_tag","embeddable":true,"href":"https:\/\/darkamazi.site\/funavuv\/wp\/v2\/tags?post=1015987"}],"curies":[{"name":"wp","href":"https:\/\/api.w.org\/{rel}","templated":true}]}}