{"id":1016006,"date":"2021-08-22T14:28:16","date_gmt":"2021-08-22T11:28:16","guid":{"rendered":"https:\/\/darkamazi.site\/?p=1016006"},"modified":"2021-08-22T14:28:16","modified_gmt":"2021-08-22T11:28:16","slug":"pkknin-sengal-kayyumu-sozdar-avestaya-bir-nasihat","status":"publish","type":"post","link":"https:\/\/darkamazi.site\/archives\/1016006","title":{"rendered":"PKK\u2019nin \u015eengal kayyumu Sozdar Avesta\u2019ya bir nasihat"},"content":{"rendered":"<p style=\"text-align: justify\">KCK Genel Ba\u015fkanl\u0131k Konseyi \u00fcyesi Sozdar Avesta\u2019n\u0131n ANF\u2019de bir konu\u015fmas\u0131 yay\u0131nland\u0131. Asl\u0131nda Sozdar Avesta PKK\u2019nin sadece vitrinde kulland\u0131\u011f\u0131 etkisiz bir eleman\u0131. Fakat ebetteki s\u00f6yledikleri PKK\u2019nin \u015eengal siyasetinin bir par\u00e7as\u0131. Hatta Sozdar Avesta kendi kimli\u011fi ile bu siyasetin bir par\u00e7as\u0131. Sozdar Avesta \u015eengal\u2019de 2 A\u011fustos 2014 tarihinde ba\u015flayan 73\u2019\u00fcnc\u00fc Ezidi ferman\u0131ndan sonra Ezidi kimli\u011fi ile piyasaya \u00e7\u0131kt\u0131. \u015eu anda d\u00fcnyadaki t\u00fcm Ezidilerin temsilcisi gibi hareket ediyor. Oysaki ger\u00e7ekte Sozdar Avesta PKK\u2019nin \u015eengal\u2019e atad\u0131\u011f\u0131 bir kayyumdur.<\/p>\n<p style=\"text-align: justify\">Kendisi de Ezidi bir aileden gelen Sozdar Avesta \u015eengal\u2019li de\u011fil. Be\u015firi Ezidilerinden ve k\u00fc\u00e7\u00fck ya\u015fta Avrupa\u2019ya gitmi\u015f. \u015eengal\u2019de DA\u0130\u015e\u2019nin sald\u0131r\u0131lar\u0131lara kadar Ezidiler i\u00e7in bir ta\u015f atmam\u0131\u015f biridir. \u015eengal Ezidilerin durumu da di\u011fer yerlerdeki Ezdilerden \u00e7ok farkl\u0131d\u0131r. Ger\u00e7e\u011fe bakarsan\u0131z Avrupa\u2019ya yerle\u015fmi\u015f 40-50 y\u0131ld\u0131r Avrupa ko\u015fullar\u0131nda ya\u015fayan bir Ezidi\u2019nin \u015eengal\u2019de i\u00e7me suyu bulamayan, 45 derece s\u0131cakta, toprak daml\u0131 evde ya\u015fayan bir Ezidi ad\u0131na konu\u015fmas\u0131 ger\u00e7ek\u00e7i de\u011fildir. PKK \u015fu anda \u015eengal\u2019de k\u00fc\u00e7\u00fck bir topluma hitap etti\u011fi i\u00e7in Ermenistan, Rusya ve Avrupa\u2019dan Ezidilerle say\u0131y\u0131 \u00e7ok g\u00f6stermeye \u00e7al\u0131\u015f\u0131yor. Birbirleri ile duyguda\u015fl\u0131k i\u00e7inde olabilirler ve olmal\u0131larda. Fakat \u00a0farkl\u0131 siyasal ve sosyal ko\u015fullarda ya\u015famaktad\u0131r. Sorunlar\u0131 bamba\u015fkad\u0131r. Bu nedenle de birbirleri ad\u0131na s\u00f6z s\u00f6yleme hakk\u0131na sahip de\u011filler. Hele Sozdar Avesta hi\u00e7 de\u011fil.<\/p>\n<p style=\"text-align: justify\">Asl\u0131nda PKK \u015eengal\u2019deki Ezidi toplumunun e\u011fitimsizli\u011fini, d\u0131\u015f d\u00fcnya ile ba\u011flant\u0131s\u0131zl\u0131\u011f\u0131n\u0131 ve kendi i\u00e7inde \u00f6rg\u00fctl\u00fc olmamas\u0131n\u0131 istismar ediyor. PKK Ezidi toplumunu cahil g\u00f6r\u00fcyor, bu nedenle Ezidi toplumunu sonuna kadar s\u00f6m\u00fcr\u00fcyor. Bunun i\u00e7inde \u00c7\u0131ra TV gibi yay\u0131n organlar\u0131nda Ezidi toplumunu \u00a0negatif- kara bir propaganda bombard\u0131man\u0131na tutmu\u015f durumda.\u00a0 Bunun bir aya\u011f\u0131n\u0131 da Sozdar Avesta olu\u015fturuyor. PKK, Sozdar Avesta\u2019n\u0131n Ezidi kimli\u011fini istismar ediyor. Sozdar Avesta\u2019da Ezidilerin yaralar\u0131n\u0131 ve ac\u0131lar\u0131n\u0131 istismar ediyor. D\u00f6ng\u00fc b\u00f6yle devam ediyor.<br \/>\nAvesta\u2019n\u0131n bu g\u00fcn ANF\u2019de yay\u0131nlanan bir konu\u015fmas\u0131nda Irak ve K\u00fcrdistan B\u00f6lgesi ve BM aras\u0131nda imzalanan \u015eengal anla\u015fmas\u0131na dair bir yorum vard\u0131. Avesta\u2019n\u0131n konu\u015fmas\u0131nda \u015fu ifadeler yer al\u0131yor: \u201cAnla\u015fma nedir? Anla\u015fma \u015eengal\u2019in bo\u015falt\u0131lmas\u0131, \u015eengal halk\u0131n\u0131n iradesinin k\u0131r\u0131lmas\u0131, \u015eengallilerin \u015eengal\u2019den \u00e7\u0131kar\u0131lmas\u0131d\u0131r\u201d. \u00a0\u0130\u015fte s\u00f6z\u00fcn\u00fc etti\u011fimiz Ezidileri kand\u0131rma burada ba\u015fl\u0131yor. Ezidilerin kurtulu\u015fu i\u00e7in biricik olan bir anla\u015fma PKK taraf\u0131ndan b\u00f6yle lanse ediliyor. Avesta h\u0131z\u0131n\u0131 alamay\u0131p t\u00fcm Ezidiler ad\u0131na da \u015funu s\u00f6yl\u00fcyor. \u201c Ezidiler bu anla\u015fmay\u0131 hi\u00e7bir zaman kabul etmeyecek, onlar\u0131nda s\u00f6yledi\u011fi gibi sonuna kadar direnecekler\u201d. Oysaki bu s\u00f6z\u00fc Ezidi halk\u0131 s\u00f6ylemiyor. \u015eengal\u2019lilerin y\u00fczde 80\u2019i hala Duhok\u2019taki kamplarda ya\u015f\u0131yor. Geriye kalan y\u00fczde yirmilik b\u00f6l\u00fcm\u00fcn ise ancak y\u00fczde 5\u2019i PKK etraf\u0131nda k\u00fcmelenmi\u015f. Bu y\u00fczde 5\u2019inde yar\u0131s\u0131 \u00e7ocuklar\u0131 YB\u015e i\u00e7inde oldu\u011fu ve maa\u015f ald\u0131klar\u0131 i\u00e7in sesini etmiyor. Yani PKK\u2019nin \u015eengal\u2019deki Ezidi deste\u011fi y\u00fczde 3 gibi bir \u015feydir.<\/p>\n<p style=\"text-align: justify\">\u00a0 \u015eengal\u2019de halk b\u00fcy\u00fck bir yoksulluk i\u00e7inde ya\u015f\u0131yor. Sozdar Avesta tuzu kuru, Ezidiler ad\u0131na her \u015feye karar veriyor fakat Ezidilerin \u00e7ekti\u011fi zorluklardan haberi yok. Kendisi bir g\u00fcn \u0130ran g\u00fcvencesi alt\u0131nda S\u00fcleymaniye\u2019de bir g\u00fcn Qamislo\u2019da g\u00fcvenli\u011fi ve hizmetlileri ile ya\u015f\u0131yor. Elini so\u011fuk sudan s\u0131cak suya sokmuyor. Sonra da 45 derece, i\u00e7me suyu bulamayan, yoksul insanlar ad\u0131na direnme karar\u0131 al\u0131yor. Ne ad\u0131na direnme? PKK\u2019nin \u0130ran ile gizli ajandas\u0131 i\u00e7in mi?<\/p>\n<p style=\"text-align: justify\">Sozdar Avesta\u2019ya s\u00f6ylenecek tek \u015fey vard\u0131r: E\u011fer ger\u00e7ekten Ezidilere kar\u015f\u0131 k\u00fc\u00e7\u00fck bir vefa ve sayg\u0131s\u0131 varsa \u00f6ncelikle Ezidilerin \u015eii hilal\u0131 projesinin kurban\u0131 olmas\u0131n\u0131 engellemelidir. E\u011fer biraz Ezidi toplumuna ac\u0131yor ve vicdanl\u0131 yakla\u015fmak istiyorsa \u00a0PKK\u2019nin \u015eengal halk\u0131n\u0131 canl\u0131 kalkan olarak kullanmas\u0131n\u0131 ve \u015eengal\u2019i T\u00fcrklerin hedefi haline getirmesini engellemelidir.<\/p>\n<p style=\"text-align: justify\">E\u011fer Sozdar Avesta\u2019da zerre Ezidilik varsa Ezidilerin Irak bayra\u011f\u0131 alt\u0131na itilmesini, K\u00fcrdistan d\u00fc\u015fman\u0131 haline getirilmesini engeller. \u015eu anda Ezidileri kurtaracak tek \u015fey vard\u0131r o da 9 Ekim anla\u015fmas\u0131d\u0131r.<\/p>\n","protected":false},"excerpt":{"rendered":"<p>KCK Genel Ba\u015fkanl\u0131k Konseyi \u00fcyesi Sozdar Avesta\u2019n\u0131n ANF\u2019de bir konu\u015fmas\u0131 yay\u0131nland\u0131. Asl\u0131nda Sozdar Avesta PKK\u2019nin sadece vitrinde kulland\u0131\u011f\u0131 etkisiz bir eleman\u0131. Fakat ebetteki s\u00f6yledikleri PKK\u2019nin \u015eengal siyasetinin bir par\u00e7as\u0131. Hatta Sozdar Avesta kendi kimli\u011fi ile bu siyasetin bir par\u00e7as\u0131. Sozdar Avesta \u015eengal\u2019de 2 A\u011fustos 2014 tarihinde ba\u015flayan 73\u2019\u00fcnc\u00fc Ezidi ferman\u0131ndan sonra Ezidi kimli\u011fi ile piyasaya [&hellip;]<\/p>\n","protected":false},"author":2,"featured_media":1016007,"comment_status":"closed","ping_status":"closed","sticky":false,"template":"","format":"standard","meta":{"footnotes":""},"categories":[3],"tags":[31],"class_list":["post-1016006","post","type-post","status-publish","format-standard","has-post-thumbnail","hentry","category-kurdistan","tag-onemli"],"blocksy_meta":[],"seo_head":"<!-- This site is optimized with the Yoast SEO plugin v27.5 - https:\/\/yoast.com\/product\/yoast-seo-wordpress\/ -->\n<title>PKK\u2019nin \u015eengal kayyumu Sozdar Avesta\u2019ya bir nasihat - Darka Mazi<\/title>\n<meta name=\"robots\" content=\"index, follow, max-snippet:-1, max-image-preview:large, max-video-preview:-1\" \/>\n<link rel=\"canonical\" href=\"https:\/\/darkamazi.site\/archives\/1016006\" \/>\n<meta property=\"og:locale\" content=\"en_US\" \/>\n<meta property=\"og:type\" content=\"article\" \/>\n<meta property=\"og:title\" content=\"PKK\u2019nin \u015eengal kayyumu Sozdar Avesta\u2019ya bir nasihat - Darka Mazi\" \/>\n<meta property=\"og:description\" content=\"KCK Genel Ba\u015fkanl\u0131k Konseyi \u00fcyesi Sozdar Avesta\u2019n\u0131n ANF\u2019de bir konu\u015fmas\u0131 yay\u0131nland\u0131. Asl\u0131nda Sozdar Avesta PKK\u2019nin sadece vitrinde kulland\u0131\u011f\u0131 etkisiz bir eleman\u0131. Fakat ebetteki s\u00f6yledikleri PKK\u2019nin \u015eengal siyasetinin bir par\u00e7as\u0131. Hatta Sozdar Avesta kendi kimli\u011fi ile bu siyasetin bir par\u00e7as\u0131. Sozdar Avesta \u015eengal\u2019de 2 A\u011fustos 2014 tarihinde ba\u015flayan 73\u2019\u00fcnc\u00fc Ezidi ferman\u0131ndan sonra Ezidi kimli\u011fi ile piyasaya [&hellip;]\" \/>\n<meta property=\"og:url\" content=\"https:\/\/darkamazi.site\/archives\/1016006\" \/>\n<meta property=\"og:site_name\" content=\"Darka Mazi\" \/>\n<meta property=\"article:publisher\" content=\"https:\/\/www.facebook.com\/DarkaMaziturkce\" \/>\n<meta property=\"article:published_time\" content=\"2021-08-22T11:28:16+00:00\" \/>\n<meta property=\"og:image\" content=\"https:\/\/darkamazi.site\/file\/2021\/08\/sozdar-avesta.jpg\" \/>\n\t<meta property=\"og:image:width\" content=\"900\" \/>\n\t<meta property=\"og:image:height\" content=\"497\" \/>\n\t<meta property=\"og:image:type\" content=\"image\/jpeg\" \/>\n<meta name=\"author\" content=\"darka mazi\" \/>\n<meta name=\"twitter:card\" content=\"summary_large_image\" \/>\n<meta name=\"twitter:creator\" content=\"@DarkaMaziTurkce\" \/>\n<meta name=\"twitter:site\" content=\"@DarkaMaziTurkce\" \/>\n<meta name=\"twitter:label1\" content=\"Written by\" \/>\n\t<meta name=\"twitter:data1\" content=\"darka mazi\" \/>\n\t<meta name=\"twitter:label2\" content=\"Est. reading time\" \/>\n\t<meta name=\"twitter:data2\" content=\"3 minutes\" \/>\n<script type=\"application\/ld+json\" class=\"seo-schema-graph\">{\"@context\":\"https:\\\/\\\/schema.org\",\"@graph\":[{\"@type\":\"NewsArticle\",\"@id\":\"https:\\\/\\\/darkamazi.site\\\/archives\\\/1016006#article\",\"isPartOf\":{\"@id\":\"https:\\\/\\\/darkamazi.site\\\/archives\\\/1016006\"},\"author\":{\"name\":\"darka mazi\",\"@id\":\"https:\\\/\\\/darkamazi.site\\\/#\\\/schema\\\/person\\\/67986a95ac546c16760365877ef4a9d3\"},\"headline\":\"PKK\u2019nin \u015eengal kayyumu Sozdar Avesta\u2019ya bir nasihat\",\"datePublished\":\"2021-08-22T11:28:16+00:00\",\"mainEntityOfPage\":{\"@id\":\"https:\\\/\\\/darkamazi.site\\\/archives\\\/1016006\"},\"wordCount\":774,\"publisher\":{\"@id\":\"https:\\\/\\\/darkamazi.site\\\/#organization\"},\"image\":{\"@id\":\"https:\\\/\\\/darkamazi.site\\\/archives\\\/1016006#primaryimage\"},\"thumbnailUrl\":\"https:\\\/\\\/darkamazi.site\\\/darka-content\\\/uploads\\\/2021\\\/08\\\/sozdar-avesta.jpg\",\"keywords\":[\"\u00f6nemli\"],\"articleSection\":[\"Kurdistan\"],\"inLanguage\":\"en-US\"},{\"@type\":\"WebPage\",\"@id\":\"https:\\\/\\\/darkamazi.site\\\/archives\\\/1016006\",\"url\":\"https:\\\/\\\/darkamazi.site\\\/archives\\\/1016006\",\"name\":\"PKK\u2019nin \u015eengal kayyumu Sozdar Avesta\u2019ya bir nasihat - Darka Mazi\",\"isPartOf\":{\"@id\":\"https:\\\/\\\/darkamazi.site\\\/#website\"},\"primaryImageOfPage\":{\"@id\":\"https:\\\/\\\/darkamazi.site\\\/archives\\\/1016006#primaryimage\"},\"image\":{\"@id\":\"https:\\\/\\\/darkamazi.site\\\/archives\\\/1016006#primaryimage\"},\"thumbnailUrl\":\"https:\\\/\\\/darkamazi.site\\\/darka-content\\\/uploads\\\/2021\\\/08\\\/sozdar-avesta.jpg\",\"datePublished\":\"2021-08-22T11:28:16+00:00\",\"breadcrumb\":{\"@id\":\"https:\\\/\\\/darkamazi.site\\\/archives\\\/1016006#breadcrumb\"},\"inLanguage\":\"en-US\",\"potentialAction\":[{\"@type\":\"ReadAction\",\"target\":[\"https:\\\/\\\/darkamazi.site\\\/archives\\\/1016006\"]}]},{\"@type\":\"ImageObject\",\"inLanguage\":\"en-US\",\"@id\":\"https:\\\/\\\/darkamazi.site\\\/archives\\\/1016006#primaryimage\",\"url\":\"https:\\\/\\\/darkamazi.site\\\/darka-content\\\/uploads\\\/2021\\\/08\\\/sozdar-avesta.jpg\",\"contentUrl\":\"https:\\\/\\\/darkamazi.site\\\/darka-content\\\/uploads\\\/2021\\\/08\\\/sozdar-avesta.jpg\",\"width\":900,\"height\":497,\"caption\":\"PKK\u2019nin \u015eengal kayyumu Sozdar Avesta\u2019ya bir nasihat Ezidiler, PKK, KCK Ba\u015fkanl\u0131k Konseyi, \u015eii Hilali, 9 Ekim anla\u015fmas\u0131,\"},{\"@type\":\"BreadcrumbList\",\"@id\":\"https:\\\/\\\/darkamazi.site\\\/archives\\\/1016006#breadcrumb\",\"itemListElement\":[{\"@type\":\"ListItem\",\"position\":1,\"name\":\"Home\",\"item\":\"https:\\\/\\\/darkamazi.site\\\/\"},{\"@type\":\"ListItem\",\"position\":2,\"name\":\"PKK\u2019nin \u015eengal kayyumu Sozdar Avesta\u2019ya bir nasihat\"}]},{\"@type\":\"WebSite\",\"@id\":\"https:\\\/\\\/darkamazi.site\\\/#website\",\"url\":\"https:\\\/\\\/darkamazi.site\\\/\",\"name\":\"Darka Mazi\",\"description\":\"Ana Sayfa\",\"publisher\":{\"@id\":\"https:\\\/\\\/darkamazi.site\\\/#organization\"},\"potentialAction\":[{\"@type\":\"SearchAction\",\"target\":{\"@type\":\"EntryPoint\",\"urlTemplate\":\"https:\\\/\\\/darkamazi.site\\\/?s={search_term_string}\"},\"query-input\":{\"@type\":\"PropertyValueSpecification\",\"valueRequired\":true,\"valueName\":\"search_term_string\"}}],\"inLanguage\":\"en-US\"},{\"@type\":\"Organization\",\"@id\":\"https:\\\/\\\/darkamazi.site\\\/#organization\",\"name\":\"Darka Mazi T\u00fcrk\u00e7e\",\"alternateName\":\"Darka Mazi\",\"url\":\"https:\\\/\\\/darkamazi.site\\\/\",\"logo\":{\"@type\":\"ImageObject\",\"inLanguage\":\"en-US\",\"@id\":\"https:\\\/\\\/darkamazi.site\\\/#\\\/schema\\\/logo\\\/image\\\/\",\"url\":\"https:\\\/\\\/darkamazi.site\\\/darka-content\\\/uploads\\\/2017\\\/12\\\/darka-mazi-logo.png\",\"contentUrl\":\"https:\\\/\\\/darkamazi.site\\\/darka-content\\\/uploads\\\/2017\\\/12\\\/darka-mazi-logo.png\",\"width\":151,\"height\":75,\"caption\":\"Darka Mazi T\u00fcrk\u00e7e\"},\"image\":{\"@id\":\"https:\\\/\\\/darkamazi.site\\\/#\\\/schema\\\/logo\\\/image\\\/\"},\"sameAs\":[\"https:\\\/\\\/www.facebook.com\\\/DarkaMaziturkce\",\"https:\\\/\\\/x.com\\\/DarkaMaziTurkce\"]},{\"@type\":\"Person\",\"@id\":\"https:\\\/\\\/darkamazi.site\\\/#\\\/schema\\\/person\\\/67986a95ac546c16760365877ef4a9d3\",\"name\":\"darka mazi\",\"sameAs\":[\"https:\\\/\\\/darkamazi.site\"],\"url\":\"https:\\\/\\\/darkamazi.site\\\/archives\\\/author\\\/turkish\"}]}<\/script>\n<!-- \/ Yoast SEO plugin. -->","seo_head_json":{"title":"PKK\u2019nin \u015eengal kayyumu Sozdar Avesta\u2019ya bir nasihat - Darka Mazi","robots":{"index":"index","follow":"follow","max-snippet":"max-snippet:-1","max-image-preview":"max-image-preview:large","max-video-preview":"max-video-preview:-1"},"canonical":"https:\/\/darkamazi.site\/archives\/1016006","og_locale":"en_US","og_type":"article","og_title":"PKK\u2019nin \u015eengal kayyumu Sozdar Avesta\u2019ya bir nasihat - Darka Mazi","og_description":"KCK Genel Ba\u015fkanl\u0131k Konseyi \u00fcyesi Sozdar Avesta\u2019n\u0131n ANF\u2019de bir konu\u015fmas\u0131 yay\u0131nland\u0131. Asl\u0131nda Sozdar Avesta PKK\u2019nin sadece vitrinde kulland\u0131\u011f\u0131 etkisiz bir eleman\u0131. Fakat ebetteki s\u00f6yledikleri PKK\u2019nin \u015eengal siyasetinin bir par\u00e7as\u0131. Hatta Sozdar Avesta kendi kimli\u011fi ile bu siyasetin bir par\u00e7as\u0131. Sozdar Avesta \u015eengal\u2019de 2 A\u011fustos 2014 tarihinde ba\u015flayan 73\u2019\u00fcnc\u00fc Ezidi ferman\u0131ndan sonra Ezidi kimli\u011fi ile piyasaya [&hellip;]","og_url":"https:\/\/darkamazi.site\/archives\/1016006","og_site_name":"Darka Mazi","article_publisher":"https:\/\/www.facebook.com\/DarkaMaziturkce","article_published_time":"2021-08-22T11:28:16+00:00","og_image":[{"width":900,"height":497,"url":"https:\/\/darkamazi.site\/file\/2021\/08\/sozdar-avesta.jpg","type":"image\/jpeg"}],"author":"darka mazi","twitter_card":"summary_large_image","twitter_creator":"@DarkaMaziTurkce","twitter_site":"@DarkaMaziTurkce","twitter_misc":{"Written by":"darka mazi","Est. reading time":"3 minutes"},"schema":{"@context":"https:\/\/schema.org","@graph":[{"@type":"NewsArticle","@id":"https:\/\/darkamazi.site\/archives\/1016006#article","isPartOf":{"@id":"https:\/\/darkamazi.site\/archives\/1016006"},"author":{"name":"darka mazi","@id":"https:\/\/darkamazi.site\/#\/schema\/person\/67986a95ac546c16760365877ef4a9d3"},"headline":"PKK\u2019nin \u015eengal kayyumu Sozdar Avesta\u2019ya bir nasihat","datePublished":"2021-08-22T11:28:16+00:00","mainEntityOfPage":{"@id":"https:\/\/darkamazi.site\/archives\/1016006"},"wordCount":774,"publisher":{"@id":"https:\/\/darkamazi.site\/#organization"},"image":{"@id":"https:\/\/darkamazi.site\/archives\/1016006#primaryimage"},"thumbnailUrl":"https:\/\/darkamazi.site\/file\/2021\/08\/sozdar-avesta.jpg","keywords":["\u00f6nemli"],"articleSection":["Kurdistan"],"inLanguage":"en-US"},{"@type":"WebPage","@id":"https:\/\/darkamazi.site\/archives\/1016006","url":"https:\/\/darkamazi.site\/archives\/1016006","name":"PKK\u2019nin \u015eengal kayyumu Sozdar Avesta\u2019ya bir nasihat - Darka Mazi","isPartOf":{"@id":"https:\/\/darkamazi.site\/#website"},"primaryImageOfPage":{"@id":"https:\/\/darkamazi.site\/archives\/1016006#primaryimage"},"image":{"@id":"https:\/\/darkamazi.site\/archives\/1016006#primaryimage"},"thumbnailUrl":"https:\/\/darkamazi.site\/file\/2021\/08\/sozdar-avesta.jpg","datePublished":"2021-08-22T11:28:16+00:00","breadcrumb":{"@id":"https:\/\/darkamazi.site\/archives\/1016006#breadcrumb"},"inLanguage":"en-US","potentialAction":[{"@type":"ReadAction","target":["https:\/\/darkamazi.site\/archives\/1016006"]}]},{"@type":"ImageObject","inLanguage":"en-US","@id":"https:\/\/darkamazi.site\/archives\/1016006#primaryimage","url":"https:\/\/darkamazi.site\/file\/2021\/08\/sozdar-avesta.jpg","contentUrl":"https:\/\/darkamazi.site\/file\/2021\/08\/sozdar-avesta.jpg","width":900,"height":497,"caption":"PKK\u2019nin \u015eengal kayyumu Sozdar Avesta\u2019ya bir nasihat Ezidiler, PKK, KCK Ba\u015fkanl\u0131k Konseyi, \u015eii Hilali, 9 Ekim anla\u015fmas\u0131,"},{"@type":"BreadcrumbList","@id":"https:\/\/darkamazi.site\/archives\/1016006#breadcrumb","itemListElement":[{"@type":"ListItem","position":1,"name":"Home","item":"https:\/\/darkamazi.site\/"},{"@type":"ListItem","position":2,"name":"PKK\u2019nin \u015eengal kayyumu Sozdar Avesta\u2019ya bir nasihat"}]},{"@type":"WebSite","@id":"https:\/\/darkamazi.site\/#website","url":"https:\/\/darkamazi.site\/","name":"Darka Mazi","description":"Ana Sayfa","publisher":{"@id":"https:\/\/darkamazi.site\/#organization"},"potentialAction":[{"@type":"SearchAction","target":{"@type":"EntryPoint","urlTemplate":"https:\/\/darkamazi.site\/?s={search_term_string}"},"query-input":{"@type":"PropertyValueSpecification","valueRequired":true,"valueName":"search_term_string"}}],"inLanguage":"en-US"},{"@type":"Organization","@id":"https:\/\/darkamazi.site\/#organization","name":"Darka Mazi T\u00fcrk\u00e7e","alternateName":"Darka Mazi","url":"https:\/\/darkamazi.site\/","logo":{"@type":"ImageObject","inLanguage":"en-US","@id":"https:\/\/darkamazi.site\/#\/schema\/logo\/image\/","url":"https:\/\/darkamazi.site\/file\/2017\/12\/darka-mazi-logo.png","contentUrl":"https:\/\/darkamazi.site\/file\/2017\/12\/darka-mazi-logo.png","width":151,"height":75,"caption":"Darka Mazi T\u00fcrk\u00e7e"},"image":{"@id":"https:\/\/darkamazi.site\/#\/schema\/logo\/image\/"},"sameAs":["https:\/\/www.facebook.com\/DarkaMaziturkce","https:\/\/x.com\/DarkaMaziTurkce"]},{"@type":"Person","@id":"https:\/\/darkamazi.site\/#\/schema\/person\/67986a95ac546c16760365877ef4a9d3","name":"darka mazi","sameAs":["https:\/\/darkamazi.site"],"url":"https:\/\/darkamazi.site\/archives\/author\/turkish"}]}},"_links":{"self":[{"href":"https:\/\/darkamazi.site\/funavuv\/wp\/v2\/posts\/1016006","targetHints":{"allow":["GET"]}}],"collection":[{"href":"https:\/\/darkamazi.site\/funavuv\/wp\/v2\/posts"}],"about":[{"href":"https:\/\/darkamazi.site\/funavuv\/wp\/v2\/types\/post"}],"author":[{"embeddable":true,"href":"https:\/\/darkamazi.site\/funavuv\/wp\/v2\/users\/2"}],"replies":[{"embeddable":true,"href":"https:\/\/darkamazi.site\/funavuv\/wp\/v2\/comments?post=1016006"}],"version-history":[{"count":0,"href":"https:\/\/darkamazi.site\/funavuv\/wp\/v2\/posts\/1016006\/revisions"}],"wp:featuredmedia":[{"embeddable":true,"href":"https:\/\/darkamazi.site\/funavuv\/wp\/v2\/media\/1016007"}],"wp:attachment":[{"href":"https:\/\/darkamazi.site\/funavuv\/wp\/v2\/media?parent=1016006"}],"wp:term":[{"taxonomy":"category","embeddable":true,"href":"https:\/\/darkamazi.site\/funavuv\/wp\/v2\/categories?post=1016006"},{"taxonomy":"post_tag","embeddable":true,"href":"https:\/\/darkamazi.site\/funavuv\/wp\/v2\/tags?post=1016006"}],"curies":[{"name":"wp","href":"https:\/\/api.w.org\/{rel}","templated":true}]}}