{"id":1016221,"date":"2021-09-05T08:29:58","date_gmt":"2021-09-05T05:29:58","guid":{"rendered":"https:\/\/darkamazi.site\/?p=1016221"},"modified":"2021-09-05T08:29:58","modified_gmt":"2021-09-05T05:29:58","slug":"kdp-pkknin-7-uyelerinin-olduruldugu-yonundeki-iddalari-tamamen-asilsizdir","status":"publish","type":"post","link":"https:\/\/darkamazi.site\/archives\/1016221","title":{"rendered":"KDP: PKK&#8217;nin 7 \u00fcyelerinin \u00f6ld\u00fcr\u00fcld\u00fc\u011f\u00fc y\u00f6n\u00fcndeki iddalar\u0131 tamamen as\u0131ls\u0131zd\u0131r"},"content":{"rendered":"<p style=\"text-align: justify\">KDP S\u00f6zc\u00fcs\u00fc\u00a0Mahmud Muhammed, PKK\u2019nin silahl\u0131 kanad\u0131 HPG taraf\u0131ndan ortaya at\u0131lan 7 mensuplar\u0131n\u0131n Xelifan b\u00f6lgesinde \u00f6ld\u00fcr\u00fclmesiyle ilgili iddiay\u0131 yalanlad\u0131.<\/p>\n<p style=\"text-align: justify\">Yaz\u0131l\u0131 a\u00e7\u0131klamada \u015f\u00f6yle denildi:<\/p>\n<p style=\"text-align: justify\">\u201cPKK\u2019ye ba\u011fl\u0131 olan ve\u00a0HPG\u00a0ismiyle an\u0131lan bir merkez yapt\u0131\u011f\u0131 a\u00e7\u0131klamada, 7 mensuplar\u0131n\u0131n Xelifan\u2019da KDP taraf\u0131ndan \u00f6ld\u00fcr\u00fcld\u00fc\u011f\u00fcn\u00fc iddia etmi\u015ftir!<\/p>\n<p style=\"text-align: justify\">Buradan herkese duyuruyoruz ki bu iddian\u0131n hi\u00e7bir temeli yoktur, ger\u00e7eklerden uzakt\u0131r ve ama\u00e7lar\u0131\u00a0K\u00fcrdistan Demokrat Partisi\u2019nin ad\u0131n\u0131 kullanmalar\u0131 ve ger\u00e7ek d\u0131\u015f\u0131 iddialar\u0131 yaymalar\u0131ndaki ama\u00e7; su\u00e7lar\u0131n\u0131 \u00f6rtmek, yasa d\u0131\u015f\u0131 faaliyetlerine gerek\u00e7e bulmak, K\u00fcrdistan B\u00f6lgesi\u2019ne ihlallerde bulunmakt\u0131r.<\/p>\n<p style=\"text-align: justify\">K\u00fcrdistan halk\u0131\u00a0\u015fu soruyu soruyor ve PKK de cevap vermelidir: PKK mensuplar\u0131 Xelifan b\u00f6lgesinde ne yap\u0131yor, orada ne i\u015fleri var ve o b\u00f6lgeyle alakalar\u0131 nedir?\u201d<\/p>\n","protected":false},"excerpt":{"rendered":"<p>KDP S\u00f6zc\u00fcs\u00fc\u00a0Mahmud Muhammed, PKK\u2019nin silahl\u0131 kanad\u0131 HPG taraf\u0131ndan ortaya at\u0131lan 7 mensuplar\u0131n\u0131n Xelifan b\u00f6lgesinde \u00f6ld\u00fcr\u00fclmesiyle ilgili iddiay\u0131 yalanlad\u0131. Yaz\u0131l\u0131 a\u00e7\u0131klamada \u015f\u00f6yle denildi: \u201cPKK\u2019ye ba\u011fl\u0131 olan ve\u00a0HPG\u00a0ismiyle an\u0131lan bir merkez yapt\u0131\u011f\u0131 a\u00e7\u0131klamada, 7 mensuplar\u0131n\u0131n Xelifan\u2019da KDP taraf\u0131ndan \u00f6ld\u00fcr\u00fcld\u00fc\u011f\u00fcn\u00fc iddia etmi\u015ftir! Buradan herkese duyuruyoruz ki bu iddian\u0131n hi\u00e7bir temeli yoktur, ger\u00e7eklerden uzakt\u0131r ve ama\u00e7lar\u0131\u00a0K\u00fcrdistan Demokrat Partisi\u2019nin ad\u0131n\u0131 [&hellip;]<\/p>\n","protected":false},"author":2,"featured_media":1016222,"comment_status":"closed","ping_status":"closed","sticky":false,"template":"","format":"standard","meta":{"footnotes":""},"categories":[3],"tags":[31],"class_list":["post-1016221","post","type-post","status-publish","format-standard","has-post-thumbnail","hentry","category-kurdistan","tag-onemli"],"blocksy_meta":[],"seo_head":"<!-- This site is optimized with the Yoast SEO plugin v27.5 - https:\/\/yoast.com\/product\/yoast-seo-wordpress\/ -->\n<title>KDP: PKK&#039;nin 7 \u00fcyelerinin \u00f6ld\u00fcr\u00fcld\u00fc\u011f\u00fc y\u00f6n\u00fcndeki iddalar\u0131 tamamen as\u0131ls\u0131zd\u0131r - Darka Mazi<\/title>\n<meta name=\"robots\" content=\"index, follow, max-snippet:-1, max-image-preview:large, max-video-preview:-1\" \/>\n<link rel=\"canonical\" href=\"https:\/\/darkamazi.site\/archives\/1016221\" \/>\n<meta property=\"og:locale\" content=\"en_US\" \/>\n<meta property=\"og:type\" content=\"article\" \/>\n<meta property=\"og:title\" content=\"KDP: PKK&#039;nin 7 \u00fcyelerinin \u00f6ld\u00fcr\u00fcld\u00fc\u011f\u00fc y\u00f6n\u00fcndeki iddalar\u0131 tamamen as\u0131ls\u0131zd\u0131r - Darka Mazi\" \/>\n<meta property=\"og:description\" content=\"KDP S\u00f6zc\u00fcs\u00fc\u00a0Mahmud Muhammed, PKK\u2019nin silahl\u0131 kanad\u0131 HPG taraf\u0131ndan ortaya at\u0131lan 7 mensuplar\u0131n\u0131n Xelifan b\u00f6lgesinde \u00f6ld\u00fcr\u00fclmesiyle ilgili iddiay\u0131 yalanlad\u0131. Yaz\u0131l\u0131 a\u00e7\u0131klamada \u015f\u00f6yle denildi: \u201cPKK\u2019ye ba\u011fl\u0131 olan ve\u00a0HPG\u00a0ismiyle an\u0131lan bir merkez yapt\u0131\u011f\u0131 a\u00e7\u0131klamada, 7 mensuplar\u0131n\u0131n Xelifan\u2019da KDP taraf\u0131ndan \u00f6ld\u00fcr\u00fcld\u00fc\u011f\u00fcn\u00fc iddia etmi\u015ftir! Buradan herkese duyuruyoruz ki bu iddian\u0131n hi\u00e7bir temeli yoktur, ger\u00e7eklerden uzakt\u0131r ve ama\u00e7lar\u0131\u00a0K\u00fcrdistan Demokrat Partisi\u2019nin ad\u0131n\u0131 [&hellip;]\" \/>\n<meta property=\"og:url\" content=\"https:\/\/darkamazi.site\/archives\/1016221\" \/>\n<meta property=\"og:site_name\" content=\"Darka Mazi\" \/>\n<meta property=\"article:publisher\" content=\"https:\/\/www.facebook.com\/DarkaMaziturkce\" \/>\n<meta property=\"article:published_time\" content=\"2021-09-05T05:29:58+00:00\" \/>\n<meta property=\"og:image\" content=\"https:\/\/darkamazi.site\/file\/2021\/09\/KDP-ve-PKK.jpg\" \/>\n\t<meta property=\"og:image:width\" content=\"2000\" \/>\n\t<meta property=\"og:image:height\" content=\"1200\" \/>\n\t<meta property=\"og:image:type\" content=\"image\/jpeg\" \/>\n<meta name=\"author\" content=\"darka mazi\" \/>\n<meta name=\"twitter:card\" content=\"summary_large_image\" \/>\n<meta name=\"twitter:creator\" content=\"@DarkaMaziTurkce\" \/>\n<meta name=\"twitter:site\" content=\"@DarkaMaziTurkce\" \/>\n<meta name=\"twitter:label1\" content=\"Written by\" \/>\n\t<meta name=\"twitter:data1\" content=\"darka mazi\" \/>\n\t<meta name=\"twitter:label2\" content=\"Est. reading time\" \/>\n\t<meta name=\"twitter:data2\" content=\"1 minute\" \/>\n<script type=\"application\/ld+json\" class=\"seo-schema-graph\">{\"@context\":\"https:\\\/\\\/schema.org\",\"@graph\":[{\"@type\":\"NewsArticle\",\"@id\":\"https:\\\/\\\/darkamazi.site\\\/archives\\\/1016221#article\",\"isPartOf\":{\"@id\":\"https:\\\/\\\/darkamazi.site\\\/archives\\\/1016221\"},\"author\":{\"name\":\"darka mazi\",\"@id\":\"https:\\\/\\\/darkamazi.site\\\/#\\\/schema\\\/person\\\/67986a95ac546c16760365877ef4a9d3\"},\"headline\":\"KDP: PKK&#8217;nin 7 \u00fcyelerinin \u00f6ld\u00fcr\u00fcld\u00fc\u011f\u00fc y\u00f6n\u00fcndeki iddalar\u0131 tamamen as\u0131ls\u0131zd\u0131r\",\"datePublished\":\"2021-09-05T05:29:58+00:00\",\"mainEntityOfPage\":{\"@id\":\"https:\\\/\\\/darkamazi.site\\\/archives\\\/1016221\"},\"wordCount\":162,\"publisher\":{\"@id\":\"https:\\\/\\\/darkamazi.site\\\/#organization\"},\"image\":{\"@id\":\"https:\\\/\\\/darkamazi.site\\\/archives\\\/1016221#primaryimage\"},\"thumbnailUrl\":\"https:\\\/\\\/darkamazi.site\\\/darka-content\\\/uploads\\\/2021\\\/09\\\/KDP-ve-PKK.jpg\",\"keywords\":[\"\u00f6nemli\"],\"articleSection\":[\"Kurdistan\"],\"inLanguage\":\"en-US\"},{\"@type\":\"WebPage\",\"@id\":\"https:\\\/\\\/darkamazi.site\\\/archives\\\/1016221\",\"url\":\"https:\\\/\\\/darkamazi.site\\\/archives\\\/1016221\",\"name\":\"KDP: PKK'nin 7 \u00fcyelerinin \u00f6ld\u00fcr\u00fcld\u00fc\u011f\u00fc y\u00f6n\u00fcndeki iddalar\u0131 tamamen as\u0131ls\u0131zd\u0131r - Darka Mazi\",\"isPartOf\":{\"@id\":\"https:\\\/\\\/darkamazi.site\\\/#website\"},\"primaryImageOfPage\":{\"@id\":\"https:\\\/\\\/darkamazi.site\\\/archives\\\/1016221#primaryimage\"},\"image\":{\"@id\":\"https:\\\/\\\/darkamazi.site\\\/archives\\\/1016221#primaryimage\"},\"thumbnailUrl\":\"https:\\\/\\\/darkamazi.site\\\/darka-content\\\/uploads\\\/2021\\\/09\\\/KDP-ve-PKK.jpg\",\"datePublished\":\"2021-09-05T05:29:58+00:00\",\"breadcrumb\":{\"@id\":\"https:\\\/\\\/darkamazi.site\\\/archives\\\/1016221#breadcrumb\"},\"inLanguage\":\"en-US\",\"potentialAction\":[{\"@type\":\"ReadAction\",\"target\":[\"https:\\\/\\\/darkamazi.site\\\/archives\\\/1016221\"]}]},{\"@type\":\"ImageObject\",\"inLanguage\":\"en-US\",\"@id\":\"https:\\\/\\\/darkamazi.site\\\/archives\\\/1016221#primaryimage\",\"url\":\"https:\\\/\\\/darkamazi.site\\\/darka-content\\\/uploads\\\/2021\\\/09\\\/KDP-ve-PKK.jpg\",\"contentUrl\":\"https:\\\/\\\/darkamazi.site\\\/darka-content\\\/uploads\\\/2021\\\/09\\\/KDP-ve-PKK.jpg\",\"width\":2000,\"height\":1200,\"caption\":\"KDP: PKK'nin 7 \u00fcyelerinin \u00f6ld\u00fcr\u00fcld\u00fc\u011f\u00fc y\u00f6n\u00fcndeki iddalar\u0131 tamamen as\u0131ls\u0131zd\u0131r Mahmud Muhammed Xalifan, HPG, Gerilla\"},{\"@type\":\"BreadcrumbList\",\"@id\":\"https:\\\/\\\/darkamazi.site\\\/archives\\\/1016221#breadcrumb\",\"itemListElement\":[{\"@type\":\"ListItem\",\"position\":1,\"name\":\"Home\",\"item\":\"https:\\\/\\\/darkamazi.site\\\/\"},{\"@type\":\"ListItem\",\"position\":2,\"name\":\"KDP: PKK&#8217;nin 7 \u00fcyelerinin \u00f6ld\u00fcr\u00fcld\u00fc\u011f\u00fc y\u00f6n\u00fcndeki iddalar\u0131 tamamen as\u0131ls\u0131zd\u0131r\"}]},{\"@type\":\"WebSite\",\"@id\":\"https:\\\/\\\/darkamazi.site\\\/#website\",\"url\":\"https:\\\/\\\/darkamazi.site\\\/\",\"name\":\"Darka Mazi\",\"description\":\"Ana Sayfa\",\"publisher\":{\"@id\":\"https:\\\/\\\/darkamazi.site\\\/#organization\"},\"potentialAction\":[{\"@type\":\"SearchAction\",\"target\":{\"@type\":\"EntryPoint\",\"urlTemplate\":\"https:\\\/\\\/darkamazi.site\\\/?s={search_term_string}\"},\"query-input\":{\"@type\":\"PropertyValueSpecification\",\"valueRequired\":true,\"valueName\":\"search_term_string\"}}],\"inLanguage\":\"en-US\"},{\"@type\":\"Organization\",\"@id\":\"https:\\\/\\\/darkamazi.site\\\/#organization\",\"name\":\"Darka Mazi T\u00fcrk\u00e7e\",\"alternateName\":\"Darka Mazi\",\"url\":\"https:\\\/\\\/darkamazi.site\\\/\",\"logo\":{\"@type\":\"ImageObject\",\"inLanguage\":\"en-US\",\"@id\":\"https:\\\/\\\/darkamazi.site\\\/#\\\/schema\\\/logo\\\/image\\\/\",\"url\":\"https:\\\/\\\/darkamazi.site\\\/darka-content\\\/uploads\\\/2017\\\/12\\\/darka-mazi-logo.png\",\"contentUrl\":\"https:\\\/\\\/darkamazi.site\\\/darka-content\\\/uploads\\\/2017\\\/12\\\/darka-mazi-logo.png\",\"width\":151,\"height\":75,\"caption\":\"Darka Mazi T\u00fcrk\u00e7e\"},\"image\":{\"@id\":\"https:\\\/\\\/darkamazi.site\\\/#\\\/schema\\\/logo\\\/image\\\/\"},\"sameAs\":[\"https:\\\/\\\/www.facebook.com\\\/DarkaMaziturkce\",\"https:\\\/\\\/x.com\\\/DarkaMaziTurkce\"]},{\"@type\":\"Person\",\"@id\":\"https:\\\/\\\/darkamazi.site\\\/#\\\/schema\\\/person\\\/67986a95ac546c16760365877ef4a9d3\",\"name\":\"darka mazi\",\"sameAs\":[\"https:\\\/\\\/darkamazi.site\"],\"url\":\"https:\\\/\\\/darkamazi.site\\\/archives\\\/author\\\/turkish\"}]}<\/script>\n<!-- \/ Yoast SEO plugin. -->","seo_head_json":{"title":"KDP: PKK'nin 7 \u00fcyelerinin \u00f6ld\u00fcr\u00fcld\u00fc\u011f\u00fc y\u00f6n\u00fcndeki iddalar\u0131 tamamen as\u0131ls\u0131zd\u0131r - Darka Mazi","robots":{"index":"index","follow":"follow","max-snippet":"max-snippet:-1","max-image-preview":"max-image-preview:large","max-video-preview":"max-video-preview:-1"},"canonical":"https:\/\/darkamazi.site\/archives\/1016221","og_locale":"en_US","og_type":"article","og_title":"KDP: PKK'nin 7 \u00fcyelerinin \u00f6ld\u00fcr\u00fcld\u00fc\u011f\u00fc y\u00f6n\u00fcndeki iddalar\u0131 tamamen as\u0131ls\u0131zd\u0131r - Darka Mazi","og_description":"KDP S\u00f6zc\u00fcs\u00fc\u00a0Mahmud Muhammed, PKK\u2019nin silahl\u0131 kanad\u0131 HPG taraf\u0131ndan ortaya at\u0131lan 7 mensuplar\u0131n\u0131n Xelifan b\u00f6lgesinde \u00f6ld\u00fcr\u00fclmesiyle ilgili iddiay\u0131 yalanlad\u0131. Yaz\u0131l\u0131 a\u00e7\u0131klamada \u015f\u00f6yle denildi: \u201cPKK\u2019ye ba\u011fl\u0131 olan ve\u00a0HPG\u00a0ismiyle an\u0131lan bir merkez yapt\u0131\u011f\u0131 a\u00e7\u0131klamada, 7 mensuplar\u0131n\u0131n Xelifan\u2019da KDP taraf\u0131ndan \u00f6ld\u00fcr\u00fcld\u00fc\u011f\u00fcn\u00fc iddia etmi\u015ftir! Buradan herkese duyuruyoruz ki bu iddian\u0131n hi\u00e7bir temeli yoktur, ger\u00e7eklerden uzakt\u0131r ve ama\u00e7lar\u0131\u00a0K\u00fcrdistan Demokrat Partisi\u2019nin ad\u0131n\u0131 [&hellip;]","og_url":"https:\/\/darkamazi.site\/archives\/1016221","og_site_name":"Darka Mazi","article_publisher":"https:\/\/www.facebook.com\/DarkaMaziturkce","article_published_time":"2021-09-05T05:29:58+00:00","og_image":[{"width":2000,"height":1200,"url":"https:\/\/darkamazi.site\/file\/2021\/09\/KDP-ve-PKK.jpg","type":"image\/jpeg"}],"author":"darka mazi","twitter_card":"summary_large_image","twitter_creator":"@DarkaMaziTurkce","twitter_site":"@DarkaMaziTurkce","twitter_misc":{"Written by":"darka mazi","Est. reading time":"1 minute"},"schema":{"@context":"https:\/\/schema.org","@graph":[{"@type":"NewsArticle","@id":"https:\/\/darkamazi.site\/archives\/1016221#article","isPartOf":{"@id":"https:\/\/darkamazi.site\/archives\/1016221"},"author":{"name":"darka mazi","@id":"https:\/\/darkamazi.site\/#\/schema\/person\/67986a95ac546c16760365877ef4a9d3"},"headline":"KDP: PKK&#8217;nin 7 \u00fcyelerinin \u00f6ld\u00fcr\u00fcld\u00fc\u011f\u00fc y\u00f6n\u00fcndeki iddalar\u0131 tamamen as\u0131ls\u0131zd\u0131r","datePublished":"2021-09-05T05:29:58+00:00","mainEntityOfPage":{"@id":"https:\/\/darkamazi.site\/archives\/1016221"},"wordCount":162,"publisher":{"@id":"https:\/\/darkamazi.site\/#organization"},"image":{"@id":"https:\/\/darkamazi.site\/archives\/1016221#primaryimage"},"thumbnailUrl":"https:\/\/darkamazi.site\/file\/2021\/09\/KDP-ve-PKK.jpg","keywords":["\u00f6nemli"],"articleSection":["Kurdistan"],"inLanguage":"en-US"},{"@type":"WebPage","@id":"https:\/\/darkamazi.site\/archives\/1016221","url":"https:\/\/darkamazi.site\/archives\/1016221","name":"KDP: PKK'nin 7 \u00fcyelerinin \u00f6ld\u00fcr\u00fcld\u00fc\u011f\u00fc y\u00f6n\u00fcndeki iddalar\u0131 tamamen as\u0131ls\u0131zd\u0131r - Darka Mazi","isPartOf":{"@id":"https:\/\/darkamazi.site\/#website"},"primaryImageOfPage":{"@id":"https:\/\/darkamazi.site\/archives\/1016221#primaryimage"},"image":{"@id":"https:\/\/darkamazi.site\/archives\/1016221#primaryimage"},"thumbnailUrl":"https:\/\/darkamazi.site\/file\/2021\/09\/KDP-ve-PKK.jpg","datePublished":"2021-09-05T05:29:58+00:00","breadcrumb":{"@id":"https:\/\/darkamazi.site\/archives\/1016221#breadcrumb"},"inLanguage":"en-US","potentialAction":[{"@type":"ReadAction","target":["https:\/\/darkamazi.site\/archives\/1016221"]}]},{"@type":"ImageObject","inLanguage":"en-US","@id":"https:\/\/darkamazi.site\/archives\/1016221#primaryimage","url":"https:\/\/darkamazi.site\/file\/2021\/09\/KDP-ve-PKK.jpg","contentUrl":"https:\/\/darkamazi.site\/file\/2021\/09\/KDP-ve-PKK.jpg","width":2000,"height":1200,"caption":"KDP: PKK'nin 7 \u00fcyelerinin \u00f6ld\u00fcr\u00fcld\u00fc\u011f\u00fc y\u00f6n\u00fcndeki iddalar\u0131 tamamen as\u0131ls\u0131zd\u0131r Mahmud Muhammed Xalifan, HPG, Gerilla"},{"@type":"BreadcrumbList","@id":"https:\/\/darkamazi.site\/archives\/1016221#breadcrumb","itemListElement":[{"@type":"ListItem","position":1,"name":"Home","item":"https:\/\/darkamazi.site\/"},{"@type":"ListItem","position":2,"name":"KDP: PKK&#8217;nin 7 \u00fcyelerinin \u00f6ld\u00fcr\u00fcld\u00fc\u011f\u00fc y\u00f6n\u00fcndeki iddalar\u0131 tamamen as\u0131ls\u0131zd\u0131r"}]},{"@type":"WebSite","@id":"https:\/\/darkamazi.site\/#website","url":"https:\/\/darkamazi.site\/","name":"Darka Mazi","description":"Ana Sayfa","publisher":{"@id":"https:\/\/darkamazi.site\/#organization"},"potentialAction":[{"@type":"SearchAction","target":{"@type":"EntryPoint","urlTemplate":"https:\/\/darkamazi.site\/?s={search_term_string}"},"query-input":{"@type":"PropertyValueSpecification","valueRequired":true,"valueName":"search_term_string"}}],"inLanguage":"en-US"},{"@type":"Organization","@id":"https:\/\/darkamazi.site\/#organization","name":"Darka Mazi T\u00fcrk\u00e7e","alternateName":"Darka Mazi","url":"https:\/\/darkamazi.site\/","logo":{"@type":"ImageObject","inLanguage":"en-US","@id":"https:\/\/darkamazi.site\/#\/schema\/logo\/image\/","url":"https:\/\/darkamazi.site\/file\/2017\/12\/darka-mazi-logo.png","contentUrl":"https:\/\/darkamazi.site\/file\/2017\/12\/darka-mazi-logo.png","width":151,"height":75,"caption":"Darka Mazi T\u00fcrk\u00e7e"},"image":{"@id":"https:\/\/darkamazi.site\/#\/schema\/logo\/image\/"},"sameAs":["https:\/\/www.facebook.com\/DarkaMaziturkce","https:\/\/x.com\/DarkaMaziTurkce"]},{"@type":"Person","@id":"https:\/\/darkamazi.site\/#\/schema\/person\/67986a95ac546c16760365877ef4a9d3","name":"darka mazi","sameAs":["https:\/\/darkamazi.site"],"url":"https:\/\/darkamazi.site\/archives\/author\/turkish"}]}},"_links":{"self":[{"href":"https:\/\/darkamazi.site\/funavuv\/wp\/v2\/posts\/1016221","targetHints":{"allow":["GET"]}}],"collection":[{"href":"https:\/\/darkamazi.site\/funavuv\/wp\/v2\/posts"}],"about":[{"href":"https:\/\/darkamazi.site\/funavuv\/wp\/v2\/types\/post"}],"author":[{"embeddable":true,"href":"https:\/\/darkamazi.site\/funavuv\/wp\/v2\/users\/2"}],"replies":[{"embeddable":true,"href":"https:\/\/darkamazi.site\/funavuv\/wp\/v2\/comments?post=1016221"}],"version-history":[{"count":0,"href":"https:\/\/darkamazi.site\/funavuv\/wp\/v2\/posts\/1016221\/revisions"}],"wp:featuredmedia":[{"embeddable":true,"href":"https:\/\/darkamazi.site\/funavuv\/wp\/v2\/media\/1016222"}],"wp:attachment":[{"href":"https:\/\/darkamazi.site\/funavuv\/wp\/v2\/media?parent=1016221"}],"wp:term":[{"taxonomy":"category","embeddable":true,"href":"https:\/\/darkamazi.site\/funavuv\/wp\/v2\/categories?post=1016221"},{"taxonomy":"post_tag","embeddable":true,"href":"https:\/\/darkamazi.site\/funavuv\/wp\/v2\/tags?post=1016221"}],"curies":[{"name":"wp","href":"https:\/\/api.w.org\/{rel}","templated":true}]}}