{"id":1016245,"date":"2021-09-06T11:08:01","date_gmt":"2021-09-06T08:08:01","guid":{"rendered":"https:\/\/darkamazi.site\/?p=1016245"},"modified":"2021-09-06T15:34:57","modified_gmt":"2021-09-06T12:34:57","slug":"7-bolum-kongrede-70lerin-pkksinin-olumu-ve-ali-yoldasin-baskan-apo-olarak-yeniden-dogusu","status":"publish","type":"post","link":"https:\/\/darkamazi.site\/archives\/1016245","title":{"rendered":"7. B\u00f6l\u00fcm: Kongre\u2019de 70\u2019lerin PKK\u2019sinin \u00f6l\u00fcm\u00fc ve Ali Yolda\u015f\u2019\u0131n Ba\u015fkan Apo olarak yeniden do\u011fu\u015fu"},"content":{"rendered":"<p style=\"text-align: justify\">PKK\u2019nin 3. Kongresinden 4. Kongresine kadar ge\u00e7en 1986-1990 y\u0131llar\u0131 aras\u0131ndaki d\u00f6rt y\u0131l PKK i\u00e7in bir ge\u00e7i\u015f d\u00f6nemdir. Yeni bir PKK yeni bir Abdullah \u00d6calan do\u011fmu\u015ftur.<\/p>\n<h3 style=\"text-align: justify\"><span style=\"font-family: 'arial black', sans-serif;font-size: 12pt\">Ar\u0131nma kongresi ve \u00d6calan\u2019\u0131n yol temizli\u011fi <\/span><\/h3>\n<p style=\"text-align: justify\">PKK 3.\u2019\u00fcnc\u00fc Kongresi PKK i\u00e7in b\u00fcy\u00fck bir d\u00f6n\u00fcm noktas\u0131d\u0131r. PKK\u2019nin kimyas\u0131 yava\u015f yava\u015f de\u011fi\u015fmi\u015ftir. Cemil Bay\u0131k bile Parti Tarihi adl\u0131 kitab\u0131nda 3. Kongre i\u00e7in \u015funu s\u00f6yleyecekti: \u201c Bu kongre t\u00fcm di\u011fer kongrelerden daha \u00f6nemliydi. \u00c7\u00fcnk\u00fc PKK\u2019nin yarat\u0131lma s\u00fcreci tamamlanm\u0131\u015ft\u0131r. Art\u0131k PKK ortam\u0131n\u0131n netle\u015ftirilmesi ve ar\u0131nd\u0131r\u0131lmas\u0131 gerekir.\u201d<br \/>\nCemil Bay\u0131k\u2019\u0131n tespiti \u00f6rt\u00fcl\u00fc de olsa bir ger\u00e7e\u011fi ortaya \u00e7\u0131kar\u0131r. PKK bir ar\u0131nma ya\u015fam\u0131\u015ft\u0131r. Kimlerden ar\u0131nma, PKK\u2019yi kuran, hamall\u0131k yapan, L\u00fcbnan\u2019da yar\u0131 a\u00e7 kalan, PKK\u2019yi omuzlar\u0131nda ta\u015f\u0131yan kadrolar\u0131ndan ar\u0131nma.<\/p>\n<p style=\"text-align: justify\">\u00d6z\u00fcnde 1980\u20141992 y\u0131l\u0131na kadar PKK\u2019de kanl\u0131 ve \u00f6rt\u00fcl\u00fc bir i\u00e7 sava\u015f ya\u015fand\u0131. Tarihteki \u201cKaranl\u0131k Orta\u00e7a\u011f\u201d tespitini PKK\u2019nin bu y\u0131llar\u0131 i\u00e7in kullanmak yerinde olur. \u00d6nderlik misyonu olan insanlar Lolan ve L\u00fcbnan\u2019da \u00f6ld\u00fcr\u00fcld\u00fc. PKK\u2019den ayr\u0131lan insanlar bile \u00f6ld\u00fcr\u00fcld\u00fc. Avrupa\u2019n\u0131n g\u00f6be\u011finde insanlar\u0131n cesetleri par\u00e7aland\u0131. Delil b\u0131rakmama, \u015fahit b\u0131rakmama g\u00fcd\u00fcs\u00fc ile herkes yok edildi. \u00a0En tehlikeli yanl\u0131\u015f; yanl\u0131\u015f\u0131n teorisinin yap\u0131lmas\u0131d\u0131r. \u0130\u015fte PKK bunu yapt\u0131.<\/p>\n<p style=\"text-align: justify\">1970\u2019lerde PKK \u015fiddeti kendi i\u00e7inde kullanmay\u0131 gizli kapakl\u0131 yap\u0131yordu. Fakat \u00d6calan \u00f6zellikle 1984\u2019ten sonra bunun teorisini yapmaya ba\u015flad\u0131. PKK\u2019nin iki temel kitab\u0131 K\u00fcrdistan&#8217;da Ki\u015filik Sorunu, Devrimci Militan\u0131n \u00d6zellikleri ve Parti Ya\u015fam\u0131 ile Tasfiyecili\u011fin Tasfiyesi kitaplar\u0131 PKK\u2019nin i\u00e7te insan \u00f6ld\u00fcrmesini me\u015frula\u015ft\u0131rd\u0131. PKK \u00f6l\u00e7\u00fclerine g\u00f6re olmayan herkesin \u00f6ld\u00fcr\u00fclmesi mubaht\u0131.<\/p>\n<p style=\"text-align: justify\"><span style=\"font-family: 'arial black', sans-serif;font-size: 12pt\">Duran Kalkan: Beynim kire\u00e7lendi <\/span><\/p>\n<p style=\"text-align: justify\">\u00a0PKK kadrolar\u0131 kat\u0131ld\u0131klar\u0131 ve yaratt\u0131klar\u0131 partinin bu oldu\u011funu inanam\u0131yordu. PKK y\u00f6neticisi Duran Kalkan \u00fc\u00e7\u00fcnc\u00fc kongre \u00f6ncesi G\u00fcney K\u00fcrdistan prati\u011finden dolay\u0131 soru\u015fturmaya al\u0131n\u0131r. Kalkan, Abdullah \u00d6calan\u2019la konu\u015fmak ister ve kendisine bir mektup yazar. \u00d6calan konu\u015fma talebini ret eder. Kalkan 3. Kongre ortam\u0131nda kar\u015f\u0131la\u015ft\u0131klar\u0131ndan sonra yazd\u0131\u011f\u0131 raporda \u015funu diyecekti: \u00a0\u201cBeynim kire\u00e7lendi\u201d.<\/p>\n<p style=\"text-align: justify\">\u00d6calan 3. Kongre\u2019de kendine ayak ba\u011f\u0131 olan son kadrolar\u0131 da atma kongresiydi. \u00d6calan Kalkan, Ali Haydar Kaytan, Duran Kalkan gibi kadrolar arac\u0131l\u0131\u011f\u0131 ile Semir gibi bir ku\u015fa\u011f\u0131 tasfiye etmi\u015fti. \u015eimdi onlar\u0131 tasfiye eden Duran Kalkan, Ali Haydar Kaytan gibilerin tasfiyesine s\u0131ra gelmi\u015fti. Kaytan, Kalkan, Fatma\u2019n\u0131n\u00a0 (Kesire Y\u0131ld\u0131r\u0131m) PKK parti \u00fcyeli\u011fi dondurulur, ERNK \u00e7al\u0131\u015fmalar\u0131 i\u00e7in Avrupa\u2019ya g\u00f6nderilirler.<\/p>\n<p style=\"text-align: justify\">Hayri Durmu\u015f&#8217;un \u201c\u00d6l\u00fcrsem mezar ta\u015f\u0131ma bor\u00e7lu yaz\u0131n\u201d s\u00f6z\u00fc bir silah olarak kadroya kar\u015f\u0131 kullan\u0131l\u0131r. Herkes partiye bor\u00e7ludur. Herkes \u00f6lene kadar kendini ispatlamaya \u00e7al\u0131\u015facakt\u0131r. Herkes iradesini PKK\u2019ye yani \u00d6calan\u2019a teslim edecektir, etmeyenin ya\u015fama hakk\u0131 yoktur. \u00d6calan hi\u00e7bir prati\u011fe girmeden, tek bir g\u00fcn \u00f6l\u00fcm korkusu ya\u015famadan, mermi sesi duymadan sava\u015fan, zorluklarla bo\u011fu\u015fan insanlar\u0131 ac\u0131mas\u0131zca ele\u015ftirir.<\/p>\n<p style=\"text-align: justify\">Art\u0131k PKK \u00d6calan\u2019\u0131n istedi\u011fi k\u0131vama gelmi\u015ftir.<\/p>\n<p style=\"text-align: justify\"><span style=\"font-family: 'arial black', sans-serif;font-size: 12pt\">Taktik \u00f6nderlik ve stratejik \u00f6nderlik ayr\u0131m\u0131<\/span><\/p>\n<p style=\"text-align: justify\">PKK\u2019nin 1986\u2019dan sonra t\u00fcz\u00fck ve program ile bir ilgisi kalmam\u0131\u015ft\u0131r. T\u00fcz\u00fck ve program propaganda ve d\u0131\u015fa d\u00f6n\u00fck bir belgedir. Hi\u00e7bir kadro t\u00fcz\u00fc\u011fe g\u00f6re hakk\u0131n\u0131 arayamaz. Y\u00f6netim t\u00fcz\u00fc\u011fe g\u00f6re se\u00e7ilmez veya g\u00f6revden al\u0131nmaz. Tek t\u00fcz\u00fck ve tek program vard\u0131r: Abdullah \u00d6calan<\/p>\n<p style=\"text-align: justify\">PKK o d\u00f6nemde bu durumu me\u015frula\u015ft\u0131rmak i\u00e7in yeni bir teorik s\u00f6ylem geli\u015ftirdi:\u00a0 \u00a0Taktik \u00f6nderlik ve stratejik \u00f6nderlik ad\u0131 alt\u0131nda iki kurumu g\u00fcndeme koyar. Asl\u0131nda bu y\u00f6netici kadronun haddini hat\u0131rlatma ayr\u0131\u015fmas\u0131d\u0131r. \u00c7\u00fcnk\u00fc Stratejik \u00d6nderlik Abdullah \u00d6calan\u2019d\u0131r. De\u011fi\u015fmez, tart\u0131\u015f\u0131lmaz, ele\u015ftirilmez. Taktik \u00f6nderlik ise Abdullah \u00d6calan\u2019\u0131n \u00e7izgisini hayata ge\u00e7irecek, de\u011fi\u015fe bilen, her zaman kendini ispatlamak zorunda olan, t\u00fcm yetersizliklerin kayna\u011f\u0131 olan bir kesimdi. Diye biliriz ki k\u0131l\u0131\u00e7 s\u00fcrekli boyunlar\u0131ndayd\u0131, her an boyunlar\u0131n\u0131 kopara bilirdi. Kald\u0131 ki \u00f6yle de oldu.<\/p>\n<p style=\"text-align: justify\"><span style=\"font-family: 'arial black', sans-serif;font-size: 12pt\">\u00d6calan ve yeni taktik \u00f6nderlikleri<\/span><\/p>\n<p style=\"text-align: justify\">\u00d6calan\u2019\u0131n ilk tercihi Urfal\u0131lar oldu. O g\u00fcnden bu g\u00fcne kalan tek Urfal\u0131 isim Murat Karay\u0131lan\u2019d\u0131r ( Karay\u0131lan-Bay\u0131k-Kalkan-Karasu \u00e7eli\u015fkisinin kayna\u011f\u0131n\u0131 as\u0131l burada aramak gerekiyor). Fakat Urfal\u0131lar yetmiyordu. Sava\u015fa\u00a0 yatk\u0131n ba\u015fka isimler gerekiyordu. K\u00f6r Cemal ( Halil Kaya), Hogir (Cemil I\u015f\u0131k), Zeki ( \u015eemdin Sak\u0131k) ve \u015eahin Bali\u00e7 gibi baz\u0131 isimler \u00f6ne \u00e7\u0131kt\u0131.<\/p>\n<p style=\"text-align: justify\">Bu isimlere 3. Kongre \u00e7izgisini uygulama g\u00f6revi verildi. Asl\u0131nda 3. Kongre\u2019nin temel g\u00f6revi zorunlu askerlik yasas\u0131n\u0131 uygulamak uygulamakt\u0131. Di\u011fer g\u00f6revi ise K\u00fcrdistan\u2019daki i\u015fbirlik\u00e7i \u00e7izgiyi yok etmektir dendi. Bu iki karar Botan-Mardin gibi alanlarda yeni bir s\u00fcre\u00e7 ba\u015flatt\u0131. PKK yol kesiyor, i\u015fine gelmeyen insanlar\u0131 \u00f6ld\u00fcr\u00fcyor, ka\u00e7\u0131r\u0131yor, cezaland\u0131r\u0131yor paras\u0131na el koyuyordu. K\u00f6yler bas\u0131l\u0131yor, elektrik direkleri kesiliyor, okullar yak\u0131l\u0131yor, \u00f6\u011fretmenler \u00f6ld\u00fcr\u00fcl\u00fcyordu. \u00d6ld\u00fcr\u00fclen sivillerin say\u0131s\u0131 askerlerin say\u0131s\u0131ndan kat be kat fazlayd\u0131. Eylemler sivilleri hedef al\u0131yordu.<\/p>\n<p style=\"text-align: justify\"><span style=\"font-family: 'arial black', sans-serif;font-size: 12pt\">Askerlik yasas\u0131 felaketi ve Koruculuk sistemi<\/span><\/p>\n<p style=\"text-align: justify\">PKK Botan ve Hakkari gibi uzana bildi\u011fi t\u00fcm alanlarda askerlik yasas\u0131 uygulamaya ba\u015flad\u0131. Her g\u00fcn ekmek yedi\u011fi, \u00e7ad\u0131rlar\u0131nda evlerinde kald\u0131\u011f\u0131 evlere gidip zorla gen\u00e7leri almaya ba\u015flad\u0131. Hatta zaman zaman evdeki kad\u0131n ve k\u00fc\u00e7\u00fck \u00e7ocuklar\u0131 g\u00f6t\u00fcr\u00fcp, gen\u00e7ler gelip teslim olmayana kadar bunlar\u0131 b\u0131rakmayaca\u011f\u0131n\u0131 s\u00f6yl\u00fcyordu. Ya\u015flar\u0131 8-9 aras\u0131nda de\u011fi\u015fen \u00e7ocuklar bile \u201caskeri kanun\u201d denerek g\u00f6t\u00fcr\u00fcld\u00fc. Bunlar\u0131n bir\u00e7o\u011fu ka\u00e7mak istiyor diye vuruldu. Botan halk\u0131 1984\u2019te ba\u011fr\u0131na bast\u0131\u011f\u0131 PKK\u2019den art\u0131k korkuyordu.<\/p>\n<p style=\"text-align: justify\"><span style=\"font-family: 'arial black', sans-serif;font-size: 12pt\">Devlet ve PKK\u2019nin ortak yarat\u0131m\u0131: Koruculuk<\/span><\/p>\n<p style=\"text-align: justify\">1986 y\u0131l\u0131 itibar\u0131 ile PKK art\u0131k a\u015firetlerle de dala\u015fmaya ba\u015flam\u0131\u015ft\u0131. Emirlerini yerine getirmeyen, biat etmeyen herkesi \u00f6tekile\u015ftirdi. A\u015firetler aras\u0131, k\u00f6yler aras\u0131 var olan \u00e7eli\u015fkileri derinle\u015ftirdi. Birini yan\u0131na birini kar\u015f\u0131s\u0131na al\u0131yor, birbirine kar\u015f\u0131 kullan\u0131yordu. Birle\u015ftirme de\u011fil ayr\u0131\u015ft\u0131rma, kucaklama de\u011fil itme vard\u0131.<\/p>\n<p style=\"text-align: justify\">PKK\u2019nin \u201czorunlu askerlik yasas\u0131 ile devletin G\u00f6n\u00fcll\u00fc k\u00f6y koruculu\u011fu ayn\u0131 madalyonun iki y\u00fcz\u00fc gibiydi.<\/p>\n<p style=\"text-align: justify\">PKK hi\u00e7 kimseye devlete bile boyun e\u011fmeyen a\u015firetlerin biat\u0131n\u0131 istemesi ve sald\u0131rgan tutumu halk\u0131 devlete itti. Bunlardan biri Ala a\u015firetiydi.<\/p>\n<p style=\"text-align: justify\">Ala A\u015fireti lideri Sadun A\u011fa\u2019n\u0131n o\u011flu Halil PKK\u2019lilere erzak g\u00f6t\u00fcrmeye gider. Nerdeyse iki g\u00fcnde bir erzak g\u00f6t\u00fcr\u00fcr ve ziyaret eder. Ziyaretlerin birinde PKK komutan\u0131 Ali Direj \u00a0Halil\u2019den deden kalma tabancas\u0131n\u0131 ister. Halil bunun bir aile yadigar\u0131 oldu\u011funu s\u00f6yler, vermez. Bunun \u00fczerine Direj Ali Halil\u2019i \u00f6ld\u00fcr\u00fcr. Cenazeyi kat\u0131ra y\u00fckleyip k\u00f6ye g\u00f6nderir. Ala a\u015fireti silaha sar\u0131l\u0131r.<\/p>\n<p style=\"text-align: justify\">PKK\u2019nin a\u015firetleri d\u00fc\u015fman g\u00f6ren ve sald\u0131rgan tavr\u0131 ile \u00f6fkelenen a\u015firetler PKK eli ile koruculu\u011fa itiliyor, devlette \u00e7ekiyordu.<\/p>\n<p style=\"text-align: justify\">Jirkiler ayn\u0131 bi\u00e7imde akrabalar\u0131n\u0131n \u00f6ld\u00fcr\u00fclmesi \u00fczerine silaha sar\u0131ld\u0131lar. PKK\u2019nin K\u00fcrt ulusunu kapsamaya sol ideolojisi nedeni ve ba\u015fka \u00e7ok bi\u00e7imde izah edilecek a\u015firet d\u00fc\u015fmanl\u0131\u011f\u0131 zaten vard\u0131. Buna birde kendini tek otorite, \u00fcst\u00fcn g\u00f6rme, herkesin biat etmesini istemesi gibi nedenler de eklenince PKK a\u015firetleri devlete itti.\u00a0 Bu g\u00fcn Kuzey K\u00fcrdistan\u2019da say\u0131s\u0131 123 bine ula\u015fan bir korucu ordusu var. Koruculuk sadece devletle izah edilemez. Koruculuk PKK ve devlet ili\u015fkisi ve \u00e7eli\u015fkisinin yaratt\u0131\u011f\u0131 bir sonu\u00e7tur.<\/p>\n<p style=\"text-align: justify\">PKK her zaman oldu\u011fu gibi su\u00e7u taktik \u00f6nderlik denen insanlara y\u0131kt\u0131. Bu d\u00f6nemin y\u00f6neticileri tek tek tasfiye edildi.<\/p>\n","protected":false},"excerpt":{"rendered":"<p>PKK\u2019nin 3. Kongresinden 4. Kongresine kadar ge\u00e7en 1986-1990 y\u0131llar\u0131 aras\u0131ndaki d\u00f6rt y\u0131l PKK i\u00e7in bir ge\u00e7i\u015f d\u00f6nemdir. Yeni bir PKK yeni bir Abdullah \u00d6calan do\u011fmu\u015ftur. Ar\u0131nma kongresi ve \u00d6calan\u2019\u0131n yol temizli\u011fi PKK 3.\u2019\u00fcnc\u00fc Kongresi PKK i\u00e7in b\u00fcy\u00fck bir d\u00f6n\u00fcm noktas\u0131d\u0131r. PKK\u2019nin kimyas\u0131 yava\u015f yava\u015f de\u011fi\u015fmi\u015ftir. Cemil Bay\u0131k bile Parti Tarihi adl\u0131 kitab\u0131nda 3. Kongre i\u00e7in [&hellip;]<\/p>\n","protected":false},"author":2,"featured_media":1016246,"comment_status":"closed","ping_status":"closed","sticky":false,"template":"","format":"standard","meta":{"footnotes":""},"categories":[39],"tags":[31],"class_list":["post-1016245","post","type-post","status-publish","format-standard","has-post-thumbnail","hentry","category-ozel-dosya","tag-onemli"],"blocksy_meta":[],"seo_head":"<!-- This site is optimized with the Yoast SEO plugin v27.5 - https:\/\/yoast.com\/product\/yoast-seo-wordpress\/ -->\n<title>7. B\u00f6l\u00fcm: Kongre\u2019de 70\u2019lerin PKK\u2019sinin \u00f6l\u00fcm\u00fc ve Ali Yolda\u015f\u2019\u0131n Ba\u015fkan Apo olarak yeniden do\u011fu\u015fu - Darka Mazi<\/title>\n<meta name=\"robots\" content=\"index, follow, max-snippet:-1, max-image-preview:large, max-video-preview:-1\" \/>\n<link rel=\"canonical\" href=\"https:\/\/darkamazi.site\/archives\/1016245\" \/>\n<meta property=\"og:locale\" content=\"en_US\" \/>\n<meta property=\"og:type\" content=\"article\" \/>\n<meta property=\"og:title\" content=\"7. B\u00f6l\u00fcm: Kongre\u2019de 70\u2019lerin PKK\u2019sinin \u00f6l\u00fcm\u00fc ve Ali Yolda\u015f\u2019\u0131n Ba\u015fkan Apo olarak yeniden do\u011fu\u015fu - Darka Mazi\" \/>\n<meta property=\"og:description\" content=\"PKK\u2019nin 3. Kongresinden 4. Kongresine kadar ge\u00e7en 1986-1990 y\u0131llar\u0131 aras\u0131ndaki d\u00f6rt y\u0131l PKK i\u00e7in bir ge\u00e7i\u015f d\u00f6nemdir. Yeni bir PKK yeni bir Abdullah \u00d6calan do\u011fmu\u015ftur. Ar\u0131nma kongresi ve \u00d6calan\u2019\u0131n yol temizli\u011fi PKK 3.\u2019\u00fcnc\u00fc Kongresi PKK i\u00e7in b\u00fcy\u00fck bir d\u00f6n\u00fcm noktas\u0131d\u0131r. PKK\u2019nin kimyas\u0131 yava\u015f yava\u015f de\u011fi\u015fmi\u015ftir. Cemil Bay\u0131k bile Parti Tarihi adl\u0131 kitab\u0131nda 3. Kongre i\u00e7in [&hellip;]\" \/>\n<meta property=\"og:url\" content=\"https:\/\/darkamazi.site\/archives\/1016245\" \/>\n<meta property=\"og:site_name\" content=\"Darka Mazi\" \/>\n<meta property=\"article:publisher\" content=\"https:\/\/www.facebook.com\/DarkaMaziturkce\" \/>\n<meta property=\"article:published_time\" content=\"2021-09-06T08:08:01+00:00\" \/>\n<meta property=\"article:modified_time\" content=\"2021-09-06T12:34:57+00:00\" \/>\n<meta property=\"og:image\" content=\"https:\/\/darkamazi.site\/file\/2021\/09\/korkmaz-7.jpg\" \/>\n\t<meta property=\"og:image:width\" content=\"900\" \/>\n\t<meta property=\"og:image:height\" content=\"497\" \/>\n\t<meta property=\"og:image:type\" content=\"image\/jpeg\" \/>\n<meta name=\"author\" content=\"darka mazi\" \/>\n<meta name=\"twitter:card\" content=\"summary_large_image\" \/>\n<meta name=\"twitter:creator\" content=\"@DarkaMaziTurkce\" \/>\n<meta name=\"twitter:site\" content=\"@DarkaMaziTurkce\" \/>\n<meta name=\"twitter:label1\" content=\"Written by\" \/>\n\t<meta name=\"twitter:data1\" content=\"darka mazi\" \/>\n\t<meta name=\"twitter:label2\" content=\"Est. reading time\" \/>\n\t<meta name=\"twitter:data2\" content=\"5 minutes\" \/>\n<script type=\"application\/ld+json\" class=\"seo-schema-graph\">{\"@context\":\"https:\\\/\\\/schema.org\",\"@graph\":[{\"@type\":\"NewsArticle\",\"@id\":\"https:\\\/\\\/darkamazi.site\\\/archives\\\/1016245#article\",\"isPartOf\":{\"@id\":\"https:\\\/\\\/darkamazi.site\\\/archives\\\/1016245\"},\"author\":{\"name\":\"darka mazi\",\"@id\":\"https:\\\/\\\/darkamazi.site\\\/#\\\/schema\\\/person\\\/67986a95ac546c16760365877ef4a9d3\"},\"headline\":\"7. B\u00f6l\u00fcm: Kongre\u2019de 70\u2019lerin PKK\u2019sinin \u00f6l\u00fcm\u00fc ve Ali Yolda\u015f\u2019\u0131n Ba\u015fkan Apo olarak yeniden do\u011fu\u015fu\",\"datePublished\":\"2021-09-06T08:08:01+00:00\",\"dateModified\":\"2021-09-06T12:34:57+00:00\",\"mainEntityOfPage\":{\"@id\":\"https:\\\/\\\/darkamazi.site\\\/archives\\\/1016245\"},\"wordCount\":1375,\"publisher\":{\"@id\":\"https:\\\/\\\/darkamazi.site\\\/#organization\"},\"image\":{\"@id\":\"https:\\\/\\\/darkamazi.site\\\/archives\\\/1016245#primaryimage\"},\"thumbnailUrl\":\"https:\\\/\\\/darkamazi.site\\\/darka-content\\\/uploads\\\/2021\\\/09\\\/korkmaz-7.jpg\",\"keywords\":[\"\u00f6nemli\"],\"articleSection\":[\"\u00d6zel Dosya\"],\"inLanguage\":\"en-US\"},{\"@type\":\"WebPage\",\"@id\":\"https:\\\/\\\/darkamazi.site\\\/archives\\\/1016245\",\"url\":\"https:\\\/\\\/darkamazi.site\\\/archives\\\/1016245\",\"name\":\"7. B\u00f6l\u00fcm: Kongre\u2019de 70\u2019lerin PKK\u2019sinin \u00f6l\u00fcm\u00fc ve Ali Yolda\u015f\u2019\u0131n Ba\u015fkan Apo olarak yeniden do\u011fu\u015fu - Darka Mazi\",\"isPartOf\":{\"@id\":\"https:\\\/\\\/darkamazi.site\\\/#website\"},\"primaryImageOfPage\":{\"@id\":\"https:\\\/\\\/darkamazi.site\\\/archives\\\/1016245#primaryimage\"},\"image\":{\"@id\":\"https:\\\/\\\/darkamazi.site\\\/archives\\\/1016245#primaryimage\"},\"thumbnailUrl\":\"https:\\\/\\\/darkamazi.site\\\/darka-content\\\/uploads\\\/2021\\\/09\\\/korkmaz-7.jpg\",\"datePublished\":\"2021-09-06T08:08:01+00:00\",\"dateModified\":\"2021-09-06T12:34:57+00:00\",\"breadcrumb\":{\"@id\":\"https:\\\/\\\/darkamazi.site\\\/archives\\\/1016245#breadcrumb\"},\"inLanguage\":\"en-US\",\"potentialAction\":[{\"@type\":\"ReadAction\",\"target\":[\"https:\\\/\\\/darkamazi.site\\\/archives\\\/1016245\"]}]},{\"@type\":\"ImageObject\",\"inLanguage\":\"en-US\",\"@id\":\"https:\\\/\\\/darkamazi.site\\\/archives\\\/1016245#primaryimage\",\"url\":\"https:\\\/\\\/darkamazi.site\\\/darka-content\\\/uploads\\\/2021\\\/09\\\/korkmaz-7.jpg\",\"contentUrl\":\"https:\\\/\\\/darkamazi.site\\\/darka-content\\\/uploads\\\/2021\\\/09\\\/korkmaz-7.jpg\",\"width\":900,\"height\":497,\"caption\":\"7. B\u00f6l\u00fcm: Kongre\u2019de 70\u2019lerin PKK\u2019sinin \u00f6l\u00fcm\u00fc ve Ali Yolda\u015f\u2019\u0131n Ba\u015fkan Apo olarak yeniden do\u011fu\u015fu \u00d6calan, Ba\u015fkan APO, Duran Kalkan, Kesire Y\u0131ld\u0131r\u0131, Ali Haydar Kaytan, Ge\u00e7ici K\u00f6y koruculu\u011fu, Zorunlu Askerlik yasas\u0131, Ali Direj, Sadun A\u011fa, Jirkiler,\"},{\"@type\":\"BreadcrumbList\",\"@id\":\"https:\\\/\\\/darkamazi.site\\\/archives\\\/1016245#breadcrumb\",\"itemListElement\":[{\"@type\":\"ListItem\",\"position\":1,\"name\":\"Home\",\"item\":\"https:\\\/\\\/darkamazi.site\\\/\"},{\"@type\":\"ListItem\",\"position\":2,\"name\":\"7. B\u00f6l\u00fcm: Kongre\u2019de 70\u2019lerin PKK\u2019sinin \u00f6l\u00fcm\u00fc ve Ali Yolda\u015f\u2019\u0131n Ba\u015fkan Apo olarak yeniden do\u011fu\u015fu\"}]},{\"@type\":\"WebSite\",\"@id\":\"https:\\\/\\\/darkamazi.site\\\/#website\",\"url\":\"https:\\\/\\\/darkamazi.site\\\/\",\"name\":\"Darka Mazi\",\"description\":\"Ana Sayfa\",\"publisher\":{\"@id\":\"https:\\\/\\\/darkamazi.site\\\/#organization\"},\"potentialAction\":[{\"@type\":\"SearchAction\",\"target\":{\"@type\":\"EntryPoint\",\"urlTemplate\":\"https:\\\/\\\/darkamazi.site\\\/?s={search_term_string}\"},\"query-input\":{\"@type\":\"PropertyValueSpecification\",\"valueRequired\":true,\"valueName\":\"search_term_string\"}}],\"inLanguage\":\"en-US\"},{\"@type\":\"Organization\",\"@id\":\"https:\\\/\\\/darkamazi.site\\\/#organization\",\"name\":\"Darka Mazi T\u00fcrk\u00e7e\",\"alternateName\":\"Darka Mazi\",\"url\":\"https:\\\/\\\/darkamazi.site\\\/\",\"logo\":{\"@type\":\"ImageObject\",\"inLanguage\":\"en-US\",\"@id\":\"https:\\\/\\\/darkamazi.site\\\/#\\\/schema\\\/logo\\\/image\\\/\",\"url\":\"https:\\\/\\\/darkamazi.site\\\/darka-content\\\/uploads\\\/2017\\\/12\\\/darka-mazi-logo.png\",\"contentUrl\":\"https:\\\/\\\/darkamazi.site\\\/darka-content\\\/uploads\\\/2017\\\/12\\\/darka-mazi-logo.png\",\"width\":151,\"height\":75,\"caption\":\"Darka Mazi T\u00fcrk\u00e7e\"},\"image\":{\"@id\":\"https:\\\/\\\/darkamazi.site\\\/#\\\/schema\\\/logo\\\/image\\\/\"},\"sameAs\":[\"https:\\\/\\\/www.facebook.com\\\/DarkaMaziturkce\",\"https:\\\/\\\/x.com\\\/DarkaMaziTurkce\"]},{\"@type\":\"Person\",\"@id\":\"https:\\\/\\\/darkamazi.site\\\/#\\\/schema\\\/person\\\/67986a95ac546c16760365877ef4a9d3\",\"name\":\"darka mazi\",\"sameAs\":[\"https:\\\/\\\/darkamazi.site\"],\"url\":\"https:\\\/\\\/darkamazi.site\\\/archives\\\/author\\\/turkish\"}]}<\/script>\n<!-- \/ Yoast SEO plugin. -->","seo_head_json":{"title":"7. B\u00f6l\u00fcm: Kongre\u2019de 70\u2019lerin PKK\u2019sinin \u00f6l\u00fcm\u00fc ve Ali Yolda\u015f\u2019\u0131n Ba\u015fkan Apo olarak yeniden do\u011fu\u015fu - Darka Mazi","robots":{"index":"index","follow":"follow","max-snippet":"max-snippet:-1","max-image-preview":"max-image-preview:large","max-video-preview":"max-video-preview:-1"},"canonical":"https:\/\/darkamazi.site\/archives\/1016245","og_locale":"en_US","og_type":"article","og_title":"7. B\u00f6l\u00fcm: Kongre\u2019de 70\u2019lerin PKK\u2019sinin \u00f6l\u00fcm\u00fc ve Ali Yolda\u015f\u2019\u0131n Ba\u015fkan Apo olarak yeniden do\u011fu\u015fu - Darka Mazi","og_description":"PKK\u2019nin 3. Kongresinden 4. Kongresine kadar ge\u00e7en 1986-1990 y\u0131llar\u0131 aras\u0131ndaki d\u00f6rt y\u0131l PKK i\u00e7in bir ge\u00e7i\u015f d\u00f6nemdir. Yeni bir PKK yeni bir Abdullah \u00d6calan do\u011fmu\u015ftur. Ar\u0131nma kongresi ve \u00d6calan\u2019\u0131n yol temizli\u011fi PKK 3.\u2019\u00fcnc\u00fc Kongresi PKK i\u00e7in b\u00fcy\u00fck bir d\u00f6n\u00fcm noktas\u0131d\u0131r. PKK\u2019nin kimyas\u0131 yava\u015f yava\u015f de\u011fi\u015fmi\u015ftir. Cemil Bay\u0131k bile Parti Tarihi adl\u0131 kitab\u0131nda 3. Kongre i\u00e7in [&hellip;]","og_url":"https:\/\/darkamazi.site\/archives\/1016245","og_site_name":"Darka Mazi","article_publisher":"https:\/\/www.facebook.com\/DarkaMaziturkce","article_published_time":"2021-09-06T08:08:01+00:00","article_modified_time":"2021-09-06T12:34:57+00:00","og_image":[{"width":900,"height":497,"url":"https:\/\/darkamazi.site\/file\/2021\/09\/korkmaz-7.jpg","type":"image\/jpeg"}],"author":"darka mazi","twitter_card":"summary_large_image","twitter_creator":"@DarkaMaziTurkce","twitter_site":"@DarkaMaziTurkce","twitter_misc":{"Written by":"darka mazi","Est. reading time":"5 minutes"},"schema":{"@context":"https:\/\/schema.org","@graph":[{"@type":"NewsArticle","@id":"https:\/\/darkamazi.site\/archives\/1016245#article","isPartOf":{"@id":"https:\/\/darkamazi.site\/archives\/1016245"},"author":{"name":"darka mazi","@id":"https:\/\/darkamazi.site\/#\/schema\/person\/67986a95ac546c16760365877ef4a9d3"},"headline":"7. B\u00f6l\u00fcm: Kongre\u2019de 70\u2019lerin PKK\u2019sinin \u00f6l\u00fcm\u00fc ve Ali Yolda\u015f\u2019\u0131n Ba\u015fkan Apo olarak yeniden do\u011fu\u015fu","datePublished":"2021-09-06T08:08:01+00:00","dateModified":"2021-09-06T12:34:57+00:00","mainEntityOfPage":{"@id":"https:\/\/darkamazi.site\/archives\/1016245"},"wordCount":1375,"publisher":{"@id":"https:\/\/darkamazi.site\/#organization"},"image":{"@id":"https:\/\/darkamazi.site\/archives\/1016245#primaryimage"},"thumbnailUrl":"https:\/\/darkamazi.site\/file\/2021\/09\/korkmaz-7.jpg","keywords":["\u00f6nemli"],"articleSection":["\u00d6zel Dosya"],"inLanguage":"en-US"},{"@type":"WebPage","@id":"https:\/\/darkamazi.site\/archives\/1016245","url":"https:\/\/darkamazi.site\/archives\/1016245","name":"7. B\u00f6l\u00fcm: Kongre\u2019de 70\u2019lerin PKK\u2019sinin \u00f6l\u00fcm\u00fc ve Ali Yolda\u015f\u2019\u0131n Ba\u015fkan Apo olarak yeniden do\u011fu\u015fu - Darka Mazi","isPartOf":{"@id":"https:\/\/darkamazi.site\/#website"},"primaryImageOfPage":{"@id":"https:\/\/darkamazi.site\/archives\/1016245#primaryimage"},"image":{"@id":"https:\/\/darkamazi.site\/archives\/1016245#primaryimage"},"thumbnailUrl":"https:\/\/darkamazi.site\/file\/2021\/09\/korkmaz-7.jpg","datePublished":"2021-09-06T08:08:01+00:00","dateModified":"2021-09-06T12:34:57+00:00","breadcrumb":{"@id":"https:\/\/darkamazi.site\/archives\/1016245#breadcrumb"},"inLanguage":"en-US","potentialAction":[{"@type":"ReadAction","target":["https:\/\/darkamazi.site\/archives\/1016245"]}]},{"@type":"ImageObject","inLanguage":"en-US","@id":"https:\/\/darkamazi.site\/archives\/1016245#primaryimage","url":"https:\/\/darkamazi.site\/file\/2021\/09\/korkmaz-7.jpg","contentUrl":"https:\/\/darkamazi.site\/file\/2021\/09\/korkmaz-7.jpg","width":900,"height":497,"caption":"7. B\u00f6l\u00fcm: Kongre\u2019de 70\u2019lerin PKK\u2019sinin \u00f6l\u00fcm\u00fc ve Ali Yolda\u015f\u2019\u0131n Ba\u015fkan Apo olarak yeniden do\u011fu\u015fu \u00d6calan, Ba\u015fkan APO, Duran Kalkan, Kesire Y\u0131ld\u0131r\u0131, Ali Haydar Kaytan, Ge\u00e7ici K\u00f6y koruculu\u011fu, Zorunlu Askerlik yasas\u0131, Ali Direj, Sadun A\u011fa, Jirkiler,"},{"@type":"BreadcrumbList","@id":"https:\/\/darkamazi.site\/archives\/1016245#breadcrumb","itemListElement":[{"@type":"ListItem","position":1,"name":"Home","item":"https:\/\/darkamazi.site\/"},{"@type":"ListItem","position":2,"name":"7. B\u00f6l\u00fcm: Kongre\u2019de 70\u2019lerin PKK\u2019sinin \u00f6l\u00fcm\u00fc ve Ali Yolda\u015f\u2019\u0131n Ba\u015fkan Apo olarak yeniden do\u011fu\u015fu"}]},{"@type":"WebSite","@id":"https:\/\/darkamazi.site\/#website","url":"https:\/\/darkamazi.site\/","name":"Darka Mazi","description":"Ana Sayfa","publisher":{"@id":"https:\/\/darkamazi.site\/#organization"},"potentialAction":[{"@type":"SearchAction","target":{"@type":"EntryPoint","urlTemplate":"https:\/\/darkamazi.site\/?s={search_term_string}"},"query-input":{"@type":"PropertyValueSpecification","valueRequired":true,"valueName":"search_term_string"}}],"inLanguage":"en-US"},{"@type":"Organization","@id":"https:\/\/darkamazi.site\/#organization","name":"Darka Mazi T\u00fcrk\u00e7e","alternateName":"Darka Mazi","url":"https:\/\/darkamazi.site\/","logo":{"@type":"ImageObject","inLanguage":"en-US","@id":"https:\/\/darkamazi.site\/#\/schema\/logo\/image\/","url":"https:\/\/darkamazi.site\/file\/2017\/12\/darka-mazi-logo.png","contentUrl":"https:\/\/darkamazi.site\/file\/2017\/12\/darka-mazi-logo.png","width":151,"height":75,"caption":"Darka Mazi T\u00fcrk\u00e7e"},"image":{"@id":"https:\/\/darkamazi.site\/#\/schema\/logo\/image\/"},"sameAs":["https:\/\/www.facebook.com\/DarkaMaziturkce","https:\/\/x.com\/DarkaMaziTurkce"]},{"@type":"Person","@id":"https:\/\/darkamazi.site\/#\/schema\/person\/67986a95ac546c16760365877ef4a9d3","name":"darka mazi","sameAs":["https:\/\/darkamazi.site"],"url":"https:\/\/darkamazi.site\/archives\/author\/turkish"}]}},"_links":{"self":[{"href":"https:\/\/darkamazi.site\/funavuv\/wp\/v2\/posts\/1016245","targetHints":{"allow":["GET"]}}],"collection":[{"href":"https:\/\/darkamazi.site\/funavuv\/wp\/v2\/posts"}],"about":[{"href":"https:\/\/darkamazi.site\/funavuv\/wp\/v2\/types\/post"}],"author":[{"embeddable":true,"href":"https:\/\/darkamazi.site\/funavuv\/wp\/v2\/users\/2"}],"replies":[{"embeddable":true,"href":"https:\/\/darkamazi.site\/funavuv\/wp\/v2\/comments?post=1016245"}],"version-history":[{"count":0,"href":"https:\/\/darkamazi.site\/funavuv\/wp\/v2\/posts\/1016245\/revisions"}],"wp:featuredmedia":[{"embeddable":true,"href":"https:\/\/darkamazi.site\/funavuv\/wp\/v2\/media\/1016246"}],"wp:attachment":[{"href":"https:\/\/darkamazi.site\/funavuv\/wp\/v2\/media?parent=1016245"}],"wp:term":[{"taxonomy":"category","embeddable":true,"href":"https:\/\/darkamazi.site\/funavuv\/wp\/v2\/categories?post=1016245"},{"taxonomy":"post_tag","embeddable":true,"href":"https:\/\/darkamazi.site\/funavuv\/wp\/v2\/tags?post=1016245"}],"curies":[{"name":"wp","href":"https:\/\/api.w.org\/{rel}","templated":true}]}}