{"id":1016292,"date":"2021-09-08T16:35:54","date_gmt":"2021-09-08T13:35:54","guid":{"rendered":"https:\/\/darkamazi.site\/?p=1016292"},"modified":"2021-09-08T16:35:54","modified_gmt":"2021-09-08T13:35:54","slug":"ynk-ve-goran-yoneticileri-pkknin-suleymaniye-faaliyetlerini-degerlendirdi-tehlikeli-bir-durum","status":"publish","type":"post","link":"https:\/\/darkamazi.site\/archives\/1016292","title":{"rendered":"YNK ve Goran y\u00f6neticileri PKK&#8217;nin S\u00fcleymaniye faaliyetlerini de\u011ferlendirdi: Tehlikeli bir durum"},"content":{"rendered":"<p style=\"text-align: justify\">\u00a0S\u00fcleymaniye kentinde siyasal n\u00fcfuza sahip\u00a0iki parti K\u00fcrdistan Yurtseverler Birli\u011fi (YNK) ve Goran Hareketi, K\u00fcrdistan \u0130\u015f\u00e7i Partisi\u2019nin(PKK) b\u00f6lgede artan manevralar\u0131 ve TSK\u2019n\u0131n bombard\u0131manlar\u0131ndan endi\u015feli.<\/p>\n<p style=\"text-align: justify\">PKK\u2019ye ba\u011fl\u0131 silahl\u0131 g\u00fc\u00e7lerin Rojava ve K\u00fcrdistan B\u00f6lgesi\u2019ndeki varl\u0131\u011f\u0131 nedeniyle T\u00fcrk ordusunun sald\u0131r\u0131lar\u0131na zemin sunarak, b\u00f6lgedeki istikrars\u0131zl\u0131\u011fa ve operasyonlar\u0131n\u0131n artmas\u0131na neden oluyor.<\/p>\n<p style=\"text-align: justify\">T\u00fcrk ordusuna ba\u011fl sava\u015f u\u00e7aklar\u0131 son zamanlarda S\u00fcleymaniye&#8217;nin k\u0131rsal b\u00f6lgelerinde PKK mevzilerini hedef alan hava sald\u0131r\u0131lar\u0131n\u0131 artt\u0131rd\u0131. Neredeyse benzeri g\u00f6r\u00fclmemi\u015f bir hareketle, T\u00fcrk insans\u0131z hava ara\u00e7lar\u0131 ge\u00e7ti\u011fimiz g\u00fcnlerde Do\u011fu K\u00fcrdistan s\u0131n\u0131r\u0131na yak\u0131n Pencwen yak\u0131nlar\u0131ndaki a\u00e7\u0131k bir alana bombalad\u0131. T\u00fcrkiye daha sonra b\u00f6lgede dola\u015fan PKK sava\u015f\u00e7\u0131lar\u0131n\u0131 hedef ald\u0131\u011f\u0131n\u0131 ileri s\u00fcrd\u00fc.<\/p>\n<p style=\"text-align: justify\"><strong>PKK&#8217;nin Siyasi M\u00fcdahalesi<\/strong><\/p>\n<p style=\"text-align: justify\">PKK&#8217;nin yan kolu olarak adland\u0131r\u0131lan Demokratik Birlik Partisi&#8217;nin (PYD) \u00f6nde gelen \u00fcyelerinden Aldar Xelil, ge\u00e7ti\u011fimiz g\u00fcnlerde yapt\u0131\u011f\u0131 a\u00e7\u0131klamada YNK liderli\u011findeki siyasi anla\u015fmazl\u0131klar\u0131n &#8220;bir T\u00fcrk komplosu&#8221; oldu\u011funu iddia etmi\u015fti. Xel\u00eel\u2019in bu a\u00e7\u0131klamas\u0131na, YNK politb\u00fcrosu, K\u00fcrdistan B\u00f6lgesi&#8217;ndeki siyasi partilerin i\u00e7 i\u015flerine \u201cm\u00fcdahale\u201d olu\u015fturabilecek s\u00f6zleri haks\u0131z ve do\u011fru olmad\u0131\u011f\u0131n\u0131 s\u00f6yleyerek tepki g\u00f6sterdi.<\/p>\n<p style=\"text-align: justify\">8 Temmuz&#8217;dan \u00f6nce, YNK&#8217;nin g\u00f6revden al\u0131nan e\u015f ba\u015fkan\u0131 Lahur Cengi hala iktidardayken, PKK S\u00fcleymaniye&#8217;de b\u00fcy\u00fck bir n\u00fcfuza sahipti. Ancak YNK&#8217;nin di\u011fer e\u015f ba\u015fkan\u0131 Bafil Talabani&#8217;nin \u00a0Ceng\u00ee&#8217;nin kendisini \u201czehirleme\u201d ve \u201csuikast\u201d giri\u015fimleri g\u00f6revden almas\u0131 ard\u0131ndan, PKK&#8217;nin S\u00fcleymaniye\u2019de manevra yapma \u015fans\u0131 daha d\u00fc\u015f\u00fck g\u00f6r\u00fcn\u00fcyor.<\/p>\n<p style=\"text-align: justify\">S\u00fcleymaniye&#8217;nin ikinci etkili partisi Goran(De\u011fi\u015fim) Hareketi de PKK&#8217;nin b\u00f6lgenin istikrar\u0131n\u0131 riske atmaya devam eden eylemlerini tasvip etmedi\u011fini a\u00e7\u0131klarken, YNK&#8217;nin de son geli\u015fmeler ile birlikte PKK ile ili\u015fkilerini yeniden g\u00f6zden ge\u00e7irdi\u011fi belirtiliyor.<\/p>\n<p style=\"text-align: justify\"><strong>PKK S\u00fcleymaniye&#8217;deki varl\u0131\u011f\u0131n\u0131 g\u00fc\u00e7lendirmeye \u00e7al\u0131\u015f\u0131yor<\/strong><\/p>\n<p style=\"text-align: justify\">PKK, \u00a0S\u00fcleymaniye&#8217;deki varl\u0131\u011f\u0131 konusunda YNK&#8217;nin de\u011fi\u015fen tutumuna ra\u011fmen, b\u00f6lgedeki varl\u0131\u011f\u0131n\u0131 g\u00fc\u00e7lendirmeye ve manevralar\u0131n\u0131 art\u0131rmaya devam ediyor. Bildirildi\u011fine g\u00f6re PKK, S\u00fcleymaniye\u2019nin \u015earbaj\u00ear, Pencwen, P\u00ee\u015fder ve Kandil b\u00f6lgesindeki askeri varl\u0131klar\u0131n\u0131 artt\u0131rd\u0131. Son d\u00f6nemde b\u00f6lgedeki yerel kaynaklara g\u00f6re, gerillalar b\u00f6lge sakinlerinden yasa d\u0131\u015f\u0131 vergiler uyguluyor, bu durum b\u00f6lgedeki k\u00f6yl\u00fclerin PKK&#8217;nin politikalar\u0131na itiraz etti\u011fini g\u00f6steriyor. PKK&#8217;nin ayr\u0131ca S\u00fcleymaniye&#8217;de \u015fu anda faaliyet g\u00f6steren birka\u00e7 medya kurulu\u015fu var.<\/p>\n<p style=\"text-align: justify\">BasNews&#8217;e konu\u015fan YNK&#8217;nin \u00f6nde gelen kadrolar\u0131ndan Mela \u015eexa, \u00a0PKK&#8217;nin K\u00fcrdistan B\u00f6lgesi\u2019nin \u00a0yasal kurumlar\u0131na sayg\u0131 duymas\u0131 gerekti\u011fini belirterek \u201cPKK\u2019nin hangi politikalar\u0131 izledi\u011fini anlamakta zorlan\u0131yoruz. \u00a0K\u00fcrdistan B\u00f6lgesi\u2019nin i\u00e7 i\u015flerine m\u00fcdahaleler kabul edilemez\u201d ifadelerini kulland\u0131.<\/p>\n<p style=\"text-align: justify\">YNK\u2019li yetkili ayr\u0131ca, PKK\u2019ye ba\u011fl\u0131 silahl\u0131 gruplar\u0131n, sivillerin hayat\u0131n\u0131 riske atan ve hi\u00e7 ho\u015f kar\u015f\u0131lanmamas\u0131na ra\u011fmen sivil yerle\u015fim alanlar\u0131n\u0131 s\u0131k s\u0131k ziyaret ettiklerini do\u011frulad\u0131.<\/p>\n<p style=\"text-align: justify\"><strong>Goran da Endi\u015feli<\/strong><\/p>\n<p style=\"text-align: justify\">S\u00fcleymaniye&#8217;nin ikinci b\u00fcy\u00fck ve en etkili partisi olan Goran, PKK&#8217;nin il genelindeki hareketlerinden de endi\u015fe duyuyor.<\/p>\n<p style=\"text-align: justify\">Goran&#8217;\u0131n Genel Kurulu \u00fcyesi Ebdullah Ehmed, PKK&#8217;nin konumunu sadece S\u00fcleymaniye&#8217;de de\u011fil, Halep\u00e7e&#8217;de de sa\u011flamla\u015ft\u0131rd\u0131\u011f\u0131na inan\u0131yor: \u201cS\u00fcleymaniye&#8217;nin me\u015fru y\u00f6netimine sayg\u0131 duymuyorlar. Asl\u0131nda kimseye sayg\u0131 duymuyorlar.\u201d<\/p>\n<p style=\"text-align: justify\">Ge\u00e7di\u011fimiz y\u0131l S\u00fcleymaniye kent merkezinin birka\u00e7 km yak\u0131n\u0131ndaki piknik alan\u0131 olan Ezmer Da\u011f\u0131&#8217;nda T\u00fcrk S\u0130HA\u2019s\u0131n\u0131n d\u00fczenledi\u011fi bombard\u0131manda iki PKK\u2019li \u00fcst d\u00fczey yetkili \u00f6ld\u00fcr\u00fclm\u00fc\u015ft\u00fc. Bu sald\u0131r\u0131 ard\u0131ndan PKK, \u00a0YNK&#8217;yi b\u00f6lgedeki PKK komutanlar\u0131 hakk\u0131nda bilgileri T\u00fcrkiye ile ipayla\u015fmakla su\u00e7lam\u0131\u015ft\u0131.<\/p>\n<p style=\"text-align: justify\"><strong>\u201cPKK, Politikalar\u0131n\u0131 Yeniden G\u00f6zden Ge\u00e7irmeli\u201d\u00a0<\/strong><\/p>\n<p style=\"text-align: justify\">BasNews&#8217;e konu\u015fan YNK&#8217;nin k\u0131demli bir \u00fcyesi ve Irak Parlamentosu dan\u0131\u015fman\u0131 Ebdul Eziz Hesen, PKK&#8217;n\u0131n K\u00fcrdistan B\u00f6lgesi&#8217;ndeki politikalar\u0131n\u0131 yeniden g\u00f6zden ge\u00e7irmesi gerekti\u011fini s\u00f6yledi.<\/p>\n<p style=\"text-align: justify\">Hesen \u015funlar\u0131 dile getirdi: \u201cK\u00fcrdistan istikrarl\u0131 bir b\u00f6lgedir. PKK politikalar\u0131n\u0131 de\u011fi\u015ftirmeli ve S\u00fcleymaniye&#8217;deki istikrara sayg\u0131 g\u00f6stermelidir. Kom\u015fu \u00fclkelere K\u00fcrdistan B\u00f6lgesi&#8217;ne sald\u0131rma bahanesi vermemelidir.&#8221;<\/p>\n","protected":false},"excerpt":{"rendered":"<p>\u00a0S\u00fcleymaniye kentinde siyasal n\u00fcfuza sahip\u00a0iki parti K\u00fcrdistan Yurtseverler Birli\u011fi (YNK) ve Goran Hareketi, K\u00fcrdistan \u0130\u015f\u00e7i Partisi\u2019nin(PKK) b\u00f6lgede artan manevralar\u0131 ve TSK\u2019n\u0131n bombard\u0131manlar\u0131ndan endi\u015feli. PKK\u2019ye ba\u011fl\u0131 silahl\u0131 g\u00fc\u00e7lerin Rojava ve K\u00fcrdistan B\u00f6lgesi\u2019ndeki varl\u0131\u011f\u0131 nedeniyle T\u00fcrk ordusunun sald\u0131r\u0131lar\u0131na zemin sunarak, b\u00f6lgedeki istikrars\u0131zl\u0131\u011fa ve operasyonlar\u0131n\u0131n artmas\u0131na neden oluyor. T\u00fcrk ordusuna ba\u011fl sava\u015f u\u00e7aklar\u0131 son zamanlarda S\u00fcleymaniye&#8217;nin k\u0131rsal b\u00f6lgelerinde [&hellip;]<\/p>\n","protected":false},"author":2,"featured_media":1016293,"comment_status":"closed","ping_status":"closed","sticky":false,"template":"","format":"standard","meta":{"footnotes":""},"categories":[3],"tags":[31],"class_list":["post-1016292","post","type-post","status-publish","format-standard","has-post-thumbnail","hentry","category-kurdistan","tag-onemli"],"blocksy_meta":[],"seo_head":"<!-- This site is optimized with the Yoast SEO plugin v27.5 - https:\/\/yoast.com\/product\/yoast-seo-wordpress\/ -->\n<title>YNK ve Goran y\u00f6neticileri PKK&#039;nin S\u00fcleymaniye faaliyetlerini de\u011ferlendirdi: Tehlikeli bir durum - Darka Mazi<\/title>\n<meta name=\"robots\" content=\"index, follow, max-snippet:-1, max-image-preview:large, max-video-preview:-1\" \/>\n<link rel=\"canonical\" href=\"https:\/\/darkamazi.site\/archives\/1016292\" \/>\n<meta property=\"og:locale\" content=\"en_US\" \/>\n<meta property=\"og:type\" content=\"article\" \/>\n<meta property=\"og:title\" content=\"YNK ve Goran y\u00f6neticileri PKK&#039;nin S\u00fcleymaniye faaliyetlerini de\u011ferlendirdi: Tehlikeli bir durum - Darka Mazi\" \/>\n<meta property=\"og:description\" content=\"\u00a0S\u00fcleymaniye kentinde siyasal n\u00fcfuza sahip\u00a0iki parti K\u00fcrdistan Yurtseverler Birli\u011fi (YNK) ve Goran Hareketi, K\u00fcrdistan \u0130\u015f\u00e7i Partisi\u2019nin(PKK) b\u00f6lgede artan manevralar\u0131 ve TSK\u2019n\u0131n bombard\u0131manlar\u0131ndan endi\u015feli. PKK\u2019ye ba\u011fl\u0131 silahl\u0131 g\u00fc\u00e7lerin Rojava ve K\u00fcrdistan B\u00f6lgesi\u2019ndeki varl\u0131\u011f\u0131 nedeniyle T\u00fcrk ordusunun sald\u0131r\u0131lar\u0131na zemin sunarak, b\u00f6lgedeki istikrars\u0131zl\u0131\u011fa ve operasyonlar\u0131n\u0131n artmas\u0131na neden oluyor. T\u00fcrk ordusuna ba\u011fl sava\u015f u\u00e7aklar\u0131 son zamanlarda S\u00fcleymaniye&#8217;nin k\u0131rsal b\u00f6lgelerinde [&hellip;]\" \/>\n<meta property=\"og:url\" content=\"https:\/\/darkamazi.site\/archives\/1016292\" \/>\n<meta property=\"og:site_name\" content=\"Darka Mazi\" \/>\n<meta property=\"article:publisher\" content=\"https:\/\/www.facebook.com\/DarkaMaziturkce\" \/>\n<meta property=\"article:published_time\" content=\"2021-09-08T13:35:54+00:00\" \/>\n<meta property=\"og:image\" content=\"https:\/\/darkamazi.site\/file\/2021\/09\/YNK-ve-Goran.jpg\" \/>\n\t<meta property=\"og:image:width\" content=\"1536\" \/>\n\t<meta property=\"og:image:height\" content=\"922\" \/>\n\t<meta property=\"og:image:type\" content=\"image\/jpeg\" \/>\n<meta name=\"author\" content=\"darka mazi\" \/>\n<meta name=\"twitter:card\" content=\"summary_large_image\" \/>\n<meta name=\"twitter:creator\" content=\"@DarkaMaziTurkce\" \/>\n<meta name=\"twitter:site\" content=\"@DarkaMaziTurkce\" \/>\n<meta name=\"twitter:label1\" content=\"Written by\" \/>\n\t<meta name=\"twitter:data1\" content=\"darka mazi\" \/>\n\t<meta name=\"twitter:label2\" content=\"Est. reading time\" \/>\n\t<meta name=\"twitter:data2\" content=\"3 minutes\" \/>\n<script type=\"application\/ld+json\" class=\"seo-schema-graph\">{\"@context\":\"https:\\\/\\\/schema.org\",\"@graph\":[{\"@type\":\"NewsArticle\",\"@id\":\"https:\\\/\\\/darkamazi.site\\\/archives\\\/1016292#article\",\"isPartOf\":{\"@id\":\"https:\\\/\\\/darkamazi.site\\\/archives\\\/1016292\"},\"author\":{\"name\":\"darka mazi\",\"@id\":\"https:\\\/\\\/darkamazi.site\\\/#\\\/schema\\\/person\\\/67986a95ac546c16760365877ef4a9d3\"},\"headline\":\"YNK ve Goran y\u00f6neticileri PKK&#8217;nin S\u00fcleymaniye faaliyetlerini de\u011ferlendirdi: Tehlikeli bir durum\",\"datePublished\":\"2021-09-08T13:35:54+00:00\",\"mainEntityOfPage\":{\"@id\":\"https:\\\/\\\/darkamazi.site\\\/archives\\\/1016292\"},\"wordCount\":785,\"publisher\":{\"@id\":\"https:\\\/\\\/darkamazi.site\\\/#organization\"},\"image\":{\"@id\":\"https:\\\/\\\/darkamazi.site\\\/archives\\\/1016292#primaryimage\"},\"thumbnailUrl\":\"https:\\\/\\\/darkamazi.site\\\/darka-content\\\/uploads\\\/2021\\\/09\\\/YNK-ve-Goran.jpg\",\"keywords\":[\"\u00f6nemli\"],\"articleSection\":[\"Kurdistan\"],\"inLanguage\":\"en-US\"},{\"@type\":\"WebPage\",\"@id\":\"https:\\\/\\\/darkamazi.site\\\/archives\\\/1016292\",\"url\":\"https:\\\/\\\/darkamazi.site\\\/archives\\\/1016292\",\"name\":\"YNK ve Goran y\u00f6neticileri PKK'nin S\u00fcleymaniye faaliyetlerini de\u011ferlendirdi: Tehlikeli bir durum - Darka Mazi\",\"isPartOf\":{\"@id\":\"https:\\\/\\\/darkamazi.site\\\/#website\"},\"primaryImageOfPage\":{\"@id\":\"https:\\\/\\\/darkamazi.site\\\/archives\\\/1016292#primaryimage\"},\"image\":{\"@id\":\"https:\\\/\\\/darkamazi.site\\\/archives\\\/1016292#primaryimage\"},\"thumbnailUrl\":\"https:\\\/\\\/darkamazi.site\\\/darka-content\\\/uploads\\\/2021\\\/09\\\/YNK-ve-Goran.jpg\",\"datePublished\":\"2021-09-08T13:35:54+00:00\",\"breadcrumb\":{\"@id\":\"https:\\\/\\\/darkamazi.site\\\/archives\\\/1016292#breadcrumb\"},\"inLanguage\":\"en-US\",\"potentialAction\":[{\"@type\":\"ReadAction\",\"target\":[\"https:\\\/\\\/darkamazi.site\\\/archives\\\/1016292\"]}]},{\"@type\":\"ImageObject\",\"inLanguage\":\"en-US\",\"@id\":\"https:\\\/\\\/darkamazi.site\\\/archives\\\/1016292#primaryimage\",\"url\":\"https:\\\/\\\/darkamazi.site\\\/darka-content\\\/uploads\\\/2021\\\/09\\\/YNK-ve-Goran.jpg\",\"contentUrl\":\"https:\\\/\\\/darkamazi.site\\\/darka-content\\\/uploads\\\/2021\\\/09\\\/YNK-ve-Goran.jpg\",\"width\":1536,\"height\":922,\"caption\":\"YNK ve Goran y\u00f6neticileri PKK'nin S\u00fcleymaniye faaliyetlerini de\u011ferlendirdi: Tehlikeli bir durum\"},{\"@type\":\"BreadcrumbList\",\"@id\":\"https:\\\/\\\/darkamazi.site\\\/archives\\\/1016292#breadcrumb\",\"itemListElement\":[{\"@type\":\"ListItem\",\"position\":1,\"name\":\"Home\",\"item\":\"https:\\\/\\\/darkamazi.site\\\/\"},{\"@type\":\"ListItem\",\"position\":2,\"name\":\"YNK ve Goran y\u00f6neticileri PKK&#8217;nin S\u00fcleymaniye faaliyetlerini de\u011ferlendirdi: Tehlikeli bir durum\"}]},{\"@type\":\"WebSite\",\"@id\":\"https:\\\/\\\/darkamazi.site\\\/#website\",\"url\":\"https:\\\/\\\/darkamazi.site\\\/\",\"name\":\"Darka Mazi\",\"description\":\"Ana Sayfa\",\"publisher\":{\"@id\":\"https:\\\/\\\/darkamazi.site\\\/#organization\"},\"potentialAction\":[{\"@type\":\"SearchAction\",\"target\":{\"@type\":\"EntryPoint\",\"urlTemplate\":\"https:\\\/\\\/darkamazi.site\\\/?s={search_term_string}\"},\"query-input\":{\"@type\":\"PropertyValueSpecification\",\"valueRequired\":true,\"valueName\":\"search_term_string\"}}],\"inLanguage\":\"en-US\"},{\"@type\":\"Organization\",\"@id\":\"https:\\\/\\\/darkamazi.site\\\/#organization\",\"name\":\"Darka Mazi T\u00fcrk\u00e7e\",\"alternateName\":\"Darka Mazi\",\"url\":\"https:\\\/\\\/darkamazi.site\\\/\",\"logo\":{\"@type\":\"ImageObject\",\"inLanguage\":\"en-US\",\"@id\":\"https:\\\/\\\/darkamazi.site\\\/#\\\/schema\\\/logo\\\/image\\\/\",\"url\":\"https:\\\/\\\/darkamazi.site\\\/darka-content\\\/uploads\\\/2017\\\/12\\\/darka-mazi-logo.png\",\"contentUrl\":\"https:\\\/\\\/darkamazi.site\\\/darka-content\\\/uploads\\\/2017\\\/12\\\/darka-mazi-logo.png\",\"width\":151,\"height\":75,\"caption\":\"Darka Mazi T\u00fcrk\u00e7e\"},\"image\":{\"@id\":\"https:\\\/\\\/darkamazi.site\\\/#\\\/schema\\\/logo\\\/image\\\/\"},\"sameAs\":[\"https:\\\/\\\/www.facebook.com\\\/DarkaMaziturkce\",\"https:\\\/\\\/x.com\\\/DarkaMaziTurkce\"]},{\"@type\":\"Person\",\"@id\":\"https:\\\/\\\/darkamazi.site\\\/#\\\/schema\\\/person\\\/67986a95ac546c16760365877ef4a9d3\",\"name\":\"darka mazi\",\"sameAs\":[\"https:\\\/\\\/darkamazi.site\"],\"url\":\"https:\\\/\\\/darkamazi.site\\\/archives\\\/author\\\/turkish\"}]}<\/script>\n<!-- \/ Yoast SEO plugin. -->","seo_head_json":{"title":"YNK ve Goran y\u00f6neticileri PKK'nin S\u00fcleymaniye faaliyetlerini de\u011ferlendirdi: Tehlikeli bir durum - Darka Mazi","robots":{"index":"index","follow":"follow","max-snippet":"max-snippet:-1","max-image-preview":"max-image-preview:large","max-video-preview":"max-video-preview:-1"},"canonical":"https:\/\/darkamazi.site\/archives\/1016292","og_locale":"en_US","og_type":"article","og_title":"YNK ve Goran y\u00f6neticileri PKK'nin S\u00fcleymaniye faaliyetlerini de\u011ferlendirdi: Tehlikeli bir durum - Darka Mazi","og_description":"\u00a0S\u00fcleymaniye kentinde siyasal n\u00fcfuza sahip\u00a0iki parti K\u00fcrdistan Yurtseverler Birli\u011fi (YNK) ve Goran Hareketi, K\u00fcrdistan \u0130\u015f\u00e7i Partisi\u2019nin(PKK) b\u00f6lgede artan manevralar\u0131 ve TSK\u2019n\u0131n bombard\u0131manlar\u0131ndan endi\u015feli. PKK\u2019ye ba\u011fl\u0131 silahl\u0131 g\u00fc\u00e7lerin Rojava ve K\u00fcrdistan B\u00f6lgesi\u2019ndeki varl\u0131\u011f\u0131 nedeniyle T\u00fcrk ordusunun sald\u0131r\u0131lar\u0131na zemin sunarak, b\u00f6lgedeki istikrars\u0131zl\u0131\u011fa ve operasyonlar\u0131n\u0131n artmas\u0131na neden oluyor. T\u00fcrk ordusuna ba\u011fl sava\u015f u\u00e7aklar\u0131 son zamanlarda S\u00fcleymaniye&#8217;nin k\u0131rsal b\u00f6lgelerinde [&hellip;]","og_url":"https:\/\/darkamazi.site\/archives\/1016292","og_site_name":"Darka Mazi","article_publisher":"https:\/\/www.facebook.com\/DarkaMaziturkce","article_published_time":"2021-09-08T13:35:54+00:00","og_image":[{"width":1536,"height":922,"url":"https:\/\/darkamazi.site\/file\/2021\/09\/YNK-ve-Goran.jpg","type":"image\/jpeg"}],"author":"darka mazi","twitter_card":"summary_large_image","twitter_creator":"@DarkaMaziTurkce","twitter_site":"@DarkaMaziTurkce","twitter_misc":{"Written by":"darka mazi","Est. reading time":"3 minutes"},"schema":{"@context":"https:\/\/schema.org","@graph":[{"@type":"NewsArticle","@id":"https:\/\/darkamazi.site\/archives\/1016292#article","isPartOf":{"@id":"https:\/\/darkamazi.site\/archives\/1016292"},"author":{"name":"darka mazi","@id":"https:\/\/darkamazi.site\/#\/schema\/person\/67986a95ac546c16760365877ef4a9d3"},"headline":"YNK ve Goran y\u00f6neticileri PKK&#8217;nin S\u00fcleymaniye faaliyetlerini de\u011ferlendirdi: Tehlikeli bir durum","datePublished":"2021-09-08T13:35:54+00:00","mainEntityOfPage":{"@id":"https:\/\/darkamazi.site\/archives\/1016292"},"wordCount":785,"publisher":{"@id":"https:\/\/darkamazi.site\/#organization"},"image":{"@id":"https:\/\/darkamazi.site\/archives\/1016292#primaryimage"},"thumbnailUrl":"https:\/\/darkamazi.site\/file\/2021\/09\/YNK-ve-Goran.jpg","keywords":["\u00f6nemli"],"articleSection":["Kurdistan"],"inLanguage":"en-US"},{"@type":"WebPage","@id":"https:\/\/darkamazi.site\/archives\/1016292","url":"https:\/\/darkamazi.site\/archives\/1016292","name":"YNK ve Goran y\u00f6neticileri PKK'nin S\u00fcleymaniye faaliyetlerini de\u011ferlendirdi: Tehlikeli bir durum - Darka Mazi","isPartOf":{"@id":"https:\/\/darkamazi.site\/#website"},"primaryImageOfPage":{"@id":"https:\/\/darkamazi.site\/archives\/1016292#primaryimage"},"image":{"@id":"https:\/\/darkamazi.site\/archives\/1016292#primaryimage"},"thumbnailUrl":"https:\/\/darkamazi.site\/file\/2021\/09\/YNK-ve-Goran.jpg","datePublished":"2021-09-08T13:35:54+00:00","breadcrumb":{"@id":"https:\/\/darkamazi.site\/archives\/1016292#breadcrumb"},"inLanguage":"en-US","potentialAction":[{"@type":"ReadAction","target":["https:\/\/darkamazi.site\/archives\/1016292"]}]},{"@type":"ImageObject","inLanguage":"en-US","@id":"https:\/\/darkamazi.site\/archives\/1016292#primaryimage","url":"https:\/\/darkamazi.site\/file\/2021\/09\/YNK-ve-Goran.jpg","contentUrl":"https:\/\/darkamazi.site\/file\/2021\/09\/YNK-ve-Goran.jpg","width":1536,"height":922,"caption":"YNK ve Goran y\u00f6neticileri PKK'nin S\u00fcleymaniye faaliyetlerini de\u011ferlendirdi: Tehlikeli bir durum"},{"@type":"BreadcrumbList","@id":"https:\/\/darkamazi.site\/archives\/1016292#breadcrumb","itemListElement":[{"@type":"ListItem","position":1,"name":"Home","item":"https:\/\/darkamazi.site\/"},{"@type":"ListItem","position":2,"name":"YNK ve Goran y\u00f6neticileri PKK&#8217;nin S\u00fcleymaniye faaliyetlerini de\u011ferlendirdi: Tehlikeli bir durum"}]},{"@type":"WebSite","@id":"https:\/\/darkamazi.site\/#website","url":"https:\/\/darkamazi.site\/","name":"Darka Mazi","description":"Ana Sayfa","publisher":{"@id":"https:\/\/darkamazi.site\/#organization"},"potentialAction":[{"@type":"SearchAction","target":{"@type":"EntryPoint","urlTemplate":"https:\/\/darkamazi.site\/?s={search_term_string}"},"query-input":{"@type":"PropertyValueSpecification","valueRequired":true,"valueName":"search_term_string"}}],"inLanguage":"en-US"},{"@type":"Organization","@id":"https:\/\/darkamazi.site\/#organization","name":"Darka Mazi T\u00fcrk\u00e7e","alternateName":"Darka Mazi","url":"https:\/\/darkamazi.site\/","logo":{"@type":"ImageObject","inLanguage":"en-US","@id":"https:\/\/darkamazi.site\/#\/schema\/logo\/image\/","url":"https:\/\/darkamazi.site\/file\/2017\/12\/darka-mazi-logo.png","contentUrl":"https:\/\/darkamazi.site\/file\/2017\/12\/darka-mazi-logo.png","width":151,"height":75,"caption":"Darka Mazi T\u00fcrk\u00e7e"},"image":{"@id":"https:\/\/darkamazi.site\/#\/schema\/logo\/image\/"},"sameAs":["https:\/\/www.facebook.com\/DarkaMaziturkce","https:\/\/x.com\/DarkaMaziTurkce"]},{"@type":"Person","@id":"https:\/\/darkamazi.site\/#\/schema\/person\/67986a95ac546c16760365877ef4a9d3","name":"darka mazi","sameAs":["https:\/\/darkamazi.site"],"url":"https:\/\/darkamazi.site\/archives\/author\/turkish"}]}},"_links":{"self":[{"href":"https:\/\/darkamazi.site\/funavuv\/wp\/v2\/posts\/1016292","targetHints":{"allow":["GET"]}}],"collection":[{"href":"https:\/\/darkamazi.site\/funavuv\/wp\/v2\/posts"}],"about":[{"href":"https:\/\/darkamazi.site\/funavuv\/wp\/v2\/types\/post"}],"author":[{"embeddable":true,"href":"https:\/\/darkamazi.site\/funavuv\/wp\/v2\/users\/2"}],"replies":[{"embeddable":true,"href":"https:\/\/darkamazi.site\/funavuv\/wp\/v2\/comments?post=1016292"}],"version-history":[{"count":0,"href":"https:\/\/darkamazi.site\/funavuv\/wp\/v2\/posts\/1016292\/revisions"}],"wp:featuredmedia":[{"embeddable":true,"href":"https:\/\/darkamazi.site\/funavuv\/wp\/v2\/media\/1016293"}],"wp:attachment":[{"href":"https:\/\/darkamazi.site\/funavuv\/wp\/v2\/media?parent=1016292"}],"wp:term":[{"taxonomy":"category","embeddable":true,"href":"https:\/\/darkamazi.site\/funavuv\/wp\/v2\/categories?post=1016292"},{"taxonomy":"post_tag","embeddable":true,"href":"https:\/\/darkamazi.site\/funavuv\/wp\/v2\/tags?post=1016292"}],"curies":[{"name":"wp","href":"https:\/\/api.w.org\/{rel}","templated":true}]}}