{"id":1016418,"date":"2021-09-18T12:14:52","date_gmt":"2021-09-18T09:14:52","guid":{"rendered":"https:\/\/darkamazi.site\/?p=1016418"},"modified":"2021-09-18T12:14:52","modified_gmt":"2021-09-18T09:14:52","slug":"bedirxani-ailesinin-tarihi-avesta-yayinlarindan-cikti","status":"publish","type":"post","link":"https:\/\/darkamazi.site\/archives\/1016418","title":{"rendered":"Bedirxani Ailesi\u2019nin tarihi Avesta Yay\u0131nlar\u0131\u2019ndan \u00e7\u0131kt\u0131"},"content":{"rendered":"<p style=\"text-align: justify\">Barbara Henning\u2019in, \u201cOsmanl\u0131-K\u00fcrt Bedirxani Aile Tarihinin \u0130mparatorluk ve \u0130mparatorluk Sonras\u0131 Ba\u011flamlar\u0131ndaki Anlat\u0131lar\u0131: Devaml\u0131l\u0131klar ve De\u011fi\u015fimler\u201d isimli kitab\u0131 T\u00fcrk\u00e7e\u2019ye \u00e7evrildi.<\/p>\n<p style=\"text-align: justify\">Avesta Yay\u0131nlar\u0131\u2019ndan \u00e7\u0131kan 720 sayfal\u0131k kitap, K\u00fcrt halk\u0131n\u0131n siyasal ve k\u00fclt\u00fcrel tarihinde belirleyici roller oynayan Bedirxani Ailesi\u2019nin Osmanl\u0131 \u0130mparatorlu\u011fu ve imparatorluk sonras\u0131 d\u00f6nemlerdeki tarihinin izini s\u00fcr\u00fcyor.<\/p>\n<p style=\"text-align: justify\">Yazar, 19. y\u00fczy\u0131l\u0131n sonlar\u0131 ve 20. y\u00fczy\u0131l\u0131n ba\u015flar\u0131nda geni\u015f Bedirxani Ailesi\u2019nin \u00e7e\u015fitli mensuplar\u0131n\u0131 takip ederek, Osmanl\u0131 \u0130mparatorlu\u011funun \u00e7\u00f6k\u00fc\u015f\u00fcnden \u00f6nce ve imparatorluk sonras\u0131 kimlik olu\u015fumunun dinamiklerini ara\u015ft\u0131r\u0131yor. Barbara Henning bu ara\u015ft\u0131rmada Bedirxani Ailesi\u2019nin tarihini ba\u015flang\u0131\u00e7 noktas\u0131 olarak al\u0131yor.<\/p>\n<p style=\"text-align: justify\">\u0130brahim Bing\u00f6l\u2019\u00fcn \u0130ngilizce\u2019den \u00e7evirdi\u011fi kitapta, ailenin tarihi ba\u011flam\u0131nda, imparatorluk sonras\u0131 kimlik olu\u015fumunun uzun vadeli ve katmanl\u0131 karma\u015f\u0131k s\u00fcreci anlat\u0131l\u0131yor.<\/p>\n","protected":false},"excerpt":{"rendered":"<p>Barbara Henning\u2019in, \u201cOsmanl\u0131-K\u00fcrt Bedirxani Aile Tarihinin \u0130mparatorluk ve \u0130mparatorluk Sonras\u0131 Ba\u011flamlar\u0131ndaki Anlat\u0131lar\u0131: Devaml\u0131l\u0131klar ve De\u011fi\u015fimler\u201d isimli kitab\u0131 T\u00fcrk\u00e7e\u2019ye \u00e7evrildi. Avesta Yay\u0131nlar\u0131\u2019ndan \u00e7\u0131kan 720 sayfal\u0131k kitap, K\u00fcrt halk\u0131n\u0131n siyasal ve k\u00fclt\u00fcrel tarihinde belirleyici roller oynayan Bedirxani Ailesi\u2019nin Osmanl\u0131 \u0130mparatorlu\u011fu ve imparatorluk sonras\u0131 d\u00f6nemlerdeki tarihinin izini s\u00fcr\u00fcyor. Yazar, 19. y\u00fczy\u0131l\u0131n sonlar\u0131 ve 20. y\u00fczy\u0131l\u0131n ba\u015flar\u0131nda geni\u015f Bedirxani [&hellip;]<\/p>\n","protected":false},"author":2,"featured_media":1016419,"comment_status":"closed","ping_status":"closed","sticky":false,"template":"","format":"standard","meta":{"footnotes":""},"categories":[33],"tags":[31],"class_list":["post-1016418","post","type-post","status-publish","format-standard","has-post-thumbnail","hentry","category-sanat","tag-onemli"],"blocksy_meta":[],"seo_head":"<!-- This site is optimized with the Yoast SEO plugin v27.5 - https:\/\/yoast.com\/product\/yoast-seo-wordpress\/ -->\n<title>Bedirxani Ailesi\u2019nin tarihi Avesta Yay\u0131nlar\u0131\u2019ndan \u00e7\u0131kt\u0131 - Darka Mazi<\/title>\n<meta name=\"robots\" content=\"index, follow, max-snippet:-1, max-image-preview:large, max-video-preview:-1\" \/>\n<link rel=\"canonical\" href=\"https:\/\/darkamazi.site\/archives\/1016418\" \/>\n<meta property=\"og:locale\" content=\"en_US\" \/>\n<meta property=\"og:type\" content=\"article\" \/>\n<meta property=\"og:title\" content=\"Bedirxani Ailesi\u2019nin tarihi Avesta Yay\u0131nlar\u0131\u2019ndan \u00e7\u0131kt\u0131 - Darka Mazi\" \/>\n<meta property=\"og:description\" content=\"Barbara Henning\u2019in, \u201cOsmanl\u0131-K\u00fcrt Bedirxani Aile Tarihinin \u0130mparatorluk ve \u0130mparatorluk Sonras\u0131 Ba\u011flamlar\u0131ndaki Anlat\u0131lar\u0131: Devaml\u0131l\u0131klar ve De\u011fi\u015fimler\u201d isimli kitab\u0131 T\u00fcrk\u00e7e\u2019ye \u00e7evrildi. Avesta Yay\u0131nlar\u0131\u2019ndan \u00e7\u0131kan 720 sayfal\u0131k kitap, K\u00fcrt halk\u0131n\u0131n siyasal ve k\u00fclt\u00fcrel tarihinde belirleyici roller oynayan Bedirxani Ailesi\u2019nin Osmanl\u0131 \u0130mparatorlu\u011fu ve imparatorluk sonras\u0131 d\u00f6nemlerdeki tarihinin izini s\u00fcr\u00fcyor. Yazar, 19. y\u00fczy\u0131l\u0131n sonlar\u0131 ve 20. y\u00fczy\u0131l\u0131n ba\u015flar\u0131nda geni\u015f Bedirxani [&hellip;]\" \/>\n<meta property=\"og:url\" content=\"https:\/\/darkamazi.site\/archives\/1016418\" \/>\n<meta property=\"og:site_name\" content=\"Darka Mazi\" \/>\n<meta property=\"article:publisher\" content=\"https:\/\/www.facebook.com\/DarkaMaziturkce\" \/>\n<meta property=\"article:published_time\" content=\"2021-09-18T09:14:52+00:00\" \/>\n<meta property=\"og:image\" content=\"https:\/\/darkamazi.site\/file\/2021\/09\/Bedirxaniler.jpg\" \/>\n\t<meta property=\"og:image:width\" content=\"960\" \/>\n\t<meta property=\"og:image:height\" content=\"550\" \/>\n\t<meta property=\"og:image:type\" content=\"image\/jpeg\" \/>\n<meta name=\"author\" content=\"darka mazi\" \/>\n<meta name=\"twitter:card\" content=\"summary_large_image\" \/>\n<meta name=\"twitter:creator\" content=\"@DarkaMaziTurkce\" \/>\n<meta name=\"twitter:site\" content=\"@DarkaMaziTurkce\" \/>\n<meta name=\"twitter:label1\" content=\"Written by\" \/>\n\t<meta name=\"twitter:data1\" content=\"darka mazi\" \/>\n\t<meta name=\"twitter:label2\" content=\"Est. reading time\" \/>\n\t<meta name=\"twitter:data2\" content=\"1 minute\" \/>\n<script type=\"application\/ld+json\" class=\"seo-schema-graph\">{\"@context\":\"https:\\\/\\\/schema.org\",\"@graph\":[{\"@type\":\"NewsArticle\",\"@id\":\"https:\\\/\\\/darkamazi.site\\\/archives\\\/1016418#article\",\"isPartOf\":{\"@id\":\"https:\\\/\\\/darkamazi.site\\\/archives\\\/1016418\"},\"author\":{\"name\":\"darka mazi\",\"@id\":\"https:\\\/\\\/darkamazi.site\\\/#\\\/schema\\\/person\\\/67986a95ac546c16760365877ef4a9d3\"},\"headline\":\"Bedirxani Ailesi\u2019nin tarihi Avesta Yay\u0131nlar\u0131\u2019ndan \u00e7\u0131kt\u0131\",\"datePublished\":\"2021-09-18T09:14:52+00:00\",\"mainEntityOfPage\":{\"@id\":\"https:\\\/\\\/darkamazi.site\\\/archives\\\/1016418\"},\"wordCount\":166,\"publisher\":{\"@id\":\"https:\\\/\\\/darkamazi.site\\\/#organization\"},\"image\":{\"@id\":\"https:\\\/\\\/darkamazi.site\\\/archives\\\/1016418#primaryimage\"},\"thumbnailUrl\":\"https:\\\/\\\/darkamazi.site\\\/darka-content\\\/uploads\\\/2021\\\/09\\\/Bedirxaniler.jpg\",\"keywords\":[\"\u00f6nemli\"],\"articleSection\":[\"Sanat\"],\"inLanguage\":\"en-US\"},{\"@type\":\"WebPage\",\"@id\":\"https:\\\/\\\/darkamazi.site\\\/archives\\\/1016418\",\"url\":\"https:\\\/\\\/darkamazi.site\\\/archives\\\/1016418\",\"name\":\"Bedirxani Ailesi\u2019nin tarihi Avesta Yay\u0131nlar\u0131\u2019ndan \u00e7\u0131kt\u0131 - Darka Mazi\",\"isPartOf\":{\"@id\":\"https:\\\/\\\/darkamazi.site\\\/#website\"},\"primaryImageOfPage\":{\"@id\":\"https:\\\/\\\/darkamazi.site\\\/archives\\\/1016418#primaryimage\"},\"image\":{\"@id\":\"https:\\\/\\\/darkamazi.site\\\/archives\\\/1016418#primaryimage\"},\"thumbnailUrl\":\"https:\\\/\\\/darkamazi.site\\\/darka-content\\\/uploads\\\/2021\\\/09\\\/Bedirxaniler.jpg\",\"datePublished\":\"2021-09-18T09:14:52+00:00\",\"breadcrumb\":{\"@id\":\"https:\\\/\\\/darkamazi.site\\\/archives\\\/1016418#breadcrumb\"},\"inLanguage\":\"en-US\",\"potentialAction\":[{\"@type\":\"ReadAction\",\"target\":[\"https:\\\/\\\/darkamazi.site\\\/archives\\\/1016418\"]}]},{\"@type\":\"ImageObject\",\"inLanguage\":\"en-US\",\"@id\":\"https:\\\/\\\/darkamazi.site\\\/archives\\\/1016418#primaryimage\",\"url\":\"https:\\\/\\\/darkamazi.site\\\/darka-content\\\/uploads\\\/2021\\\/09\\\/Bedirxaniler.jpg\",\"contentUrl\":\"https:\\\/\\\/darkamazi.site\\\/darka-content\\\/uploads\\\/2021\\\/09\\\/Bedirxaniler.jpg\",\"width\":960,\"height\":550,\"caption\":\"Bedirxani Ailesi\u2019nin tarihi Avesta Yay\u0131nlar\u0131\u2019ndan \u00e7\u0131kt\u0131\"},{\"@type\":\"BreadcrumbList\",\"@id\":\"https:\\\/\\\/darkamazi.site\\\/archives\\\/1016418#breadcrumb\",\"itemListElement\":[{\"@type\":\"ListItem\",\"position\":1,\"name\":\"Home\",\"item\":\"https:\\\/\\\/darkamazi.site\\\/\"},{\"@type\":\"ListItem\",\"position\":2,\"name\":\"Bedirxani Ailesi\u2019nin tarihi Avesta Yay\u0131nlar\u0131\u2019ndan \u00e7\u0131kt\u0131\"}]},{\"@type\":\"WebSite\",\"@id\":\"https:\\\/\\\/darkamazi.site\\\/#website\",\"url\":\"https:\\\/\\\/darkamazi.site\\\/\",\"name\":\"Darka Mazi\",\"description\":\"Ana Sayfa\",\"publisher\":{\"@id\":\"https:\\\/\\\/darkamazi.site\\\/#organization\"},\"potentialAction\":[{\"@type\":\"SearchAction\",\"target\":{\"@type\":\"EntryPoint\",\"urlTemplate\":\"https:\\\/\\\/darkamazi.site\\\/?s={search_term_string}\"},\"query-input\":{\"@type\":\"PropertyValueSpecification\",\"valueRequired\":true,\"valueName\":\"search_term_string\"}}],\"inLanguage\":\"en-US\"},{\"@type\":\"Organization\",\"@id\":\"https:\\\/\\\/darkamazi.site\\\/#organization\",\"name\":\"Darka Mazi T\u00fcrk\u00e7e\",\"alternateName\":\"Darka Mazi\",\"url\":\"https:\\\/\\\/darkamazi.site\\\/\",\"logo\":{\"@type\":\"ImageObject\",\"inLanguage\":\"en-US\",\"@id\":\"https:\\\/\\\/darkamazi.site\\\/#\\\/schema\\\/logo\\\/image\\\/\",\"url\":\"https:\\\/\\\/darkamazi.site\\\/darka-content\\\/uploads\\\/2017\\\/12\\\/darka-mazi-logo.png\",\"contentUrl\":\"https:\\\/\\\/darkamazi.site\\\/darka-content\\\/uploads\\\/2017\\\/12\\\/darka-mazi-logo.png\",\"width\":151,\"height\":75,\"caption\":\"Darka Mazi T\u00fcrk\u00e7e\"},\"image\":{\"@id\":\"https:\\\/\\\/darkamazi.site\\\/#\\\/schema\\\/logo\\\/image\\\/\"},\"sameAs\":[\"https:\\\/\\\/www.facebook.com\\\/DarkaMaziturkce\",\"https:\\\/\\\/x.com\\\/DarkaMaziTurkce\"]},{\"@type\":\"Person\",\"@id\":\"https:\\\/\\\/darkamazi.site\\\/#\\\/schema\\\/person\\\/67986a95ac546c16760365877ef4a9d3\",\"name\":\"darka mazi\",\"sameAs\":[\"https:\\\/\\\/darkamazi.site\"],\"url\":\"https:\\\/\\\/darkamazi.site\\\/archives\\\/author\\\/turkish\"}]}<\/script>\n<!-- \/ Yoast SEO plugin. -->","seo_head_json":{"title":"Bedirxani Ailesi\u2019nin tarihi Avesta Yay\u0131nlar\u0131\u2019ndan \u00e7\u0131kt\u0131 - Darka Mazi","robots":{"index":"index","follow":"follow","max-snippet":"max-snippet:-1","max-image-preview":"max-image-preview:large","max-video-preview":"max-video-preview:-1"},"canonical":"https:\/\/darkamazi.site\/archives\/1016418","og_locale":"en_US","og_type":"article","og_title":"Bedirxani Ailesi\u2019nin tarihi Avesta Yay\u0131nlar\u0131\u2019ndan \u00e7\u0131kt\u0131 - Darka Mazi","og_description":"Barbara Henning\u2019in, \u201cOsmanl\u0131-K\u00fcrt Bedirxani Aile Tarihinin \u0130mparatorluk ve \u0130mparatorluk Sonras\u0131 Ba\u011flamlar\u0131ndaki Anlat\u0131lar\u0131: Devaml\u0131l\u0131klar ve De\u011fi\u015fimler\u201d isimli kitab\u0131 T\u00fcrk\u00e7e\u2019ye \u00e7evrildi. Avesta Yay\u0131nlar\u0131\u2019ndan \u00e7\u0131kan 720 sayfal\u0131k kitap, K\u00fcrt halk\u0131n\u0131n siyasal ve k\u00fclt\u00fcrel tarihinde belirleyici roller oynayan Bedirxani Ailesi\u2019nin Osmanl\u0131 \u0130mparatorlu\u011fu ve imparatorluk sonras\u0131 d\u00f6nemlerdeki tarihinin izini s\u00fcr\u00fcyor. Yazar, 19. y\u00fczy\u0131l\u0131n sonlar\u0131 ve 20. y\u00fczy\u0131l\u0131n ba\u015flar\u0131nda geni\u015f Bedirxani [&hellip;]","og_url":"https:\/\/darkamazi.site\/archives\/1016418","og_site_name":"Darka Mazi","article_publisher":"https:\/\/www.facebook.com\/DarkaMaziturkce","article_published_time":"2021-09-18T09:14:52+00:00","og_image":[{"width":960,"height":550,"url":"https:\/\/darkamazi.site\/file\/2021\/09\/Bedirxaniler.jpg","type":"image\/jpeg"}],"author":"darka mazi","twitter_card":"summary_large_image","twitter_creator":"@DarkaMaziTurkce","twitter_site":"@DarkaMaziTurkce","twitter_misc":{"Written by":"darka mazi","Est. reading time":"1 minute"},"schema":{"@context":"https:\/\/schema.org","@graph":[{"@type":"NewsArticle","@id":"https:\/\/darkamazi.site\/archives\/1016418#article","isPartOf":{"@id":"https:\/\/darkamazi.site\/archives\/1016418"},"author":{"name":"darka mazi","@id":"https:\/\/darkamazi.site\/#\/schema\/person\/67986a95ac546c16760365877ef4a9d3"},"headline":"Bedirxani Ailesi\u2019nin tarihi Avesta Yay\u0131nlar\u0131\u2019ndan \u00e7\u0131kt\u0131","datePublished":"2021-09-18T09:14:52+00:00","mainEntityOfPage":{"@id":"https:\/\/darkamazi.site\/archives\/1016418"},"wordCount":166,"publisher":{"@id":"https:\/\/darkamazi.site\/#organization"},"image":{"@id":"https:\/\/darkamazi.site\/archives\/1016418#primaryimage"},"thumbnailUrl":"https:\/\/darkamazi.site\/file\/2021\/09\/Bedirxaniler.jpg","keywords":["\u00f6nemli"],"articleSection":["Sanat"],"inLanguage":"en-US"},{"@type":"WebPage","@id":"https:\/\/darkamazi.site\/archives\/1016418","url":"https:\/\/darkamazi.site\/archives\/1016418","name":"Bedirxani Ailesi\u2019nin tarihi Avesta Yay\u0131nlar\u0131\u2019ndan \u00e7\u0131kt\u0131 - Darka Mazi","isPartOf":{"@id":"https:\/\/darkamazi.site\/#website"},"primaryImageOfPage":{"@id":"https:\/\/darkamazi.site\/archives\/1016418#primaryimage"},"image":{"@id":"https:\/\/darkamazi.site\/archives\/1016418#primaryimage"},"thumbnailUrl":"https:\/\/darkamazi.site\/file\/2021\/09\/Bedirxaniler.jpg","datePublished":"2021-09-18T09:14:52+00:00","breadcrumb":{"@id":"https:\/\/darkamazi.site\/archives\/1016418#breadcrumb"},"inLanguage":"en-US","potentialAction":[{"@type":"ReadAction","target":["https:\/\/darkamazi.site\/archives\/1016418"]}]},{"@type":"ImageObject","inLanguage":"en-US","@id":"https:\/\/darkamazi.site\/archives\/1016418#primaryimage","url":"https:\/\/darkamazi.site\/file\/2021\/09\/Bedirxaniler.jpg","contentUrl":"https:\/\/darkamazi.site\/file\/2021\/09\/Bedirxaniler.jpg","width":960,"height":550,"caption":"Bedirxani Ailesi\u2019nin tarihi Avesta Yay\u0131nlar\u0131\u2019ndan \u00e7\u0131kt\u0131"},{"@type":"BreadcrumbList","@id":"https:\/\/darkamazi.site\/archives\/1016418#breadcrumb","itemListElement":[{"@type":"ListItem","position":1,"name":"Home","item":"https:\/\/darkamazi.site\/"},{"@type":"ListItem","position":2,"name":"Bedirxani Ailesi\u2019nin tarihi Avesta Yay\u0131nlar\u0131\u2019ndan \u00e7\u0131kt\u0131"}]},{"@type":"WebSite","@id":"https:\/\/darkamazi.site\/#website","url":"https:\/\/darkamazi.site\/","name":"Darka Mazi","description":"Ana Sayfa","publisher":{"@id":"https:\/\/darkamazi.site\/#organization"},"potentialAction":[{"@type":"SearchAction","target":{"@type":"EntryPoint","urlTemplate":"https:\/\/darkamazi.site\/?s={search_term_string}"},"query-input":{"@type":"PropertyValueSpecification","valueRequired":true,"valueName":"search_term_string"}}],"inLanguage":"en-US"},{"@type":"Organization","@id":"https:\/\/darkamazi.site\/#organization","name":"Darka Mazi T\u00fcrk\u00e7e","alternateName":"Darka Mazi","url":"https:\/\/darkamazi.site\/","logo":{"@type":"ImageObject","inLanguage":"en-US","@id":"https:\/\/darkamazi.site\/#\/schema\/logo\/image\/","url":"https:\/\/darkamazi.site\/file\/2017\/12\/darka-mazi-logo.png","contentUrl":"https:\/\/darkamazi.site\/file\/2017\/12\/darka-mazi-logo.png","width":151,"height":75,"caption":"Darka Mazi T\u00fcrk\u00e7e"},"image":{"@id":"https:\/\/darkamazi.site\/#\/schema\/logo\/image\/"},"sameAs":["https:\/\/www.facebook.com\/DarkaMaziturkce","https:\/\/x.com\/DarkaMaziTurkce"]},{"@type":"Person","@id":"https:\/\/darkamazi.site\/#\/schema\/person\/67986a95ac546c16760365877ef4a9d3","name":"darka mazi","sameAs":["https:\/\/darkamazi.site"],"url":"https:\/\/darkamazi.site\/archives\/author\/turkish"}]}},"_links":{"self":[{"href":"https:\/\/darkamazi.site\/funavuv\/wp\/v2\/posts\/1016418","targetHints":{"allow":["GET"]}}],"collection":[{"href":"https:\/\/darkamazi.site\/funavuv\/wp\/v2\/posts"}],"about":[{"href":"https:\/\/darkamazi.site\/funavuv\/wp\/v2\/types\/post"}],"author":[{"embeddable":true,"href":"https:\/\/darkamazi.site\/funavuv\/wp\/v2\/users\/2"}],"replies":[{"embeddable":true,"href":"https:\/\/darkamazi.site\/funavuv\/wp\/v2\/comments?post=1016418"}],"version-history":[{"count":0,"href":"https:\/\/darkamazi.site\/funavuv\/wp\/v2\/posts\/1016418\/revisions"}],"wp:featuredmedia":[{"embeddable":true,"href":"https:\/\/darkamazi.site\/funavuv\/wp\/v2\/media\/1016419"}],"wp:attachment":[{"href":"https:\/\/darkamazi.site\/funavuv\/wp\/v2\/media?parent=1016418"}],"wp:term":[{"taxonomy":"category","embeddable":true,"href":"https:\/\/darkamazi.site\/funavuv\/wp\/v2\/categories?post=1016418"},{"taxonomy":"post_tag","embeddable":true,"href":"https:\/\/darkamazi.site\/funavuv\/wp\/v2\/tags?post=1016418"}],"curies":[{"name":"wp","href":"https:\/\/api.w.org\/{rel}","templated":true}]}}