{"id":1016435,"date":"2021-09-19T18:01:55","date_gmt":"2021-09-19T15:01:55","guid":{"rendered":"https:\/\/darkamazi.site\/?p=1016435"},"modified":"2021-09-19T18:01:55","modified_gmt":"2021-09-19T15:01:55","slug":"dogu-kurdistanli-sair-sabit-kirmansani-hayatini-kaybetti","status":"publish","type":"post","link":"https:\/\/darkamazi.site\/archives\/1016435","title":{"rendered":"Do\u011fu K\u00fcrdistanl\u0131 \u015fair Sabit Kirman\u015fani hayat\u0131n\u0131 kaybetti"},"content":{"rendered":"<p style=\"text-align: justify\">Do\u011fu K\u00fcrdistan\u2019\u0131n Kirma\u015fan kentinin tan\u0131nm\u0131\u015f Sanat\u00e7\u0131lar\u0131ndan Sabit Kirma\u015fan\u00ee lakapl\u0131 El\u00ee L\u00eemoy\u00ee 85 ya\u015f\u0131nda arkas\u0131nda 9 divan b\u0131rakarak hayata g\u00f6zlerini yumdu.<\/p>\n<p style=\"text-align: justify\">Son d\u00f6nemlerde \u2018\u2019\u015ei\u2019r\u00ean Dilber \u015e\u00eer\u00een Ziman\u00ee \u2013 Tatl\u0131 Dilli Dilberin \u015eiirleri\u201d adl\u0131 yazd\u0131\u011f\u0131 \u015fiir kitab\u0131 yay\u0131mlanand\u0131.<\/p>\n<p style=\"text-align: justify\">Tan\u0131nm\u0131\u015f K\u00fcrt Sanat\u00e7\u0131 El\u00ee L\u00eemoy\u00ee, 1937 y\u0131l\u0131ndan Kirma\u015fan kentinde d\u00fcnyaya geldi ve e\u011fitim hayat\u0131n\u0131 tamamlad\u0131ktan sonra do\u011fdu\u011fu kentte \u00e7al\u0131\u015farak, 1995 y\u0131l\u0131nda emekli oldu.<\/p>\n<p style=\"text-align: justify\">Daha gen\u00e7lik d\u00f6nemlerinde \u015fiirler yazmaya ba\u015flayan El\u00ee L\u00eemoy\u00ee, \u015fiirlerini K\u00fcrt\u00e7e\u2019nin Soranca leh\u00e7esi ile Fars\u00e7a dillerinde yazmaya ba\u015flad\u0131. \u015eu ana kadar 9 divan\u0131 bas\u0131lm\u0131\u015f ve yay\u0131mlanm\u0131\u015ft\u0131r.<\/p>\n<p style=\"text-align: justify\">Ge\u00e7ti\u011fimiz y\u0131l beyin felci ge\u00e7iren El\u00ee L\u00eemoy\u00ee yakla\u015f\u0131k 1 y\u0131ld\u0131r tedavi g\u00f6r\u00fcyordu.<\/p>\n","protected":false},"excerpt":{"rendered":"<p>Do\u011fu K\u00fcrdistan\u2019\u0131n Kirma\u015fan kentinin tan\u0131nm\u0131\u015f Sanat\u00e7\u0131lar\u0131ndan Sabit Kirma\u015fan\u00ee lakapl\u0131 El\u00ee L\u00eemoy\u00ee 85 ya\u015f\u0131nda arkas\u0131nda 9 divan b\u0131rakarak hayata g\u00f6zlerini yumdu. Son d\u00f6nemlerde \u2018\u2019\u015ei\u2019r\u00ean Dilber \u015e\u00eer\u00een Ziman\u00ee \u2013 Tatl\u0131 Dilli Dilberin \u015eiirleri\u201d adl\u0131 yazd\u0131\u011f\u0131 \u015fiir kitab\u0131 yay\u0131mlanand\u0131. Tan\u0131nm\u0131\u015f K\u00fcrt Sanat\u00e7\u0131 El\u00ee L\u00eemoy\u00ee, 1937 y\u0131l\u0131ndan Kirma\u015fan kentinde d\u00fcnyaya geldi ve e\u011fitim hayat\u0131n\u0131 tamamlad\u0131ktan sonra do\u011fdu\u011fu kentte \u00e7al\u0131\u015farak, [&hellip;]<\/p>\n","protected":false},"author":2,"featured_media":1016436,"comment_status":"closed","ping_status":"closed","sticky":false,"template":"","format":"standard","meta":{"footnotes":""},"categories":[33],"tags":[31],"class_list":["post-1016435","post","type-post","status-publish","format-standard","has-post-thumbnail","hentry","category-sanat","tag-onemli"],"blocksy_meta":[],"seo_head":"<!-- This site is optimized with the Yoast SEO plugin v27.5 - https:\/\/yoast.com\/product\/yoast-seo-wordpress\/ -->\n<title>Do\u011fu K\u00fcrdistanl\u0131 \u015fair Sabit Kirman\u015fani hayat\u0131n\u0131 kaybetti - Darka Mazi<\/title>\n<meta name=\"robots\" content=\"index, follow, max-snippet:-1, max-image-preview:large, max-video-preview:-1\" \/>\n<link rel=\"canonical\" href=\"https:\/\/darkamazi.site\/archives\/1016435\" \/>\n<meta property=\"og:locale\" content=\"en_US\" \/>\n<meta property=\"og:type\" content=\"article\" \/>\n<meta property=\"og:title\" content=\"Do\u011fu K\u00fcrdistanl\u0131 \u015fair Sabit Kirman\u015fani hayat\u0131n\u0131 kaybetti - Darka Mazi\" \/>\n<meta property=\"og:description\" content=\"Do\u011fu K\u00fcrdistan\u2019\u0131n Kirma\u015fan kentinin tan\u0131nm\u0131\u015f Sanat\u00e7\u0131lar\u0131ndan Sabit Kirma\u015fan\u00ee lakapl\u0131 El\u00ee L\u00eemoy\u00ee 85 ya\u015f\u0131nda arkas\u0131nda 9 divan b\u0131rakarak hayata g\u00f6zlerini yumdu. Son d\u00f6nemlerde \u2018\u2019\u015ei\u2019r\u00ean Dilber \u015e\u00eer\u00een Ziman\u00ee \u2013 Tatl\u0131 Dilli Dilberin \u015eiirleri\u201d adl\u0131 yazd\u0131\u011f\u0131 \u015fiir kitab\u0131 yay\u0131mlanand\u0131. Tan\u0131nm\u0131\u015f K\u00fcrt Sanat\u00e7\u0131 El\u00ee L\u00eemoy\u00ee, 1937 y\u0131l\u0131ndan Kirma\u015fan kentinde d\u00fcnyaya geldi ve e\u011fitim hayat\u0131n\u0131 tamamlad\u0131ktan sonra do\u011fdu\u011fu kentte \u00e7al\u0131\u015farak, [&hellip;]\" \/>\n<meta property=\"og:url\" content=\"https:\/\/darkamazi.site\/archives\/1016435\" \/>\n<meta property=\"og:site_name\" content=\"Darka Mazi\" \/>\n<meta property=\"article:publisher\" content=\"https:\/\/www.facebook.com\/DarkaMaziturkce\" \/>\n<meta property=\"article:published_time\" content=\"2021-09-19T15:01:55+00:00\" \/>\n<meta property=\"og:image\" content=\"https:\/\/darkamazi.site\/file\/2021\/09\/Sabit-Kirmansani.jpg\" \/>\n\t<meta property=\"og:image:width\" content=\"710\" \/>\n\t<meta property=\"og:image:height\" content=\"583\" \/>\n\t<meta property=\"og:image:type\" content=\"image\/jpeg\" \/>\n<meta name=\"author\" content=\"darka mazi\" \/>\n<meta name=\"twitter:card\" content=\"summary_large_image\" \/>\n<meta name=\"twitter:creator\" content=\"@DarkaMaziTurkce\" \/>\n<meta name=\"twitter:site\" content=\"@DarkaMaziTurkce\" \/>\n<meta name=\"twitter:label1\" content=\"Written by\" \/>\n\t<meta name=\"twitter:data1\" content=\"darka mazi\" \/>\n\t<meta name=\"twitter:label2\" content=\"Est. reading time\" \/>\n\t<meta name=\"twitter:data2\" content=\"1 minute\" \/>\n<script type=\"application\/ld+json\" class=\"seo-schema-graph\">{\"@context\":\"https:\\\/\\\/schema.org\",\"@graph\":[{\"@type\":\"NewsArticle\",\"@id\":\"https:\\\/\\\/darkamazi.site\\\/archives\\\/1016435#article\",\"isPartOf\":{\"@id\":\"https:\\\/\\\/darkamazi.site\\\/archives\\\/1016435\"},\"author\":{\"name\":\"darka mazi\",\"@id\":\"https:\\\/\\\/darkamazi.site\\\/#\\\/schema\\\/person\\\/67986a95ac546c16760365877ef4a9d3\"},\"headline\":\"Do\u011fu K\u00fcrdistanl\u0131 \u015fair Sabit Kirman\u015fani hayat\u0131n\u0131 kaybetti\",\"datePublished\":\"2021-09-19T15:01:55+00:00\",\"mainEntityOfPage\":{\"@id\":\"https:\\\/\\\/darkamazi.site\\\/archives\\\/1016435\"},\"wordCount\":157,\"publisher\":{\"@id\":\"https:\\\/\\\/darkamazi.site\\\/#organization\"},\"image\":{\"@id\":\"https:\\\/\\\/darkamazi.site\\\/archives\\\/1016435#primaryimage\"},\"thumbnailUrl\":\"https:\\\/\\\/darkamazi.site\\\/darka-content\\\/uploads\\\/2021\\\/09\\\/Sabit-Kirmansani.jpg\",\"keywords\":[\"\u00f6nemli\"],\"articleSection\":[\"Sanat\"],\"inLanguage\":\"en-US\"},{\"@type\":\"WebPage\",\"@id\":\"https:\\\/\\\/darkamazi.site\\\/archives\\\/1016435\",\"url\":\"https:\\\/\\\/darkamazi.site\\\/archives\\\/1016435\",\"name\":\"Do\u011fu K\u00fcrdistanl\u0131 \u015fair Sabit Kirman\u015fani hayat\u0131n\u0131 kaybetti - Darka Mazi\",\"isPartOf\":{\"@id\":\"https:\\\/\\\/darkamazi.site\\\/#website\"},\"primaryImageOfPage\":{\"@id\":\"https:\\\/\\\/darkamazi.site\\\/archives\\\/1016435#primaryimage\"},\"image\":{\"@id\":\"https:\\\/\\\/darkamazi.site\\\/archives\\\/1016435#primaryimage\"},\"thumbnailUrl\":\"https:\\\/\\\/darkamazi.site\\\/darka-content\\\/uploads\\\/2021\\\/09\\\/Sabit-Kirmansani.jpg\",\"datePublished\":\"2021-09-19T15:01:55+00:00\",\"breadcrumb\":{\"@id\":\"https:\\\/\\\/darkamazi.site\\\/archives\\\/1016435#breadcrumb\"},\"inLanguage\":\"en-US\",\"potentialAction\":[{\"@type\":\"ReadAction\",\"target\":[\"https:\\\/\\\/darkamazi.site\\\/archives\\\/1016435\"]}]},{\"@type\":\"ImageObject\",\"inLanguage\":\"en-US\",\"@id\":\"https:\\\/\\\/darkamazi.site\\\/archives\\\/1016435#primaryimage\",\"url\":\"https:\\\/\\\/darkamazi.site\\\/darka-content\\\/uploads\\\/2021\\\/09\\\/Sabit-Kirmansani.jpg\",\"contentUrl\":\"https:\\\/\\\/darkamazi.site\\\/darka-content\\\/uploads\\\/2021\\\/09\\\/Sabit-Kirmansani.jpg\",\"width\":710,\"height\":583,\"caption\":\"Do\u011fu K\u00fcrdistanl\u0131 \u015fair Sabit Kirman\u015fani hayat\u0131n\u0131 kaybetti\"},{\"@type\":\"BreadcrumbList\",\"@id\":\"https:\\\/\\\/darkamazi.site\\\/archives\\\/1016435#breadcrumb\",\"itemListElement\":[{\"@type\":\"ListItem\",\"position\":1,\"name\":\"Home\",\"item\":\"https:\\\/\\\/darkamazi.site\\\/\"},{\"@type\":\"ListItem\",\"position\":2,\"name\":\"Do\u011fu K\u00fcrdistanl\u0131 \u015fair Sabit Kirman\u015fani hayat\u0131n\u0131 kaybetti\"}]},{\"@type\":\"WebSite\",\"@id\":\"https:\\\/\\\/darkamazi.site\\\/#website\",\"url\":\"https:\\\/\\\/darkamazi.site\\\/\",\"name\":\"Darka Mazi\",\"description\":\"Ana Sayfa\",\"publisher\":{\"@id\":\"https:\\\/\\\/darkamazi.site\\\/#organization\"},\"potentialAction\":[{\"@type\":\"SearchAction\",\"target\":{\"@type\":\"EntryPoint\",\"urlTemplate\":\"https:\\\/\\\/darkamazi.site\\\/?s={search_term_string}\"},\"query-input\":{\"@type\":\"PropertyValueSpecification\",\"valueRequired\":true,\"valueName\":\"search_term_string\"}}],\"inLanguage\":\"en-US\"},{\"@type\":\"Organization\",\"@id\":\"https:\\\/\\\/darkamazi.site\\\/#organization\",\"name\":\"Darka Mazi T\u00fcrk\u00e7e\",\"alternateName\":\"Darka Mazi\",\"url\":\"https:\\\/\\\/darkamazi.site\\\/\",\"logo\":{\"@type\":\"ImageObject\",\"inLanguage\":\"en-US\",\"@id\":\"https:\\\/\\\/darkamazi.site\\\/#\\\/schema\\\/logo\\\/image\\\/\",\"url\":\"https:\\\/\\\/darkamazi.site\\\/darka-content\\\/uploads\\\/2017\\\/12\\\/darka-mazi-logo.png\",\"contentUrl\":\"https:\\\/\\\/darkamazi.site\\\/darka-content\\\/uploads\\\/2017\\\/12\\\/darka-mazi-logo.png\",\"width\":151,\"height\":75,\"caption\":\"Darka Mazi T\u00fcrk\u00e7e\"},\"image\":{\"@id\":\"https:\\\/\\\/darkamazi.site\\\/#\\\/schema\\\/logo\\\/image\\\/\"},\"sameAs\":[\"https:\\\/\\\/www.facebook.com\\\/DarkaMaziturkce\",\"https:\\\/\\\/x.com\\\/DarkaMaziTurkce\"]},{\"@type\":\"Person\",\"@id\":\"https:\\\/\\\/darkamazi.site\\\/#\\\/schema\\\/person\\\/67986a95ac546c16760365877ef4a9d3\",\"name\":\"darka mazi\",\"sameAs\":[\"https:\\\/\\\/darkamazi.site\"],\"url\":\"https:\\\/\\\/darkamazi.site\\\/archives\\\/author\\\/turkish\"}]}<\/script>\n<!-- \/ Yoast SEO plugin. -->","seo_head_json":{"title":"Do\u011fu K\u00fcrdistanl\u0131 \u015fair Sabit Kirman\u015fani hayat\u0131n\u0131 kaybetti - Darka Mazi","robots":{"index":"index","follow":"follow","max-snippet":"max-snippet:-1","max-image-preview":"max-image-preview:large","max-video-preview":"max-video-preview:-1"},"canonical":"https:\/\/darkamazi.site\/archives\/1016435","og_locale":"en_US","og_type":"article","og_title":"Do\u011fu K\u00fcrdistanl\u0131 \u015fair Sabit Kirman\u015fani hayat\u0131n\u0131 kaybetti - Darka Mazi","og_description":"Do\u011fu K\u00fcrdistan\u2019\u0131n Kirma\u015fan kentinin tan\u0131nm\u0131\u015f Sanat\u00e7\u0131lar\u0131ndan Sabit Kirma\u015fan\u00ee lakapl\u0131 El\u00ee L\u00eemoy\u00ee 85 ya\u015f\u0131nda arkas\u0131nda 9 divan b\u0131rakarak hayata g\u00f6zlerini yumdu. Son d\u00f6nemlerde \u2018\u2019\u015ei\u2019r\u00ean Dilber \u015e\u00eer\u00een Ziman\u00ee \u2013 Tatl\u0131 Dilli Dilberin \u015eiirleri\u201d adl\u0131 yazd\u0131\u011f\u0131 \u015fiir kitab\u0131 yay\u0131mlanand\u0131. Tan\u0131nm\u0131\u015f K\u00fcrt Sanat\u00e7\u0131 El\u00ee L\u00eemoy\u00ee, 1937 y\u0131l\u0131ndan Kirma\u015fan kentinde d\u00fcnyaya geldi ve e\u011fitim hayat\u0131n\u0131 tamamlad\u0131ktan sonra do\u011fdu\u011fu kentte \u00e7al\u0131\u015farak, [&hellip;]","og_url":"https:\/\/darkamazi.site\/archives\/1016435","og_site_name":"Darka Mazi","article_publisher":"https:\/\/www.facebook.com\/DarkaMaziturkce","article_published_time":"2021-09-19T15:01:55+00:00","og_image":[{"width":710,"height":583,"url":"https:\/\/darkamazi.site\/file\/2021\/09\/Sabit-Kirmansani.jpg","type":"image\/jpeg"}],"author":"darka mazi","twitter_card":"summary_large_image","twitter_creator":"@DarkaMaziTurkce","twitter_site":"@DarkaMaziTurkce","twitter_misc":{"Written by":"darka mazi","Est. reading time":"1 minute"},"schema":{"@context":"https:\/\/schema.org","@graph":[{"@type":"NewsArticle","@id":"https:\/\/darkamazi.site\/archives\/1016435#article","isPartOf":{"@id":"https:\/\/darkamazi.site\/archives\/1016435"},"author":{"name":"darka mazi","@id":"https:\/\/darkamazi.site\/#\/schema\/person\/67986a95ac546c16760365877ef4a9d3"},"headline":"Do\u011fu K\u00fcrdistanl\u0131 \u015fair Sabit Kirman\u015fani hayat\u0131n\u0131 kaybetti","datePublished":"2021-09-19T15:01:55+00:00","mainEntityOfPage":{"@id":"https:\/\/darkamazi.site\/archives\/1016435"},"wordCount":157,"publisher":{"@id":"https:\/\/darkamazi.site\/#organization"},"image":{"@id":"https:\/\/darkamazi.site\/archives\/1016435#primaryimage"},"thumbnailUrl":"https:\/\/darkamazi.site\/file\/2021\/09\/Sabit-Kirmansani.jpg","keywords":["\u00f6nemli"],"articleSection":["Sanat"],"inLanguage":"en-US"},{"@type":"WebPage","@id":"https:\/\/darkamazi.site\/archives\/1016435","url":"https:\/\/darkamazi.site\/archives\/1016435","name":"Do\u011fu K\u00fcrdistanl\u0131 \u015fair Sabit Kirman\u015fani hayat\u0131n\u0131 kaybetti - Darka Mazi","isPartOf":{"@id":"https:\/\/darkamazi.site\/#website"},"primaryImageOfPage":{"@id":"https:\/\/darkamazi.site\/archives\/1016435#primaryimage"},"image":{"@id":"https:\/\/darkamazi.site\/archives\/1016435#primaryimage"},"thumbnailUrl":"https:\/\/darkamazi.site\/file\/2021\/09\/Sabit-Kirmansani.jpg","datePublished":"2021-09-19T15:01:55+00:00","breadcrumb":{"@id":"https:\/\/darkamazi.site\/archives\/1016435#breadcrumb"},"inLanguage":"en-US","potentialAction":[{"@type":"ReadAction","target":["https:\/\/darkamazi.site\/archives\/1016435"]}]},{"@type":"ImageObject","inLanguage":"en-US","@id":"https:\/\/darkamazi.site\/archives\/1016435#primaryimage","url":"https:\/\/darkamazi.site\/file\/2021\/09\/Sabit-Kirmansani.jpg","contentUrl":"https:\/\/darkamazi.site\/file\/2021\/09\/Sabit-Kirmansani.jpg","width":710,"height":583,"caption":"Do\u011fu K\u00fcrdistanl\u0131 \u015fair Sabit Kirman\u015fani hayat\u0131n\u0131 kaybetti"},{"@type":"BreadcrumbList","@id":"https:\/\/darkamazi.site\/archives\/1016435#breadcrumb","itemListElement":[{"@type":"ListItem","position":1,"name":"Home","item":"https:\/\/darkamazi.site\/"},{"@type":"ListItem","position":2,"name":"Do\u011fu K\u00fcrdistanl\u0131 \u015fair Sabit Kirman\u015fani hayat\u0131n\u0131 kaybetti"}]},{"@type":"WebSite","@id":"https:\/\/darkamazi.site\/#website","url":"https:\/\/darkamazi.site\/","name":"Darka Mazi","description":"Ana Sayfa","publisher":{"@id":"https:\/\/darkamazi.site\/#organization"},"potentialAction":[{"@type":"SearchAction","target":{"@type":"EntryPoint","urlTemplate":"https:\/\/darkamazi.site\/?s={search_term_string}"},"query-input":{"@type":"PropertyValueSpecification","valueRequired":true,"valueName":"search_term_string"}}],"inLanguage":"en-US"},{"@type":"Organization","@id":"https:\/\/darkamazi.site\/#organization","name":"Darka Mazi T\u00fcrk\u00e7e","alternateName":"Darka Mazi","url":"https:\/\/darkamazi.site\/","logo":{"@type":"ImageObject","inLanguage":"en-US","@id":"https:\/\/darkamazi.site\/#\/schema\/logo\/image\/","url":"https:\/\/darkamazi.site\/file\/2017\/12\/darka-mazi-logo.png","contentUrl":"https:\/\/darkamazi.site\/file\/2017\/12\/darka-mazi-logo.png","width":151,"height":75,"caption":"Darka Mazi T\u00fcrk\u00e7e"},"image":{"@id":"https:\/\/darkamazi.site\/#\/schema\/logo\/image\/"},"sameAs":["https:\/\/www.facebook.com\/DarkaMaziturkce","https:\/\/x.com\/DarkaMaziTurkce"]},{"@type":"Person","@id":"https:\/\/darkamazi.site\/#\/schema\/person\/67986a95ac546c16760365877ef4a9d3","name":"darka mazi","sameAs":["https:\/\/darkamazi.site"],"url":"https:\/\/darkamazi.site\/archives\/author\/turkish"}]}},"_links":{"self":[{"href":"https:\/\/darkamazi.site\/funavuv\/wp\/v2\/posts\/1016435","targetHints":{"allow":["GET"]}}],"collection":[{"href":"https:\/\/darkamazi.site\/funavuv\/wp\/v2\/posts"}],"about":[{"href":"https:\/\/darkamazi.site\/funavuv\/wp\/v2\/types\/post"}],"author":[{"embeddable":true,"href":"https:\/\/darkamazi.site\/funavuv\/wp\/v2\/users\/2"}],"replies":[{"embeddable":true,"href":"https:\/\/darkamazi.site\/funavuv\/wp\/v2\/comments?post=1016435"}],"version-history":[{"count":0,"href":"https:\/\/darkamazi.site\/funavuv\/wp\/v2\/posts\/1016435\/revisions"}],"wp:featuredmedia":[{"embeddable":true,"href":"https:\/\/darkamazi.site\/funavuv\/wp\/v2\/media\/1016436"}],"wp:attachment":[{"href":"https:\/\/darkamazi.site\/funavuv\/wp\/v2\/media?parent=1016435"}],"wp:term":[{"taxonomy":"category","embeddable":true,"href":"https:\/\/darkamazi.site\/funavuv\/wp\/v2\/categories?post=1016435"},{"taxonomy":"post_tag","embeddable":true,"href":"https:\/\/darkamazi.site\/funavuv\/wp\/v2\/tags?post=1016435"}],"curies":[{"name":"wp","href":"https:\/\/api.w.org\/{rel}","templated":true}]}}