{"id":1016681,"date":"2021-10-12T09:28:36","date_gmt":"2021-10-12T06:28:36","guid":{"rendered":"https:\/\/darkamazi.site\/?p=1016681"},"modified":"2021-10-12T09:28:36","modified_gmt":"2021-10-12T06:28:36","slug":"secim-sonucu-kerkukun-kurdistani-kimligini-dogruladi-kurtler-galip-geldi","status":"publish","type":"post","link":"https:\/\/darkamazi.site\/archives\/1016681","title":{"rendered":"Se\u00e7im sonucu Kerk\u00fck&#8217;\u00fcn K\u00fcrdistani kimli\u011fini do\u011frulad\u0131, K\u00fcrtler galip geldi"},"content":{"rendered":"<p style=\"text-align: justify\">Irak Y\u00fcksek Se\u00e7im Komisyonu&#8217;nun a\u00e7\u0131klamas\u0131na g\u00f6re, Kerk\u00fck\u2019te K\u00fcrtler 6 milletvekili \u00e7\u0131kard\u0131. Adaylar\u0131n 4\u2019\u00fc birinci, 2\u2019si de ikinci b\u00f6lgede se\u00e7imi kazand\u0131. T\u00fcrkmenler 2, Araplar ise 4 vekil \u00e7\u0131kard\u0131. Bir Hristiyan aday ise kontenjandan Meclise girdi.<\/p>\n<p style=\"text-align: justify\">K\u00fcrdistan Yurtseverler Birli\u011fi (KYB) 3, K\u00fcrdistan Demokrat Partisi (PDK) 2, Yeni Nesil Hareketi ise 1 sandalye kazand\u0131.<\/p>\n<p style=\"text-align: justify\">Kerk\u00fck birinci b\u00f6lge PDK aday\u0131 \u015eaxewan Ebdulla en \u00e7ok oyu ald\u0131. Dilan Xefur da ayn\u0131 turda ikinci s\u0131ray\u0131 kazand\u0131. K\u00fcrdistan \u0130ttifak\u0131 listesinde yer alan Sidiq Umer ve M\u00fceyed Xazi de meclis i\u00e7in gerekli oylar\u0131 ald\u0131lar.<\/p>\n<p style=\"text-align: justify\">T\u00fcrkmen aday Er\u015fad Salihi de Kerk\u00fck&#8217;\u00fcn ikinci b\u00f6lgesinden ilk s\u0131rada se\u00e7ildi. Sos\u0131n Wahid ise Irak Parlamentosuna girmeye hak kazanan di\u011fer T\u00fcrkmen vekil oldu.<\/p>\n<p style=\"text-align: justify\">Kerk\u00fck&#8217;te 1 milyon 11 bin 928 ki\u015finin oy kullanma hakk\u0131 bulunuyor ve ancak se\u00e7imlere kat\u0131l\u0131m y\u00fczde 30&#8217;u ge\u00e7medi.<\/p>\n","protected":false},"excerpt":{"rendered":"<p>Irak Y\u00fcksek Se\u00e7im Komisyonu&#8217;nun a\u00e7\u0131klamas\u0131na g\u00f6re, Kerk\u00fck\u2019te K\u00fcrtler 6 milletvekili \u00e7\u0131kard\u0131. Adaylar\u0131n 4\u2019\u00fc birinci, 2\u2019si de ikinci b\u00f6lgede se\u00e7imi kazand\u0131. T\u00fcrkmenler 2, Araplar ise 4 vekil \u00e7\u0131kard\u0131. Bir Hristiyan aday ise kontenjandan Meclise girdi. K\u00fcrdistan Yurtseverler Birli\u011fi (KYB) 3, K\u00fcrdistan Demokrat Partisi (PDK) 2, Yeni Nesil Hareketi ise 1 sandalye kazand\u0131. Kerk\u00fck birinci b\u00f6lge PDK [&hellip;]<\/p>\n","protected":false},"author":2,"featured_media":1016682,"comment_status":"closed","ping_status":"closed","sticky":false,"template":"","format":"standard","meta":{"footnotes":""},"categories":[3],"tags":[31],"class_list":["post-1016681","post","type-post","status-publish","format-standard","has-post-thumbnail","hentry","category-kurdistan","tag-onemli"],"blocksy_meta":[],"seo_head":"<!-- This site is optimized with the Yoast SEO plugin v27.5 - https:\/\/yoast.com\/product\/yoast-seo-wordpress\/ -->\n<title>Se\u00e7im sonucu Kerk\u00fck&#039;\u00fcn K\u00fcrdistani kimli\u011fini do\u011frulad\u0131, K\u00fcrtler galip geldi - Darka Mazi<\/title>\n<meta name=\"robots\" content=\"index, follow, max-snippet:-1, max-image-preview:large, max-video-preview:-1\" \/>\n<link rel=\"canonical\" href=\"https:\/\/darkamazi.site\/archives\/1016681\" \/>\n<meta property=\"og:locale\" content=\"en_US\" \/>\n<meta property=\"og:type\" content=\"article\" \/>\n<meta property=\"og:title\" content=\"Se\u00e7im sonucu Kerk\u00fck&#039;\u00fcn K\u00fcrdistani kimli\u011fini do\u011frulad\u0131, K\u00fcrtler galip geldi - Darka Mazi\" \/>\n<meta property=\"og:description\" content=\"Irak Y\u00fcksek Se\u00e7im Komisyonu&#8217;nun a\u00e7\u0131klamas\u0131na g\u00f6re, Kerk\u00fck\u2019te K\u00fcrtler 6 milletvekili \u00e7\u0131kard\u0131. Adaylar\u0131n 4\u2019\u00fc birinci, 2\u2019si de ikinci b\u00f6lgede se\u00e7imi kazand\u0131. T\u00fcrkmenler 2, Araplar ise 4 vekil \u00e7\u0131kard\u0131. Bir Hristiyan aday ise kontenjandan Meclise girdi. K\u00fcrdistan Yurtseverler Birli\u011fi (KYB) 3, K\u00fcrdistan Demokrat Partisi (PDK) 2, Yeni Nesil Hareketi ise 1 sandalye kazand\u0131. Kerk\u00fck birinci b\u00f6lge PDK [&hellip;]\" \/>\n<meta property=\"og:url\" content=\"https:\/\/darkamazi.site\/archives\/1016681\" \/>\n<meta property=\"og:site_name\" content=\"Darka Mazi\" \/>\n<meta property=\"article:publisher\" content=\"https:\/\/www.facebook.com\/DarkaMaziturkce\" \/>\n<meta property=\"article:published_time\" content=\"2021-10-12T06:28:36+00:00\" \/>\n<meta property=\"og:image\" content=\"https:\/\/darkamazi.site\/file\/2021\/10\/Kerkuk-kurdistandir.jpg\" \/>\n\t<meta property=\"og:image:width\" content=\"1368\" \/>\n\t<meta property=\"og:image:height\" content=\"911\" \/>\n\t<meta property=\"og:image:type\" content=\"image\/jpeg\" \/>\n<meta name=\"author\" content=\"darka mazi\" \/>\n<meta name=\"twitter:card\" content=\"summary_large_image\" \/>\n<meta name=\"twitter:creator\" content=\"@DarkaMaziTurkce\" \/>\n<meta name=\"twitter:site\" content=\"@DarkaMaziTurkce\" \/>\n<meta name=\"twitter:label1\" content=\"Written by\" \/>\n\t<meta name=\"twitter:data1\" content=\"darka mazi\" \/>\n\t<meta name=\"twitter:label2\" content=\"Est. reading time\" \/>\n\t<meta name=\"twitter:data2\" content=\"1 minute\" \/>\n<script type=\"application\/ld+json\" class=\"seo-schema-graph\">{\"@context\":\"https:\\\/\\\/schema.org\",\"@graph\":[{\"@type\":\"NewsArticle\",\"@id\":\"https:\\\/\\\/darkamazi.site\\\/archives\\\/1016681#article\",\"isPartOf\":{\"@id\":\"https:\\\/\\\/darkamazi.site\\\/archives\\\/1016681\"},\"author\":{\"name\":\"darka mazi\",\"@id\":\"https:\\\/\\\/darkamazi.site\\\/#\\\/schema\\\/person\\\/67986a95ac546c16760365877ef4a9d3\"},\"headline\":\"Se\u00e7im sonucu Kerk\u00fck&#8217;\u00fcn K\u00fcrdistani kimli\u011fini do\u011frulad\u0131, K\u00fcrtler galip geldi\",\"datePublished\":\"2021-10-12T06:28:36+00:00\",\"mainEntityOfPage\":{\"@id\":\"https:\\\/\\\/darkamazi.site\\\/archives\\\/1016681\"},\"wordCount\":174,\"publisher\":{\"@id\":\"https:\\\/\\\/darkamazi.site\\\/#organization\"},\"image\":{\"@id\":\"https:\\\/\\\/darkamazi.site\\\/archives\\\/1016681#primaryimage\"},\"thumbnailUrl\":\"https:\\\/\\\/darkamazi.site\\\/darka-content\\\/uploads\\\/2021\\\/10\\\/Kerkuk-kurdistandir.jpg\",\"keywords\":[\"\u00f6nemli\"],\"articleSection\":[\"Kurdistan\"],\"inLanguage\":\"en-US\"},{\"@type\":\"WebPage\",\"@id\":\"https:\\\/\\\/darkamazi.site\\\/archives\\\/1016681\",\"url\":\"https:\\\/\\\/darkamazi.site\\\/archives\\\/1016681\",\"name\":\"Se\u00e7im sonucu Kerk\u00fck'\u00fcn K\u00fcrdistani kimli\u011fini do\u011frulad\u0131, K\u00fcrtler galip geldi - Darka Mazi\",\"isPartOf\":{\"@id\":\"https:\\\/\\\/darkamazi.site\\\/#website\"},\"primaryImageOfPage\":{\"@id\":\"https:\\\/\\\/darkamazi.site\\\/archives\\\/1016681#primaryimage\"},\"image\":{\"@id\":\"https:\\\/\\\/darkamazi.site\\\/archives\\\/1016681#primaryimage\"},\"thumbnailUrl\":\"https:\\\/\\\/darkamazi.site\\\/darka-content\\\/uploads\\\/2021\\\/10\\\/Kerkuk-kurdistandir.jpg\",\"datePublished\":\"2021-10-12T06:28:36+00:00\",\"breadcrumb\":{\"@id\":\"https:\\\/\\\/darkamazi.site\\\/archives\\\/1016681#breadcrumb\"},\"inLanguage\":\"en-US\",\"potentialAction\":[{\"@type\":\"ReadAction\",\"target\":[\"https:\\\/\\\/darkamazi.site\\\/archives\\\/1016681\"]}]},{\"@type\":\"ImageObject\",\"inLanguage\":\"en-US\",\"@id\":\"https:\\\/\\\/darkamazi.site\\\/archives\\\/1016681#primaryimage\",\"url\":\"https:\\\/\\\/darkamazi.site\\\/darka-content\\\/uploads\\\/2021\\\/10\\\/Kerkuk-kurdistandir.jpg\",\"contentUrl\":\"https:\\\/\\\/darkamazi.site\\\/darka-content\\\/uploads\\\/2021\\\/10\\\/Kerkuk-kurdistandir.jpg\",\"width\":1368,\"height\":911,\"caption\":\"Se\u00e7im sonucu Kerk\u00fck'\u00fcn K\u00fcrdistani kimli\u011fini do\u011frulad\u0131\"},{\"@type\":\"BreadcrumbList\",\"@id\":\"https:\\\/\\\/darkamazi.site\\\/archives\\\/1016681#breadcrumb\",\"itemListElement\":[{\"@type\":\"ListItem\",\"position\":1,\"name\":\"Home\",\"item\":\"https:\\\/\\\/darkamazi.site\\\/\"},{\"@type\":\"ListItem\",\"position\":2,\"name\":\"Se\u00e7im sonucu Kerk\u00fck&#8217;\u00fcn K\u00fcrdistani kimli\u011fini do\u011frulad\u0131, K\u00fcrtler galip geldi\"}]},{\"@type\":\"WebSite\",\"@id\":\"https:\\\/\\\/darkamazi.site\\\/#website\",\"url\":\"https:\\\/\\\/darkamazi.site\\\/\",\"name\":\"Darka Mazi\",\"description\":\"Ana Sayfa\",\"publisher\":{\"@id\":\"https:\\\/\\\/darkamazi.site\\\/#organization\"},\"potentialAction\":[{\"@type\":\"SearchAction\",\"target\":{\"@type\":\"EntryPoint\",\"urlTemplate\":\"https:\\\/\\\/darkamazi.site\\\/?s={search_term_string}\"},\"query-input\":{\"@type\":\"PropertyValueSpecification\",\"valueRequired\":true,\"valueName\":\"search_term_string\"}}],\"inLanguage\":\"en-US\"},{\"@type\":\"Organization\",\"@id\":\"https:\\\/\\\/darkamazi.site\\\/#organization\",\"name\":\"Darka Mazi T\u00fcrk\u00e7e\",\"alternateName\":\"Darka Mazi\",\"url\":\"https:\\\/\\\/darkamazi.site\\\/\",\"logo\":{\"@type\":\"ImageObject\",\"inLanguage\":\"en-US\",\"@id\":\"https:\\\/\\\/darkamazi.site\\\/#\\\/schema\\\/logo\\\/image\\\/\",\"url\":\"https:\\\/\\\/darkamazi.site\\\/darka-content\\\/uploads\\\/2017\\\/12\\\/darka-mazi-logo.png\",\"contentUrl\":\"https:\\\/\\\/darkamazi.site\\\/darka-content\\\/uploads\\\/2017\\\/12\\\/darka-mazi-logo.png\",\"width\":151,\"height\":75,\"caption\":\"Darka Mazi T\u00fcrk\u00e7e\"},\"image\":{\"@id\":\"https:\\\/\\\/darkamazi.site\\\/#\\\/schema\\\/logo\\\/image\\\/\"},\"sameAs\":[\"https:\\\/\\\/www.facebook.com\\\/DarkaMaziturkce\",\"https:\\\/\\\/x.com\\\/DarkaMaziTurkce\"]},{\"@type\":\"Person\",\"@id\":\"https:\\\/\\\/darkamazi.site\\\/#\\\/schema\\\/person\\\/67986a95ac546c16760365877ef4a9d3\",\"name\":\"darka mazi\",\"sameAs\":[\"https:\\\/\\\/darkamazi.site\"],\"url\":\"https:\\\/\\\/darkamazi.site\\\/archives\\\/author\\\/turkish\"}]}<\/script>\n<!-- \/ Yoast SEO plugin. -->","seo_head_json":{"title":"Se\u00e7im sonucu Kerk\u00fck'\u00fcn K\u00fcrdistani kimli\u011fini do\u011frulad\u0131, K\u00fcrtler galip geldi - Darka Mazi","robots":{"index":"index","follow":"follow","max-snippet":"max-snippet:-1","max-image-preview":"max-image-preview:large","max-video-preview":"max-video-preview:-1"},"canonical":"https:\/\/darkamazi.site\/archives\/1016681","og_locale":"en_US","og_type":"article","og_title":"Se\u00e7im sonucu Kerk\u00fck'\u00fcn K\u00fcrdistani kimli\u011fini do\u011frulad\u0131, K\u00fcrtler galip geldi - Darka Mazi","og_description":"Irak Y\u00fcksek Se\u00e7im Komisyonu&#8217;nun a\u00e7\u0131klamas\u0131na g\u00f6re, Kerk\u00fck\u2019te K\u00fcrtler 6 milletvekili \u00e7\u0131kard\u0131. Adaylar\u0131n 4\u2019\u00fc birinci, 2\u2019si de ikinci b\u00f6lgede se\u00e7imi kazand\u0131. T\u00fcrkmenler 2, Araplar ise 4 vekil \u00e7\u0131kard\u0131. Bir Hristiyan aday ise kontenjandan Meclise girdi. K\u00fcrdistan Yurtseverler Birli\u011fi (KYB) 3, K\u00fcrdistan Demokrat Partisi (PDK) 2, Yeni Nesil Hareketi ise 1 sandalye kazand\u0131. Kerk\u00fck birinci b\u00f6lge PDK [&hellip;]","og_url":"https:\/\/darkamazi.site\/archives\/1016681","og_site_name":"Darka Mazi","article_publisher":"https:\/\/www.facebook.com\/DarkaMaziturkce","article_published_time":"2021-10-12T06:28:36+00:00","og_image":[{"width":1368,"height":911,"url":"https:\/\/darkamazi.site\/file\/2021\/10\/Kerkuk-kurdistandir.jpg","type":"image\/jpeg"}],"author":"darka mazi","twitter_card":"summary_large_image","twitter_creator":"@DarkaMaziTurkce","twitter_site":"@DarkaMaziTurkce","twitter_misc":{"Written by":"darka mazi","Est. reading time":"1 minute"},"schema":{"@context":"https:\/\/schema.org","@graph":[{"@type":"NewsArticle","@id":"https:\/\/darkamazi.site\/archives\/1016681#article","isPartOf":{"@id":"https:\/\/darkamazi.site\/archives\/1016681"},"author":{"name":"darka mazi","@id":"https:\/\/darkamazi.site\/#\/schema\/person\/67986a95ac546c16760365877ef4a9d3"},"headline":"Se\u00e7im sonucu Kerk\u00fck&#8217;\u00fcn K\u00fcrdistani kimli\u011fini do\u011frulad\u0131, K\u00fcrtler galip geldi","datePublished":"2021-10-12T06:28:36+00:00","mainEntityOfPage":{"@id":"https:\/\/darkamazi.site\/archives\/1016681"},"wordCount":174,"publisher":{"@id":"https:\/\/darkamazi.site\/#organization"},"image":{"@id":"https:\/\/darkamazi.site\/archives\/1016681#primaryimage"},"thumbnailUrl":"https:\/\/darkamazi.site\/file\/2021\/10\/Kerkuk-kurdistandir.jpg","keywords":["\u00f6nemli"],"articleSection":["Kurdistan"],"inLanguage":"en-US"},{"@type":"WebPage","@id":"https:\/\/darkamazi.site\/archives\/1016681","url":"https:\/\/darkamazi.site\/archives\/1016681","name":"Se\u00e7im sonucu Kerk\u00fck'\u00fcn K\u00fcrdistani kimli\u011fini do\u011frulad\u0131, K\u00fcrtler galip geldi - Darka Mazi","isPartOf":{"@id":"https:\/\/darkamazi.site\/#website"},"primaryImageOfPage":{"@id":"https:\/\/darkamazi.site\/archives\/1016681#primaryimage"},"image":{"@id":"https:\/\/darkamazi.site\/archives\/1016681#primaryimage"},"thumbnailUrl":"https:\/\/darkamazi.site\/file\/2021\/10\/Kerkuk-kurdistandir.jpg","datePublished":"2021-10-12T06:28:36+00:00","breadcrumb":{"@id":"https:\/\/darkamazi.site\/archives\/1016681#breadcrumb"},"inLanguage":"en-US","potentialAction":[{"@type":"ReadAction","target":["https:\/\/darkamazi.site\/archives\/1016681"]}]},{"@type":"ImageObject","inLanguage":"en-US","@id":"https:\/\/darkamazi.site\/archives\/1016681#primaryimage","url":"https:\/\/darkamazi.site\/file\/2021\/10\/Kerkuk-kurdistandir.jpg","contentUrl":"https:\/\/darkamazi.site\/file\/2021\/10\/Kerkuk-kurdistandir.jpg","width":1368,"height":911,"caption":"Se\u00e7im sonucu Kerk\u00fck'\u00fcn K\u00fcrdistani kimli\u011fini do\u011frulad\u0131"},{"@type":"BreadcrumbList","@id":"https:\/\/darkamazi.site\/archives\/1016681#breadcrumb","itemListElement":[{"@type":"ListItem","position":1,"name":"Home","item":"https:\/\/darkamazi.site\/"},{"@type":"ListItem","position":2,"name":"Se\u00e7im sonucu Kerk\u00fck&#8217;\u00fcn K\u00fcrdistani kimli\u011fini do\u011frulad\u0131, K\u00fcrtler galip geldi"}]},{"@type":"WebSite","@id":"https:\/\/darkamazi.site\/#website","url":"https:\/\/darkamazi.site\/","name":"Darka Mazi","description":"Ana Sayfa","publisher":{"@id":"https:\/\/darkamazi.site\/#organization"},"potentialAction":[{"@type":"SearchAction","target":{"@type":"EntryPoint","urlTemplate":"https:\/\/darkamazi.site\/?s={search_term_string}"},"query-input":{"@type":"PropertyValueSpecification","valueRequired":true,"valueName":"search_term_string"}}],"inLanguage":"en-US"},{"@type":"Organization","@id":"https:\/\/darkamazi.site\/#organization","name":"Darka Mazi T\u00fcrk\u00e7e","alternateName":"Darka Mazi","url":"https:\/\/darkamazi.site\/","logo":{"@type":"ImageObject","inLanguage":"en-US","@id":"https:\/\/darkamazi.site\/#\/schema\/logo\/image\/","url":"https:\/\/darkamazi.site\/file\/2017\/12\/darka-mazi-logo.png","contentUrl":"https:\/\/darkamazi.site\/file\/2017\/12\/darka-mazi-logo.png","width":151,"height":75,"caption":"Darka Mazi T\u00fcrk\u00e7e"},"image":{"@id":"https:\/\/darkamazi.site\/#\/schema\/logo\/image\/"},"sameAs":["https:\/\/www.facebook.com\/DarkaMaziturkce","https:\/\/x.com\/DarkaMaziTurkce"]},{"@type":"Person","@id":"https:\/\/darkamazi.site\/#\/schema\/person\/67986a95ac546c16760365877ef4a9d3","name":"darka mazi","sameAs":["https:\/\/darkamazi.site"],"url":"https:\/\/darkamazi.site\/archives\/author\/turkish"}]}},"_links":{"self":[{"href":"https:\/\/darkamazi.site\/funavuv\/wp\/v2\/posts\/1016681","targetHints":{"allow":["GET"]}}],"collection":[{"href":"https:\/\/darkamazi.site\/funavuv\/wp\/v2\/posts"}],"about":[{"href":"https:\/\/darkamazi.site\/funavuv\/wp\/v2\/types\/post"}],"author":[{"embeddable":true,"href":"https:\/\/darkamazi.site\/funavuv\/wp\/v2\/users\/2"}],"replies":[{"embeddable":true,"href":"https:\/\/darkamazi.site\/funavuv\/wp\/v2\/comments?post=1016681"}],"version-history":[{"count":0,"href":"https:\/\/darkamazi.site\/funavuv\/wp\/v2\/posts\/1016681\/revisions"}],"wp:featuredmedia":[{"embeddable":true,"href":"https:\/\/darkamazi.site\/funavuv\/wp\/v2\/media\/1016682"}],"wp:attachment":[{"href":"https:\/\/darkamazi.site\/funavuv\/wp\/v2\/media?parent=1016681"}],"wp:term":[{"taxonomy":"category","embeddable":true,"href":"https:\/\/darkamazi.site\/funavuv\/wp\/v2\/categories?post=1016681"},{"taxonomy":"post_tag","embeddable":true,"href":"https:\/\/darkamazi.site\/funavuv\/wp\/v2\/tags?post=1016681"}],"curies":[{"name":"wp","href":"https:\/\/api.w.org\/{rel}","templated":true}]}}