{"id":1016747,"date":"2021-10-19T20:01:16","date_gmt":"2021-10-19T17:01:16","guid":{"rendered":"https:\/\/darkamazi.site\/?p=1016747"},"modified":"2021-10-19T20:01:16","modified_gmt":"2021-10-19T17:01:16","slug":"7-sanatin-ogretmeni-ebas-kemendi-icin-erbilde-festival","status":"publish","type":"post","link":"https:\/\/darkamazi.site\/archives\/1016747","title":{"rendered":"7 Sanat\u0131n \u00d6\u011fretmeni Ebas Kemend\u00ee i\u00e7in Erbil&#8217;de festival"},"content":{"rendered":"<p>Erbil\u2019de tan\u0131nm\u0131\u015f K\u00fcrt Sanat\u00e7\u0131 Ebas Kemend\u00ee\u2019yi anma festivali yap\u0131l\u0131yor.<\/p>\n<p>Tan\u0131nm\u0131\u015f K\u00fcrt Sanat\u00e7\u0131 Ebas Kemend\u00ee\u2019yi anma festivali bug\u00fcn Erbil Ayd\u0131nlanma Merkezi\u2019nde d\u00fczenleniyor ve festival Bas Medya taraf\u0131ndan organize ediliyor.<\/p>\n<p>Festival program\u0131 \u015fu \u015fekilde olacak;<\/p>\n<p>1 &#8211; Gazeteci, Yazar Berhem El\u00ee\u2019nin tan\u0131nm\u0131\u015f Sanat\u00e7\u0131 Ebas Kemend\u00ee hakk\u0131nda yazd\u0131\u011f\u0131 2 kitab\u0131n tan\u0131t\u0131m\u0131.<\/p>\n<p>2 \u2013 K24 TV. Taraf\u0131ndan haz\u0131rlanm\u0131\u015f \u201c7 Sanat\u0131n \u00d6\u011fretmeni\u201d adl\u0131 belgeselin izlenmesi.<\/p>\n<p>3 \u2013 \u00d6d\u00fcl ve kitap da\u011f\u0131t\u0131m\u0131.<\/p>\n","protected":false},"excerpt":{"rendered":"<p>Erbil\u2019de tan\u0131nm\u0131\u015f K\u00fcrt Sanat\u00e7\u0131 Ebas Kemend\u00ee\u2019yi anma festivali yap\u0131l\u0131yor. Tan\u0131nm\u0131\u015f K\u00fcrt Sanat\u00e7\u0131 Ebas Kemend\u00ee\u2019yi anma festivali bug\u00fcn Erbil Ayd\u0131nlanma Merkezi\u2019nde d\u00fczenleniyor ve festival Bas Medya taraf\u0131ndan organize ediliyor. Festival program\u0131 \u015fu \u015fekilde olacak; 1 &#8211; Gazeteci, Yazar Berhem El\u00ee\u2019nin tan\u0131nm\u0131\u015f Sanat\u00e7\u0131 Ebas Kemend\u00ee hakk\u0131nda yazd\u0131\u011f\u0131 2 kitab\u0131n tan\u0131t\u0131m\u0131. 2 \u2013 K24 TV. Taraf\u0131ndan haz\u0131rlanm\u0131\u015f \u201c7 [&hellip;]<\/p>\n","protected":false},"author":2,"featured_media":1016748,"comment_status":"closed","ping_status":"closed","sticky":false,"template":"","format":"standard","meta":{"footnotes":""},"categories":[33],"tags":[31],"class_list":["post-1016747","post","type-post","status-publish","format-standard","has-post-thumbnail","hentry","category-sanat","tag-onemli"],"blocksy_meta":[],"seo_head":"<!-- This site is optimized with the Yoast SEO plugin v27.5 - https:\/\/yoast.com\/product\/yoast-seo-wordpress\/ -->\n<title>7 Sanat\u0131n \u00d6\u011fretmeni Ebas Kemend\u00ee i\u00e7in Erbil&#039;de festival - Darka Mazi<\/title>\n<meta name=\"robots\" content=\"index, follow, max-snippet:-1, max-image-preview:large, max-video-preview:-1\" \/>\n<link rel=\"canonical\" href=\"https:\/\/darkamazi.site\/archives\/1016747\" \/>\n<meta property=\"og:locale\" content=\"en_US\" \/>\n<meta property=\"og:type\" content=\"article\" \/>\n<meta property=\"og:title\" content=\"7 Sanat\u0131n \u00d6\u011fretmeni Ebas Kemend\u00ee i\u00e7in Erbil&#039;de festival - Darka Mazi\" \/>\n<meta property=\"og:description\" content=\"Erbil\u2019de tan\u0131nm\u0131\u015f K\u00fcrt Sanat\u00e7\u0131 Ebas Kemend\u00ee\u2019yi anma festivali yap\u0131l\u0131yor. Tan\u0131nm\u0131\u015f K\u00fcrt Sanat\u00e7\u0131 Ebas Kemend\u00ee\u2019yi anma festivali bug\u00fcn Erbil Ayd\u0131nlanma Merkezi\u2019nde d\u00fczenleniyor ve festival Bas Medya taraf\u0131ndan organize ediliyor. Festival program\u0131 \u015fu \u015fekilde olacak; 1 &#8211; Gazeteci, Yazar Berhem El\u00ee\u2019nin tan\u0131nm\u0131\u015f Sanat\u00e7\u0131 Ebas Kemend\u00ee hakk\u0131nda yazd\u0131\u011f\u0131 2 kitab\u0131n tan\u0131t\u0131m\u0131. 2 \u2013 K24 TV. Taraf\u0131ndan haz\u0131rlanm\u0131\u015f \u201c7 [&hellip;]\" \/>\n<meta property=\"og:url\" content=\"https:\/\/darkamazi.site\/archives\/1016747\" \/>\n<meta property=\"og:site_name\" content=\"Darka Mazi\" \/>\n<meta property=\"article:publisher\" content=\"https:\/\/www.facebook.com\/DarkaMaziturkce\" \/>\n<meta property=\"article:published_time\" content=\"2021-10-19T17:01:16+00:00\" \/>\n<meta property=\"og:image\" content=\"https:\/\/darkamazi.site\/file\/2021\/10\/Abbak-kemendi.jpg\" \/>\n\t<meta property=\"og:image:width\" content=\"900\" \/>\n\t<meta property=\"og:image:height\" content=\"532\" \/>\n\t<meta property=\"og:image:type\" content=\"image\/jpeg\" \/>\n<meta name=\"author\" content=\"darka mazi\" \/>\n<meta name=\"twitter:card\" content=\"summary_large_image\" \/>\n<meta name=\"twitter:creator\" content=\"@DarkaMaziTurkce\" \/>\n<meta name=\"twitter:site\" content=\"@DarkaMaziTurkce\" \/>\n<meta name=\"twitter:label1\" content=\"Written by\" \/>\n\t<meta name=\"twitter:data1\" content=\"darka mazi\" \/>\n<script type=\"application\/ld+json\" class=\"seo-schema-graph\">{\"@context\":\"https:\\\/\\\/schema.org\",\"@graph\":[{\"@type\":\"NewsArticle\",\"@id\":\"https:\\\/\\\/darkamazi.site\\\/archives\\\/1016747#article\",\"isPartOf\":{\"@id\":\"https:\\\/\\\/darkamazi.site\\\/archives\\\/1016747\"},\"author\":{\"name\":\"darka mazi\",\"@id\":\"https:\\\/\\\/darkamazi.site\\\/#\\\/schema\\\/person\\\/67986a95ac546c16760365877ef4a9d3\"},\"headline\":\"7 Sanat\u0131n \u00d6\u011fretmeni Ebas Kemend\u00ee i\u00e7in Erbil&#8217;de festival\",\"datePublished\":\"2021-10-19T17:01:16+00:00\",\"mainEntityOfPage\":{\"@id\":\"https:\\\/\\\/darkamazi.site\\\/archives\\\/1016747\"},\"wordCount\":95,\"publisher\":{\"@id\":\"https:\\\/\\\/darkamazi.site\\\/#organization\"},\"image\":{\"@id\":\"https:\\\/\\\/darkamazi.site\\\/archives\\\/1016747#primaryimage\"},\"thumbnailUrl\":\"https:\\\/\\\/darkamazi.site\\\/darka-content\\\/uploads\\\/2021\\\/10\\\/Abbak-kemendi.jpg\",\"keywords\":[\"\u00f6nemli\"],\"articleSection\":[\"Sanat\"],\"inLanguage\":\"en-US\"},{\"@type\":\"WebPage\",\"@id\":\"https:\\\/\\\/darkamazi.site\\\/archives\\\/1016747\",\"url\":\"https:\\\/\\\/darkamazi.site\\\/archives\\\/1016747\",\"name\":\"7 Sanat\u0131n \u00d6\u011fretmeni Ebas Kemend\u00ee i\u00e7in Erbil'de festival - Darka Mazi\",\"isPartOf\":{\"@id\":\"https:\\\/\\\/darkamazi.site\\\/#website\"},\"primaryImageOfPage\":{\"@id\":\"https:\\\/\\\/darkamazi.site\\\/archives\\\/1016747#primaryimage\"},\"image\":{\"@id\":\"https:\\\/\\\/darkamazi.site\\\/archives\\\/1016747#primaryimage\"},\"thumbnailUrl\":\"https:\\\/\\\/darkamazi.site\\\/darka-content\\\/uploads\\\/2021\\\/10\\\/Abbak-kemendi.jpg\",\"datePublished\":\"2021-10-19T17:01:16+00:00\",\"breadcrumb\":{\"@id\":\"https:\\\/\\\/darkamazi.site\\\/archives\\\/1016747#breadcrumb\"},\"inLanguage\":\"en-US\",\"potentialAction\":[{\"@type\":\"ReadAction\",\"target\":[\"https:\\\/\\\/darkamazi.site\\\/archives\\\/1016747\"]}]},{\"@type\":\"ImageObject\",\"inLanguage\":\"en-US\",\"@id\":\"https:\\\/\\\/darkamazi.site\\\/archives\\\/1016747#primaryimage\",\"url\":\"https:\\\/\\\/darkamazi.site\\\/darka-content\\\/uploads\\\/2021\\\/10\\\/Abbak-kemendi.jpg\",\"contentUrl\":\"https:\\\/\\\/darkamazi.site\\\/darka-content\\\/uploads\\\/2021\\\/10\\\/Abbak-kemendi.jpg\",\"width\":900,\"height\":532,\"caption\":\"7 Sanat\u0131n \u00d6\u011fretmeni Ebas Kemend\u00ee i\u00e7in Erbil'de festival\"},{\"@type\":\"BreadcrumbList\",\"@id\":\"https:\\\/\\\/darkamazi.site\\\/archives\\\/1016747#breadcrumb\",\"itemListElement\":[{\"@type\":\"ListItem\",\"position\":1,\"name\":\"Home\",\"item\":\"https:\\\/\\\/darkamazi.site\\\/\"},{\"@type\":\"ListItem\",\"position\":2,\"name\":\"7 Sanat\u0131n \u00d6\u011fretmeni Ebas Kemend\u00ee i\u00e7in Erbil&#8217;de festival\"}]},{\"@type\":\"WebSite\",\"@id\":\"https:\\\/\\\/darkamazi.site\\\/#website\",\"url\":\"https:\\\/\\\/darkamazi.site\\\/\",\"name\":\"Darka Mazi\",\"description\":\"Ana Sayfa\",\"publisher\":{\"@id\":\"https:\\\/\\\/darkamazi.site\\\/#organization\"},\"potentialAction\":[{\"@type\":\"SearchAction\",\"target\":{\"@type\":\"EntryPoint\",\"urlTemplate\":\"https:\\\/\\\/darkamazi.site\\\/?s={search_term_string}\"},\"query-input\":{\"@type\":\"PropertyValueSpecification\",\"valueRequired\":true,\"valueName\":\"search_term_string\"}}],\"inLanguage\":\"en-US\"},{\"@type\":\"Organization\",\"@id\":\"https:\\\/\\\/darkamazi.site\\\/#organization\",\"name\":\"Darka Mazi T\u00fcrk\u00e7e\",\"alternateName\":\"Darka Mazi\",\"url\":\"https:\\\/\\\/darkamazi.site\\\/\",\"logo\":{\"@type\":\"ImageObject\",\"inLanguage\":\"en-US\",\"@id\":\"https:\\\/\\\/darkamazi.site\\\/#\\\/schema\\\/logo\\\/image\\\/\",\"url\":\"https:\\\/\\\/darkamazi.site\\\/darka-content\\\/uploads\\\/2017\\\/12\\\/darka-mazi-logo.png\",\"contentUrl\":\"https:\\\/\\\/darkamazi.site\\\/darka-content\\\/uploads\\\/2017\\\/12\\\/darka-mazi-logo.png\",\"width\":151,\"height\":75,\"caption\":\"Darka Mazi T\u00fcrk\u00e7e\"},\"image\":{\"@id\":\"https:\\\/\\\/darkamazi.site\\\/#\\\/schema\\\/logo\\\/image\\\/\"},\"sameAs\":[\"https:\\\/\\\/www.facebook.com\\\/DarkaMaziturkce\",\"https:\\\/\\\/x.com\\\/DarkaMaziTurkce\"]},{\"@type\":\"Person\",\"@id\":\"https:\\\/\\\/darkamazi.site\\\/#\\\/schema\\\/person\\\/67986a95ac546c16760365877ef4a9d3\",\"name\":\"darka mazi\",\"sameAs\":[\"https:\\\/\\\/darkamazi.site\"],\"url\":\"https:\\\/\\\/darkamazi.site\\\/archives\\\/author\\\/turkish\"}]}<\/script>\n<!-- \/ Yoast SEO plugin. -->","seo_head_json":{"title":"7 Sanat\u0131n \u00d6\u011fretmeni Ebas Kemend\u00ee i\u00e7in Erbil'de festival - Darka Mazi","robots":{"index":"index","follow":"follow","max-snippet":"max-snippet:-1","max-image-preview":"max-image-preview:large","max-video-preview":"max-video-preview:-1"},"canonical":"https:\/\/darkamazi.site\/archives\/1016747","og_locale":"en_US","og_type":"article","og_title":"7 Sanat\u0131n \u00d6\u011fretmeni Ebas Kemend\u00ee i\u00e7in Erbil'de festival - Darka Mazi","og_description":"Erbil\u2019de tan\u0131nm\u0131\u015f K\u00fcrt Sanat\u00e7\u0131 Ebas Kemend\u00ee\u2019yi anma festivali yap\u0131l\u0131yor. Tan\u0131nm\u0131\u015f K\u00fcrt Sanat\u00e7\u0131 Ebas Kemend\u00ee\u2019yi anma festivali bug\u00fcn Erbil Ayd\u0131nlanma Merkezi\u2019nde d\u00fczenleniyor ve festival Bas Medya taraf\u0131ndan organize ediliyor. Festival program\u0131 \u015fu \u015fekilde olacak; 1 &#8211; Gazeteci, Yazar Berhem El\u00ee\u2019nin tan\u0131nm\u0131\u015f Sanat\u00e7\u0131 Ebas Kemend\u00ee hakk\u0131nda yazd\u0131\u011f\u0131 2 kitab\u0131n tan\u0131t\u0131m\u0131. 2 \u2013 K24 TV. Taraf\u0131ndan haz\u0131rlanm\u0131\u015f \u201c7 [&hellip;]","og_url":"https:\/\/darkamazi.site\/archives\/1016747","og_site_name":"Darka Mazi","article_publisher":"https:\/\/www.facebook.com\/DarkaMaziturkce","article_published_time":"2021-10-19T17:01:16+00:00","og_image":[{"width":900,"height":532,"url":"https:\/\/darkamazi.site\/file\/2021\/10\/Abbak-kemendi.jpg","type":"image\/jpeg"}],"author":"darka mazi","twitter_card":"summary_large_image","twitter_creator":"@DarkaMaziTurkce","twitter_site":"@DarkaMaziTurkce","twitter_misc":{"Written by":"darka mazi"},"schema":{"@context":"https:\/\/schema.org","@graph":[{"@type":"NewsArticle","@id":"https:\/\/darkamazi.site\/archives\/1016747#article","isPartOf":{"@id":"https:\/\/darkamazi.site\/archives\/1016747"},"author":{"name":"darka mazi","@id":"https:\/\/darkamazi.site\/#\/schema\/person\/67986a95ac546c16760365877ef4a9d3"},"headline":"7 Sanat\u0131n \u00d6\u011fretmeni Ebas Kemend\u00ee i\u00e7in Erbil&#8217;de festival","datePublished":"2021-10-19T17:01:16+00:00","mainEntityOfPage":{"@id":"https:\/\/darkamazi.site\/archives\/1016747"},"wordCount":95,"publisher":{"@id":"https:\/\/darkamazi.site\/#organization"},"image":{"@id":"https:\/\/darkamazi.site\/archives\/1016747#primaryimage"},"thumbnailUrl":"https:\/\/darkamazi.site\/file\/2021\/10\/Abbak-kemendi.jpg","keywords":["\u00f6nemli"],"articleSection":["Sanat"],"inLanguage":"en-US"},{"@type":"WebPage","@id":"https:\/\/darkamazi.site\/archives\/1016747","url":"https:\/\/darkamazi.site\/archives\/1016747","name":"7 Sanat\u0131n \u00d6\u011fretmeni Ebas Kemend\u00ee i\u00e7in Erbil'de festival - Darka Mazi","isPartOf":{"@id":"https:\/\/darkamazi.site\/#website"},"primaryImageOfPage":{"@id":"https:\/\/darkamazi.site\/archives\/1016747#primaryimage"},"image":{"@id":"https:\/\/darkamazi.site\/archives\/1016747#primaryimage"},"thumbnailUrl":"https:\/\/darkamazi.site\/file\/2021\/10\/Abbak-kemendi.jpg","datePublished":"2021-10-19T17:01:16+00:00","breadcrumb":{"@id":"https:\/\/darkamazi.site\/archives\/1016747#breadcrumb"},"inLanguage":"en-US","potentialAction":[{"@type":"ReadAction","target":["https:\/\/darkamazi.site\/archives\/1016747"]}]},{"@type":"ImageObject","inLanguage":"en-US","@id":"https:\/\/darkamazi.site\/archives\/1016747#primaryimage","url":"https:\/\/darkamazi.site\/file\/2021\/10\/Abbak-kemendi.jpg","contentUrl":"https:\/\/darkamazi.site\/file\/2021\/10\/Abbak-kemendi.jpg","width":900,"height":532,"caption":"7 Sanat\u0131n \u00d6\u011fretmeni Ebas Kemend\u00ee i\u00e7in Erbil'de festival"},{"@type":"BreadcrumbList","@id":"https:\/\/darkamazi.site\/archives\/1016747#breadcrumb","itemListElement":[{"@type":"ListItem","position":1,"name":"Home","item":"https:\/\/darkamazi.site\/"},{"@type":"ListItem","position":2,"name":"7 Sanat\u0131n \u00d6\u011fretmeni Ebas Kemend\u00ee i\u00e7in Erbil&#8217;de festival"}]},{"@type":"WebSite","@id":"https:\/\/darkamazi.site\/#website","url":"https:\/\/darkamazi.site\/","name":"Darka Mazi","description":"Ana Sayfa","publisher":{"@id":"https:\/\/darkamazi.site\/#organization"},"potentialAction":[{"@type":"SearchAction","target":{"@type":"EntryPoint","urlTemplate":"https:\/\/darkamazi.site\/?s={search_term_string}"},"query-input":{"@type":"PropertyValueSpecification","valueRequired":true,"valueName":"search_term_string"}}],"inLanguage":"en-US"},{"@type":"Organization","@id":"https:\/\/darkamazi.site\/#organization","name":"Darka Mazi T\u00fcrk\u00e7e","alternateName":"Darka Mazi","url":"https:\/\/darkamazi.site\/","logo":{"@type":"ImageObject","inLanguage":"en-US","@id":"https:\/\/darkamazi.site\/#\/schema\/logo\/image\/","url":"https:\/\/darkamazi.site\/file\/2017\/12\/darka-mazi-logo.png","contentUrl":"https:\/\/darkamazi.site\/file\/2017\/12\/darka-mazi-logo.png","width":151,"height":75,"caption":"Darka Mazi T\u00fcrk\u00e7e"},"image":{"@id":"https:\/\/darkamazi.site\/#\/schema\/logo\/image\/"},"sameAs":["https:\/\/www.facebook.com\/DarkaMaziturkce","https:\/\/x.com\/DarkaMaziTurkce"]},{"@type":"Person","@id":"https:\/\/darkamazi.site\/#\/schema\/person\/67986a95ac546c16760365877ef4a9d3","name":"darka mazi","sameAs":["https:\/\/darkamazi.site"],"url":"https:\/\/darkamazi.site\/archives\/author\/turkish"}]}},"_links":{"self":[{"href":"https:\/\/darkamazi.site\/funavuv\/wp\/v2\/posts\/1016747","targetHints":{"allow":["GET"]}}],"collection":[{"href":"https:\/\/darkamazi.site\/funavuv\/wp\/v2\/posts"}],"about":[{"href":"https:\/\/darkamazi.site\/funavuv\/wp\/v2\/types\/post"}],"author":[{"embeddable":true,"href":"https:\/\/darkamazi.site\/funavuv\/wp\/v2\/users\/2"}],"replies":[{"embeddable":true,"href":"https:\/\/darkamazi.site\/funavuv\/wp\/v2\/comments?post=1016747"}],"version-history":[{"count":0,"href":"https:\/\/darkamazi.site\/funavuv\/wp\/v2\/posts\/1016747\/revisions"}],"wp:featuredmedia":[{"embeddable":true,"href":"https:\/\/darkamazi.site\/funavuv\/wp\/v2\/media\/1016748"}],"wp:attachment":[{"href":"https:\/\/darkamazi.site\/funavuv\/wp\/v2\/media?parent=1016747"}],"wp:term":[{"taxonomy":"category","embeddable":true,"href":"https:\/\/darkamazi.site\/funavuv\/wp\/v2\/categories?post=1016747"},{"taxonomy":"post_tag","embeddable":true,"href":"https:\/\/darkamazi.site\/funavuv\/wp\/v2\/tags?post=1016747"}],"curies":[{"name":"wp","href":"https:\/\/api.w.org\/{rel}","templated":true}]}}