{"id":1016750,"date":"2021-10-19T20:09:45","date_gmt":"2021-10-19T17:09:45","guid":{"rendered":"https:\/\/darkamazi.site\/?p=1016750"},"modified":"2021-10-19T20:09:45","modified_gmt":"2021-10-19T17:09:45","slug":"barzani-yardim-vakfindan-rojavaya-yarim-milyon-dolar-asan-degerde-tibbi-malzeme-yardimi","status":"publish","type":"post","link":"https:\/\/darkamazi.site\/archives\/1016750","title":{"rendered":"Barzani Yard\u0131m Vakf\u0131ndan Rojavaya yar\u0131m milyon dolar a\u015fan de\u011ferde t\u0131bbi malzeme yard\u0131m\u0131"},"content":{"rendered":"<p style=\"text-align: justify\">Barzani Yard\u0131m Vakf\u0131, Almanya IEH Yard\u0131m Kurulu\u015fu\u2019nun da deste\u011fiyle Rojava K\u00fcrdistan\u0131\u2019na t\u0131bbi malzeme yard\u0131m\u0131 g\u00f6nderdi.<\/p>\n<p style=\"text-align: justify\">Barzani Yard\u0131m Vakf\u0131, Almanya IEH Yard\u0131m Kurulu\u015fu\u2019nun da yard\u0131m\u0131yla d\u00fcn Rojava K\u00fcrdistan\u0131\u2019ndaki hastanelere t\u0131bbi yard\u0131m malzemeleri ula\u015ft\u0131rd\u0131.<\/p>\n<p style=\"text-align: justify\">Konuya ili\u015fkin a\u00e7\u0131klamalarda bulunan Barzani Yard\u0131m Vakf\u0131 \u015eengal Ofisi Yetkilisi P\u00eer Deyan \u015funlar\u0131 s\u00f6yledi: \u201cAlmanya\u2019n\u0131n IEH Yard\u0131m Kurulu\u015fu\u2019nun da deste\u011fiyle Rojava K\u00fcrdistan\u0131\u2019na t\u0131bbi malzemeler g\u00f6nderdik. Bu yard\u0131mlar\u0131m\u0131z devam edecek ve Rojava K\u00fcrdistan\u0131\u2019ndaki karde\u015flerimize gerekli b\u00fct\u00fcn yard\u0131mlar\u0131 ula\u015ft\u0131raca\u011f\u0131z.\u201d<\/p>\n<p style=\"text-align: justify\">Dayan konu\u015fmas\u0131n\u0131 \u015f\u00f6yle s\u00fcrd\u00fcrd\u00fc: \u201cT\u0131bbi malzeme yard\u0131mlar\u0131n\u0131 Rojava K\u00fcrdistan\u0131\u2019ndaki hastanelere g\u00f6nderdik. \u015eu ana kadar g\u00f6nderdi\u011fimiz malzemelerin miktar\u0131 yakla\u015f\u0131k 542 bin abd dolar\u0131 civar\u0131nda.\u201d<\/p>\n","protected":false},"excerpt":{"rendered":"<p>Barzani Yard\u0131m Vakf\u0131, Almanya IEH Yard\u0131m Kurulu\u015fu\u2019nun da deste\u011fiyle Rojava K\u00fcrdistan\u0131\u2019na t\u0131bbi malzeme yard\u0131m\u0131 g\u00f6nderdi. Barzani Yard\u0131m Vakf\u0131, Almanya IEH Yard\u0131m Kurulu\u015fu\u2019nun da yard\u0131m\u0131yla d\u00fcn Rojava K\u00fcrdistan\u0131\u2019ndaki hastanelere t\u0131bbi yard\u0131m malzemeleri ula\u015ft\u0131rd\u0131. Konuya ili\u015fkin a\u00e7\u0131klamalarda bulunan Barzani Yard\u0131m Vakf\u0131 \u015eengal Ofisi Yetkilisi P\u00eer Deyan \u015funlar\u0131 s\u00f6yledi: \u201cAlmanya\u2019n\u0131n IEH Yard\u0131m Kurulu\u015fu\u2019nun da deste\u011fiyle Rojava K\u00fcrdistan\u0131\u2019na t\u0131bbi [&hellip;]<\/p>\n","protected":false},"author":2,"featured_media":1016751,"comment_status":"closed","ping_status":"closed","sticky":false,"template":"","format":"standard","meta":{"footnotes":""},"categories":[3],"tags":[31],"class_list":["post-1016750","post","type-post","status-publish","format-standard","has-post-thumbnail","hentry","category-kurdistan","tag-onemli"],"blocksy_meta":[],"seo_head":"<!-- This site is optimized with the Yoast SEO plugin v27.5 - https:\/\/yoast.com\/product\/yoast-seo-wordpress\/ -->\n<title>Barzani Yard\u0131m Vakf\u0131ndan Rojavaya yar\u0131m milyon dolar a\u015fan de\u011ferde t\u0131bbi malzeme yard\u0131m\u0131 - Darka Mazi<\/title>\n<meta name=\"robots\" content=\"index, follow, max-snippet:-1, max-image-preview:large, max-video-preview:-1\" \/>\n<link rel=\"canonical\" href=\"https:\/\/darkamazi.site\/archives\/1016750\" \/>\n<meta property=\"og:locale\" content=\"en_US\" \/>\n<meta property=\"og:type\" content=\"article\" \/>\n<meta property=\"og:title\" content=\"Barzani Yard\u0131m Vakf\u0131ndan Rojavaya yar\u0131m milyon dolar a\u015fan de\u011ferde t\u0131bbi malzeme yard\u0131m\u0131 - Darka Mazi\" \/>\n<meta property=\"og:description\" content=\"Barzani Yard\u0131m Vakf\u0131, Almanya IEH Yard\u0131m Kurulu\u015fu\u2019nun da deste\u011fiyle Rojava K\u00fcrdistan\u0131\u2019na t\u0131bbi malzeme yard\u0131m\u0131 g\u00f6nderdi. Barzani Yard\u0131m Vakf\u0131, Almanya IEH Yard\u0131m Kurulu\u015fu\u2019nun da yard\u0131m\u0131yla d\u00fcn Rojava K\u00fcrdistan\u0131\u2019ndaki hastanelere t\u0131bbi yard\u0131m malzemeleri ula\u015ft\u0131rd\u0131. Konuya ili\u015fkin a\u00e7\u0131klamalarda bulunan Barzani Yard\u0131m Vakf\u0131 \u015eengal Ofisi Yetkilisi P\u00eer Deyan \u015funlar\u0131 s\u00f6yledi: \u201cAlmanya\u2019n\u0131n IEH Yard\u0131m Kurulu\u015fu\u2019nun da deste\u011fiyle Rojava K\u00fcrdistan\u0131\u2019na t\u0131bbi [&hellip;]\" \/>\n<meta property=\"og:url\" content=\"https:\/\/darkamazi.site\/archives\/1016750\" \/>\n<meta property=\"og:site_name\" content=\"Darka Mazi\" \/>\n<meta property=\"article:publisher\" content=\"https:\/\/www.facebook.com\/DarkaMaziturkce\" \/>\n<meta property=\"article:published_time\" content=\"2021-10-19T17:09:45+00:00\" \/>\n<meta property=\"og:image\" content=\"https:\/\/darkamazi.site\/file\/2021\/10\/BCF.jpg\" \/>\n\t<meta property=\"og:image:width\" content=\"781\" \/>\n\t<meta property=\"og:image:height\" content=\"439\" \/>\n\t<meta property=\"og:image:type\" content=\"image\/jpeg\" \/>\n<meta name=\"author\" content=\"darka mazi\" \/>\n<meta name=\"twitter:card\" content=\"summary_large_image\" \/>\n<meta name=\"twitter:creator\" content=\"@DarkaMaziTurkce\" \/>\n<meta name=\"twitter:site\" content=\"@DarkaMaziTurkce\" \/>\n<meta name=\"twitter:label1\" content=\"Written by\" \/>\n\t<meta name=\"twitter:data1\" content=\"darka mazi\" \/>\n\t<meta name=\"twitter:label2\" content=\"Est. reading time\" \/>\n\t<meta name=\"twitter:data2\" content=\"1 minute\" \/>\n<script type=\"application\/ld+json\" class=\"seo-schema-graph\">{\"@context\":\"https:\\\/\\\/schema.org\",\"@graph\":[{\"@type\":\"NewsArticle\",\"@id\":\"https:\\\/\\\/darkamazi.site\\\/archives\\\/1016750#article\",\"isPartOf\":{\"@id\":\"https:\\\/\\\/darkamazi.site\\\/archives\\\/1016750\"},\"author\":{\"name\":\"darka mazi\",\"@id\":\"https:\\\/\\\/darkamazi.site\\\/#\\\/schema\\\/person\\\/67986a95ac546c16760365877ef4a9d3\"},\"headline\":\"Barzani Yard\u0131m Vakf\u0131ndan Rojavaya yar\u0131m milyon dolar a\u015fan de\u011ferde t\u0131bbi malzeme yard\u0131m\u0131\",\"datePublished\":\"2021-10-19T17:09:45+00:00\",\"mainEntityOfPage\":{\"@id\":\"https:\\\/\\\/darkamazi.site\\\/archives\\\/1016750\"},\"wordCount\":174,\"publisher\":{\"@id\":\"https:\\\/\\\/darkamazi.site\\\/#organization\"},\"image\":{\"@id\":\"https:\\\/\\\/darkamazi.site\\\/archives\\\/1016750#primaryimage\"},\"thumbnailUrl\":\"https:\\\/\\\/darkamazi.site\\\/darka-content\\\/uploads\\\/2021\\\/10\\\/BCF.jpg\",\"keywords\":[\"\u00f6nemli\"],\"articleSection\":[\"Kurdistan\"],\"inLanguage\":\"en-US\"},{\"@type\":\"WebPage\",\"@id\":\"https:\\\/\\\/darkamazi.site\\\/archives\\\/1016750\",\"url\":\"https:\\\/\\\/darkamazi.site\\\/archives\\\/1016750\",\"name\":\"Barzani Yard\u0131m Vakf\u0131ndan Rojavaya yar\u0131m milyon dolar a\u015fan de\u011ferde t\u0131bbi malzeme yard\u0131m\u0131 - Darka Mazi\",\"isPartOf\":{\"@id\":\"https:\\\/\\\/darkamazi.site\\\/#website\"},\"primaryImageOfPage\":{\"@id\":\"https:\\\/\\\/darkamazi.site\\\/archives\\\/1016750#primaryimage\"},\"image\":{\"@id\":\"https:\\\/\\\/darkamazi.site\\\/archives\\\/1016750#primaryimage\"},\"thumbnailUrl\":\"https:\\\/\\\/darkamazi.site\\\/darka-content\\\/uploads\\\/2021\\\/10\\\/BCF.jpg\",\"datePublished\":\"2021-10-19T17:09:45+00:00\",\"breadcrumb\":{\"@id\":\"https:\\\/\\\/darkamazi.site\\\/archives\\\/1016750#breadcrumb\"},\"inLanguage\":\"en-US\",\"potentialAction\":[{\"@type\":\"ReadAction\",\"target\":[\"https:\\\/\\\/darkamazi.site\\\/archives\\\/1016750\"]}]},{\"@type\":\"ImageObject\",\"inLanguage\":\"en-US\",\"@id\":\"https:\\\/\\\/darkamazi.site\\\/archives\\\/1016750#primaryimage\",\"url\":\"https:\\\/\\\/darkamazi.site\\\/darka-content\\\/uploads\\\/2021\\\/10\\\/BCF.jpg\",\"contentUrl\":\"https:\\\/\\\/darkamazi.site\\\/darka-content\\\/uploads\\\/2021\\\/10\\\/BCF.jpg\",\"width\":781,\"height\":439,\"caption\":\"Barzani Yard\u0131m Vakf\u0131ndan Rojavaya yar\u0131m milyon dolar a\u015fan de\u011ferde t\u0131bbi malzeme yard\u0131m\u0131\"},{\"@type\":\"BreadcrumbList\",\"@id\":\"https:\\\/\\\/darkamazi.site\\\/archives\\\/1016750#breadcrumb\",\"itemListElement\":[{\"@type\":\"ListItem\",\"position\":1,\"name\":\"Home\",\"item\":\"https:\\\/\\\/darkamazi.site\\\/\"},{\"@type\":\"ListItem\",\"position\":2,\"name\":\"Barzani Yard\u0131m Vakf\u0131ndan Rojavaya yar\u0131m milyon dolar a\u015fan de\u011ferde t\u0131bbi malzeme yard\u0131m\u0131\"}]},{\"@type\":\"WebSite\",\"@id\":\"https:\\\/\\\/darkamazi.site\\\/#website\",\"url\":\"https:\\\/\\\/darkamazi.site\\\/\",\"name\":\"Darka Mazi\",\"description\":\"Ana Sayfa\",\"publisher\":{\"@id\":\"https:\\\/\\\/darkamazi.site\\\/#organization\"},\"potentialAction\":[{\"@type\":\"SearchAction\",\"target\":{\"@type\":\"EntryPoint\",\"urlTemplate\":\"https:\\\/\\\/darkamazi.site\\\/?s={search_term_string}\"},\"query-input\":{\"@type\":\"PropertyValueSpecification\",\"valueRequired\":true,\"valueName\":\"search_term_string\"}}],\"inLanguage\":\"en-US\"},{\"@type\":\"Organization\",\"@id\":\"https:\\\/\\\/darkamazi.site\\\/#organization\",\"name\":\"Darka Mazi T\u00fcrk\u00e7e\",\"alternateName\":\"Darka Mazi\",\"url\":\"https:\\\/\\\/darkamazi.site\\\/\",\"logo\":{\"@type\":\"ImageObject\",\"inLanguage\":\"en-US\",\"@id\":\"https:\\\/\\\/darkamazi.site\\\/#\\\/schema\\\/logo\\\/image\\\/\",\"url\":\"https:\\\/\\\/darkamazi.site\\\/darka-content\\\/uploads\\\/2017\\\/12\\\/darka-mazi-logo.png\",\"contentUrl\":\"https:\\\/\\\/darkamazi.site\\\/darka-content\\\/uploads\\\/2017\\\/12\\\/darka-mazi-logo.png\",\"width\":151,\"height\":75,\"caption\":\"Darka Mazi T\u00fcrk\u00e7e\"},\"image\":{\"@id\":\"https:\\\/\\\/darkamazi.site\\\/#\\\/schema\\\/logo\\\/image\\\/\"},\"sameAs\":[\"https:\\\/\\\/www.facebook.com\\\/DarkaMaziturkce\",\"https:\\\/\\\/x.com\\\/DarkaMaziTurkce\"]},{\"@type\":\"Person\",\"@id\":\"https:\\\/\\\/darkamazi.site\\\/#\\\/schema\\\/person\\\/67986a95ac546c16760365877ef4a9d3\",\"name\":\"darka mazi\",\"sameAs\":[\"https:\\\/\\\/darkamazi.site\"],\"url\":\"https:\\\/\\\/darkamazi.site\\\/archives\\\/author\\\/turkish\"}]}<\/script>\n<!-- \/ Yoast SEO plugin. -->","seo_head_json":{"title":"Barzani Yard\u0131m Vakf\u0131ndan Rojavaya yar\u0131m milyon dolar a\u015fan de\u011ferde t\u0131bbi malzeme yard\u0131m\u0131 - Darka Mazi","robots":{"index":"index","follow":"follow","max-snippet":"max-snippet:-1","max-image-preview":"max-image-preview:large","max-video-preview":"max-video-preview:-1"},"canonical":"https:\/\/darkamazi.site\/archives\/1016750","og_locale":"en_US","og_type":"article","og_title":"Barzani Yard\u0131m Vakf\u0131ndan Rojavaya yar\u0131m milyon dolar a\u015fan de\u011ferde t\u0131bbi malzeme yard\u0131m\u0131 - Darka Mazi","og_description":"Barzani Yard\u0131m Vakf\u0131, Almanya IEH Yard\u0131m Kurulu\u015fu\u2019nun da deste\u011fiyle Rojava K\u00fcrdistan\u0131\u2019na t\u0131bbi malzeme yard\u0131m\u0131 g\u00f6nderdi. Barzani Yard\u0131m Vakf\u0131, Almanya IEH Yard\u0131m Kurulu\u015fu\u2019nun da yard\u0131m\u0131yla d\u00fcn Rojava K\u00fcrdistan\u0131\u2019ndaki hastanelere t\u0131bbi yard\u0131m malzemeleri ula\u015ft\u0131rd\u0131. Konuya ili\u015fkin a\u00e7\u0131klamalarda bulunan Barzani Yard\u0131m Vakf\u0131 \u015eengal Ofisi Yetkilisi P\u00eer Deyan \u015funlar\u0131 s\u00f6yledi: \u201cAlmanya\u2019n\u0131n IEH Yard\u0131m Kurulu\u015fu\u2019nun da deste\u011fiyle Rojava K\u00fcrdistan\u0131\u2019na t\u0131bbi [&hellip;]","og_url":"https:\/\/darkamazi.site\/archives\/1016750","og_site_name":"Darka Mazi","article_publisher":"https:\/\/www.facebook.com\/DarkaMaziturkce","article_published_time":"2021-10-19T17:09:45+00:00","og_image":[{"width":781,"height":439,"url":"https:\/\/darkamazi.site\/file\/2021\/10\/BCF.jpg","type":"image\/jpeg"}],"author":"darka mazi","twitter_card":"summary_large_image","twitter_creator":"@DarkaMaziTurkce","twitter_site":"@DarkaMaziTurkce","twitter_misc":{"Written by":"darka mazi","Est. reading time":"1 minute"},"schema":{"@context":"https:\/\/schema.org","@graph":[{"@type":"NewsArticle","@id":"https:\/\/darkamazi.site\/archives\/1016750#article","isPartOf":{"@id":"https:\/\/darkamazi.site\/archives\/1016750"},"author":{"name":"darka mazi","@id":"https:\/\/darkamazi.site\/#\/schema\/person\/67986a95ac546c16760365877ef4a9d3"},"headline":"Barzani Yard\u0131m Vakf\u0131ndan Rojavaya yar\u0131m milyon dolar a\u015fan de\u011ferde t\u0131bbi malzeme yard\u0131m\u0131","datePublished":"2021-10-19T17:09:45+00:00","mainEntityOfPage":{"@id":"https:\/\/darkamazi.site\/archives\/1016750"},"wordCount":174,"publisher":{"@id":"https:\/\/darkamazi.site\/#organization"},"image":{"@id":"https:\/\/darkamazi.site\/archives\/1016750#primaryimage"},"thumbnailUrl":"https:\/\/darkamazi.site\/file\/2021\/10\/BCF.jpg","keywords":["\u00f6nemli"],"articleSection":["Kurdistan"],"inLanguage":"en-US"},{"@type":"WebPage","@id":"https:\/\/darkamazi.site\/archives\/1016750","url":"https:\/\/darkamazi.site\/archives\/1016750","name":"Barzani Yard\u0131m Vakf\u0131ndan Rojavaya yar\u0131m milyon dolar a\u015fan de\u011ferde t\u0131bbi malzeme yard\u0131m\u0131 - Darka Mazi","isPartOf":{"@id":"https:\/\/darkamazi.site\/#website"},"primaryImageOfPage":{"@id":"https:\/\/darkamazi.site\/archives\/1016750#primaryimage"},"image":{"@id":"https:\/\/darkamazi.site\/archives\/1016750#primaryimage"},"thumbnailUrl":"https:\/\/darkamazi.site\/file\/2021\/10\/BCF.jpg","datePublished":"2021-10-19T17:09:45+00:00","breadcrumb":{"@id":"https:\/\/darkamazi.site\/archives\/1016750#breadcrumb"},"inLanguage":"en-US","potentialAction":[{"@type":"ReadAction","target":["https:\/\/darkamazi.site\/archives\/1016750"]}]},{"@type":"ImageObject","inLanguage":"en-US","@id":"https:\/\/darkamazi.site\/archives\/1016750#primaryimage","url":"https:\/\/darkamazi.site\/file\/2021\/10\/BCF.jpg","contentUrl":"https:\/\/darkamazi.site\/file\/2021\/10\/BCF.jpg","width":781,"height":439,"caption":"Barzani Yard\u0131m Vakf\u0131ndan Rojavaya yar\u0131m milyon dolar a\u015fan de\u011ferde t\u0131bbi malzeme yard\u0131m\u0131"},{"@type":"BreadcrumbList","@id":"https:\/\/darkamazi.site\/archives\/1016750#breadcrumb","itemListElement":[{"@type":"ListItem","position":1,"name":"Home","item":"https:\/\/darkamazi.site\/"},{"@type":"ListItem","position":2,"name":"Barzani Yard\u0131m Vakf\u0131ndan Rojavaya yar\u0131m milyon dolar a\u015fan de\u011ferde t\u0131bbi malzeme yard\u0131m\u0131"}]},{"@type":"WebSite","@id":"https:\/\/darkamazi.site\/#website","url":"https:\/\/darkamazi.site\/","name":"Darka Mazi","description":"Ana Sayfa","publisher":{"@id":"https:\/\/darkamazi.site\/#organization"},"potentialAction":[{"@type":"SearchAction","target":{"@type":"EntryPoint","urlTemplate":"https:\/\/darkamazi.site\/?s={search_term_string}"},"query-input":{"@type":"PropertyValueSpecification","valueRequired":true,"valueName":"search_term_string"}}],"inLanguage":"en-US"},{"@type":"Organization","@id":"https:\/\/darkamazi.site\/#organization","name":"Darka Mazi T\u00fcrk\u00e7e","alternateName":"Darka Mazi","url":"https:\/\/darkamazi.site\/","logo":{"@type":"ImageObject","inLanguage":"en-US","@id":"https:\/\/darkamazi.site\/#\/schema\/logo\/image\/","url":"https:\/\/darkamazi.site\/file\/2017\/12\/darka-mazi-logo.png","contentUrl":"https:\/\/darkamazi.site\/file\/2017\/12\/darka-mazi-logo.png","width":151,"height":75,"caption":"Darka Mazi T\u00fcrk\u00e7e"},"image":{"@id":"https:\/\/darkamazi.site\/#\/schema\/logo\/image\/"},"sameAs":["https:\/\/www.facebook.com\/DarkaMaziturkce","https:\/\/x.com\/DarkaMaziTurkce"]},{"@type":"Person","@id":"https:\/\/darkamazi.site\/#\/schema\/person\/67986a95ac546c16760365877ef4a9d3","name":"darka mazi","sameAs":["https:\/\/darkamazi.site"],"url":"https:\/\/darkamazi.site\/archives\/author\/turkish"}]}},"_links":{"self":[{"href":"https:\/\/darkamazi.site\/funavuv\/wp\/v2\/posts\/1016750","targetHints":{"allow":["GET"]}}],"collection":[{"href":"https:\/\/darkamazi.site\/funavuv\/wp\/v2\/posts"}],"about":[{"href":"https:\/\/darkamazi.site\/funavuv\/wp\/v2\/types\/post"}],"author":[{"embeddable":true,"href":"https:\/\/darkamazi.site\/funavuv\/wp\/v2\/users\/2"}],"replies":[{"embeddable":true,"href":"https:\/\/darkamazi.site\/funavuv\/wp\/v2\/comments?post=1016750"}],"version-history":[{"count":0,"href":"https:\/\/darkamazi.site\/funavuv\/wp\/v2\/posts\/1016750\/revisions"}],"wp:featuredmedia":[{"embeddable":true,"href":"https:\/\/darkamazi.site\/funavuv\/wp\/v2\/media\/1016751"}],"wp:attachment":[{"href":"https:\/\/darkamazi.site\/funavuv\/wp\/v2\/media?parent=1016750"}],"wp:term":[{"taxonomy":"category","embeddable":true,"href":"https:\/\/darkamazi.site\/funavuv\/wp\/v2\/categories?post=1016750"},{"taxonomy":"post_tag","embeddable":true,"href":"https:\/\/darkamazi.site\/funavuv\/wp\/v2\/tags?post=1016750"}],"curies":[{"name":"wp","href":"https:\/\/api.w.org\/{rel}","templated":true}]}}