{"id":1017309,"date":"2021-12-01T13:34:34","date_gmt":"2021-12-01T10:34:34","guid":{"rendered":"https:\/\/darkamazi.site\/?p=1017309"},"modified":"2021-12-01T13:36:29","modified_gmt":"2021-12-01T10:36:29","slug":"iran-rejimi-hasan-zirekin-dogum-gununu-kutlamak-isteyen-halki-engellemek-istedi","status":"publish","type":"post","link":"https:\/\/darkamazi.site\/archives\/1017309","title":{"rendered":"\u0130ran rejimi, Hasan Zirek\u2019in do\u011fum g\u00fcn\u00fcn\u00fc kutlamak isteyen halk\u0131 engellemek istedi"},"content":{"rendered":"<p style=\"text-align: justify\">\u00dcnl\u00fc K\u00fcrt sanat\u00e7\u0131 Hasan Zirek\u2019in do\u011fum g\u00fcn\u00fcn\u00fc kutlamak isteyen Do\u011fu K\u00fcrdistanl\u0131 sevenleri, \u0130ran rejimine ba\u011fl\u0131 g\u00fc\u00e7ler taraf\u0131ndan engellenmek istendi.<\/p>\n<p style=\"text-align: justify\">26 Kas\u0131m Pazar g\u00fcn\u00fc, \u00fcnl\u00fc K\u00fcrt \u015fark\u0131c\u0131 Hassan Zirak&#8217;\u0131n do\u011fum g\u00fcn\u00fc vesilesiyle do\u011fum g\u00fcn\u00fc Bokan \u015fehrinde bir anma t\u00f6reni d\u00fczenlendi. Do\u011fu K\u00fcrdistan&#8217;\u0131n Bokan kentindeki \u0130ran rejiminin kolluk kuvvetleri ve g\u00fcvenlik g\u00fc\u00e7leri t\u00f6renin y\u00fcr\u00fct\u00fclmesine m\u00fcdahale ederek t\u00f6renin tamam\u0131n\u0131n yap\u0131lmas\u0131n\u0131 engellemek istedi. Buna ra\u011fmen halk geri t\u00f6ren yap\u0131lacak yerden geri d\u00f6nmedi.<\/p>\n<p style=\"text-align: justify\">M\u00fczik ve \u015fark\u0131 uzmanlar\u0131na g\u00f6re \u00e7a\u011fda\u015f d\u00f6nemin ku\u015fkusuz en iyi ve en etkili K\u00fcrt sanat\u00e7\u0131lar\u0131ndan biri olan Hasan Zirek, \u00fcretti\u011fi y\u00fczlerce saf eserle K\u00fcrt halk\u0131n\u0131n zihninde \u00f6zel bir yere sahiptir.<\/p>\n<p style=\"text-align: justify\">Usta sanat\u00e7\u0131 &#8221; Hasan Zirak&#8221; Bokan \u00a0\u015fehrinde 1921 y\u0131l\u0131nda, \u00a0g\u00fcne\u015f y\u0131l\u0131na g\u00f6re ise &#8220;Qala-e Sardar&#8221; y\u0131l\u0131nda do\u011fdu.<\/p>\n<p style=\"text-align: justify\">1972 tarihinde 50 ya\u015f\u0131nda kanserden hayat\u0131n\u0131 kaybeden Hasan Z\u00eerek geriye y\u00fczlerce eser b\u0131rakt\u0131.<\/p>\n<p style=\"text-align: justify\">Hala b\u00fcy\u00fck bir \u00e7o\u015fku ile dinlenen Hasan Zirek\u2019in bir \u00e7ok eseri ba\u015fka dillere de uyarland\u0131. T\u00fcrkiye\u2019de de bir \u00e7ok eseri kaynak g\u00f6sterilmeden kullan\u0131ld\u0131.<\/p>\n<p style=\"text-align: justify\">Ey Ni\u015ft\u00eeman &#8211; Ankara&#8217;n\u0131n Ta\u015f\u0131na Bak (Ruhi Su)<\/p>\n<p style=\"text-align: justify\">Nesr\u00een Emrim Bihare &#8211; A\u011flama Yar (Yavuz Bing\u00f6l)<\/p>\n<p style=\"text-align: justify\">\u00a0Aman doktor &#8211; Aman Doktor (Candan Er\u00e7etin)<\/p>\n<p style=\"text-align: justify\">\u00a0Yallah \u015eufer &#8211; Yallah \u015eof\u00f6r (\u0130brahim Tatl\u0131ses)<\/p>\n<p style=\"text-align: justify\"><img loading=\"lazy\" decoding=\"async\" width=\"300\" height=\"206\" class=\"alignnone size-medium darka-image-1017310\" src=\"https:\/\/darkamazi.site\/file\/2021\/12\/Hasan-Zirek-2-300x206.jpg\" alt=\"\u0130ran rejimi, Hasan Zirek\u2019in do\u011fum g\u00fcn\u00fcn\u00fc kutlamak isteyen halk\u0131 engellemek istedi\" srcset=\"https:\/\/darkamazi.site\/file\/2021\/12\/Hasan-Zirek-2-300x206.jpg 300w, https:\/\/darkamazi.site\/file\/2021\/12\/Hasan-Zirek-2-768x528.jpg 768w, https:\/\/darkamazi.site\/file\/2021\/12\/Hasan-Zirek-2.jpg 800w\" sizes=\"auto, (max-width: 300px) 100vw, 300px\" \/><\/p>\n","protected":false},"excerpt":{"rendered":"<p>\u00dcnl\u00fc K\u00fcrt sanat\u00e7\u0131 Hasan Zirek\u2019in do\u011fum g\u00fcn\u00fcn\u00fc kutlamak isteyen Do\u011fu K\u00fcrdistanl\u0131 sevenleri, \u0130ran rejimine ba\u011fl\u0131 g\u00fc\u00e7ler taraf\u0131ndan engellenmek istendi. 26 Kas\u0131m Pazar g\u00fcn\u00fc, \u00fcnl\u00fc K\u00fcrt \u015fark\u0131c\u0131 Hassan Zirak&#8217;\u0131n do\u011fum g\u00fcn\u00fc vesilesiyle do\u011fum g\u00fcn\u00fc Bokan \u015fehrinde bir anma t\u00f6reni d\u00fczenlendi. Do\u011fu K\u00fcrdistan&#8217;\u0131n Bokan kentindeki \u0130ran rejiminin kolluk kuvvetleri ve g\u00fcvenlik g\u00fc\u00e7leri t\u00f6renin y\u00fcr\u00fct\u00fclmesine m\u00fcdahale ederek t\u00f6renin [&hellip;]<\/p>\n","protected":false},"author":2,"featured_media":1017311,"comment_status":"closed","ping_status":"closed","sticky":false,"template":"","format":"image","meta":{"footnotes":""},"categories":[33],"tags":[31],"class_list":["post-1017309","post","type-post","status-publish","format-image","has-post-thumbnail","hentry","category-sanat","tag-onemli","post_format-post-format-image"],"blocksy_meta":[],"seo_head":"<!-- This site is optimized with the Yoast SEO plugin v27.5 - https:\/\/yoast.com\/product\/yoast-seo-wordpress\/ -->\n<title>\u0130ran rejimi, Hasan Zirek\u2019in do\u011fum g\u00fcn\u00fcn\u00fc kutlamak isteyen halk\u0131 engellemek istedi - Darka Mazi<\/title>\n<meta name=\"robots\" content=\"index, follow, max-snippet:-1, max-image-preview:large, max-video-preview:-1\" \/>\n<link rel=\"canonical\" href=\"https:\/\/darkamazi.site\/archives\/1017309\" \/>\n<meta property=\"og:locale\" content=\"en_US\" \/>\n<meta property=\"og:type\" content=\"article\" \/>\n<meta property=\"og:title\" content=\"\u0130ran rejimi, Hasan Zirek\u2019in do\u011fum g\u00fcn\u00fcn\u00fc kutlamak isteyen halk\u0131 engellemek istedi - Darka Mazi\" \/>\n<meta property=\"og:description\" content=\"\u00dcnl\u00fc K\u00fcrt sanat\u00e7\u0131 Hasan Zirek\u2019in do\u011fum g\u00fcn\u00fcn\u00fc kutlamak isteyen Do\u011fu K\u00fcrdistanl\u0131 sevenleri, \u0130ran rejimine ba\u011fl\u0131 g\u00fc\u00e7ler taraf\u0131ndan engellenmek istendi. 26 Kas\u0131m Pazar g\u00fcn\u00fc, \u00fcnl\u00fc K\u00fcrt \u015fark\u0131c\u0131 Hassan Zirak&#8217;\u0131n do\u011fum g\u00fcn\u00fc vesilesiyle do\u011fum g\u00fcn\u00fc Bokan \u015fehrinde bir anma t\u00f6reni d\u00fczenlendi. Do\u011fu K\u00fcrdistan&#8217;\u0131n Bokan kentindeki \u0130ran rejiminin kolluk kuvvetleri ve g\u00fcvenlik g\u00fc\u00e7leri t\u00f6renin y\u00fcr\u00fct\u00fclmesine m\u00fcdahale ederek t\u00f6renin [&hellip;]\" \/>\n<meta property=\"og:url\" content=\"https:\/\/darkamazi.site\/archives\/1017309\" \/>\n<meta property=\"og:site_name\" content=\"Darka Mazi\" \/>\n<meta property=\"article:publisher\" content=\"https:\/\/www.facebook.com\/DarkaMaziturkce\" \/>\n<meta property=\"article:published_time\" content=\"2021-12-01T10:34:34+00:00\" \/>\n<meta property=\"article:modified_time\" content=\"2021-12-01T10:36:29+00:00\" \/>\n<meta property=\"og:image\" content=\"https:\/\/darkamazi.site\/file\/2021\/12\/Hasan-Zirek.jpg\" \/>\n\t<meta property=\"og:image:width\" content=\"1280\" \/>\n\t<meta property=\"og:image:height\" content=\"720\" \/>\n\t<meta property=\"og:image:type\" content=\"image\/jpeg\" \/>\n<meta name=\"author\" content=\"darka mazi\" \/>\n<meta name=\"twitter:card\" content=\"summary_large_image\" \/>\n<meta name=\"twitter:creator\" content=\"@DarkaMaziTurkce\" \/>\n<meta name=\"twitter:site\" content=\"@DarkaMaziTurkce\" \/>\n<meta name=\"twitter:label1\" content=\"Written by\" \/>\n\t<meta name=\"twitter:data1\" content=\"darka mazi\" \/>\n\t<meta name=\"twitter:label2\" content=\"Est. reading time\" \/>\n\t<meta name=\"twitter:data2\" content=\"1 minute\" \/>\n<script type=\"application\/ld+json\" class=\"seo-schema-graph\">{\"@context\":\"https:\\\/\\\/schema.org\",\"@graph\":[{\"@type\":\"NewsArticle\",\"@id\":\"https:\\\/\\\/darkamazi.site\\\/archives\\\/1017309#article\",\"isPartOf\":{\"@id\":\"https:\\\/\\\/darkamazi.site\\\/archives\\\/1017309\"},\"author\":{\"name\":\"darka mazi\",\"@id\":\"https:\\\/\\\/darkamazi.site\\\/#\\\/schema\\\/person\\\/67986a95ac546c16760365877ef4a9d3\"},\"headline\":\"\u0130ran rejimi, Hasan Zirek\u2019in do\u011fum g\u00fcn\u00fcn\u00fc kutlamak isteyen halk\u0131 engellemek istedi\",\"datePublished\":\"2021-12-01T10:34:34+00:00\",\"dateModified\":\"2021-12-01T10:36:29+00:00\",\"mainEntityOfPage\":{\"@id\":\"https:\\\/\\\/darkamazi.site\\\/archives\\\/1017309\"},\"wordCount\":279,\"publisher\":{\"@id\":\"https:\\\/\\\/darkamazi.site\\\/#organization\"},\"image\":{\"@id\":\"https:\\\/\\\/darkamazi.site\\\/archives\\\/1017309#primaryimage\"},\"thumbnailUrl\":\"https:\\\/\\\/darkamazi.site\\\/darka-content\\\/uploads\\\/2021\\\/12\\\/Hasan-Zirek.jpg\",\"keywords\":[\"\u00f6nemli\"],\"articleSection\":[\"Sanat\"],\"inLanguage\":\"en-US\"},{\"@type\":\"WebPage\",\"@id\":\"https:\\\/\\\/darkamazi.site\\\/archives\\\/1017309\",\"url\":\"https:\\\/\\\/darkamazi.site\\\/archives\\\/1017309\",\"name\":\"\u0130ran rejimi, Hasan Zirek\u2019in do\u011fum g\u00fcn\u00fcn\u00fc kutlamak isteyen halk\u0131 engellemek istedi - Darka Mazi\",\"isPartOf\":{\"@id\":\"https:\\\/\\\/darkamazi.site\\\/#website\"},\"primaryImageOfPage\":{\"@id\":\"https:\\\/\\\/darkamazi.site\\\/archives\\\/1017309#primaryimage\"},\"image\":{\"@id\":\"https:\\\/\\\/darkamazi.site\\\/archives\\\/1017309#primaryimage\"},\"thumbnailUrl\":\"https:\\\/\\\/darkamazi.site\\\/darka-content\\\/uploads\\\/2021\\\/12\\\/Hasan-Zirek.jpg\",\"datePublished\":\"2021-12-01T10:34:34+00:00\",\"dateModified\":\"2021-12-01T10:36:29+00:00\",\"breadcrumb\":{\"@id\":\"https:\\\/\\\/darkamazi.site\\\/archives\\\/1017309#breadcrumb\"},\"inLanguage\":\"en-US\",\"potentialAction\":[{\"@type\":\"ReadAction\",\"target\":[\"https:\\\/\\\/darkamazi.site\\\/archives\\\/1017309\"]}]},{\"@type\":\"ImageObject\",\"inLanguage\":\"en-US\",\"@id\":\"https:\\\/\\\/darkamazi.site\\\/archives\\\/1017309#primaryimage\",\"url\":\"https:\\\/\\\/darkamazi.site\\\/darka-content\\\/uploads\\\/2021\\\/12\\\/Hasan-Zirek.jpg\",\"contentUrl\":\"https:\\\/\\\/darkamazi.site\\\/darka-content\\\/uploads\\\/2021\\\/12\\\/Hasan-Zirek.jpg\",\"width\":1280,\"height\":720,\"caption\":\"\u0130ran rejimi, Hasan Zirek\u2019in do\u011fum g\u00fcn\u00fcn\u00fc kutlamak isteyen halk\u0131 engellemek istedi\"},{\"@type\":\"BreadcrumbList\",\"@id\":\"https:\\\/\\\/darkamazi.site\\\/archives\\\/1017309#breadcrumb\",\"itemListElement\":[{\"@type\":\"ListItem\",\"position\":1,\"name\":\"Home\",\"item\":\"https:\\\/\\\/darkamazi.site\\\/\"},{\"@type\":\"ListItem\",\"position\":2,\"name\":\"\u0130ran rejimi, Hasan Zirek\u2019in do\u011fum g\u00fcn\u00fcn\u00fc kutlamak isteyen halk\u0131 engellemek istedi\"}]},{\"@type\":\"WebSite\",\"@id\":\"https:\\\/\\\/darkamazi.site\\\/#website\",\"url\":\"https:\\\/\\\/darkamazi.site\\\/\",\"name\":\"Darka Mazi\",\"description\":\"Ana Sayfa\",\"publisher\":{\"@id\":\"https:\\\/\\\/darkamazi.site\\\/#organization\"},\"potentialAction\":[{\"@type\":\"SearchAction\",\"target\":{\"@type\":\"EntryPoint\",\"urlTemplate\":\"https:\\\/\\\/darkamazi.site\\\/?s={search_term_string}\"},\"query-input\":{\"@type\":\"PropertyValueSpecification\",\"valueRequired\":true,\"valueName\":\"search_term_string\"}}],\"inLanguage\":\"en-US\"},{\"@type\":\"Organization\",\"@id\":\"https:\\\/\\\/darkamazi.site\\\/#organization\",\"name\":\"Darka Mazi T\u00fcrk\u00e7e\",\"alternateName\":\"Darka Mazi\",\"url\":\"https:\\\/\\\/darkamazi.site\\\/\",\"logo\":{\"@type\":\"ImageObject\",\"inLanguage\":\"en-US\",\"@id\":\"https:\\\/\\\/darkamazi.site\\\/#\\\/schema\\\/logo\\\/image\\\/\",\"url\":\"https:\\\/\\\/darkamazi.site\\\/darka-content\\\/uploads\\\/2017\\\/12\\\/darka-mazi-logo.png\",\"contentUrl\":\"https:\\\/\\\/darkamazi.site\\\/darka-content\\\/uploads\\\/2017\\\/12\\\/darka-mazi-logo.png\",\"width\":151,\"height\":75,\"caption\":\"Darka Mazi T\u00fcrk\u00e7e\"},\"image\":{\"@id\":\"https:\\\/\\\/darkamazi.site\\\/#\\\/schema\\\/logo\\\/image\\\/\"},\"sameAs\":[\"https:\\\/\\\/www.facebook.com\\\/DarkaMaziturkce\",\"https:\\\/\\\/x.com\\\/DarkaMaziTurkce\"]},{\"@type\":\"Person\",\"@id\":\"https:\\\/\\\/darkamazi.site\\\/#\\\/schema\\\/person\\\/67986a95ac546c16760365877ef4a9d3\",\"name\":\"darka mazi\",\"sameAs\":[\"https:\\\/\\\/darkamazi.site\"],\"url\":\"https:\\\/\\\/darkamazi.site\\\/archives\\\/author\\\/turkish\"}]}<\/script>\n<!-- \/ Yoast SEO plugin. -->","seo_head_json":{"title":"\u0130ran rejimi, Hasan Zirek\u2019in do\u011fum g\u00fcn\u00fcn\u00fc kutlamak isteyen halk\u0131 engellemek istedi - Darka Mazi","robots":{"index":"index","follow":"follow","max-snippet":"max-snippet:-1","max-image-preview":"max-image-preview:large","max-video-preview":"max-video-preview:-1"},"canonical":"https:\/\/darkamazi.site\/archives\/1017309","og_locale":"en_US","og_type":"article","og_title":"\u0130ran rejimi, Hasan Zirek\u2019in do\u011fum g\u00fcn\u00fcn\u00fc kutlamak isteyen halk\u0131 engellemek istedi - Darka Mazi","og_description":"\u00dcnl\u00fc K\u00fcrt sanat\u00e7\u0131 Hasan Zirek\u2019in do\u011fum g\u00fcn\u00fcn\u00fc kutlamak isteyen Do\u011fu K\u00fcrdistanl\u0131 sevenleri, \u0130ran rejimine ba\u011fl\u0131 g\u00fc\u00e7ler taraf\u0131ndan engellenmek istendi. 26 Kas\u0131m Pazar g\u00fcn\u00fc, \u00fcnl\u00fc K\u00fcrt \u015fark\u0131c\u0131 Hassan Zirak&#8217;\u0131n do\u011fum g\u00fcn\u00fc vesilesiyle do\u011fum g\u00fcn\u00fc Bokan \u015fehrinde bir anma t\u00f6reni d\u00fczenlendi. Do\u011fu K\u00fcrdistan&#8217;\u0131n Bokan kentindeki \u0130ran rejiminin kolluk kuvvetleri ve g\u00fcvenlik g\u00fc\u00e7leri t\u00f6renin y\u00fcr\u00fct\u00fclmesine m\u00fcdahale ederek t\u00f6renin [&hellip;]","og_url":"https:\/\/darkamazi.site\/archives\/1017309","og_site_name":"Darka Mazi","article_publisher":"https:\/\/www.facebook.com\/DarkaMaziturkce","article_published_time":"2021-12-01T10:34:34+00:00","article_modified_time":"2021-12-01T10:36:29+00:00","og_image":[{"width":1280,"height":720,"url":"https:\/\/darkamazi.site\/file\/2021\/12\/Hasan-Zirek.jpg","type":"image\/jpeg"}],"author":"darka mazi","twitter_card":"summary_large_image","twitter_creator":"@DarkaMaziTurkce","twitter_site":"@DarkaMaziTurkce","twitter_misc":{"Written by":"darka mazi","Est. reading time":"1 minute"},"schema":{"@context":"https:\/\/schema.org","@graph":[{"@type":"NewsArticle","@id":"https:\/\/darkamazi.site\/archives\/1017309#article","isPartOf":{"@id":"https:\/\/darkamazi.site\/archives\/1017309"},"author":{"name":"darka mazi","@id":"https:\/\/darkamazi.site\/#\/schema\/person\/67986a95ac546c16760365877ef4a9d3"},"headline":"\u0130ran rejimi, Hasan Zirek\u2019in do\u011fum g\u00fcn\u00fcn\u00fc kutlamak isteyen halk\u0131 engellemek istedi","datePublished":"2021-12-01T10:34:34+00:00","dateModified":"2021-12-01T10:36:29+00:00","mainEntityOfPage":{"@id":"https:\/\/darkamazi.site\/archives\/1017309"},"wordCount":279,"publisher":{"@id":"https:\/\/darkamazi.site\/#organization"},"image":{"@id":"https:\/\/darkamazi.site\/archives\/1017309#primaryimage"},"thumbnailUrl":"https:\/\/darkamazi.site\/file\/2021\/12\/Hasan-Zirek.jpg","keywords":["\u00f6nemli"],"articleSection":["Sanat"],"inLanguage":"en-US"},{"@type":"WebPage","@id":"https:\/\/darkamazi.site\/archives\/1017309","url":"https:\/\/darkamazi.site\/archives\/1017309","name":"\u0130ran rejimi, Hasan Zirek\u2019in do\u011fum g\u00fcn\u00fcn\u00fc kutlamak isteyen halk\u0131 engellemek istedi - Darka Mazi","isPartOf":{"@id":"https:\/\/darkamazi.site\/#website"},"primaryImageOfPage":{"@id":"https:\/\/darkamazi.site\/archives\/1017309#primaryimage"},"image":{"@id":"https:\/\/darkamazi.site\/archives\/1017309#primaryimage"},"thumbnailUrl":"https:\/\/darkamazi.site\/file\/2021\/12\/Hasan-Zirek.jpg","datePublished":"2021-12-01T10:34:34+00:00","dateModified":"2021-12-01T10:36:29+00:00","breadcrumb":{"@id":"https:\/\/darkamazi.site\/archives\/1017309#breadcrumb"},"inLanguage":"en-US","potentialAction":[{"@type":"ReadAction","target":["https:\/\/darkamazi.site\/archives\/1017309"]}]},{"@type":"ImageObject","inLanguage":"en-US","@id":"https:\/\/darkamazi.site\/archives\/1017309#primaryimage","url":"https:\/\/darkamazi.site\/file\/2021\/12\/Hasan-Zirek.jpg","contentUrl":"https:\/\/darkamazi.site\/file\/2021\/12\/Hasan-Zirek.jpg","width":1280,"height":720,"caption":"\u0130ran rejimi, Hasan Zirek\u2019in do\u011fum g\u00fcn\u00fcn\u00fc kutlamak isteyen halk\u0131 engellemek istedi"},{"@type":"BreadcrumbList","@id":"https:\/\/darkamazi.site\/archives\/1017309#breadcrumb","itemListElement":[{"@type":"ListItem","position":1,"name":"Home","item":"https:\/\/darkamazi.site\/"},{"@type":"ListItem","position":2,"name":"\u0130ran rejimi, Hasan Zirek\u2019in do\u011fum g\u00fcn\u00fcn\u00fc kutlamak isteyen halk\u0131 engellemek istedi"}]},{"@type":"WebSite","@id":"https:\/\/darkamazi.site\/#website","url":"https:\/\/darkamazi.site\/","name":"Darka Mazi","description":"Ana Sayfa","publisher":{"@id":"https:\/\/darkamazi.site\/#organization"},"potentialAction":[{"@type":"SearchAction","target":{"@type":"EntryPoint","urlTemplate":"https:\/\/darkamazi.site\/?s={search_term_string}"},"query-input":{"@type":"PropertyValueSpecification","valueRequired":true,"valueName":"search_term_string"}}],"inLanguage":"en-US"},{"@type":"Organization","@id":"https:\/\/darkamazi.site\/#organization","name":"Darka Mazi T\u00fcrk\u00e7e","alternateName":"Darka Mazi","url":"https:\/\/darkamazi.site\/","logo":{"@type":"ImageObject","inLanguage":"en-US","@id":"https:\/\/darkamazi.site\/#\/schema\/logo\/image\/","url":"https:\/\/darkamazi.site\/file\/2017\/12\/darka-mazi-logo.png","contentUrl":"https:\/\/darkamazi.site\/file\/2017\/12\/darka-mazi-logo.png","width":151,"height":75,"caption":"Darka Mazi T\u00fcrk\u00e7e"},"image":{"@id":"https:\/\/darkamazi.site\/#\/schema\/logo\/image\/"},"sameAs":["https:\/\/www.facebook.com\/DarkaMaziturkce","https:\/\/x.com\/DarkaMaziTurkce"]},{"@type":"Person","@id":"https:\/\/darkamazi.site\/#\/schema\/person\/67986a95ac546c16760365877ef4a9d3","name":"darka mazi","sameAs":["https:\/\/darkamazi.site"],"url":"https:\/\/darkamazi.site\/archives\/author\/turkish"}]}},"_links":{"self":[{"href":"https:\/\/darkamazi.site\/funavuv\/wp\/v2\/posts\/1017309","targetHints":{"allow":["GET"]}}],"collection":[{"href":"https:\/\/darkamazi.site\/funavuv\/wp\/v2\/posts"}],"about":[{"href":"https:\/\/darkamazi.site\/funavuv\/wp\/v2\/types\/post"}],"author":[{"embeddable":true,"href":"https:\/\/darkamazi.site\/funavuv\/wp\/v2\/users\/2"}],"replies":[{"embeddable":true,"href":"https:\/\/darkamazi.site\/funavuv\/wp\/v2\/comments?post=1017309"}],"version-history":[{"count":0,"href":"https:\/\/darkamazi.site\/funavuv\/wp\/v2\/posts\/1017309\/revisions"}],"wp:featuredmedia":[{"embeddable":true,"href":"https:\/\/darkamazi.site\/funavuv\/wp\/v2\/media\/1017311"}],"wp:attachment":[{"href":"https:\/\/darkamazi.site\/funavuv\/wp\/v2\/media?parent=1017309"}],"wp:term":[{"taxonomy":"category","embeddable":true,"href":"https:\/\/darkamazi.site\/funavuv\/wp\/v2\/categories?post=1017309"},{"taxonomy":"post_tag","embeddable":true,"href":"https:\/\/darkamazi.site\/funavuv\/wp\/v2\/tags?post=1017309"}],"curies":[{"name":"wp","href":"https:\/\/api.w.org\/{rel}","templated":true}]}}