{"id":1017595,"date":"2021-12-22T09:57:29","date_gmt":"2021-12-22T06:57:29","guid":{"rendered":"https:\/\/darkamazi.site\/?p=1017595"},"modified":"2021-12-22T09:57:29","modified_gmt":"2021-12-22T06:57:29","slug":"pkkya-bagli-gucler-evinin-damina-kurdistan-bayragi-asan-ezidi-bir-pesmergeyi-kacirdi","status":"publish","type":"post","link":"https:\/\/darkamazi.site\/archives\/1017595","title":{"rendered":"PKK\u2019ya ba\u011fl\u0131 g\u00fc\u00e7ler evinin dam\u0131na K\u00fcrdistan Bayra\u011f\u0131 asan Ezidi bir Pe\u015fmergeyi ka\u00e7\u0131rd\u0131"},"content":{"rendered":"<p style=\"text-align: justify\">Se\u00eed \u00a0Mirad Qasim Ezidi bir Pe\u015fmerge ve 13 Eyl\u00fcl tarihinden beri akibeti bilinmiyor. Bilinen tek \u015fey Se\u00eed \u2019in PKK\u2019ye ba\u011fl\u0131 g\u00fc\u00e7ler taraf\u0131ndan \u015eengal\u2019de ka\u00e7\u0131r\u0131ld\u0131\u011f\u0131. Ailesi\u2019nin t\u00fcm giri\u015fimlerine ra\u011fmen PKK taraf\u0131ndan ak\u0131betine dair bir a\u00e7\u0131klama yap\u0131lmad\u0131. Se\u00eed \u2019in hikayesi K\u00fcrtleri i\u00e7indeki kendi halk\u0131na d\u00fc\u015fman damar\u0131 anlamak i\u00e7in \u00e7ok \u00f6nemli. \u00c7\u00fcnk\u00fc o sadece K\u00fcrdistan Bayra\u011f\u0131n\u0131 evinin dam\u0131na ast\u0131\u011f\u0131 i\u00e7in ka\u00e7\u0131r\u0131ld\u0131.<\/p>\n<h3 style=\"text-align: justify\"><span style=\"font-family: 'arial black', sans-serif;font-size: 12pt\">Newroz\u2019da evinin dam\u0131na bayrak ast\u0131\u011f\u0131 i\u00e7in tehdit edilmi\u015f<\/span><\/h3>\n<p style=\"text-align: justify\">Se\u00eed Miran Qas\u0131m 1995 do\u011fumlu bir Ezidi K\u00fcrt. \u015eengal\u2019deki Feqire a\u015firetine mensup. Girezer k\u00f6y\u00fcnden. Ayr\u0131ca Zerevani Pe\u015fmerge tugay\u0131nda de yer al\u0131yor. Yakla\u015f\u0131k d\u00f6rt ayd\u0131r kendisinden haber al\u0131nam\u0131yor.<\/p>\n<p style=\"text-align: justify\">Darka Mazi kaynaklar\u0131 Se\u00eed Mirad\u2019\u0131n 13 Eyl\u00fcl tarihinde \u015eengal\u2019in Burek k\u00f6y\u00fcnde ya\u015fayan k\u0131z karde\u015fini ziyarette gitti\u011fini tespit etti. Yol \u00fczerindeki bir PKK kontrol noktas\u0131ndan ka\u00e7\u0131r\u0131l\u0131yor.<br \/>\nAile Se\u00eed\u2019in PKK\u2019ye ba\u011fl\u0131 g\u00fc\u00e7ler taraf\u0131ndan ka\u00e7\u0131r\u0131ld\u0131\u011f\u0131n\u0131 biliyor fakat PKK\u2019nin o\u011fluna bir \u015fey yapmas\u0131ndan \u00e7ekindi\u011fi i\u00e7in resmi makamlara \u201cPKK ka\u00e7\u0131rd\u0131\u201d \u015fik\u00e2yeti yapm\u0131yor. Hatta sadece mahkemeye ba\u015f vurmu\u015f, yerel polis vb. g\u00fcvenlik g\u00fc\u00e7leri ile g\u00f6r\u00fc\u015fmemi\u015f. \u00c7\u00fcnk\u00fc o\u011fullar\u0131n\u0131n \u00a0PKK taraf\u0131ndan \u201ci\u015fkence ile faili me\u00e7hul\u201d edilmesinden korkuyor.<\/p>\n<h3 style=\"text-align: justify\"><span style=\"font-family: 'arial black', sans-serif;font-size: 12pt\">PKK\u2019nin kara listesine girdi<\/span><\/h3>\n<p style=\"text-align: justify\">Kaynaklar\u0131m\u0131z ve ailesi Se\u00eed\u2019in 2021 y\u0131l\u0131 Newroz\u2019unda Serde\u015fte m\u00fclteci kamp\u0131nda evinin dam\u0131na bayrak asmas\u0131 ile PKK\u2019nin kara listesine girdi\u011fini s\u00f6yl\u00fcyor. Serde\u015ft kamp\u0131 \u015eengal\u2019de ve PKK kadrolar\u0131 kamp\u0131n i\u00e7inde.\u00a0 PKK, o g\u00fcn bayra\u011f\u0131 kald\u0131rmas\u0131n\u0131 istemi\u015f Se\u00eed \u201cbu bayrak K\u00fcrtlerin\u201d diyerek reddetmi\u015f. Bayrak \u00fc\u00e7 g\u00fcn orada as\u0131l\u0131 kalm\u0131\u015f ve ondan sonra PKK tehditleri ba\u015flam\u0131\u015f.<\/p>\n<h3 style=\"text-align: justify\"><span style=\"font-family: 'arial black', sans-serif;font-size: 12pt\">PKK\u2019nin g\u00f6z korkutma siyaseti<\/span><\/h3>\n<p style=\"text-align: justify\">\u015eengal halk\u0131 PKK\u2019yi istemiyor. Bunu her f\u0131rsatta dile getiriyorlar hatta \u0131rak se\u00e7imlerinde PKK kendi denetimindeki sand\u0131klarda \u00e7ok b\u00fcy\u00fck hileler yapt\u0131\u011f\u0131 halde bin oy alamam\u0131\u015ft\u0131. Fakat PKK halk\u0131 tehdit ediyor.\u00a0 BM\u2019nin g\u00f6nderdi\u011fi yard\u0131mlar\u0131 vermemek, evlerini yakmak, elektriklerini kesmek, \u00e7ocuklar\u0131n\u0131 ka\u00e7\u0131rmak gibi bir\u00e7ok y\u00f6ntemi var bunun. I\u015e\u0130D nedeni ile b\u00fcy\u00fck bir travma ya\u015fayan halk PKK\u2019nin bu y\u0131ld\u0131rma ve aba at\u0131ndan sopa g\u00f6sterme yakla\u015f\u0131mlar\u0131 nedeni ile sessiz kalmay\u0131 tercih ediyor.<\/p>\n<h3 style=\"text-align: justify\"><span style=\"font-family: 'arial black', sans-serif;font-size: 12pt\">\u00a0Bu PKK\u2019nin ilk K\u00fcrdistan bayra\u011f\u0131 d\u00fc\u015fmanl\u0131\u011f\u0131 de\u011fil<\/span><\/h3>\n<p style=\"text-align: justify\">Se\u00eed\u2019\u00een PKK taraf\u0131ndan ka\u00e7\u0131r\u0131lmas\u0131 sonras\u0131 \u00cazd\u00een isimli karde\u015fi harekete ge\u00e7erek \u015fik\u00e2yette bulunmu\u015f. Z\u00ear\u00eavani g\u00fc\u00e7leri de olay\u0131 ara\u015ft\u0131rmak i\u00e7in bir komisyon kurmu\u015f. Fakat hala S\u00eaid\u2019in ak\u0131beti hakk\u0131nda bir bilgi edinile bilmi\u015f de\u011fil.<\/p>\n<p style=\"text-align: justify\">PKK\u2019nin K\u00fcrdistan Bayra\u011f\u0131n\u0131 d\u00fc\u015fman bayra\u011f\u0131 gibi g\u00f6rmesi ilk kez ya\u015fanm\u0131yor. Ge\u00e7ti\u011fimiz 17 Aral\u0131k g\u00fcn\u00fc de PKK\u2019ye ba\u011fl\u0131 Ciwan\u00ean \u015eore\u015fger denen \u00e7ete gurubu Dirbes\u00eeye\u2019de K\u00fcrdistan Bayrak g\u00fcn\u00fcn\u00fc kutlamaya \u00e7al\u0131\u015fan halka sald\u0131rm\u0131\u015f, bayraklar\u0131 yere atm\u0131\u015ft\u0131.<\/p>\n<p style=\"text-align: justify\">Kuzey K\u00fcrdistan\u2019da se\u00e7im d\u00f6nemlerinde HDP mitinglerinde T\u00fcrk bayra\u011f\u0131 ve Mustafa Kemal resmi a\u00e7t\u0131ran, Rojava\u2019da Suriye bayra\u011f\u0131n\u0131 sahiplenen bir duru\u015fu var PKK\u2019nin. HDP T\u00fcrk Bayra\u011f\u0131na, PYD Suriye bayra\u011f\u0131na kar\u015f\u0131 de\u011fil. Fakat PKK G\u00fc\u00e7leri Irak ve G\u00fcney K\u00fcrdistan\u2019da K\u00fcrdistan bayra\u011f\u0131na kar\u015f\u0131. Bu da K\u00fcrtlerin par\u00e7alanm\u0131\u015fl\u0131k ve kendine yabanc\u0131la\u015fmas\u0131n\u0131 g\u00f6sterdi\u011fi gibi PKK\u2019nin siyasi \u00e7izgisini ve ittifaklar\u0131n\u0131 da g\u00f6steriyor.<\/p>\n","protected":false},"excerpt":{"rendered":"<p>Se\u00eed \u00a0Mirad Qasim Ezidi bir Pe\u015fmerge ve 13 Eyl\u00fcl tarihinden beri akibeti bilinmiyor. Bilinen tek \u015fey Se\u00eed \u2019in PKK\u2019ye ba\u011fl\u0131 g\u00fc\u00e7ler taraf\u0131ndan \u015eengal\u2019de ka\u00e7\u0131r\u0131ld\u0131\u011f\u0131. Ailesi\u2019nin t\u00fcm giri\u015fimlerine ra\u011fmen PKK taraf\u0131ndan ak\u0131betine dair bir a\u00e7\u0131klama yap\u0131lmad\u0131. Se\u00eed \u2019in hikayesi K\u00fcrtleri i\u00e7indeki kendi halk\u0131na d\u00fc\u015fman damar\u0131 anlamak i\u00e7in \u00e7ok \u00f6nemli. \u00c7\u00fcnk\u00fc o sadece K\u00fcrdistan Bayra\u011f\u0131n\u0131 evinin dam\u0131na [&hellip;]<\/p>\n","protected":false},"author":2,"featured_media":1017596,"comment_status":"closed","ping_status":"closed","sticky":false,"template":"","format":"standard","meta":{"footnotes":""},"categories":[3],"tags":[31],"class_list":["post-1017595","post","type-post","status-publish","format-standard","has-post-thumbnail","hentry","category-kurdistan","tag-onemli"],"blocksy_meta":[],"seo_head":"<!-- This site is optimized with the Yoast SEO plugin v27.5 - https:\/\/yoast.com\/product\/yoast-seo-wordpress\/ -->\n<title>PKK\u2019ya ba\u011fl\u0131 g\u00fc\u00e7ler evinin dam\u0131na K\u00fcrdistan Bayra\u011f\u0131 asan Ezidi bir Pe\u015fmergeyi ka\u00e7\u0131rd\u0131 - Darka Mazi<\/title>\n<meta name=\"robots\" content=\"index, follow, max-snippet:-1, max-image-preview:large, max-video-preview:-1\" \/>\n<link rel=\"canonical\" href=\"https:\/\/darkamazi.site\/archives\/1017595\" \/>\n<meta property=\"og:locale\" content=\"en_US\" \/>\n<meta property=\"og:type\" content=\"article\" \/>\n<meta property=\"og:title\" content=\"PKK\u2019ya ba\u011fl\u0131 g\u00fc\u00e7ler evinin dam\u0131na K\u00fcrdistan Bayra\u011f\u0131 asan Ezidi bir Pe\u015fmergeyi ka\u00e7\u0131rd\u0131 - Darka Mazi\" \/>\n<meta property=\"og:description\" content=\"Se\u00eed \u00a0Mirad Qasim Ezidi bir Pe\u015fmerge ve 13 Eyl\u00fcl tarihinden beri akibeti bilinmiyor. Bilinen tek \u015fey Se\u00eed \u2019in PKK\u2019ye ba\u011fl\u0131 g\u00fc\u00e7ler taraf\u0131ndan \u015eengal\u2019de ka\u00e7\u0131r\u0131ld\u0131\u011f\u0131. Ailesi\u2019nin t\u00fcm giri\u015fimlerine ra\u011fmen PKK taraf\u0131ndan ak\u0131betine dair bir a\u00e7\u0131klama yap\u0131lmad\u0131. Se\u00eed \u2019in hikayesi K\u00fcrtleri i\u00e7indeki kendi halk\u0131na d\u00fc\u015fman damar\u0131 anlamak i\u00e7in \u00e7ok \u00f6nemli. \u00c7\u00fcnk\u00fc o sadece K\u00fcrdistan Bayra\u011f\u0131n\u0131 evinin dam\u0131na [&hellip;]\" \/>\n<meta property=\"og:url\" content=\"https:\/\/darkamazi.site\/archives\/1017595\" \/>\n<meta property=\"og:site_name\" content=\"Darka Mazi\" \/>\n<meta property=\"article:publisher\" content=\"https:\/\/www.facebook.com\/DarkaMaziturkce\" \/>\n<meta property=\"article:published_time\" content=\"2021-12-22T06:57:29+00:00\" \/>\n<meta property=\"og:image\" content=\"https:\/\/darkamazi.site\/file\/2021\/12\/FHIC-8NXwAYX3eY.jpg\" \/>\n\t<meta property=\"og:image:width\" content=\"680\" \/>\n\t<meta property=\"og:image:height\" content=\"376\" \/>\n\t<meta property=\"og:image:type\" content=\"image\/jpeg\" \/>\n<meta name=\"author\" content=\"darka mazi\" \/>\n<meta name=\"twitter:card\" content=\"summary_large_image\" \/>\n<meta name=\"twitter:creator\" content=\"@DarkaMaziTurkce\" \/>\n<meta name=\"twitter:site\" content=\"@DarkaMaziTurkce\" \/>\n<meta name=\"twitter:label1\" content=\"Written by\" \/>\n\t<meta name=\"twitter:data1\" content=\"darka mazi\" \/>\n\t<meta name=\"twitter:label2\" content=\"Est. reading time\" \/>\n\t<meta name=\"twitter:data2\" content=\"2 minutes\" \/>\n<script type=\"application\/ld+json\" class=\"seo-schema-graph\">{\"@context\":\"https:\\\/\\\/schema.org\",\"@graph\":[{\"@type\":\"NewsArticle\",\"@id\":\"https:\\\/\\\/darkamazi.site\\\/archives\\\/1017595#article\",\"isPartOf\":{\"@id\":\"https:\\\/\\\/darkamazi.site\\\/archives\\\/1017595\"},\"author\":{\"name\":\"darka mazi\",\"@id\":\"https:\\\/\\\/darkamazi.site\\\/#\\\/schema\\\/person\\\/67986a95ac546c16760365877ef4a9d3\"},\"headline\":\"PKK\u2019ya ba\u011fl\u0131 g\u00fc\u00e7ler evinin dam\u0131na K\u00fcrdistan Bayra\u011f\u0131 asan Ezidi bir Pe\u015fmergeyi ka\u00e7\u0131rd\u0131\",\"datePublished\":\"2021-12-22T06:57:29+00:00\",\"mainEntityOfPage\":{\"@id\":\"https:\\\/\\\/darkamazi.site\\\/archives\\\/1017595\"},\"wordCount\":654,\"publisher\":{\"@id\":\"https:\\\/\\\/darkamazi.site\\\/#organization\"},\"image\":{\"@id\":\"https:\\\/\\\/darkamazi.site\\\/archives\\\/1017595#primaryimage\"},\"thumbnailUrl\":\"https:\\\/\\\/darkamazi.site\\\/darka-content\\\/uploads\\\/2021\\\/12\\\/FHIC-8NXwAYX3eY.jpg\",\"keywords\":[\"\u00f6nemli\"],\"articleSection\":[\"Kurdistan\"],\"inLanguage\":\"en-US\"},{\"@type\":\"WebPage\",\"@id\":\"https:\\\/\\\/darkamazi.site\\\/archives\\\/1017595\",\"url\":\"https:\\\/\\\/darkamazi.site\\\/archives\\\/1017595\",\"name\":\"PKK\u2019ya ba\u011fl\u0131 g\u00fc\u00e7ler evinin dam\u0131na K\u00fcrdistan Bayra\u011f\u0131 asan Ezidi bir Pe\u015fmergeyi ka\u00e7\u0131rd\u0131 - Darka Mazi\",\"isPartOf\":{\"@id\":\"https:\\\/\\\/darkamazi.site\\\/#website\"},\"primaryImageOfPage\":{\"@id\":\"https:\\\/\\\/darkamazi.site\\\/archives\\\/1017595#primaryimage\"},\"image\":{\"@id\":\"https:\\\/\\\/darkamazi.site\\\/archives\\\/1017595#primaryimage\"},\"thumbnailUrl\":\"https:\\\/\\\/darkamazi.site\\\/darka-content\\\/uploads\\\/2021\\\/12\\\/FHIC-8NXwAYX3eY.jpg\",\"datePublished\":\"2021-12-22T06:57:29+00:00\",\"breadcrumb\":{\"@id\":\"https:\\\/\\\/darkamazi.site\\\/archives\\\/1017595#breadcrumb\"},\"inLanguage\":\"en-US\",\"potentialAction\":[{\"@type\":\"ReadAction\",\"target\":[\"https:\\\/\\\/darkamazi.site\\\/archives\\\/1017595\"]}]},{\"@type\":\"ImageObject\",\"inLanguage\":\"en-US\",\"@id\":\"https:\\\/\\\/darkamazi.site\\\/archives\\\/1017595#primaryimage\",\"url\":\"https:\\\/\\\/darkamazi.site\\\/darka-content\\\/uploads\\\/2021\\\/12\\\/FHIC-8NXwAYX3eY.jpg\",\"contentUrl\":\"https:\\\/\\\/darkamazi.site\\\/darka-content\\\/uploads\\\/2021\\\/12\\\/FHIC-8NXwAYX3eY.jpg\",\"width\":680,\"height\":376,\"caption\":\"PKK\u2019ya ba\u011fl\u0131 g\u00fc\u00e7ler evinin dam\u0131na K\u00fcrdistan Bayra\u011f\u0131 asan Ezidi bir Pe\u015fmergeyi ka\u00e7\u0131rd\u0131\"},{\"@type\":\"BreadcrumbList\",\"@id\":\"https:\\\/\\\/darkamazi.site\\\/archives\\\/1017595#breadcrumb\",\"itemListElement\":[{\"@type\":\"ListItem\",\"position\":1,\"name\":\"Home\",\"item\":\"https:\\\/\\\/darkamazi.site\\\/\"},{\"@type\":\"ListItem\",\"position\":2,\"name\":\"PKK\u2019ya ba\u011fl\u0131 g\u00fc\u00e7ler evinin dam\u0131na K\u00fcrdistan Bayra\u011f\u0131 asan Ezidi bir Pe\u015fmergeyi ka\u00e7\u0131rd\u0131\"}]},{\"@type\":\"WebSite\",\"@id\":\"https:\\\/\\\/darkamazi.site\\\/#website\",\"url\":\"https:\\\/\\\/darkamazi.site\\\/\",\"name\":\"Darka Mazi\",\"description\":\"Ana Sayfa\",\"publisher\":{\"@id\":\"https:\\\/\\\/darkamazi.site\\\/#organization\"},\"potentialAction\":[{\"@type\":\"SearchAction\",\"target\":{\"@type\":\"EntryPoint\",\"urlTemplate\":\"https:\\\/\\\/darkamazi.site\\\/?s={search_term_string}\"},\"query-input\":{\"@type\":\"PropertyValueSpecification\",\"valueRequired\":true,\"valueName\":\"search_term_string\"}}],\"inLanguage\":\"en-US\"},{\"@type\":\"Organization\",\"@id\":\"https:\\\/\\\/darkamazi.site\\\/#organization\",\"name\":\"Darka Mazi T\u00fcrk\u00e7e\",\"alternateName\":\"Darka Mazi\",\"url\":\"https:\\\/\\\/darkamazi.site\\\/\",\"logo\":{\"@type\":\"ImageObject\",\"inLanguage\":\"en-US\",\"@id\":\"https:\\\/\\\/darkamazi.site\\\/#\\\/schema\\\/logo\\\/image\\\/\",\"url\":\"https:\\\/\\\/darkamazi.site\\\/darka-content\\\/uploads\\\/2017\\\/12\\\/darka-mazi-logo.png\",\"contentUrl\":\"https:\\\/\\\/darkamazi.site\\\/darka-content\\\/uploads\\\/2017\\\/12\\\/darka-mazi-logo.png\",\"width\":151,\"height\":75,\"caption\":\"Darka Mazi T\u00fcrk\u00e7e\"},\"image\":{\"@id\":\"https:\\\/\\\/darkamazi.site\\\/#\\\/schema\\\/logo\\\/image\\\/\"},\"sameAs\":[\"https:\\\/\\\/www.facebook.com\\\/DarkaMaziturkce\",\"https:\\\/\\\/x.com\\\/DarkaMaziTurkce\"]},{\"@type\":\"Person\",\"@id\":\"https:\\\/\\\/darkamazi.site\\\/#\\\/schema\\\/person\\\/67986a95ac546c16760365877ef4a9d3\",\"name\":\"darka mazi\",\"sameAs\":[\"https:\\\/\\\/darkamazi.site\"],\"url\":\"https:\\\/\\\/darkamazi.site\\\/archives\\\/author\\\/turkish\"}]}<\/script>\n<!-- \/ Yoast SEO plugin. -->","seo_head_json":{"title":"PKK\u2019ya ba\u011fl\u0131 g\u00fc\u00e7ler evinin dam\u0131na K\u00fcrdistan Bayra\u011f\u0131 asan Ezidi bir Pe\u015fmergeyi ka\u00e7\u0131rd\u0131 - Darka Mazi","robots":{"index":"index","follow":"follow","max-snippet":"max-snippet:-1","max-image-preview":"max-image-preview:large","max-video-preview":"max-video-preview:-1"},"canonical":"https:\/\/darkamazi.site\/archives\/1017595","og_locale":"en_US","og_type":"article","og_title":"PKK\u2019ya ba\u011fl\u0131 g\u00fc\u00e7ler evinin dam\u0131na K\u00fcrdistan Bayra\u011f\u0131 asan Ezidi bir Pe\u015fmergeyi ka\u00e7\u0131rd\u0131 - Darka Mazi","og_description":"Se\u00eed \u00a0Mirad Qasim Ezidi bir Pe\u015fmerge ve 13 Eyl\u00fcl tarihinden beri akibeti bilinmiyor. Bilinen tek \u015fey Se\u00eed \u2019in PKK\u2019ye ba\u011fl\u0131 g\u00fc\u00e7ler taraf\u0131ndan \u015eengal\u2019de ka\u00e7\u0131r\u0131ld\u0131\u011f\u0131. Ailesi\u2019nin t\u00fcm giri\u015fimlerine ra\u011fmen PKK taraf\u0131ndan ak\u0131betine dair bir a\u00e7\u0131klama yap\u0131lmad\u0131. Se\u00eed \u2019in hikayesi K\u00fcrtleri i\u00e7indeki kendi halk\u0131na d\u00fc\u015fman damar\u0131 anlamak i\u00e7in \u00e7ok \u00f6nemli. \u00c7\u00fcnk\u00fc o sadece K\u00fcrdistan Bayra\u011f\u0131n\u0131 evinin dam\u0131na [&hellip;]","og_url":"https:\/\/darkamazi.site\/archives\/1017595","og_site_name":"Darka Mazi","article_publisher":"https:\/\/www.facebook.com\/DarkaMaziturkce","article_published_time":"2021-12-22T06:57:29+00:00","og_image":[{"width":680,"height":376,"url":"https:\/\/darkamazi.site\/file\/2021\/12\/FHIC-8NXwAYX3eY.jpg","type":"image\/jpeg"}],"author":"darka mazi","twitter_card":"summary_large_image","twitter_creator":"@DarkaMaziTurkce","twitter_site":"@DarkaMaziTurkce","twitter_misc":{"Written by":"darka mazi","Est. reading time":"2 minutes"},"schema":{"@context":"https:\/\/schema.org","@graph":[{"@type":"NewsArticle","@id":"https:\/\/darkamazi.site\/archives\/1017595#article","isPartOf":{"@id":"https:\/\/darkamazi.site\/archives\/1017595"},"author":{"name":"darka mazi","@id":"https:\/\/darkamazi.site\/#\/schema\/person\/67986a95ac546c16760365877ef4a9d3"},"headline":"PKK\u2019ya ba\u011fl\u0131 g\u00fc\u00e7ler evinin dam\u0131na K\u00fcrdistan Bayra\u011f\u0131 asan Ezidi bir Pe\u015fmergeyi ka\u00e7\u0131rd\u0131","datePublished":"2021-12-22T06:57:29+00:00","mainEntityOfPage":{"@id":"https:\/\/darkamazi.site\/archives\/1017595"},"wordCount":654,"publisher":{"@id":"https:\/\/darkamazi.site\/#organization"},"image":{"@id":"https:\/\/darkamazi.site\/archives\/1017595#primaryimage"},"thumbnailUrl":"https:\/\/darkamazi.site\/file\/2021\/12\/FHIC-8NXwAYX3eY.jpg","keywords":["\u00f6nemli"],"articleSection":["Kurdistan"],"inLanguage":"en-US"},{"@type":"WebPage","@id":"https:\/\/darkamazi.site\/archives\/1017595","url":"https:\/\/darkamazi.site\/archives\/1017595","name":"PKK\u2019ya ba\u011fl\u0131 g\u00fc\u00e7ler evinin dam\u0131na K\u00fcrdistan Bayra\u011f\u0131 asan Ezidi bir Pe\u015fmergeyi ka\u00e7\u0131rd\u0131 - Darka Mazi","isPartOf":{"@id":"https:\/\/darkamazi.site\/#website"},"primaryImageOfPage":{"@id":"https:\/\/darkamazi.site\/archives\/1017595#primaryimage"},"image":{"@id":"https:\/\/darkamazi.site\/archives\/1017595#primaryimage"},"thumbnailUrl":"https:\/\/darkamazi.site\/file\/2021\/12\/FHIC-8NXwAYX3eY.jpg","datePublished":"2021-12-22T06:57:29+00:00","breadcrumb":{"@id":"https:\/\/darkamazi.site\/archives\/1017595#breadcrumb"},"inLanguage":"en-US","potentialAction":[{"@type":"ReadAction","target":["https:\/\/darkamazi.site\/archives\/1017595"]}]},{"@type":"ImageObject","inLanguage":"en-US","@id":"https:\/\/darkamazi.site\/archives\/1017595#primaryimage","url":"https:\/\/darkamazi.site\/file\/2021\/12\/FHIC-8NXwAYX3eY.jpg","contentUrl":"https:\/\/darkamazi.site\/file\/2021\/12\/FHIC-8NXwAYX3eY.jpg","width":680,"height":376,"caption":"PKK\u2019ya ba\u011fl\u0131 g\u00fc\u00e7ler evinin dam\u0131na K\u00fcrdistan Bayra\u011f\u0131 asan Ezidi bir Pe\u015fmergeyi ka\u00e7\u0131rd\u0131"},{"@type":"BreadcrumbList","@id":"https:\/\/darkamazi.site\/archives\/1017595#breadcrumb","itemListElement":[{"@type":"ListItem","position":1,"name":"Home","item":"https:\/\/darkamazi.site\/"},{"@type":"ListItem","position":2,"name":"PKK\u2019ya ba\u011fl\u0131 g\u00fc\u00e7ler evinin dam\u0131na K\u00fcrdistan Bayra\u011f\u0131 asan Ezidi bir Pe\u015fmergeyi ka\u00e7\u0131rd\u0131"}]},{"@type":"WebSite","@id":"https:\/\/darkamazi.site\/#website","url":"https:\/\/darkamazi.site\/","name":"Darka Mazi","description":"Ana Sayfa","publisher":{"@id":"https:\/\/darkamazi.site\/#organization"},"potentialAction":[{"@type":"SearchAction","target":{"@type":"EntryPoint","urlTemplate":"https:\/\/darkamazi.site\/?s={search_term_string}"},"query-input":{"@type":"PropertyValueSpecification","valueRequired":true,"valueName":"search_term_string"}}],"inLanguage":"en-US"},{"@type":"Organization","@id":"https:\/\/darkamazi.site\/#organization","name":"Darka Mazi T\u00fcrk\u00e7e","alternateName":"Darka Mazi","url":"https:\/\/darkamazi.site\/","logo":{"@type":"ImageObject","inLanguage":"en-US","@id":"https:\/\/darkamazi.site\/#\/schema\/logo\/image\/","url":"https:\/\/darkamazi.site\/file\/2017\/12\/darka-mazi-logo.png","contentUrl":"https:\/\/darkamazi.site\/file\/2017\/12\/darka-mazi-logo.png","width":151,"height":75,"caption":"Darka Mazi T\u00fcrk\u00e7e"},"image":{"@id":"https:\/\/darkamazi.site\/#\/schema\/logo\/image\/"},"sameAs":["https:\/\/www.facebook.com\/DarkaMaziturkce","https:\/\/x.com\/DarkaMaziTurkce"]},{"@type":"Person","@id":"https:\/\/darkamazi.site\/#\/schema\/person\/67986a95ac546c16760365877ef4a9d3","name":"darka mazi","sameAs":["https:\/\/darkamazi.site"],"url":"https:\/\/darkamazi.site\/archives\/author\/turkish"}]}},"_links":{"self":[{"href":"https:\/\/darkamazi.site\/funavuv\/wp\/v2\/posts\/1017595","targetHints":{"allow":["GET"]}}],"collection":[{"href":"https:\/\/darkamazi.site\/funavuv\/wp\/v2\/posts"}],"about":[{"href":"https:\/\/darkamazi.site\/funavuv\/wp\/v2\/types\/post"}],"author":[{"embeddable":true,"href":"https:\/\/darkamazi.site\/funavuv\/wp\/v2\/users\/2"}],"replies":[{"embeddable":true,"href":"https:\/\/darkamazi.site\/funavuv\/wp\/v2\/comments?post=1017595"}],"version-history":[{"count":0,"href":"https:\/\/darkamazi.site\/funavuv\/wp\/v2\/posts\/1017595\/revisions"}],"wp:featuredmedia":[{"embeddable":true,"href":"https:\/\/darkamazi.site\/funavuv\/wp\/v2\/media\/1017596"}],"wp:attachment":[{"href":"https:\/\/darkamazi.site\/funavuv\/wp\/v2\/media?parent=1017595"}],"wp:term":[{"taxonomy":"category","embeddable":true,"href":"https:\/\/darkamazi.site\/funavuv\/wp\/v2\/categories?post=1017595"},{"taxonomy":"post_tag","embeddable":true,"href":"https:\/\/darkamazi.site\/funavuv\/wp\/v2\/tags?post=1017595"}],"curies":[{"name":"wp","href":"https:\/\/api.w.org\/{rel}","templated":true}]}}