{"id":1017709,"date":"2022-01-04T13:07:15","date_gmt":"2022-01-04T10:07:15","guid":{"rendered":"https:\/\/darkamazi.site\/?p=1017709"},"modified":"2022-01-04T13:09:05","modified_gmt":"2022-01-04T10:09:05","slug":"sanatci-narin-feqe-voices-o2f-change-konserlerine-katilan-ilk-kurt-sanacti-oldu","status":"publish","type":"post","link":"https:\/\/darkamazi.site\/archives\/1017709","title":{"rendered":"Sanat\u00e7\u0131 Nar\u00een Feqe &#8220;Voices of Change&#8221; konserlerine kat\u0131lan ilk K\u00fcrt sanat\u00e7\u0131 oldu"},"content":{"rendered":"<p style=\"text-align: justify\">\u00a0K\u00fcrt sanat\u00e7\u0131 Nar\u00een Feqe, \u0130sve\u00e7 h\u00fckumeti taraf\u0131ndan d\u00fczenlenen \u201cVoices of Change\u201d konserine kat\u0131ld\u0131. Sanat\u00e7\u0131 konserde d\u00f6rt par\u00e7a seslendirdi.<\/p>\n<p style=\"text-align: justify\">\u00a0Nar\u00een Feqe, Voices of Change konserine kat\u0131lan ilk K\u00fcrt sanat\u00e7\u0131 \u00fcnvan\u0131n\u0131 da ald\u0131.<\/p>\n<p style=\"text-align: justify\">Voices of Change konserleri \u0130sve\u00e7 h\u00fckumeti taraf\u0131ndan d\u00fczenleniyor. \u0130sve\u00e7&#8217;de\u00a0 ya\u015fayan, sanat\u0131 ile toplumu etkileyen farkl\u0131 halklardan sanat\u00e7\u0131lar\u0131 kaps\u0131yor.<\/p>\n<p style=\"text-align: justify\">Voices of Change konserine \u0130sve\u00e7 orkestras\u0131 \u00fcyesi 50 m\u00fczisyenin kat\u0131l\u0131yor.<\/p>\n<p style=\"text-align: justify\">Nar\u00een Feqe konserde \u201cAx Kurdistan\u201d, \u201cGer B\u00eeriya Te Bikim\u201d ve di\u011fer anonim iki \u015fark\u0131 daha seslendirdi.<\/p>\n<p style=\"text-align: justify\">Sanat\u00e7\u0131ya konserde e\u015fi Ali \u015eakir saz \u00e7alarak, \u015eapur Bastansiyar da m\u00fczik ve nota d\u00fczenlemesi ile destek verdi.<\/p>\n<p style=\"text-align: justify\">Organizat\u00f6r Riksteatern da sanat\u00e7\u0131 ile yapt\u0131\u011f\u0131 r\u00f6portaj\u0131 sosyal medya \u00fczerinden payla\u015ft\u0131. Hayranlar\u0131 20 Ocak 2022 tarihine kadar bu r\u00f6portaj\u0131 izleyebilecek.<\/p>\n<p style=\"text-align: justify\">R\u00f6portaj\u0131 izlemek i\u00e7in \u015fu linke t\u0131klaya bilirsiniz:<\/p>\n<p style=\"text-align: justify\"><a href=\"https:\/\/www.riksteatern.se\/forestallningar\/voices-of-change\/voices-of-change--narin-feqe\/?fbclid=IwAR37Ah7_VZ65HtLxpQnKKg9iO7qhCguIeJ_BHpSTMqvlAuwTc534ZIbuYUA\">Voices of Change \u2013 Narin Feqe | Riksteatern<\/a><\/p>\n","protected":false},"excerpt":{"rendered":"<p>\u00a0K\u00fcrt sanat\u00e7\u0131 Nar\u00een Feqe, \u0130sve\u00e7 h\u00fckumeti taraf\u0131ndan d\u00fczenlenen \u201cVoices of Change\u201d konserine kat\u0131ld\u0131. Sanat\u00e7\u0131 konserde d\u00f6rt par\u00e7a seslendirdi. \u00a0Nar\u00een Feqe, Voices of Change konserine kat\u0131lan ilk K\u00fcrt sanat\u00e7\u0131 \u00fcnvan\u0131n\u0131 da ald\u0131. Voices of Change konserleri \u0130sve\u00e7 h\u00fckumeti taraf\u0131ndan d\u00fczenleniyor. \u0130sve\u00e7&#8217;de\u00a0 ya\u015fayan, sanat\u0131 ile toplumu etkileyen farkl\u0131 halklardan sanat\u00e7\u0131lar\u0131 kaps\u0131yor. Voices of Change konserine \u0130sve\u00e7 orkestras\u0131 [&hellip;]<\/p>\n","protected":false},"author":2,"featured_media":1017710,"comment_status":"closed","ping_status":"closed","sticky":false,"template":"","format":"standard","meta":{"footnotes":""},"categories":[33],"tags":[31],"class_list":["post-1017709","post","type-post","status-publish","format-standard","has-post-thumbnail","hentry","category-sanat","tag-onemli"],"blocksy_meta":[],"seo_head":"<!-- This site is optimized with the Yoast SEO plugin v27.5 - https:\/\/yoast.com\/product\/yoast-seo-wordpress\/ -->\n<title>Sanat\u00e7\u0131 Nar\u00een Feqe &quot;Voices of Change&quot; konserlerine kat\u0131lan ilk K\u00fcrt sanat\u00e7\u0131 oldu - Darka Mazi<\/title>\n<meta name=\"robots\" content=\"index, follow, max-snippet:-1, max-image-preview:large, max-video-preview:-1\" \/>\n<link rel=\"canonical\" href=\"https:\/\/darkamazi.site\/archives\/1017709\" \/>\n<meta property=\"og:locale\" content=\"en_US\" \/>\n<meta property=\"og:type\" content=\"article\" \/>\n<meta property=\"og:title\" content=\"Sanat\u00e7\u0131 Nar\u00een Feqe &quot;Voices of Change&quot; konserlerine kat\u0131lan ilk K\u00fcrt sanat\u00e7\u0131 oldu - Darka Mazi\" \/>\n<meta property=\"og:description\" content=\"\u00a0K\u00fcrt sanat\u00e7\u0131 Nar\u00een Feqe, \u0130sve\u00e7 h\u00fckumeti taraf\u0131ndan d\u00fczenlenen \u201cVoices of Change\u201d konserine kat\u0131ld\u0131. Sanat\u00e7\u0131 konserde d\u00f6rt par\u00e7a seslendirdi. \u00a0Nar\u00een Feqe, Voices of Change konserine kat\u0131lan ilk K\u00fcrt sanat\u00e7\u0131 \u00fcnvan\u0131n\u0131 da ald\u0131. Voices of Change konserleri \u0130sve\u00e7 h\u00fckumeti taraf\u0131ndan d\u00fczenleniyor. \u0130sve\u00e7&#8217;de\u00a0 ya\u015fayan, sanat\u0131 ile toplumu etkileyen farkl\u0131 halklardan sanat\u00e7\u0131lar\u0131 kaps\u0131yor. Voices of Change konserine \u0130sve\u00e7 orkestras\u0131 [&hellip;]\" \/>\n<meta property=\"og:url\" content=\"https:\/\/darkamazi.site\/archives\/1017709\" \/>\n<meta property=\"og:site_name\" content=\"Darka Mazi\" \/>\n<meta property=\"article:publisher\" content=\"https:\/\/www.facebook.com\/DarkaMaziturkce\" \/>\n<meta property=\"article:published_time\" content=\"2022-01-04T10:07:15+00:00\" \/>\n<meta property=\"article:modified_time\" content=\"2022-01-04T10:09:05+00:00\" \/>\n<meta property=\"og:image\" content=\"https:\/\/darkamazi.site\/file\/2022\/01\/Narin-Feqe-foto.jpg\" \/>\n\t<meta property=\"og:image:width\" content=\"900\" \/>\n\t<meta property=\"og:image:height\" content=\"500\" \/>\n\t<meta property=\"og:image:type\" content=\"image\/jpeg\" \/>\n<meta name=\"author\" content=\"darka mazi\" \/>\n<meta name=\"twitter:card\" content=\"summary_large_image\" \/>\n<meta name=\"twitter:creator\" content=\"@DarkaMaziTurkce\" \/>\n<meta name=\"twitter:site\" content=\"@DarkaMaziTurkce\" \/>\n<meta name=\"twitter:label1\" content=\"Written by\" \/>\n\t<meta name=\"twitter:data1\" content=\"darka mazi\" \/>\n\t<meta name=\"twitter:label2\" content=\"Est. reading time\" \/>\n\t<meta name=\"twitter:data2\" content=\"1 minute\" \/>\n<script type=\"application\/ld+json\" class=\"seo-schema-graph\">{\"@context\":\"https:\\\/\\\/schema.org\",\"@graph\":[{\"@type\":\"NewsArticle\",\"@id\":\"https:\\\/\\\/darkamazi.site\\\/archives\\\/1017709#article\",\"isPartOf\":{\"@id\":\"https:\\\/\\\/darkamazi.site\\\/archives\\\/1017709\"},\"author\":{\"name\":\"darka mazi\",\"@id\":\"https:\\\/\\\/darkamazi.site\\\/#\\\/schema\\\/person\\\/67986a95ac546c16760365877ef4a9d3\"},\"headline\":\"Sanat\u00e7\u0131 Nar\u00een Feqe &#8220;Voices of Change&#8221; konserlerine kat\u0131lan ilk K\u00fcrt sanat\u00e7\u0131 oldu\",\"datePublished\":\"2022-01-04T10:07:15+00:00\",\"dateModified\":\"2022-01-04T10:09:05+00:00\",\"mainEntityOfPage\":{\"@id\":\"https:\\\/\\\/darkamazi.site\\\/archives\\\/1017709\"},\"wordCount\":173,\"publisher\":{\"@id\":\"https:\\\/\\\/darkamazi.site\\\/#organization\"},\"image\":{\"@id\":\"https:\\\/\\\/darkamazi.site\\\/archives\\\/1017709#primaryimage\"},\"thumbnailUrl\":\"https:\\\/\\\/darkamazi.site\\\/darka-content\\\/uploads\\\/2022\\\/01\\\/Narin-Feqe-foto.jpg\",\"keywords\":[\"\u00f6nemli\"],\"articleSection\":[\"Sanat\"],\"inLanguage\":\"en-US\"},{\"@type\":\"WebPage\",\"@id\":\"https:\\\/\\\/darkamazi.site\\\/archives\\\/1017709\",\"url\":\"https:\\\/\\\/darkamazi.site\\\/archives\\\/1017709\",\"name\":\"Sanat\u00e7\u0131 Nar\u00een Feqe \\\"Voices of Change\\\" konserlerine kat\u0131lan ilk K\u00fcrt sanat\u00e7\u0131 oldu - Darka Mazi\",\"isPartOf\":{\"@id\":\"https:\\\/\\\/darkamazi.site\\\/#website\"},\"primaryImageOfPage\":{\"@id\":\"https:\\\/\\\/darkamazi.site\\\/archives\\\/1017709#primaryimage\"},\"image\":{\"@id\":\"https:\\\/\\\/darkamazi.site\\\/archives\\\/1017709#primaryimage\"},\"thumbnailUrl\":\"https:\\\/\\\/darkamazi.site\\\/darka-content\\\/uploads\\\/2022\\\/01\\\/Narin-Feqe-foto.jpg\",\"datePublished\":\"2022-01-04T10:07:15+00:00\",\"dateModified\":\"2022-01-04T10:09:05+00:00\",\"breadcrumb\":{\"@id\":\"https:\\\/\\\/darkamazi.site\\\/archives\\\/1017709#breadcrumb\"},\"inLanguage\":\"en-US\",\"potentialAction\":[{\"@type\":\"ReadAction\",\"target\":[\"https:\\\/\\\/darkamazi.site\\\/archives\\\/1017709\"]}]},{\"@type\":\"ImageObject\",\"inLanguage\":\"en-US\",\"@id\":\"https:\\\/\\\/darkamazi.site\\\/archives\\\/1017709#primaryimage\",\"url\":\"https:\\\/\\\/darkamazi.site\\\/darka-content\\\/uploads\\\/2022\\\/01\\\/Narin-Feqe-foto.jpg\",\"contentUrl\":\"https:\\\/\\\/darkamazi.site\\\/darka-content\\\/uploads\\\/2022\\\/01\\\/Narin-Feqe-foto.jpg\",\"width\":900,\"height\":500,\"caption\":\"Sanat\u00e7\u0131 Nar\u00een Feqe \\\"Voices o2f Change\\\" konserlerine kat\u0131lan ilk K\u00fcrt sana\u00e7t\u0131 oldu\"},{\"@type\":\"BreadcrumbList\",\"@id\":\"https:\\\/\\\/darkamazi.site\\\/archives\\\/1017709#breadcrumb\",\"itemListElement\":[{\"@type\":\"ListItem\",\"position\":1,\"name\":\"Home\",\"item\":\"https:\\\/\\\/darkamazi.site\\\/\"},{\"@type\":\"ListItem\",\"position\":2,\"name\":\"Sanat\u00e7\u0131 Nar\u00een Feqe &#8220;Voices of Change&#8221; konserlerine kat\u0131lan ilk K\u00fcrt sanat\u00e7\u0131 oldu\"}]},{\"@type\":\"WebSite\",\"@id\":\"https:\\\/\\\/darkamazi.site\\\/#website\",\"url\":\"https:\\\/\\\/darkamazi.site\\\/\",\"name\":\"Darka Mazi\",\"description\":\"Ana Sayfa\",\"publisher\":{\"@id\":\"https:\\\/\\\/darkamazi.site\\\/#organization\"},\"potentialAction\":[{\"@type\":\"SearchAction\",\"target\":{\"@type\":\"EntryPoint\",\"urlTemplate\":\"https:\\\/\\\/darkamazi.site\\\/?s={search_term_string}\"},\"query-input\":{\"@type\":\"PropertyValueSpecification\",\"valueRequired\":true,\"valueName\":\"search_term_string\"}}],\"inLanguage\":\"en-US\"},{\"@type\":\"Organization\",\"@id\":\"https:\\\/\\\/darkamazi.site\\\/#organization\",\"name\":\"Darka Mazi T\u00fcrk\u00e7e\",\"alternateName\":\"Darka Mazi\",\"url\":\"https:\\\/\\\/darkamazi.site\\\/\",\"logo\":{\"@type\":\"ImageObject\",\"inLanguage\":\"en-US\",\"@id\":\"https:\\\/\\\/darkamazi.site\\\/#\\\/schema\\\/logo\\\/image\\\/\",\"url\":\"https:\\\/\\\/darkamazi.site\\\/darka-content\\\/uploads\\\/2017\\\/12\\\/darka-mazi-logo.png\",\"contentUrl\":\"https:\\\/\\\/darkamazi.site\\\/darka-content\\\/uploads\\\/2017\\\/12\\\/darka-mazi-logo.png\",\"width\":151,\"height\":75,\"caption\":\"Darka Mazi T\u00fcrk\u00e7e\"},\"image\":{\"@id\":\"https:\\\/\\\/darkamazi.site\\\/#\\\/schema\\\/logo\\\/image\\\/\"},\"sameAs\":[\"https:\\\/\\\/www.facebook.com\\\/DarkaMaziturkce\",\"https:\\\/\\\/x.com\\\/DarkaMaziTurkce\"]},{\"@type\":\"Person\",\"@id\":\"https:\\\/\\\/darkamazi.site\\\/#\\\/schema\\\/person\\\/67986a95ac546c16760365877ef4a9d3\",\"name\":\"darka mazi\",\"sameAs\":[\"https:\\\/\\\/darkamazi.site\"],\"url\":\"https:\\\/\\\/darkamazi.site\\\/archives\\\/author\\\/turkish\"}]}<\/script>\n<!-- \/ Yoast SEO plugin. -->","seo_head_json":{"title":"Sanat\u00e7\u0131 Nar\u00een Feqe \"Voices of Change\" konserlerine kat\u0131lan ilk K\u00fcrt sanat\u00e7\u0131 oldu - Darka Mazi","robots":{"index":"index","follow":"follow","max-snippet":"max-snippet:-1","max-image-preview":"max-image-preview:large","max-video-preview":"max-video-preview:-1"},"canonical":"https:\/\/darkamazi.site\/archives\/1017709","og_locale":"en_US","og_type":"article","og_title":"Sanat\u00e7\u0131 Nar\u00een Feqe \"Voices of Change\" konserlerine kat\u0131lan ilk K\u00fcrt sanat\u00e7\u0131 oldu - Darka Mazi","og_description":"\u00a0K\u00fcrt sanat\u00e7\u0131 Nar\u00een Feqe, \u0130sve\u00e7 h\u00fckumeti taraf\u0131ndan d\u00fczenlenen \u201cVoices of Change\u201d konserine kat\u0131ld\u0131. Sanat\u00e7\u0131 konserde d\u00f6rt par\u00e7a seslendirdi. \u00a0Nar\u00een Feqe, Voices of Change konserine kat\u0131lan ilk K\u00fcrt sanat\u00e7\u0131 \u00fcnvan\u0131n\u0131 da ald\u0131. Voices of Change konserleri \u0130sve\u00e7 h\u00fckumeti taraf\u0131ndan d\u00fczenleniyor. \u0130sve\u00e7&#8217;de\u00a0 ya\u015fayan, sanat\u0131 ile toplumu etkileyen farkl\u0131 halklardan sanat\u00e7\u0131lar\u0131 kaps\u0131yor. Voices of Change konserine \u0130sve\u00e7 orkestras\u0131 [&hellip;]","og_url":"https:\/\/darkamazi.site\/archives\/1017709","og_site_name":"Darka Mazi","article_publisher":"https:\/\/www.facebook.com\/DarkaMaziturkce","article_published_time":"2022-01-04T10:07:15+00:00","article_modified_time":"2022-01-04T10:09:05+00:00","og_image":[{"width":900,"height":500,"url":"https:\/\/darkamazi.site\/file\/2022\/01\/Narin-Feqe-foto.jpg","type":"image\/jpeg"}],"author":"darka mazi","twitter_card":"summary_large_image","twitter_creator":"@DarkaMaziTurkce","twitter_site":"@DarkaMaziTurkce","twitter_misc":{"Written by":"darka mazi","Est. reading time":"1 minute"},"schema":{"@context":"https:\/\/schema.org","@graph":[{"@type":"NewsArticle","@id":"https:\/\/darkamazi.site\/archives\/1017709#article","isPartOf":{"@id":"https:\/\/darkamazi.site\/archives\/1017709"},"author":{"name":"darka mazi","@id":"https:\/\/darkamazi.site\/#\/schema\/person\/67986a95ac546c16760365877ef4a9d3"},"headline":"Sanat\u00e7\u0131 Nar\u00een Feqe &#8220;Voices of Change&#8221; konserlerine kat\u0131lan ilk K\u00fcrt sanat\u00e7\u0131 oldu","datePublished":"2022-01-04T10:07:15+00:00","dateModified":"2022-01-04T10:09:05+00:00","mainEntityOfPage":{"@id":"https:\/\/darkamazi.site\/archives\/1017709"},"wordCount":173,"publisher":{"@id":"https:\/\/darkamazi.site\/#organization"},"image":{"@id":"https:\/\/darkamazi.site\/archives\/1017709#primaryimage"},"thumbnailUrl":"https:\/\/darkamazi.site\/file\/2022\/01\/Narin-Feqe-foto.jpg","keywords":["\u00f6nemli"],"articleSection":["Sanat"],"inLanguage":"en-US"},{"@type":"WebPage","@id":"https:\/\/darkamazi.site\/archives\/1017709","url":"https:\/\/darkamazi.site\/archives\/1017709","name":"Sanat\u00e7\u0131 Nar\u00een Feqe \"Voices of Change\" konserlerine kat\u0131lan ilk K\u00fcrt sanat\u00e7\u0131 oldu - Darka Mazi","isPartOf":{"@id":"https:\/\/darkamazi.site\/#website"},"primaryImageOfPage":{"@id":"https:\/\/darkamazi.site\/archives\/1017709#primaryimage"},"image":{"@id":"https:\/\/darkamazi.site\/archives\/1017709#primaryimage"},"thumbnailUrl":"https:\/\/darkamazi.site\/file\/2022\/01\/Narin-Feqe-foto.jpg","datePublished":"2022-01-04T10:07:15+00:00","dateModified":"2022-01-04T10:09:05+00:00","breadcrumb":{"@id":"https:\/\/darkamazi.site\/archives\/1017709#breadcrumb"},"inLanguage":"en-US","potentialAction":[{"@type":"ReadAction","target":["https:\/\/darkamazi.site\/archives\/1017709"]}]},{"@type":"ImageObject","inLanguage":"en-US","@id":"https:\/\/darkamazi.site\/archives\/1017709#primaryimage","url":"https:\/\/darkamazi.site\/file\/2022\/01\/Narin-Feqe-foto.jpg","contentUrl":"https:\/\/darkamazi.site\/file\/2022\/01\/Narin-Feqe-foto.jpg","width":900,"height":500,"caption":"Sanat\u00e7\u0131 Nar\u00een Feqe \"Voices o2f Change\" konserlerine kat\u0131lan ilk K\u00fcrt sana\u00e7t\u0131 oldu"},{"@type":"BreadcrumbList","@id":"https:\/\/darkamazi.site\/archives\/1017709#breadcrumb","itemListElement":[{"@type":"ListItem","position":1,"name":"Home","item":"https:\/\/darkamazi.site\/"},{"@type":"ListItem","position":2,"name":"Sanat\u00e7\u0131 Nar\u00een Feqe &#8220;Voices of Change&#8221; konserlerine kat\u0131lan ilk K\u00fcrt sanat\u00e7\u0131 oldu"}]},{"@type":"WebSite","@id":"https:\/\/darkamazi.site\/#website","url":"https:\/\/darkamazi.site\/","name":"Darka Mazi","description":"Ana Sayfa","publisher":{"@id":"https:\/\/darkamazi.site\/#organization"},"potentialAction":[{"@type":"SearchAction","target":{"@type":"EntryPoint","urlTemplate":"https:\/\/darkamazi.site\/?s={search_term_string}"},"query-input":{"@type":"PropertyValueSpecification","valueRequired":true,"valueName":"search_term_string"}}],"inLanguage":"en-US"},{"@type":"Organization","@id":"https:\/\/darkamazi.site\/#organization","name":"Darka Mazi T\u00fcrk\u00e7e","alternateName":"Darka Mazi","url":"https:\/\/darkamazi.site\/","logo":{"@type":"ImageObject","inLanguage":"en-US","@id":"https:\/\/darkamazi.site\/#\/schema\/logo\/image\/","url":"https:\/\/darkamazi.site\/file\/2017\/12\/darka-mazi-logo.png","contentUrl":"https:\/\/darkamazi.site\/file\/2017\/12\/darka-mazi-logo.png","width":151,"height":75,"caption":"Darka Mazi T\u00fcrk\u00e7e"},"image":{"@id":"https:\/\/darkamazi.site\/#\/schema\/logo\/image\/"},"sameAs":["https:\/\/www.facebook.com\/DarkaMaziturkce","https:\/\/x.com\/DarkaMaziTurkce"]},{"@type":"Person","@id":"https:\/\/darkamazi.site\/#\/schema\/person\/67986a95ac546c16760365877ef4a9d3","name":"darka mazi","sameAs":["https:\/\/darkamazi.site"],"url":"https:\/\/darkamazi.site\/archives\/author\/turkish"}]}},"_links":{"self":[{"href":"https:\/\/darkamazi.site\/funavuv\/wp\/v2\/posts\/1017709","targetHints":{"allow":["GET"]}}],"collection":[{"href":"https:\/\/darkamazi.site\/funavuv\/wp\/v2\/posts"}],"about":[{"href":"https:\/\/darkamazi.site\/funavuv\/wp\/v2\/types\/post"}],"author":[{"embeddable":true,"href":"https:\/\/darkamazi.site\/funavuv\/wp\/v2\/users\/2"}],"replies":[{"embeddable":true,"href":"https:\/\/darkamazi.site\/funavuv\/wp\/v2\/comments?post=1017709"}],"version-history":[{"count":0,"href":"https:\/\/darkamazi.site\/funavuv\/wp\/v2\/posts\/1017709\/revisions"}],"wp:featuredmedia":[{"embeddable":true,"href":"https:\/\/darkamazi.site\/funavuv\/wp\/v2\/media\/1017710"}],"wp:attachment":[{"href":"https:\/\/darkamazi.site\/funavuv\/wp\/v2\/media?parent=1017709"}],"wp:term":[{"taxonomy":"category","embeddable":true,"href":"https:\/\/darkamazi.site\/funavuv\/wp\/v2\/categories?post=1017709"},{"taxonomy":"post_tag","embeddable":true,"href":"https:\/\/darkamazi.site\/funavuv\/wp\/v2\/tags?post=1017709"}],"curies":[{"name":"wp","href":"https:\/\/api.w.org\/{rel}","templated":true}]}}