{"id":1017886,"date":"2022-01-18T20:49:46","date_gmt":"2022-01-18T17:49:46","guid":{"rendered":"https:\/\/darkamazi.site\/?p=1017886"},"modified":"2022-01-18T20:49:46","modified_gmt":"2022-01-18T17:49:46","slug":"sengal-bir-gurup-pkkli-tutuklandi","status":"publish","type":"post","link":"https:\/\/darkamazi.site\/archives\/1017886","title":{"rendered":"\u015eengal: Bir gurup PKK&#8217;li tutukland\u0131"},"content":{"rendered":"<p style=\"text-align: justify\">\u015eengal\u2019de K\u00fcrdistan \u0130\u015f\u00e7i Partisi\u2019ne (PKK) ba\u011fl\u0131 bir grubun Irak Ordusu taraf\u0131ndan tutukland\u0131\u011f\u0131 bildirildi.<\/p>\n<p style=\"text-align: justify\">Irak Ordusu\u2019ndan bir kayna\u011f\u0131n verdi\u011fi bilgiye g\u00f6re, Irak Ordusu \u015eengal\u2019de k\u0131sa bir s\u00fcre \u00f6nce kar\u0131\u015f\u0131kl\u0131k yaratan PKK\u2019li bir grubu yakalad\u0131.<\/p>\n<p style=\"text-align: justify\">Yakalananlar\u0131n \u015eengal Direni\u015f Birlik\u2019leri (YB\u015e) \u00fcyeleri oldu\u011funu belirten kaynak, tutuklama esnas\u0131nda varolan silah ve ara\u00e7larada el konuldu\u011funu ifade etti.<\/p>\n<p style=\"text-align: justify\">Kaynak a\u00e7\u0131klamas\u0131nda, PKK\u2019nin daha \u00f6nceden \u015eengal\u2019i bo\u015faltmas\u0131 ve farkl\u0131 bir alana gitmeleri konusunda uyar\u0131ld\u0131\u011f\u0131n\u0131 dile getirdi.<\/p>\n<p style=\"text-align: justify\">PKK\u2019nin bir s\u00fcredir \u015eengal\u2019de baz\u0131 y\u00f6neticilerinin heykelini dikmek istedi\u011fi bir d\u00f6nemde Irak Ordusu\u2019nun bu \u015fekilde tutuklama y\u00f6ntemini devreye koymas\u0131 dikkat \u00e7ekici olarak de\u011ferlendirilmekte.<\/p>\n","protected":false},"excerpt":{"rendered":"<p>\u015eengal\u2019de K\u00fcrdistan \u0130\u015f\u00e7i Partisi\u2019ne (PKK) ba\u011fl\u0131 bir grubun Irak Ordusu taraf\u0131ndan tutukland\u0131\u011f\u0131 bildirildi. Irak Ordusu\u2019ndan bir kayna\u011f\u0131n verdi\u011fi bilgiye g\u00f6re, Irak Ordusu \u015eengal\u2019de k\u0131sa bir s\u00fcre \u00f6nce kar\u0131\u015f\u0131kl\u0131k yaratan PKK\u2019li bir grubu yakalad\u0131. Yakalananlar\u0131n \u015eengal Direni\u015f Birlik\u2019leri (YB\u015e) \u00fcyeleri oldu\u011funu belirten kaynak, tutuklama esnas\u0131nda varolan silah ve ara\u00e7larada el konuldu\u011funu ifade etti. Kaynak a\u00e7\u0131klamas\u0131nda, PKK\u2019nin [&hellip;]<\/p>\n","protected":false},"author":2,"featured_media":1017888,"comment_status":"closed","ping_status":"closed","sticky":false,"template":"","format":"standard","meta":{"footnotes":""},"categories":[3],"tags":[31],"class_list":["post-1017886","post","type-post","status-publish","format-standard","has-post-thumbnail","hentry","category-kurdistan","tag-onemli"],"blocksy_meta":[],"seo_head":"<!-- This site is optimized with the Yoast SEO plugin v27.5 - https:\/\/yoast.com\/product\/yoast-seo-wordpress\/ -->\n<title>\u015eengal: Bir gurup PKK&#039;li tutukland\u0131 - Darka Mazi<\/title>\n<meta name=\"robots\" content=\"index, follow, max-snippet:-1, max-image-preview:large, max-video-preview:-1\" \/>\n<link rel=\"canonical\" href=\"https:\/\/darkamazi.site\/archives\/1017886\" \/>\n<meta property=\"og:locale\" content=\"en_US\" \/>\n<meta property=\"og:type\" content=\"article\" \/>\n<meta property=\"og:title\" content=\"\u015eengal: Bir gurup PKK&#039;li tutukland\u0131 - Darka Mazi\" \/>\n<meta property=\"og:description\" content=\"\u015eengal\u2019de K\u00fcrdistan \u0130\u015f\u00e7i Partisi\u2019ne (PKK) ba\u011fl\u0131 bir grubun Irak Ordusu taraf\u0131ndan tutukland\u0131\u011f\u0131 bildirildi. Irak Ordusu\u2019ndan bir kayna\u011f\u0131n verdi\u011fi bilgiye g\u00f6re, Irak Ordusu \u015eengal\u2019de k\u0131sa bir s\u00fcre \u00f6nce kar\u0131\u015f\u0131kl\u0131k yaratan PKK\u2019li bir grubu yakalad\u0131. Yakalananlar\u0131n \u015eengal Direni\u015f Birlik\u2019leri (YB\u015e) \u00fcyeleri oldu\u011funu belirten kaynak, tutuklama esnas\u0131nda varolan silah ve ara\u00e7larada el konuldu\u011funu ifade etti. Kaynak a\u00e7\u0131klamas\u0131nda, PKK\u2019nin [&hellip;]\" \/>\n<meta property=\"og:url\" content=\"https:\/\/darkamazi.site\/archives\/1017886\" \/>\n<meta property=\"og:site_name\" content=\"Darka Mazi\" \/>\n<meta property=\"article:publisher\" content=\"https:\/\/www.facebook.com\/DarkaMaziturkce\" \/>\n<meta property=\"article:published_time\" content=\"2022-01-18T17:49:46+00:00\" \/>\n<meta property=\"og:image\" content=\"https:\/\/darkamazi.site\/file\/2022\/01\/Sengal-Darka-Mazi-Jenerator8-1.jpg\" \/>\n\t<meta property=\"og:image:width\" content=\"900\" \/>\n\t<meta property=\"og:image:height\" content=\"500\" \/>\n\t<meta property=\"og:image:type\" content=\"image\/jpeg\" \/>\n<meta name=\"author\" content=\"darka mazi\" \/>\n<meta name=\"twitter:card\" content=\"summary_large_image\" \/>\n<meta name=\"twitter:creator\" content=\"@DarkaMaziTurkce\" \/>\n<meta name=\"twitter:site\" content=\"@DarkaMaziTurkce\" \/>\n<meta name=\"twitter:label1\" content=\"Written by\" \/>\n\t<meta name=\"twitter:data1\" content=\"darka mazi\" \/>\n\t<meta name=\"twitter:label2\" content=\"Est. reading time\" \/>\n\t<meta name=\"twitter:data2\" content=\"1 minute\" \/>\n<script type=\"application\/ld+json\" class=\"seo-schema-graph\">{\"@context\":\"https:\\\/\\\/schema.org\",\"@graph\":[{\"@type\":\"NewsArticle\",\"@id\":\"https:\\\/\\\/darkamazi.site\\\/archives\\\/1017886#article\",\"isPartOf\":{\"@id\":\"https:\\\/\\\/darkamazi.site\\\/archives\\\/1017886\"},\"author\":{\"name\":\"darka mazi\",\"@id\":\"https:\\\/\\\/darkamazi.site\\\/#\\\/schema\\\/person\\\/67986a95ac546c16760365877ef4a9d3\"},\"headline\":\"\u015eengal: Bir gurup PKK&#8217;li tutukland\u0131\",\"datePublished\":\"2022-01-18T17:49:46+00:00\",\"mainEntityOfPage\":{\"@id\":\"https:\\\/\\\/darkamazi.site\\\/archives\\\/1017886\"},\"wordCount\":134,\"publisher\":{\"@id\":\"https:\\\/\\\/darkamazi.site\\\/#organization\"},\"image\":{\"@id\":\"https:\\\/\\\/darkamazi.site\\\/archives\\\/1017886#primaryimage\"},\"thumbnailUrl\":\"https:\\\/\\\/darkamazi.site\\\/darka-content\\\/uploads\\\/2022\\\/01\\\/Sengal-Darka-Mazi-Jenerator8-1.jpg\",\"keywords\":[\"\u00f6nemli\"],\"articleSection\":[\"Kurdistan\"],\"inLanguage\":\"en-US\"},{\"@type\":\"WebPage\",\"@id\":\"https:\\\/\\\/darkamazi.site\\\/archives\\\/1017886\",\"url\":\"https:\\\/\\\/darkamazi.site\\\/archives\\\/1017886\",\"name\":\"\u015eengal: Bir gurup PKK'li tutukland\u0131 - Darka Mazi\",\"isPartOf\":{\"@id\":\"https:\\\/\\\/darkamazi.site\\\/#website\"},\"primaryImageOfPage\":{\"@id\":\"https:\\\/\\\/darkamazi.site\\\/archives\\\/1017886#primaryimage\"},\"image\":{\"@id\":\"https:\\\/\\\/darkamazi.site\\\/archives\\\/1017886#primaryimage\"},\"thumbnailUrl\":\"https:\\\/\\\/darkamazi.site\\\/darka-content\\\/uploads\\\/2022\\\/01\\\/Sengal-Darka-Mazi-Jenerator8-1.jpg\",\"datePublished\":\"2022-01-18T17:49:46+00:00\",\"breadcrumb\":{\"@id\":\"https:\\\/\\\/darkamazi.site\\\/archives\\\/1017886#breadcrumb\"},\"inLanguage\":\"en-US\",\"potentialAction\":[{\"@type\":\"ReadAction\",\"target\":[\"https:\\\/\\\/darkamazi.site\\\/archives\\\/1017886\"]}]},{\"@type\":\"ImageObject\",\"inLanguage\":\"en-US\",\"@id\":\"https:\\\/\\\/darkamazi.site\\\/archives\\\/1017886#primaryimage\",\"url\":\"https:\\\/\\\/darkamazi.site\\\/darka-content\\\/uploads\\\/2022\\\/01\\\/Sengal-Darka-Mazi-Jenerator8-1.jpg\",\"contentUrl\":\"https:\\\/\\\/darkamazi.site\\\/darka-content\\\/uploads\\\/2022\\\/01\\\/Sengal-Darka-Mazi-Jenerator8-1.jpg\",\"width\":900,\"height\":500,\"caption\":\"\u015eengal: Bir gurup PKK'li tutukland\u0131\"},{\"@type\":\"BreadcrumbList\",\"@id\":\"https:\\\/\\\/darkamazi.site\\\/archives\\\/1017886#breadcrumb\",\"itemListElement\":[{\"@type\":\"ListItem\",\"position\":1,\"name\":\"Home\",\"item\":\"https:\\\/\\\/darkamazi.site\\\/\"},{\"@type\":\"ListItem\",\"position\":2,\"name\":\"\u015eengal: Bir gurup PKK&#8217;li tutukland\u0131\"}]},{\"@type\":\"WebSite\",\"@id\":\"https:\\\/\\\/darkamazi.site\\\/#website\",\"url\":\"https:\\\/\\\/darkamazi.site\\\/\",\"name\":\"Darka Mazi\",\"description\":\"Ana Sayfa\",\"publisher\":{\"@id\":\"https:\\\/\\\/darkamazi.site\\\/#organization\"},\"potentialAction\":[{\"@type\":\"SearchAction\",\"target\":{\"@type\":\"EntryPoint\",\"urlTemplate\":\"https:\\\/\\\/darkamazi.site\\\/?s={search_term_string}\"},\"query-input\":{\"@type\":\"PropertyValueSpecification\",\"valueRequired\":true,\"valueName\":\"search_term_string\"}}],\"inLanguage\":\"en-US\"},{\"@type\":\"Organization\",\"@id\":\"https:\\\/\\\/darkamazi.site\\\/#organization\",\"name\":\"Darka Mazi T\u00fcrk\u00e7e\",\"alternateName\":\"Darka Mazi\",\"url\":\"https:\\\/\\\/darkamazi.site\\\/\",\"logo\":{\"@type\":\"ImageObject\",\"inLanguage\":\"en-US\",\"@id\":\"https:\\\/\\\/darkamazi.site\\\/#\\\/schema\\\/logo\\\/image\\\/\",\"url\":\"https:\\\/\\\/darkamazi.site\\\/darka-content\\\/uploads\\\/2017\\\/12\\\/darka-mazi-logo.png\",\"contentUrl\":\"https:\\\/\\\/darkamazi.site\\\/darka-content\\\/uploads\\\/2017\\\/12\\\/darka-mazi-logo.png\",\"width\":151,\"height\":75,\"caption\":\"Darka Mazi T\u00fcrk\u00e7e\"},\"image\":{\"@id\":\"https:\\\/\\\/darkamazi.site\\\/#\\\/schema\\\/logo\\\/image\\\/\"},\"sameAs\":[\"https:\\\/\\\/www.facebook.com\\\/DarkaMaziturkce\",\"https:\\\/\\\/x.com\\\/DarkaMaziTurkce\"]},{\"@type\":\"Person\",\"@id\":\"https:\\\/\\\/darkamazi.site\\\/#\\\/schema\\\/person\\\/67986a95ac546c16760365877ef4a9d3\",\"name\":\"darka mazi\",\"sameAs\":[\"https:\\\/\\\/darkamazi.site\"],\"url\":\"https:\\\/\\\/darkamazi.site\\\/archives\\\/author\\\/turkish\"}]}<\/script>\n<!-- \/ Yoast SEO plugin. -->","seo_head_json":{"title":"\u015eengal: Bir gurup PKK'li tutukland\u0131 - Darka Mazi","robots":{"index":"index","follow":"follow","max-snippet":"max-snippet:-1","max-image-preview":"max-image-preview:large","max-video-preview":"max-video-preview:-1"},"canonical":"https:\/\/darkamazi.site\/archives\/1017886","og_locale":"en_US","og_type":"article","og_title":"\u015eengal: Bir gurup PKK'li tutukland\u0131 - Darka Mazi","og_description":"\u015eengal\u2019de K\u00fcrdistan \u0130\u015f\u00e7i Partisi\u2019ne (PKK) ba\u011fl\u0131 bir grubun Irak Ordusu taraf\u0131ndan tutukland\u0131\u011f\u0131 bildirildi. Irak Ordusu\u2019ndan bir kayna\u011f\u0131n verdi\u011fi bilgiye g\u00f6re, Irak Ordusu \u015eengal\u2019de k\u0131sa bir s\u00fcre \u00f6nce kar\u0131\u015f\u0131kl\u0131k yaratan PKK\u2019li bir grubu yakalad\u0131. Yakalananlar\u0131n \u015eengal Direni\u015f Birlik\u2019leri (YB\u015e) \u00fcyeleri oldu\u011funu belirten kaynak, tutuklama esnas\u0131nda varolan silah ve ara\u00e7larada el konuldu\u011funu ifade etti. Kaynak a\u00e7\u0131klamas\u0131nda, PKK\u2019nin [&hellip;]","og_url":"https:\/\/darkamazi.site\/archives\/1017886","og_site_name":"Darka Mazi","article_publisher":"https:\/\/www.facebook.com\/DarkaMaziturkce","article_published_time":"2022-01-18T17:49:46+00:00","og_image":[{"width":900,"height":500,"url":"https:\/\/darkamazi.site\/file\/2022\/01\/Sengal-Darka-Mazi-Jenerator8-1.jpg","type":"image\/jpeg"}],"author":"darka mazi","twitter_card":"summary_large_image","twitter_creator":"@DarkaMaziTurkce","twitter_site":"@DarkaMaziTurkce","twitter_misc":{"Written by":"darka mazi","Est. reading time":"1 minute"},"schema":{"@context":"https:\/\/schema.org","@graph":[{"@type":"NewsArticle","@id":"https:\/\/darkamazi.site\/archives\/1017886#article","isPartOf":{"@id":"https:\/\/darkamazi.site\/archives\/1017886"},"author":{"name":"darka mazi","@id":"https:\/\/darkamazi.site\/#\/schema\/person\/67986a95ac546c16760365877ef4a9d3"},"headline":"\u015eengal: Bir gurup PKK&#8217;li tutukland\u0131","datePublished":"2022-01-18T17:49:46+00:00","mainEntityOfPage":{"@id":"https:\/\/darkamazi.site\/archives\/1017886"},"wordCount":134,"publisher":{"@id":"https:\/\/darkamazi.site\/#organization"},"image":{"@id":"https:\/\/darkamazi.site\/archives\/1017886#primaryimage"},"thumbnailUrl":"https:\/\/darkamazi.site\/file\/2022\/01\/Sengal-Darka-Mazi-Jenerator8-1.jpg","keywords":["\u00f6nemli"],"articleSection":["Kurdistan"],"inLanguage":"en-US"},{"@type":"WebPage","@id":"https:\/\/darkamazi.site\/archives\/1017886","url":"https:\/\/darkamazi.site\/archives\/1017886","name":"\u015eengal: Bir gurup PKK'li tutukland\u0131 - Darka Mazi","isPartOf":{"@id":"https:\/\/darkamazi.site\/#website"},"primaryImageOfPage":{"@id":"https:\/\/darkamazi.site\/archives\/1017886#primaryimage"},"image":{"@id":"https:\/\/darkamazi.site\/archives\/1017886#primaryimage"},"thumbnailUrl":"https:\/\/darkamazi.site\/file\/2022\/01\/Sengal-Darka-Mazi-Jenerator8-1.jpg","datePublished":"2022-01-18T17:49:46+00:00","breadcrumb":{"@id":"https:\/\/darkamazi.site\/archives\/1017886#breadcrumb"},"inLanguage":"en-US","potentialAction":[{"@type":"ReadAction","target":["https:\/\/darkamazi.site\/archives\/1017886"]}]},{"@type":"ImageObject","inLanguage":"en-US","@id":"https:\/\/darkamazi.site\/archives\/1017886#primaryimage","url":"https:\/\/darkamazi.site\/file\/2022\/01\/Sengal-Darka-Mazi-Jenerator8-1.jpg","contentUrl":"https:\/\/darkamazi.site\/file\/2022\/01\/Sengal-Darka-Mazi-Jenerator8-1.jpg","width":900,"height":500,"caption":"\u015eengal: Bir gurup PKK'li tutukland\u0131"},{"@type":"BreadcrumbList","@id":"https:\/\/darkamazi.site\/archives\/1017886#breadcrumb","itemListElement":[{"@type":"ListItem","position":1,"name":"Home","item":"https:\/\/darkamazi.site\/"},{"@type":"ListItem","position":2,"name":"\u015eengal: Bir gurup PKK&#8217;li tutukland\u0131"}]},{"@type":"WebSite","@id":"https:\/\/darkamazi.site\/#website","url":"https:\/\/darkamazi.site\/","name":"Darka Mazi","description":"Ana Sayfa","publisher":{"@id":"https:\/\/darkamazi.site\/#organization"},"potentialAction":[{"@type":"SearchAction","target":{"@type":"EntryPoint","urlTemplate":"https:\/\/darkamazi.site\/?s={search_term_string}"},"query-input":{"@type":"PropertyValueSpecification","valueRequired":true,"valueName":"search_term_string"}}],"inLanguage":"en-US"},{"@type":"Organization","@id":"https:\/\/darkamazi.site\/#organization","name":"Darka Mazi T\u00fcrk\u00e7e","alternateName":"Darka Mazi","url":"https:\/\/darkamazi.site\/","logo":{"@type":"ImageObject","inLanguage":"en-US","@id":"https:\/\/darkamazi.site\/#\/schema\/logo\/image\/","url":"https:\/\/darkamazi.site\/file\/2017\/12\/darka-mazi-logo.png","contentUrl":"https:\/\/darkamazi.site\/file\/2017\/12\/darka-mazi-logo.png","width":151,"height":75,"caption":"Darka Mazi T\u00fcrk\u00e7e"},"image":{"@id":"https:\/\/darkamazi.site\/#\/schema\/logo\/image\/"},"sameAs":["https:\/\/www.facebook.com\/DarkaMaziturkce","https:\/\/x.com\/DarkaMaziTurkce"]},{"@type":"Person","@id":"https:\/\/darkamazi.site\/#\/schema\/person\/67986a95ac546c16760365877ef4a9d3","name":"darka mazi","sameAs":["https:\/\/darkamazi.site"],"url":"https:\/\/darkamazi.site\/archives\/author\/turkish"}]}},"_links":{"self":[{"href":"https:\/\/darkamazi.site\/funavuv\/wp\/v2\/posts\/1017886","targetHints":{"allow":["GET"]}}],"collection":[{"href":"https:\/\/darkamazi.site\/funavuv\/wp\/v2\/posts"}],"about":[{"href":"https:\/\/darkamazi.site\/funavuv\/wp\/v2\/types\/post"}],"author":[{"embeddable":true,"href":"https:\/\/darkamazi.site\/funavuv\/wp\/v2\/users\/2"}],"replies":[{"embeddable":true,"href":"https:\/\/darkamazi.site\/funavuv\/wp\/v2\/comments?post=1017886"}],"version-history":[{"count":0,"href":"https:\/\/darkamazi.site\/funavuv\/wp\/v2\/posts\/1017886\/revisions"}],"wp:featuredmedia":[{"embeddable":true,"href":"https:\/\/darkamazi.site\/funavuv\/wp\/v2\/media\/1017888"}],"wp:attachment":[{"href":"https:\/\/darkamazi.site\/funavuv\/wp\/v2\/media?parent=1017886"}],"wp:term":[{"taxonomy":"category","embeddable":true,"href":"https:\/\/darkamazi.site\/funavuv\/wp\/v2\/categories?post=1017886"},{"taxonomy":"post_tag","embeddable":true,"href":"https:\/\/darkamazi.site\/funavuv\/wp\/v2\/tags?post=1017886"}],"curies":[{"name":"wp","href":"https:\/\/api.w.org\/{rel}","templated":true}]}}